{"id":1014,"date":"2022-06-15T01:02:48","date_gmt":"2022-06-15T04:02:48","guid":{"rendered":"https:\/\/cleitonpinheiro.com.br\/site\/?p=1014"},"modified":"2022-07-29T16:28:36","modified_gmt":"2022-07-29T19:28:36","slug":"m-carta-conmebol-ataca-a-fifa-por-declaracao-de-wenger-e-regra-das-cinco-substituicoes","status":"publish","type":"post","link":"https:\/\/cleitonpinheiro.com.br\/site\/m-carta-conmebol-ataca-a-fifa-por-declaracao-de-wenger-e-regra-das-cinco-substituicoes\/","title":{"rendered":"Em carta, Conmebol ataca a Fifa por declara\u00e7\u00e3o de Wenger e regra das cinco substitui\u00e7\u00f5es"},"content":{"rendered":"\n<p>A Conmebol divulgou na ter\u00e7a-feira \u00e0 noite trechos de uma carta enviada \u00e0 <a href=\"https:\/\/g1.globo.com\/tudo-sobre\/fifa\/\">Fifa<\/a>, na qual faz duas cr\u00edticas duras \u00e0 entidade com sede em Zurique. O primeiro tema abordado pelo documento da Conmebol \u00e9 uma recente declara\u00e7\u00e3o de Arsene Wenger, chefe do departamento de Desenvolvimento Global de Futebol da <a href=\"https:\/\/g1.globo.com\/tudo-sobre\/fifa\/\">Fifa<\/a>.<\/p>\n","protected":false},"excerpt":{"rendered":"<p>A Conmebol divulgou na ter\u00e7a-feira \u00e0 noite trechos de uma carta enviada \u00e0 Fifa, na qual faz duas cr\u00edticas duras \u00e0 entidade com sede em Zurique. O primeiro tema abordado pelo documento da Conmebol \u00e9 uma recente declara\u00e7\u00e3o de Arsene Wenger, chefe do departamento de Desenvolvimento Global de Futebol da Fifa.<\/p>\n","protected":false},"author":9,"featured_media":0,"comment_status":"open","ping_status":"open","sticky":false,"template":"","format":"standard","meta":{"_acf_changed":false,"footnotes":""},"categories":[1],"tags":[],"class_list":["post-1014","post","type-post","status-publish","format-standard","hentry","category-esporte"],"acf":[],"yoast_head":"<!-- This site is optimized with the Yoast SEO plugin v24.4 - https:\/\/yoast.com\/wordpress\/plugins\/seo\/ -->\n<title>Em carta, Conmebol ataca a Fifa por declara\u00e7\u00e3o de Wenger e regra das cinco substitui\u00e7\u00f5es - PORTAL DE NOT\u00cdCIAS CLEITON PINHEIRO<\/title>\n<meta name=\"robots\" content=\"index, follow, max-snippet:-1, max-image-preview:large, max-video-preview:-1\" \/>\n<link rel=\"canonical\" href=\"https:\/\/cleitonpinheiro.com.br\/site\/m-carta-conmebol-ataca-a-fifa-por-declaracao-de-wenger-e-regra-das-cinco-substituicoes\/\" \/>\n<meta property=\"og:locale\" content=\"pt_BR\" \/>\n<meta property=\"og:type\" content=\"article\" \/>\n<meta property=\"og:title\" content=\"Em carta, Conmebol ataca a Fifa por declara\u00e7\u00e3o de Wenger e regra das cinco substitui\u00e7\u00f5es - PORTAL DE NOT\u00cdCIAS CLEITON PINHEIRO\" \/>\n<meta property=\"og:description\" content=\"A Conmebol divulgou na ter\u00e7a-feira \u00e0 noite trechos de uma carta enviada \u00e0 Fifa, na qual faz duas cr\u00edticas duras \u00e0 entidade com sede em Zurique. O primeiro tema abordado pelo documento da Conmebol \u00e9 uma recente declara\u00e7\u00e3o de Arsene Wenger, chefe do departamento de Desenvolvimento Global de Futebol da Fifa.\" \/>\n<meta property=\"og:url\" content=\"https:\/\/cleitonpinheiro.com.br\/site\/m-carta-conmebol-ataca-a-fifa-por-declaracao-de-wenger-e-regra-das-cinco-substituicoes\/\" \/>\n<meta property=\"og:site_name\" content=\"PORTAL DE NOT\u00cdCIAS CLEITON PINHEIRO\" \/>\n<meta property=\"article:publisher\" content=\"https:\/\/www.facebook.com\/portalcpnoticias\/\" \/>\n<meta property=\"article:published_time\" content=\"2022-06-15T04:02:48+00:00\" \/>\n<meta property=\"article:modified_time\" content=\"2022-07-29T19:28:36+00:00\" \/>\n<meta property=\"og:image\" content=\"https:\/\/cleitonpinheiro.com.br\/site\/wp-content\/uploads\/2022\/06\/gettyimages-1070860004.webp\" \/>\n\t<meta property=\"og:image:width\" content=\"984\" \/>\n\t<meta property=\"og:image:height\" content=\"656\" \/>\n\t<meta property=\"og:image:type\" content=\"image\/webp\" \/>\n<meta name=\"author\" content=\"RGF Sistemas\" \/>\n<meta name=\"twitter:card\" content=\"summary_large_image\" \/>\n<meta name=\"twitter:label1\" content=\"Escrito por\" \/>\n\t<meta name=\"twitter:data1\" content=\"RGF Sistemas\" \/>\n<script type=\"application\/ld+json\" class=\"yoast-schema-graph\">{\"@context\":\"https:\/\/schema.org\",\"@graph\":[{\"@type\":\"Article\",\"@id\":\"https:\/\/cleitonpinheiro.com.br\/site\/m-carta-conmebol-ataca-a-fifa-por-declaracao-de-wenger-e-regra-das-cinco-substituicoes\/#article\",\"isPartOf\":{\"@id\":\"https:\/\/cleitonpinheiro.com.br\/site\/m-carta-conmebol-ataca-a-fifa-por-declaracao-de-wenger-e-regra-das-cinco-substituicoes\/\"},\"author\":{\"name\":\"RGF Sistemas\",\"@id\":\"https:\/\/cleitonpinheiro.com.br\/site\/#\/schema\/person\/b7621891c193194dd412fdc1ff9b2b41\"},\"headline\":\"Em carta, Conmebol ataca a Fifa por declara\u00e7\u00e3o de Wenger e regra das cinco substitui\u00e7\u00f5es\",\"datePublished\":\"2022-06-15T04:02:48+00:00\",\"dateModified\":\"2022-07-29T19:28:36+00:00\",\"mainEntityOfPage\":{\"@id\":\"https:\/\/cleitonpinheiro.com.br\/site\/m-carta-conmebol-ataca-a-fifa-por-declaracao-de-wenger-e-regra-das-cinco-substituicoes\/\"},\"wordCount\":67,\"commentCount\":0,\"publisher\":{\"@id\":\"https:\/\/cleitonpinheiro.com.br\/site\/#organization\"},\"articleSection\":[\"ESPORTE\"],\"inLanguage\":\"pt-BR\",\"potentialAction\":[{\"@type\":\"CommentAction\",\"name\":\"Comment\",\"target\":[\"https:\/\/cleitonpinheiro.com.br\/site\/m-carta-conmebol-ataca-a-fifa-por-declaracao-de-wenger-e-regra-das-cinco-substituicoes\/#respond\"]}]},{\"@type\":\"WebPage\",\"@id\":\"https:\/\/cleitonpinheiro.com.br\/site\/m-carta-conmebol-ataca-a-fifa-por-declaracao-de-wenger-e-regra-das-cinco-substituicoes\/\",\"url\":\"https:\/\/cleitonpinheiro.com.br\/site\/m-carta-conmebol-ataca-a-fifa-por-declaracao-de-wenger-e-regra-das-cinco-substituicoes\/\",\"name\":\"Em carta, Conmebol ataca a Fifa por declara\u00e7\u00e3o de Wenger e regra das cinco substitui\u00e7\u00f5es - PORTAL DE NOT\u00cdCIAS CLEITON PINHEIRO\",\"isPartOf\":{\"@id\":\"https:\/\/cleitonpinheiro.com.br\/site\/#website\"},\"datePublished\":\"2022-06-15T04:02:48+00:00\",\"dateModified\":\"2022-07-29T19:28:36+00:00\",\"breadcrumb\":{\"@id\":\"https:\/\/cleitonpinheiro.com.br\/site\/m-carta-conmebol-ataca-a-fifa-por-declaracao-de-wenger-e-regra-das-cinco-substituicoes\/#breadcrumb\"},\"inLanguage\":\"pt-BR\",\"potentialAction\":[{\"@type\":\"ReadAction\",\"target\":[\"https:\/\/cleitonpinheiro.com.br\/site\/m-carta-conmebol-ataca-a-fifa-por-declaracao-de-wenger-e-regra-das-cinco-substituicoes\/\"]}]},{\"@type\":\"BreadcrumbList\",\"@id\":\"https:\/\/cleitonpinheiro.com.br\/site\/m-carta-conmebol-ataca-a-fifa-por-declaracao-de-wenger-e-regra-das-cinco-substituicoes\/#breadcrumb\",\"itemListElement\":[{\"@type\":\"ListItem\",\"position\":1,\"name\":\"In\u00edcio\",\"item\":\"https:\/\/cleitonpinheiro.com.br\/site\/\"},{\"@type\":\"ListItem\",\"position\":2,\"name\":\"Em carta, Conmebol ataca a Fifa por declara\u00e7\u00e3o de Wenger e regra das cinco substitui\u00e7\u00f5es\"}]},{\"@type\":\"WebSite\",\"@id\":\"https:\/\/cleitonpinheiro.com.br\/site\/#website\",\"url\":\"https:\/\/cleitonpinheiro.com.br\/site\/\",\"name\":\"PORTAL DE NOT\u00cdCIAS CLEITON PINHEIRO\",\"description\":\"FALANDO A VERDADE\",\"publisher\":{\"@id\":\"https:\/\/cleitonpinheiro.com.br\/site\/#organization\"},\"potentialAction\":[{\"@type\":\"SearchAction\",\"target\":{\"@type\":\"EntryPoint\",\"urlTemplate\":\"https:\/\/cleitonpinheiro.com.br\/site\/?s={search_term_string}\"},\"query-input\":{\"@type\":\"PropertyValueSpecification\",\"valueRequired\":true,\"valueName\":\"search_term_string\"}}],\"inLanguage\":\"pt-BR\"},{\"@type\":\"Organization\",\"@id\":\"https:\/\/cleitonpinheiro.com.br\/site\/#organization\",\"name\":\"CPNOT\u00cdCIAS\",\"url\":\"https:\/\/cleitonpinheiro.com.br\/site\/\",\"logo\":{\"@type\":\"ImageObject\",\"inLanguage\":\"pt-BR\",\"@id\":\"https:\/\/cleitonpinheiro.com.br\/site\/#\/schema\/logo\/image\/\",\"url\":\"https:\/\/cleitonpinheiro.com.br\/site\/wp-content\/uploads\/2022\/08\/Logo-pequena-2.png\",\"contentUrl\":\"https:\/\/cleitonpinheiro.com.br\/site\/wp-content\/uploads\/2022\/08\/Logo-pequena-2.png\",\"width\":500,\"height\":500,\"caption\":\"CPNOT\u00cdCIAS\"},\"image\":{\"@id\":\"https:\/\/cleitonpinheiro.com.br\/site\/#\/schema\/logo\/image\/\"},\"sameAs\":[\"https:\/\/www.facebook.com\/portalcpnoticias\/\"]},{\"@type\":\"Person\",\"@id\":\"https:\/\/cleitonpinheiro.com.br\/site\/#\/schema\/person\/b7621891c193194dd412fdc1ff9b2b41\",\"name\":\"RGF Sistemas\",\"image\":{\"@type\":\"ImageObject\",\"inLanguage\":\"pt-BR\",\"@id\":\"https:\/\/cleitonpinheiro.com.br\/site\/#\/schema\/person\/image\/\",\"url\":\"https:\/\/secure.gravatar.com\/avatar\/59e110c11e5eecf4636340abed101b4cddb70ca9f64acab0fe8863bcc0a66b2d?s=96&r=g\",\"contentUrl\":\"https:\/\/secure.gravatar.com\/avatar\/59e110c11e5eecf4636340abed101b4cddb70ca9f64acab0fe8863bcc0a66b2d?s=96&r=g\",\"caption\":\"RGF Sistemas\"},\"url\":\"https:\/\/cleitonpinheiro.com.br\/site\/author\/rgfsite\/\"}]}<\/script>\n<!-- \/ Yoast SEO plugin. -->","yoast_head_json":{"title":"Em carta, Conmebol ataca a Fifa por declara\u00e7\u00e3o de Wenger e regra das cinco substitui\u00e7\u00f5es - PORTAL DE NOT\u00cdCIAS CLEITON PINHEIRO","robots":{"index":"index","follow":"follow","max-snippet":"max-snippet:-1","max-image-preview":"max-image-preview:large","max-video-preview":"max-video-preview:-1"},"canonical":"https:\/\/cleitonpinheiro.com.br\/site\/m-carta-conmebol-ataca-a-fifa-por-declaracao-de-wenger-e-regra-das-cinco-substituicoes\/","og_locale":"pt_BR","og_type":"article","og_title":"Em carta, Conmebol ataca a Fifa por declara\u00e7\u00e3o de Wenger e regra das cinco substitui\u00e7\u00f5es - PORTAL DE NOT\u00cdCIAS CLEITON PINHEIRO","og_description":"A Conmebol divulgou na ter\u00e7a-feira \u00e0 noite trechos de uma carta enviada \u00e0 Fifa, na qual faz duas cr\u00edticas duras \u00e0 entidade com sede em Zurique. O primeiro tema abordado pelo documento da Conmebol \u00e9 uma recente declara\u00e7\u00e3o de Arsene Wenger, chefe do departamento de Desenvolvimento Global de Futebol da Fifa.","og_url":"https:\/\/cleitonpinheiro.com.br\/site\/m-carta-conmebol-ataca-a-fifa-por-declaracao-de-wenger-e-regra-das-cinco-substituicoes\/","og_site_name":"PORTAL DE NOT\u00cdCIAS CLEITON PINHEIRO","article_publisher":"https:\/\/www.facebook.com\/portalcpnoticias\/","article_published_time":"2022-06-15T04:02:48+00:00","article_modified_time":"2022-07-29T19:28:36+00:00","og_image":[{"width":984,"height":656,"url":"https:\/\/cleitonpinheiro.com.br\/site\/wp-content\/uploads\/2022\/06\/gettyimages-1070860004.webp","type":"image\/webp"}],"author":"RGF Sistemas","twitter_card":"summary_large_image","twitter_misc":{"Escrito por":"RGF Sistemas"},"schema":{"@context":"https:\/\/schema.org","@graph":[{"@type":"Article","@id":"https:\/\/cleitonpinheiro.com.br\/site\/m-carta-conmebol-ataca-a-fifa-por-declaracao-de-wenger-e-regra-das-cinco-substituicoes\/#article","isPartOf":{"@id":"https:\/\/cleitonpinheiro.com.br\/site\/m-carta-conmebol-ataca-a-fifa-por-declaracao-de-wenger-e-regra-das-cinco-substituicoes\/"},"author":{"name":"RGF Sistemas","@id":"https:\/\/cleitonpinheiro.com.br\/site\/#\/schema\/person\/b7621891c193194dd412fdc1ff9b2b41"},"headline":"Em carta, Conmebol ataca a Fifa por declara\u00e7\u00e3o de Wenger e regra das cinco substitui\u00e7\u00f5es","datePublished":"2022-06-15T04:02:48+00:00","dateModified":"2022-07-29T19:28:36+00:00","mainEntityOfPage":{"@id":"https:\/\/cleitonpinheiro.com.br\/site\/m-carta-conmebol-ataca-a-fifa-por-declaracao-de-wenger-e-regra-das-cinco-substituicoes\/"},"wordCount":67,"commentCount":0,"publisher":{"@id":"https:\/\/cleitonpinheiro.com.br\/site\/#organization"},"articleSection":["ESPORTE"],"inLanguage":"pt-BR","potentialAction":[{"@type":"CommentAction","name":"Comment","target":["https:\/\/cleitonpinheiro.com.br\/site\/m-carta-conmebol-ataca-a-fifa-por-declaracao-de-wenger-e-regra-das-cinco-substituicoes\/#respond"]}]},{"@type":"WebPage","@id":"https:\/\/cleitonpinheiro.com.br\/site\/m-carta-conmebol-ataca-a-fifa-por-declaracao-de-wenger-e-regra-das-cinco-substituicoes\/","url":"https:\/\/cleitonpinheiro.com.br\/site\/m-carta-conmebol-ataca-a-fifa-por-declaracao-de-wenger-e-regra-das-cinco-substituicoes\/","name":"Em carta, Conmebol ataca a Fifa por declara\u00e7\u00e3o de Wenger e regra das cinco substitui\u00e7\u00f5es - PORTAL DE NOT\u00cdCIAS CLEITON PINHEIRO","isPartOf":{"@id":"https:\/\/cleitonpinheiro.com.br\/site\/#website"},"datePublished":"2022-06-15T04:02:48+00:00","dateModified":"2022-07-29T19:28:36+00:00","breadcrumb":{"@id":"https:\/\/cleitonpinheiro.com.br\/site\/m-carta-conmebol-ataca-a-fifa-por-declaracao-de-wenger-e-regra-das-cinco-substituicoes\/#breadcrumb"},"inLanguage":"pt-BR","potentialAction":[{"@type":"ReadAction","target":["https:\/\/cleitonpinheiro.com.br\/site\/m-carta-conmebol-ataca-a-fifa-por-declaracao-de-wenger-e-regra-das-cinco-substituicoes\/"]}]},{"@type":"BreadcrumbList","@id":"https:\/\/cleitonpinheiro.com.br\/site\/m-carta-conmebol-ataca-a-fifa-por-declaracao-de-wenger-e-regra-das-cinco-substituicoes\/#breadcrumb","itemListElement":[{"@type":"ListItem","position":1,"name":"In\u00edcio","item":"https:\/\/cleitonpinheiro.com.br\/site\/"},{"@type":"ListItem","position":2,"name":"Em carta, Conmebol ataca a Fifa por declara\u00e7\u00e3o de Wenger e regra das cinco substitui\u00e7\u00f5es"}]},{"@type":"WebSite","@id":"https:\/\/cleitonpinheiro.com.br\/site\/#website","url":"https:\/\/cleitonpinheiro.com.br\/site\/","name":"PORTAL DE NOT\u00cdCIAS CLEITON PINHEIRO","description":"FALANDO A VERDADE","publisher":{"@id":"https:\/\/cleitonpinheiro.com.br\/site\/#organization"},"potentialAction":[{"@type":"SearchAction","target":{"@type":"EntryPoint","urlTemplate":"https:\/\/cleitonpinheiro.com.br\/site\/?s={search_term_string}"},"query-input":{"@type":"PropertyValueSpecification","valueRequired":true,"valueName":"search_term_string"}}],"inLanguage":"pt-BR"},{"@type":"Organization","@id":"https:\/\/cleitonpinheiro.com.br\/site\/#organization","name":"CPNOT\u00cdCIAS","url":"https:\/\/cleitonpinheiro.com.br\/site\/","logo":{"@type":"ImageObject","inLanguage":"pt-BR","@id":"https:\/\/cleitonpinheiro.com.br\/site\/#\/schema\/logo\/image\/","url":"https:\/\/cleitonpinheiro.com.br\/site\/wp-content\/uploads\/2022\/08\/Logo-pequena-2.png","contentUrl":"https:\/\/cleitonpinheiro.com.br\/site\/wp-content\/uploads\/2022\/08\/Logo-pequena-2.png","width":500,"height":500,"caption":"CPNOT\u00cdCIAS"},"image":{"@id":"https:\/\/cleitonpinheiro.com.br\/site\/#\/schema\/logo\/image\/"},"sameAs":["https:\/\/www.facebook.com\/portalcpnoticias\/"]},{"@type":"Person","@id":"https:\/\/cleitonpinheiro.com.br\/site\/#\/schema\/person\/b7621891c193194dd412fdc1ff9b2b41","name":"RGF Sistemas","image":{"@type":"ImageObject","inLanguage":"pt-BR","@id":"https:\/\/cleitonpinheiro.com.br\/site\/#\/schema\/person\/image\/","url":"https:\/\/secure.gravatar.com\/avatar\/59e110c11e5eecf4636340abed101b4cddb70ca9f64acab0fe8863bcc0a66b2d?s=96&r=g","contentUrl":"https:\/\/secure.gravatar.com\/avatar\/59e110c11e5eecf4636340abed101b4cddb70ca9f64acab0fe8863bcc0a66b2d?s=96&r=g","caption":"RGF Sistemas"},"url":"https:\/\/cleitonpinheiro.com.br\/site\/author\/rgfsite\/"}]}},"views":355,"_links":{"self":[{"href":"https:\/\/cleitonpinheiro.com.br\/site\/wp-json\/wp\/v2\/posts\/1014","targetHints":{"allow":["GET"]}}],"collection":[{"href":"https:\/\/cleitonpinheiro.com.br\/site\/wp-json\/wp\/v2\/posts"}],"about":[{"href":"https:\/\/cleitonpinheiro.com.br\/site\/wp-json\/wp\/v2\/types\/post"}],"author":[{"embeddable":true,"href":"https:\/\/cleitonpinheiro.com.br\/site\/wp-json\/wp\/v2\/users\/9"}],"replies":[{"embeddable":true,"href":"https:\/\/cleitonpinheiro.com.br\/site\/wp-json\/wp\/v2\/comments?post=1014"}],"version-history":[{"count":2,"href":"https:\/\/cleitonpinheiro.com.br\/site\/wp-json\/wp\/v2\/posts\/1014\/revisions"}],"predecessor-version":[{"id":61132,"href":"https:\/\/cleitonpinheiro.com.br\/site\/wp-json\/wp\/v2\/posts\/1014\/revisions\/61132"}],"wp:attachment":[{"href":"https:\/\/cleitonpinheiro.com.br\/site\/wp-json\/wp\/v2\/media?parent=1014"}],"wp:term":[{"taxonomy":"category","embeddable":true,"href":"https:\/\/cleitonpinheiro.com.br\/site\/wp-json\/wp\/v2\/categories?post=1014"},{"taxonomy":"post_tag","embeddable":true,"href":"https:\/\/cleitonpinheiro.com.br\/site\/wp-json\/wp\/v2\/tags?post=1014"}],"curies":[{"name":"wp","href":"https:\/\/api.w.org\/{rel}","templated":true}]}}