{"id":15080,"date":"2019-07-29T08:18:32","date_gmt":"2019-07-29T11:18:32","guid":{"rendered":"https:\/\/cleitonpinheiro.com.br\/portal\/?p=15080"},"modified":"2019-07-29T08:18:32","modified_gmt":"2019-07-29T11:18:32","slug":"novas-regras-de-tramitacao-de-mps-entram-em-vigor-apos-recesso","status":"publish","type":"post","link":"https:\/\/cleitonpinheiro.com.br\/site\/novas-regras-de-tramitacao-de-mps-entram-em-vigor-apos-recesso\/","title":{"rendered":"Novas regras de tramita\u00e7\u00e3o de MPs entram em vigor ap\u00f3s recesso"},"content":{"rendered":"\n<p>Reivindica\u00e7\u00e3o antiga dos senadores est\u00e1 prestes a se tornar realidade. Na volta do recesso parlamentar, em agosto, sess\u00e3o solene do Congresso Nacional vai marcar a promulga\u00e7\u00e3o da emenda \u00e0 Constitui\u00e7\u00e3o (EC) que altera as regras e prazos de tramita\u00e7\u00e3o de medidas provis\u00f3rias (MPs).<\/p>\n\n\n<figure class=\"wp-block-image\"><img decoding=\"async\" src=\"https:\/\/cleitonpinheiro.com.br\/portal\/wp-content\/uploads\/2019\/07\/Congressoeditadooo.jpg\" alt=\"\" class=\"wp-image-15081\"\/><figcaption>Foto: Valter Campanato\/Ag\u00eancia Brasil<\/figcaption><\/figure>\n\n\n<p>Depois\nde oito anos tramitando, o tema ganhou for\u00e7a na Casa, quando o presidente da\nC\u00e2mara, Rodrigo Maia (DEM-RJ), se comprometeu com o presidente do Senado, Davi\nAlcolumbre (DEM-AP), a votar a mat\u00e9ria. O compromisso veio depois que senadores\nacirraram o descontentamento com o volume de medidas provis\u00f3rias que s\u00f3\nchegavam da C\u00e2mara para serem analisadas no Senado \u00e0s v\u00e9spera de perder&nbsp;a\nvalidade.<\/p>\n\n\n<p>Um\ndesses casos foi a Medida Provis\u00f3ria 867\/18, que alterava v\u00e1rios pontos do\nC\u00f3digo Florestal. \u00c0 \u00e9poca, o presidente do Senado, propositalmente, deixou a MP\nperder a validade. A decis\u00e3o foi tomada a pedido de l\u00edderes do Senado, que\nreclamavam que a Casa estava fazendo papel de carimbar decis\u00f5es do deputados,\nj\u00e1 que n\u00e3o tinham tempo para debater as propostas.<\/p>\n\n\n<h2 class=\"wp-block-heading\">Regras<\/h2>\n\n\n<p>Uma\ndas grandes novidade da PEC que muda a tramita\u00e7\u00e3o das MPs \u00e9 a proibi\u00e7\u00e3o de\ninclus\u00e3o, no texto, dos chamados \u201cjabutis&#8221; \u2013 temas estranhos ao objeto\noriginal da MP \u2013, mas que eram inseridos de \u00faltima hora para pegar carona na\ntramita\u00e7\u00e3o mais \u00e1gil das MPs e virar lei rapidamente. Com as novas regras,\npassa a ser vedado o acr\u00e9scimo de pontos que n\u00e3o sejam vinculados ao objeto da\nMP \u201cpor afinidade, pertin\u00eancia ou conex\u00e3o\u201d.<\/p>\n\n\n<p>A\nPEC define prazos espec\u00edficos para cada fase de tramita\u00e7\u00e3o das MPs. A comiss\u00e3o\nmista de deputados e senadores \u2013 primeira fase de tramita\u00e7\u00e3o das MPs \u2013 ter\u00e1 40\ndias para analisar e votar a proposta. Em seguida, o plen\u00e1rio da C\u00e2mara dos\nDeputados ter\u00e1 at\u00e9 40 dias para votar a proposta. Vencida a etapa, a MP segue\npara o Senado, que ter\u00e1 30 dias para analisar a mat\u00e9ria. Se os senadores\napresentarem emendas, os deputados ter\u00e3o mais 10 dias para apreci\u00e1-las. Nenhum\ndesses prazos poder\u00e1 ser prorrogado.<\/p>\n\n\n<p>Ainda\npelas novas regras, caso o prazo da comiss\u00e3o mista seja descumprido, a MP\navan\u00e7ar\u00e1 para a C\u00e2mara dos Deputados sem o parecer. J\u00e1 o descumprimento dos\ndemais prazos significar\u00e1 a perda de validade da medida provis\u00f3ria.<\/p>\n\n\n<p>O\nnovo texto tamb\u00e9m estabelece que a MP passar\u00e1 a trancar a pauta, ganhando\nprioridade de vota\u00e7\u00e3o a partir do 30\u00ba dia de tramita\u00e7\u00e3o na C\u00e2mara, do 20\u00ba dia\nde tramita\u00e7\u00e3o no Senado e durante todo o per\u00edodo de tramita\u00e7\u00e3o para revis\u00e3o na\nC\u00e2mara, se houver.<\/p>\n\n\n<p>Pela\nregra&nbsp;em vigor desde 2001, uma MP perde a efic\u00e1cia se n\u00e3o for convertida\nem lei at\u00e9 120 dias e n\u00e3o h\u00e1 defini\u00e7\u00e3o de prazos para a comiss\u00e3o mista e para\ncada uma das Casas. Muitas vezes, ainda na primeira etapa \u2013 a da comiss\u00e3o\nespecial &#8211; o tempo \u00e9 todo consumido, sem que os plen\u00e1rios das duas Casas tenham\na oportunidade de analisar a mat\u00e9ria.<\/p>\n\n\n<p>Oficialmente,\no recesso parlamentar termina no dia 31 de julho. Como o dia 1\u00b0 de agosto cai\nem uma&nbsp;quinta-feira, a expectativa \u00e9 de que os parlamentares retornem ao\ntrabalho no dia 6 de agosto. <em>(Da Ag\u00eancia\nBrasil).<\/em><\/p>\n","protected":false},"excerpt":{"rendered":"<p>Reivindica\u00e7\u00e3o antiga dos senadores est\u00e1 prestes a se tornar realidade. Na volta do recesso parlamentar, em agosto, sess\u00e3o solene do Congresso Nacional vai marcar a promulga\u00e7\u00e3o da emenda \u00e0 Constitui\u00e7\u00e3o (EC) que altera as regras e prazos de tramita\u00e7\u00e3o de medidas provis\u00f3rias (MPs). Depois de oito anos tramitando, o tema ganhou for\u00e7a na Casa, quando [&hellip;]<\/p>\n","protected":false},"author":4,"featured_media":15082,"comment_status":"open","ping_status":"open","sticky":false,"template":"","format":"standard","meta":{"_acf_changed":false,"footnotes":""},"categories":[19,24,20],"tags":[],"class_list":["post-15080","post","type-post","status-publish","format-standard","has-post-thumbnail","hentry","category-brasil-mundo","category-colunas","category-noticias-em-destaque"],"acf":[],"yoast_head":"<!-- This site is optimized with the Yoast SEO plugin v24.4 - https:\/\/yoast.com\/wordpress\/plugins\/seo\/ -->\n<title>Novas regras de tramita\u00e7\u00e3o de MPs entram em vigor ap\u00f3s recesso - PORTAL DE NOT\u00cdCIAS CLEITON PINHEIRO<\/title>\n<meta name=\"robots\" content=\"index, follow, max-snippet:-1, max-image-preview:large, max-video-preview:-1\" \/>\n<link rel=\"canonical\" href=\"https:\/\/cleitonpinheiro.com.br\/site\/novas-regras-de-tramitacao-de-mps-entram-em-vigor-apos-recesso\/\" \/>\n<meta property=\"og:locale\" content=\"pt_BR\" \/>\n<meta property=\"og:type\" content=\"article\" \/>\n<meta property=\"og:title\" content=\"Novas regras de tramita\u00e7\u00e3o de MPs entram em vigor ap\u00f3s recesso - PORTAL DE NOT\u00cdCIAS CLEITON PINHEIRO\" \/>\n<meta property=\"og:description\" content=\"Reivindica\u00e7\u00e3o antiga dos senadores est\u00e1 prestes a se tornar realidade. Na volta do recesso parlamentar, em agosto, sess\u00e3o solene do Congresso Nacional vai marcar a promulga\u00e7\u00e3o da emenda \u00e0 Constitui\u00e7\u00e3o (EC) que altera as regras e prazos de tramita\u00e7\u00e3o de medidas provis\u00f3rias (MPs). Depois de oito anos tramitando, o tema ganhou for\u00e7a na Casa, quando [&hellip;]\" \/>\n<meta property=\"og:url\" content=\"https:\/\/cleitonpinheiro.com.br\/site\/novas-regras-de-tramitacao-de-mps-entram-em-vigor-apos-recesso\/\" \/>\n<meta property=\"og:site_name\" content=\"PORTAL DE NOT\u00cdCIAS CLEITON PINHEIRO\" \/>\n<meta property=\"article:publisher\" content=\"https:\/\/www.facebook.com\/portalcpnoticias\/\" \/>\n<meta property=\"article:published_time\" content=\"2019-07-29T11:18:32+00:00\" \/>\n<meta name=\"author\" content=\"Dermival Pereira\" \/>\n<meta name=\"twitter:card\" content=\"summary_large_image\" \/>\n<meta name=\"twitter:label1\" content=\"Escrito por\" \/>\n\t<meta name=\"twitter:data1\" content=\"Dermival Pereira\" \/>\n\t<meta name=\"twitter:label2\" content=\"Est. tempo de leitura\" \/>\n\t<meta name=\"twitter:data2\" content=\"3 minutos\" \/>\n<script type=\"application\/ld+json\" class=\"yoast-schema-graph\">{\"@context\":\"https:\/\/schema.org\",\"@graph\":[{\"@type\":\"Article\",\"@id\":\"https:\/\/cleitonpinheiro.com.br\/site\/novas-regras-de-tramitacao-de-mps-entram-em-vigor-apos-recesso\/#article\",\"isPartOf\":{\"@id\":\"https:\/\/cleitonpinheiro.com.br\/site\/novas-regras-de-tramitacao-de-mps-entram-em-vigor-apos-recesso\/\"},\"author\":{\"name\":\"Dermival Pereira\",\"@id\":\"https:\/\/cleitonpinheiro.com.br\/site\/#\/schema\/person\/aac6d7f311e80c43042e98a900b03cd8\"},\"headline\":\"Novas regras de tramita\u00e7\u00e3o de MPs entram em vigor ap\u00f3s recesso\",\"datePublished\":\"2019-07-29T11:18:32+00:00\",\"mainEntityOfPage\":{\"@id\":\"https:\/\/cleitonpinheiro.com.br\/site\/novas-regras-de-tramitacao-de-mps-entram-em-vigor-apos-recesso\/\"},\"wordCount\":578,\"commentCount\":0,\"publisher\":{\"@id\":\"https:\/\/cleitonpinheiro.com.br\/site\/#organization\"},\"image\":{\"@id\":\"https:\/\/cleitonpinheiro.com.br\/site\/novas-regras-de-tramitacao-de-mps-entram-em-vigor-apos-recesso\/#primaryimage\"},\"thumbnailUrl\":\"\",\"articleSection\":[\"BRASIL \/ MUNDO\",\"COLUNAS\",\"NOT\u00cdCIAS EM DESTAQUE\"],\"inLanguage\":\"pt-BR\",\"potentialAction\":[{\"@type\":\"CommentAction\",\"name\":\"Comment\",\"target\":[\"https:\/\/cleitonpinheiro.com.br\/site\/novas-regras-de-tramitacao-de-mps-entram-em-vigor-apos-recesso\/#respond\"]}]},{\"@type\":\"WebPage\",\"@id\":\"https:\/\/cleitonpinheiro.com.br\/site\/novas-regras-de-tramitacao-de-mps-entram-em-vigor-apos-recesso\/\",\"url\":\"https:\/\/cleitonpinheiro.com.br\/site\/novas-regras-de-tramitacao-de-mps-entram-em-vigor-apos-recesso\/\",\"name\":\"Novas regras de tramita\u00e7\u00e3o de MPs entram em vigor ap\u00f3s recesso - PORTAL DE NOT\u00cdCIAS CLEITON PINHEIRO\",\"isPartOf\":{\"@id\":\"https:\/\/cleitonpinheiro.com.br\/site\/#website\"},\"primaryImageOfPage\":{\"@id\":\"https:\/\/cleitonpinheiro.com.br\/site\/novas-regras-de-tramitacao-de-mps-entram-em-vigor-apos-recesso\/#primaryimage\"},\"image\":{\"@id\":\"https:\/\/cleitonpinheiro.com.br\/site\/novas-regras-de-tramitacao-de-mps-entram-em-vigor-apos-recesso\/#primaryimage\"},\"thumbnailUrl\":\"\",\"datePublished\":\"2019-07-29T11:18:32+00:00\",\"breadcrumb\":{\"@id\":\"https:\/\/cleitonpinheiro.com.br\/site\/novas-regras-de-tramitacao-de-mps-entram-em-vigor-apos-recesso\/#breadcrumb\"},\"inLanguage\":\"pt-BR\",\"potentialAction\":[{\"@type\":\"ReadAction\",\"target\":[\"https:\/\/cleitonpinheiro.com.br\/site\/novas-regras-de-tramitacao-de-mps-entram-em-vigor-apos-recesso\/\"]}]},{\"@type\":\"ImageObject\",\"inLanguage\":\"pt-BR\",\"@id\":\"https:\/\/cleitonpinheiro.com.br\/site\/novas-regras-de-tramitacao-de-mps-entram-em-vigor-apos-recesso\/#primaryimage\",\"url\":\"\",\"contentUrl\":\"\"},{\"@type\":\"BreadcrumbList\",\"@id\":\"https:\/\/cleitonpinheiro.com.br\/site\/novas-regras-de-tramitacao-de-mps-entram-em-vigor-apos-recesso\/#breadcrumb\",\"itemListElement\":[{\"@type\":\"ListItem\",\"position\":1,\"name\":\"In\u00edcio\",\"item\":\"https:\/\/cleitonpinheiro.com.br\/site\/\"},{\"@type\":\"ListItem\",\"position\":2,\"name\":\"Novas regras de tramita\u00e7\u00e3o de MPs entram em vigor ap\u00f3s recesso\"}]},{\"@type\":\"WebSite\",\"@id\":\"https:\/\/cleitonpinheiro.com.br\/site\/#website\",\"url\":\"https:\/\/cleitonpinheiro.com.br\/site\/\",\"name\":\"PORTAL DE NOT\u00cdCIAS CLEITON PINHEIRO\",\"description\":\"FALANDO A VERDADE\",\"publisher\":{\"@id\":\"https:\/\/cleitonpinheiro.com.br\/site\/#organization\"},\"potentialAction\":[{\"@type\":\"SearchAction\",\"target\":{\"@type\":\"EntryPoint\",\"urlTemplate\":\"https:\/\/cleitonpinheiro.com.br\/site\/?s={search_term_string}\"},\"query-input\":{\"@type\":\"PropertyValueSpecification\",\"valueRequired\":true,\"valueName\":\"search_term_string\"}}],\"inLanguage\":\"pt-BR\"},{\"@type\":\"Organization\",\"@id\":\"https:\/\/cleitonpinheiro.com.br\/site\/#organization\",\"name\":\"CPNOT\u00cdCIAS\",\"url\":\"https:\/\/cleitonpinheiro.com.br\/site\/\",\"logo\":{\"@type\":\"ImageObject\",\"inLanguage\":\"pt-BR\",\"@id\":\"https:\/\/cleitonpinheiro.com.br\/site\/#\/schema\/logo\/image\/\",\"url\":\"https:\/\/cleitonpinheiro.com.br\/site\/wp-content\/uploads\/2022\/08\/Logo-pequena-2.png\",\"contentUrl\":\"https:\/\/cleitonpinheiro.com.br\/site\/wp-content\/uploads\/2022\/08\/Logo-pequena-2.png\",\"width\":500,\"height\":500,\"caption\":\"CPNOT\u00cdCIAS\"},\"image\":{\"@id\":\"https:\/\/cleitonpinheiro.com.br\/site\/#\/schema\/logo\/image\/\"},\"sameAs\":[\"https:\/\/www.facebook.com\/portalcpnoticias\/\"]},{\"@type\":\"Person\",\"@id\":\"https:\/\/cleitonpinheiro.com.br\/site\/#\/schema\/person\/aac6d7f311e80c43042e98a900b03cd8\",\"name\":\"Dermival Pereira\",\"image\":{\"@type\":\"ImageObject\",\"inLanguage\":\"pt-BR\",\"@id\":\"https:\/\/cleitonpinheiro.com.br\/site\/#\/schema\/person\/image\/\",\"url\":\"https:\/\/secure.gravatar.com\/avatar\/cfaebf3742d6bf8db728bcba3eed6bee37b02337a2e6c822994f20ca72a3784d?s=96&r=g\",\"contentUrl\":\"https:\/\/secure.gravatar.com\/avatar\/cfaebf3742d6bf8db728bcba3eed6bee37b02337a2e6c822994f20ca72a3784d?s=96&r=g\",\"caption\":\"Dermival Pereira\"},\"url\":\"https:\/\/cleitonpinheiro.com.br\/site\/author\/dermival\/\"}]}<\/script>\n<!-- \/ Yoast SEO plugin. -->","yoast_head_json":{"title":"Novas regras de tramita\u00e7\u00e3o de MPs entram em vigor ap\u00f3s recesso - PORTAL DE NOT\u00cdCIAS CLEITON PINHEIRO","robots":{"index":"index","follow":"follow","max-snippet":"max-snippet:-1","max-image-preview":"max-image-preview:large","max-video-preview":"max-video-preview:-1"},"canonical":"https:\/\/cleitonpinheiro.com.br\/site\/novas-regras-de-tramitacao-de-mps-entram-em-vigor-apos-recesso\/","og_locale":"pt_BR","og_type":"article","og_title":"Novas regras de tramita\u00e7\u00e3o de MPs entram em vigor ap\u00f3s recesso - PORTAL DE NOT\u00cdCIAS CLEITON PINHEIRO","og_description":"Reivindica\u00e7\u00e3o antiga dos senadores est\u00e1 prestes a se tornar realidade. Na volta do recesso parlamentar, em agosto, sess\u00e3o solene do Congresso Nacional vai marcar a promulga\u00e7\u00e3o da emenda \u00e0 Constitui\u00e7\u00e3o (EC) que altera as regras e prazos de tramita\u00e7\u00e3o de medidas provis\u00f3rias (MPs). Depois de oito anos tramitando, o tema ganhou for\u00e7a na Casa, quando [&hellip;]","og_url":"https:\/\/cleitonpinheiro.com.br\/site\/novas-regras-de-tramitacao-de-mps-entram-em-vigor-apos-recesso\/","og_site_name":"PORTAL DE NOT\u00cdCIAS CLEITON PINHEIRO","article_publisher":"https:\/\/www.facebook.com\/portalcpnoticias\/","article_published_time":"2019-07-29T11:18:32+00:00","author":"Dermival Pereira","twitter_card":"summary_large_image","twitter_misc":{"Escrito por":"Dermival Pereira","Est. tempo de leitura":"3 minutos"},"schema":{"@context":"https:\/\/schema.org","@graph":[{"@type":"Article","@id":"https:\/\/cleitonpinheiro.com.br\/site\/novas-regras-de-tramitacao-de-mps-entram-em-vigor-apos-recesso\/#article","isPartOf":{"@id":"https:\/\/cleitonpinheiro.com.br\/site\/novas-regras-de-tramitacao-de-mps-entram-em-vigor-apos-recesso\/"},"author":{"name":"Dermival Pereira","@id":"https:\/\/cleitonpinheiro.com.br\/site\/#\/schema\/person\/aac6d7f311e80c43042e98a900b03cd8"},"headline":"Novas regras de tramita\u00e7\u00e3o de MPs entram em vigor ap\u00f3s recesso","datePublished":"2019-07-29T11:18:32+00:00","mainEntityOfPage":{"@id":"https:\/\/cleitonpinheiro.com.br\/site\/novas-regras-de-tramitacao-de-mps-entram-em-vigor-apos-recesso\/"},"wordCount":578,"commentCount":0,"publisher":{"@id":"https:\/\/cleitonpinheiro.com.br\/site\/#organization"},"image":{"@id":"https:\/\/cleitonpinheiro.com.br\/site\/novas-regras-de-tramitacao-de-mps-entram-em-vigor-apos-recesso\/#primaryimage"},"thumbnailUrl":"","articleSection":["BRASIL \/ MUNDO","COLUNAS","NOT\u00cdCIAS EM DESTAQUE"],"inLanguage":"pt-BR","potentialAction":[{"@type":"CommentAction","name":"Comment","target":["https:\/\/cleitonpinheiro.com.br\/site\/novas-regras-de-tramitacao-de-mps-entram-em-vigor-apos-recesso\/#respond"]}]},{"@type":"WebPage","@id":"https:\/\/cleitonpinheiro.com.br\/site\/novas-regras-de-tramitacao-de-mps-entram-em-vigor-apos-recesso\/","url":"https:\/\/cleitonpinheiro.com.br\/site\/novas-regras-de-tramitacao-de-mps-entram-em-vigor-apos-recesso\/","name":"Novas regras de tramita\u00e7\u00e3o de MPs entram em vigor ap\u00f3s recesso - PORTAL DE NOT\u00cdCIAS CLEITON PINHEIRO","isPartOf":{"@id":"https:\/\/cleitonpinheiro.com.br\/site\/#website"},"primaryImageOfPage":{"@id":"https:\/\/cleitonpinheiro.com.br\/site\/novas-regras-de-tramitacao-de-mps-entram-em-vigor-apos-recesso\/#primaryimage"},"image":{"@id":"https:\/\/cleitonpinheiro.com.br\/site\/novas-regras-de-tramitacao-de-mps-entram-em-vigor-apos-recesso\/#primaryimage"},"thumbnailUrl":"","datePublished":"2019-07-29T11:18:32+00:00","breadcrumb":{"@id":"https:\/\/cleitonpinheiro.com.br\/site\/novas-regras-de-tramitacao-de-mps-entram-em-vigor-apos-recesso\/#breadcrumb"},"inLanguage":"pt-BR","potentialAction":[{"@type":"ReadAction","target":["https:\/\/cleitonpinheiro.com.br\/site\/novas-regras-de-tramitacao-de-mps-entram-em-vigor-apos-recesso\/"]}]},{"@type":"ImageObject","inLanguage":"pt-BR","@id":"https:\/\/cleitonpinheiro.com.br\/site\/novas-regras-de-tramitacao-de-mps-entram-em-vigor-apos-recesso\/#primaryimage","url":"","contentUrl":""},{"@type":"BreadcrumbList","@id":"https:\/\/cleitonpinheiro.com.br\/site\/novas-regras-de-tramitacao-de-mps-entram-em-vigor-apos-recesso\/#breadcrumb","itemListElement":[{"@type":"ListItem","position":1,"name":"In\u00edcio","item":"https:\/\/cleitonpinheiro.com.br\/site\/"},{"@type":"ListItem","position":2,"name":"Novas regras de tramita\u00e7\u00e3o de MPs entram em vigor ap\u00f3s recesso"}]},{"@type":"WebSite","@id":"https:\/\/cleitonpinheiro.com.br\/site\/#website","url":"https:\/\/cleitonpinheiro.com.br\/site\/","name":"PORTAL DE NOT\u00cdCIAS CLEITON PINHEIRO","description":"FALANDO A VERDADE","publisher":{"@id":"https:\/\/cleitonpinheiro.com.br\/site\/#organization"},"potentialAction":[{"@type":"SearchAction","target":{"@type":"EntryPoint","urlTemplate":"https:\/\/cleitonpinheiro.com.br\/site\/?s={search_term_string}"},"query-input":{"@type":"PropertyValueSpecification","valueRequired":true,"valueName":"search_term_string"}}],"inLanguage":"pt-BR"},{"@type":"Organization","@id":"https:\/\/cleitonpinheiro.com.br\/site\/#organization","name":"CPNOT\u00cdCIAS","url":"https:\/\/cleitonpinheiro.com.br\/site\/","logo":{"@type":"ImageObject","inLanguage":"pt-BR","@id":"https:\/\/cleitonpinheiro.com.br\/site\/#\/schema\/logo\/image\/","url":"https:\/\/cleitonpinheiro.com.br\/site\/wp-content\/uploads\/2022\/08\/Logo-pequena-2.png","contentUrl":"https:\/\/cleitonpinheiro.com.br\/site\/wp-content\/uploads\/2022\/08\/Logo-pequena-2.png","width":500,"height":500,"caption":"CPNOT\u00cdCIAS"},"image":{"@id":"https:\/\/cleitonpinheiro.com.br\/site\/#\/schema\/logo\/image\/"},"sameAs":["https:\/\/www.facebook.com\/portalcpnoticias\/"]},{"@type":"Person","@id":"https:\/\/cleitonpinheiro.com.br\/site\/#\/schema\/person\/aac6d7f311e80c43042e98a900b03cd8","name":"Dermival Pereira","image":{"@type":"ImageObject","inLanguage":"pt-BR","@id":"https:\/\/cleitonpinheiro.com.br\/site\/#\/schema\/person\/image\/","url":"https:\/\/secure.gravatar.com\/avatar\/cfaebf3742d6bf8db728bcba3eed6bee37b02337a2e6c822994f20ca72a3784d?s=96&r=g","contentUrl":"https:\/\/secure.gravatar.com\/avatar\/cfaebf3742d6bf8db728bcba3eed6bee37b02337a2e6c822994f20ca72a3784d?s=96&r=g","caption":"Dermival Pereira"},"url":"https:\/\/cleitonpinheiro.com.br\/site\/author\/dermival\/"}]}},"views":179,"_links":{"self":[{"href":"https:\/\/cleitonpinheiro.com.br\/site\/wp-json\/wp\/v2\/posts\/15080","targetHints":{"allow":["GET"]}}],"collection":[{"href":"https:\/\/cleitonpinheiro.com.br\/site\/wp-json\/wp\/v2\/posts"}],"about":[{"href":"https:\/\/cleitonpinheiro.com.br\/site\/wp-json\/wp\/v2\/types\/post"}],"author":[{"embeddable":true,"href":"https:\/\/cleitonpinheiro.com.br\/site\/wp-json\/wp\/v2\/users\/4"}],"replies":[{"embeddable":true,"href":"https:\/\/cleitonpinheiro.com.br\/site\/wp-json\/wp\/v2\/comments?post=15080"}],"version-history":[{"count":0,"href":"https:\/\/cleitonpinheiro.com.br\/site\/wp-json\/wp\/v2\/posts\/15080\/revisions"}],"wp:featuredmedia":[{"embeddable":true,"href":"https:\/\/cleitonpinheiro.com.br\/site\/wp-json\/"}],"wp:attachment":[{"href":"https:\/\/cleitonpinheiro.com.br\/site\/wp-json\/wp\/v2\/media?parent=15080"}],"wp:term":[{"taxonomy":"category","embeddable":true,"href":"https:\/\/cleitonpinheiro.com.br\/site\/wp-json\/wp\/v2\/categories?post=15080"},{"taxonomy":"post_tag","embeddable":true,"href":"https:\/\/cleitonpinheiro.com.br\/site\/wp-json\/wp\/v2\/tags?post=15080"}],"curies":[{"name":"wp","href":"https:\/\/api.w.org\/{rel}","templated":true}]}}