{"id":15121,"date":"2019-07-29T14:54:09","date_gmt":"2019-07-29T17:54:09","guid":{"rendered":"https:\/\/cleitonpinheiro.com.br\/portal\/?p=15121"},"modified":"2019-07-29T14:54:09","modified_gmt":"2019-07-29T17:54:09","slug":"rebeliao-deixa-52-presos-mortos-em-presidio-de-altamira-no-estado-do-pa","status":"publish","type":"post","link":"https:\/\/cleitonpinheiro.com.br\/site\/rebeliao-deixa-52-presos-mortos-em-presidio-de-altamira-no-estado-do-pa\/","title":{"rendered":"Rebeli\u00e3o deixa 57 presos mortos em pres\u00eddio de Altamira no Estado do PA"},"content":{"rendered":"\n<p><strong>Da Reda\u00e7\u00e3o do CP Not\u00edcias<br \/> <\/strong><br \/> Ao menos 57 detentos morreram na manh\u00e3 deste s\u00e1bado, 29, no Centro de Recupera\u00e7\u00e3o Regional de Altamira, no sudoeste do Par\u00e1, durante uma rebeli\u00e3o. As informa\u00e7\u00f5es sobre o massacre foram publicadas pelo G1, o Portal de Not\u00edcias da Globo, junto a Superintend\u00eancia do Sistema Penitenci\u00e1rio do Par\u00e1 (Susipe). Do total de mortos, segundo a publica\u00e7\u00e3o, 16 deles foram decapitados e o restante asfixiado.<br \/> <br \/> <\/p>\n\n\n<figure class=\"wp-block-image\"><img decoding=\"async\" src=\"https:\/\/cleitonpinheiro.com.br\/portal\/wp-content\/uploads\/2019\/07\/Presoseditadooo.jpg\" alt=\"\" class=\"wp-image-15122\"\/><figcaption>Foto: Uol reprodu\u00e7\u00e3o <\/figcaption><\/figure>\n\n\n<p>Segundo o\nG1, uma briga entre organiza\u00e7\u00f5es criminosas provocou a rebeli\u00e3o e Segundo a\nSusipe, internos do bloco A, onde est\u00e3o custodiados presos de uma organiza\u00e7\u00e3o\ncriminal, invadiram o anexo onde est\u00e3o internos de um grupo rival. Os grupos\nainda n\u00e3o foram identificados pela Susipe.<\/p>\n\n\n<p>Posteriormente,\na sala foi trancada e os presos atearam fogo no local. A fuma\u00e7a invadiu o anexo\ne alguns detentos morreram por asfixia, de acordo com a Susipe. A a\u00e7\u00e3o come\u00e7ou\n\u00e0s 7h e terminou por volta das 12h. A unidade prisional tem capacidade para 200\ndetentos, mas era ocupado por 311 presos.<\/p>\n\n\n<p>Esse \u00e9 o segundo maior massacre em pres\u00eddios de 2019. Em maio, 55 presos foram mortos sob cust\u00f3dia do estado no Amazonas.<br \/><br \/><em>Mat\u00e9ria atualizada no dia 30\/07\/2019, \u00e0s 08h04.<\/em><\/p>\n","protected":false},"excerpt":{"rendered":"<p>Da Reda\u00e7\u00e3o do CP Not\u00edcias Ao menos 57 detentos morreram na manh\u00e3 deste s\u00e1bado, 29, no Centro de Recupera\u00e7\u00e3o Regional de Altamira, no sudoeste do Par\u00e1, durante uma rebeli\u00e3o. As informa\u00e7\u00f5es sobre o massacre foram publicadas pelo G1, o Portal de Not\u00edcias da Globo, junto a Superintend\u00eancia do Sistema Penitenci\u00e1rio do Par\u00e1 (Susipe). Do total [&hellip;]<\/p>\n","protected":false},"author":4,"featured_media":15123,"comment_status":"open","ping_status":"open","sticky":false,"template":"","format":"standard","meta":{"_acf_changed":false,"footnotes":""},"categories":[19,24,20],"tags":[],"class_list":["post-15121","post","type-post","status-publish","format-standard","has-post-thumbnail","hentry","category-brasil-mundo","category-colunas","category-noticias-em-destaque"],"acf":[],"yoast_head":"<!-- This site is optimized with the Yoast SEO plugin v24.4 - https:\/\/yoast.com\/wordpress\/plugins\/seo\/ -->\n<title>Rebeli\u00e3o deixa 57 presos mortos em pres\u00eddio de Altamira no Estado do PA - PORTAL DE NOT\u00cdCIAS CLEITON PINHEIRO<\/title>\n<meta name=\"robots\" content=\"index, follow, max-snippet:-1, max-image-preview:large, max-video-preview:-1\" \/>\n<link rel=\"canonical\" href=\"https:\/\/cleitonpinheiro.com.br\/site\/rebeliao-deixa-52-presos-mortos-em-presidio-de-altamira-no-estado-do-pa\/\" \/>\n<meta property=\"og:locale\" content=\"pt_BR\" \/>\n<meta property=\"og:type\" content=\"article\" \/>\n<meta property=\"og:title\" content=\"Rebeli\u00e3o deixa 57 presos mortos em pres\u00eddio de Altamira no Estado do PA - PORTAL DE NOT\u00cdCIAS CLEITON PINHEIRO\" \/>\n<meta property=\"og:description\" content=\"Da Reda\u00e7\u00e3o do CP Not\u00edcias Ao menos 57 detentos morreram na manh\u00e3 deste s\u00e1bado, 29, no Centro de Recupera\u00e7\u00e3o Regional de Altamira, no sudoeste do Par\u00e1, durante uma rebeli\u00e3o. As informa\u00e7\u00f5es sobre o massacre foram publicadas pelo G1, o Portal de Not\u00edcias da Globo, junto a Superintend\u00eancia do Sistema Penitenci\u00e1rio do Par\u00e1 (Susipe). Do total [&hellip;]\" \/>\n<meta property=\"og:url\" content=\"https:\/\/cleitonpinheiro.com.br\/site\/rebeliao-deixa-52-presos-mortos-em-presidio-de-altamira-no-estado-do-pa\/\" \/>\n<meta property=\"og:site_name\" content=\"PORTAL DE NOT\u00cdCIAS CLEITON PINHEIRO\" \/>\n<meta property=\"article:publisher\" content=\"https:\/\/www.facebook.com\/portalcpnoticias\/\" \/>\n<meta property=\"article:published_time\" content=\"2019-07-29T17:54:09+00:00\" \/>\n<meta name=\"author\" content=\"Dermival Pereira\" \/>\n<meta name=\"twitter:card\" content=\"summary_large_image\" \/>\n<meta name=\"twitter:label1\" content=\"Escrito por\" \/>\n\t<meta name=\"twitter:data1\" content=\"Dermival Pereira\" \/>\n\t<meta name=\"twitter:label2\" content=\"Est. tempo de leitura\" \/>\n\t<meta name=\"twitter:data2\" content=\"1 minuto\" \/>\n<script type=\"application\/ld+json\" class=\"yoast-schema-graph\">{\"@context\":\"https:\/\/schema.org\",\"@graph\":[{\"@type\":\"Article\",\"@id\":\"https:\/\/cleitonpinheiro.com.br\/site\/rebeliao-deixa-52-presos-mortos-em-presidio-de-altamira-no-estado-do-pa\/#article\",\"isPartOf\":{\"@id\":\"https:\/\/cleitonpinheiro.com.br\/site\/rebeliao-deixa-52-presos-mortos-em-presidio-de-altamira-no-estado-do-pa\/\"},\"author\":{\"name\":\"Dermival Pereira\",\"@id\":\"https:\/\/cleitonpinheiro.com.br\/site\/#\/schema\/person\/aac6d7f311e80c43042e98a900b03cd8\"},\"headline\":\"Rebeli\u00e3o deixa 57 presos mortos em pres\u00eddio de Altamira no Estado do PA\",\"datePublished\":\"2019-07-29T17:54:09+00:00\",\"mainEntityOfPage\":{\"@id\":\"https:\/\/cleitonpinheiro.com.br\/site\/rebeliao-deixa-52-presos-mortos-em-presidio-de-altamira-no-estado-do-pa\/\"},\"wordCount\":226,\"commentCount\":0,\"publisher\":{\"@id\":\"https:\/\/cleitonpinheiro.com.br\/site\/#organization\"},\"image\":{\"@id\":\"https:\/\/cleitonpinheiro.com.br\/site\/rebeliao-deixa-52-presos-mortos-em-presidio-de-altamira-no-estado-do-pa\/#primaryimage\"},\"thumbnailUrl\":\"\",\"articleSection\":[\"BRASIL \/ MUNDO\",\"COLUNAS\",\"NOT\u00cdCIAS EM DESTAQUE\"],\"inLanguage\":\"pt-BR\",\"potentialAction\":[{\"@type\":\"CommentAction\",\"name\":\"Comment\",\"target\":[\"https:\/\/cleitonpinheiro.com.br\/site\/rebeliao-deixa-52-presos-mortos-em-presidio-de-altamira-no-estado-do-pa\/#respond\"]}]},{\"@type\":\"WebPage\",\"@id\":\"https:\/\/cleitonpinheiro.com.br\/site\/rebeliao-deixa-52-presos-mortos-em-presidio-de-altamira-no-estado-do-pa\/\",\"url\":\"https:\/\/cleitonpinheiro.com.br\/site\/rebeliao-deixa-52-presos-mortos-em-presidio-de-altamira-no-estado-do-pa\/\",\"name\":\"Rebeli\u00e3o deixa 57 presos mortos em pres\u00eddio de Altamira no Estado do PA - PORTAL DE NOT\u00cdCIAS CLEITON PINHEIRO\",\"isPartOf\":{\"@id\":\"https:\/\/cleitonpinheiro.com.br\/site\/#website\"},\"primaryImageOfPage\":{\"@id\":\"https:\/\/cleitonpinheiro.com.br\/site\/rebeliao-deixa-52-presos-mortos-em-presidio-de-altamira-no-estado-do-pa\/#primaryimage\"},\"image\":{\"@id\":\"https:\/\/cleitonpinheiro.com.br\/site\/rebeliao-deixa-52-presos-mortos-em-presidio-de-altamira-no-estado-do-pa\/#primaryimage\"},\"thumbnailUrl\":\"\",\"datePublished\":\"2019-07-29T17:54:09+00:00\",\"breadcrumb\":{\"@id\":\"https:\/\/cleitonpinheiro.com.br\/site\/rebeliao-deixa-52-presos-mortos-em-presidio-de-altamira-no-estado-do-pa\/#breadcrumb\"},\"inLanguage\":\"pt-BR\",\"potentialAction\":[{\"@type\":\"ReadAction\",\"target\":[\"https:\/\/cleitonpinheiro.com.br\/site\/rebeliao-deixa-52-presos-mortos-em-presidio-de-altamira-no-estado-do-pa\/\"]}]},{\"@type\":\"ImageObject\",\"inLanguage\":\"pt-BR\",\"@id\":\"https:\/\/cleitonpinheiro.com.br\/site\/rebeliao-deixa-52-presos-mortos-em-presidio-de-altamira-no-estado-do-pa\/#primaryimage\",\"url\":\"\",\"contentUrl\":\"\"},{\"@type\":\"BreadcrumbList\",\"@id\":\"https:\/\/cleitonpinheiro.com.br\/site\/rebeliao-deixa-52-presos-mortos-em-presidio-de-altamira-no-estado-do-pa\/#breadcrumb\",\"itemListElement\":[{\"@type\":\"ListItem\",\"position\":1,\"name\":\"In\u00edcio\",\"item\":\"https:\/\/cleitonpinheiro.com.br\/site\/\"},{\"@type\":\"ListItem\",\"position\":2,\"name\":\"Rebeli\u00e3o deixa 57 presos mortos em pres\u00eddio de Altamira no Estado do PA\"}]},{\"@type\":\"WebSite\",\"@id\":\"https:\/\/cleitonpinheiro.com.br\/site\/#website\",\"url\":\"https:\/\/cleitonpinheiro.com.br\/site\/\",\"name\":\"PORTAL DE NOT\u00cdCIAS CLEITON PINHEIRO\",\"description\":\"FALANDO A VERDADE\",\"publisher\":{\"@id\":\"https:\/\/cleitonpinheiro.com.br\/site\/#organization\"},\"potentialAction\":[{\"@type\":\"SearchAction\",\"target\":{\"@type\":\"EntryPoint\",\"urlTemplate\":\"https:\/\/cleitonpinheiro.com.br\/site\/?s={search_term_string}\"},\"query-input\":{\"@type\":\"PropertyValueSpecification\",\"valueRequired\":true,\"valueName\":\"search_term_string\"}}],\"inLanguage\":\"pt-BR\"},{\"@type\":\"Organization\",\"@id\":\"https:\/\/cleitonpinheiro.com.br\/site\/#organization\",\"name\":\"CPNOT\u00cdCIAS\",\"url\":\"https:\/\/cleitonpinheiro.com.br\/site\/\",\"logo\":{\"@type\":\"ImageObject\",\"inLanguage\":\"pt-BR\",\"@id\":\"https:\/\/cleitonpinheiro.com.br\/site\/#\/schema\/logo\/image\/\",\"url\":\"https:\/\/cleitonpinheiro.com.br\/site\/wp-content\/uploads\/2022\/08\/Logo-pequena-2.png\",\"contentUrl\":\"https:\/\/cleitonpinheiro.com.br\/site\/wp-content\/uploads\/2022\/08\/Logo-pequena-2.png\",\"width\":500,\"height\":500,\"caption\":\"CPNOT\u00cdCIAS\"},\"image\":{\"@id\":\"https:\/\/cleitonpinheiro.com.br\/site\/#\/schema\/logo\/image\/\"},\"sameAs\":[\"https:\/\/www.facebook.com\/portalcpnoticias\/\"]},{\"@type\":\"Person\",\"@id\":\"https:\/\/cleitonpinheiro.com.br\/site\/#\/schema\/person\/aac6d7f311e80c43042e98a900b03cd8\",\"name\":\"Dermival Pereira\",\"image\":{\"@type\":\"ImageObject\",\"inLanguage\":\"pt-BR\",\"@id\":\"https:\/\/cleitonpinheiro.com.br\/site\/#\/schema\/person\/image\/\",\"url\":\"https:\/\/secure.gravatar.com\/avatar\/cfaebf3742d6bf8db728bcba3eed6bee37b02337a2e6c822994f20ca72a3784d?s=96&r=g\",\"contentUrl\":\"https:\/\/secure.gravatar.com\/avatar\/cfaebf3742d6bf8db728bcba3eed6bee37b02337a2e6c822994f20ca72a3784d?s=96&r=g\",\"caption\":\"Dermival Pereira\"},\"url\":\"https:\/\/cleitonpinheiro.com.br\/site\/author\/dermival\/\"}]}<\/script>\n<!-- \/ Yoast SEO plugin. -->","yoast_head_json":{"title":"Rebeli\u00e3o deixa 57 presos mortos em pres\u00eddio de Altamira no Estado do PA - PORTAL DE NOT\u00cdCIAS CLEITON PINHEIRO","robots":{"index":"index","follow":"follow","max-snippet":"max-snippet:-1","max-image-preview":"max-image-preview:large","max-video-preview":"max-video-preview:-1"},"canonical":"https:\/\/cleitonpinheiro.com.br\/site\/rebeliao-deixa-52-presos-mortos-em-presidio-de-altamira-no-estado-do-pa\/","og_locale":"pt_BR","og_type":"article","og_title":"Rebeli\u00e3o deixa 57 presos mortos em pres\u00eddio de Altamira no Estado do PA - PORTAL DE NOT\u00cdCIAS CLEITON PINHEIRO","og_description":"Da Reda\u00e7\u00e3o do CP Not\u00edcias Ao menos 57 detentos morreram na manh\u00e3 deste s\u00e1bado, 29, no Centro de Recupera\u00e7\u00e3o Regional de Altamira, no sudoeste do Par\u00e1, durante uma rebeli\u00e3o. As informa\u00e7\u00f5es sobre o massacre foram publicadas pelo G1, o Portal de Not\u00edcias da Globo, junto a Superintend\u00eancia do Sistema Penitenci\u00e1rio do Par\u00e1 (Susipe). Do total [&hellip;]","og_url":"https:\/\/cleitonpinheiro.com.br\/site\/rebeliao-deixa-52-presos-mortos-em-presidio-de-altamira-no-estado-do-pa\/","og_site_name":"PORTAL DE NOT\u00cdCIAS CLEITON PINHEIRO","article_publisher":"https:\/\/www.facebook.com\/portalcpnoticias\/","article_published_time":"2019-07-29T17:54:09+00:00","author":"Dermival Pereira","twitter_card":"summary_large_image","twitter_misc":{"Escrito por":"Dermival Pereira","Est. tempo de leitura":"1 minuto"},"schema":{"@context":"https:\/\/schema.org","@graph":[{"@type":"Article","@id":"https:\/\/cleitonpinheiro.com.br\/site\/rebeliao-deixa-52-presos-mortos-em-presidio-de-altamira-no-estado-do-pa\/#article","isPartOf":{"@id":"https:\/\/cleitonpinheiro.com.br\/site\/rebeliao-deixa-52-presos-mortos-em-presidio-de-altamira-no-estado-do-pa\/"},"author":{"name":"Dermival Pereira","@id":"https:\/\/cleitonpinheiro.com.br\/site\/#\/schema\/person\/aac6d7f311e80c43042e98a900b03cd8"},"headline":"Rebeli\u00e3o deixa 57 presos mortos em pres\u00eddio de Altamira no Estado do PA","datePublished":"2019-07-29T17:54:09+00:00","mainEntityOfPage":{"@id":"https:\/\/cleitonpinheiro.com.br\/site\/rebeliao-deixa-52-presos-mortos-em-presidio-de-altamira-no-estado-do-pa\/"},"wordCount":226,"commentCount":0,"publisher":{"@id":"https:\/\/cleitonpinheiro.com.br\/site\/#organization"},"image":{"@id":"https:\/\/cleitonpinheiro.com.br\/site\/rebeliao-deixa-52-presos-mortos-em-presidio-de-altamira-no-estado-do-pa\/#primaryimage"},"thumbnailUrl":"","articleSection":["BRASIL \/ MUNDO","COLUNAS","NOT\u00cdCIAS EM DESTAQUE"],"inLanguage":"pt-BR","potentialAction":[{"@type":"CommentAction","name":"Comment","target":["https:\/\/cleitonpinheiro.com.br\/site\/rebeliao-deixa-52-presos-mortos-em-presidio-de-altamira-no-estado-do-pa\/#respond"]}]},{"@type":"WebPage","@id":"https:\/\/cleitonpinheiro.com.br\/site\/rebeliao-deixa-52-presos-mortos-em-presidio-de-altamira-no-estado-do-pa\/","url":"https:\/\/cleitonpinheiro.com.br\/site\/rebeliao-deixa-52-presos-mortos-em-presidio-de-altamira-no-estado-do-pa\/","name":"Rebeli\u00e3o deixa 57 presos mortos em pres\u00eddio de Altamira no Estado do PA - PORTAL DE NOT\u00cdCIAS CLEITON PINHEIRO","isPartOf":{"@id":"https:\/\/cleitonpinheiro.com.br\/site\/#website"},"primaryImageOfPage":{"@id":"https:\/\/cleitonpinheiro.com.br\/site\/rebeliao-deixa-52-presos-mortos-em-presidio-de-altamira-no-estado-do-pa\/#primaryimage"},"image":{"@id":"https:\/\/cleitonpinheiro.com.br\/site\/rebeliao-deixa-52-presos-mortos-em-presidio-de-altamira-no-estado-do-pa\/#primaryimage"},"thumbnailUrl":"","datePublished":"2019-07-29T17:54:09+00:00","breadcrumb":{"@id":"https:\/\/cleitonpinheiro.com.br\/site\/rebeliao-deixa-52-presos-mortos-em-presidio-de-altamira-no-estado-do-pa\/#breadcrumb"},"inLanguage":"pt-BR","potentialAction":[{"@type":"ReadAction","target":["https:\/\/cleitonpinheiro.com.br\/site\/rebeliao-deixa-52-presos-mortos-em-presidio-de-altamira-no-estado-do-pa\/"]}]},{"@type":"ImageObject","inLanguage":"pt-BR","@id":"https:\/\/cleitonpinheiro.com.br\/site\/rebeliao-deixa-52-presos-mortos-em-presidio-de-altamira-no-estado-do-pa\/#primaryimage","url":"","contentUrl":""},{"@type":"BreadcrumbList","@id":"https:\/\/cleitonpinheiro.com.br\/site\/rebeliao-deixa-52-presos-mortos-em-presidio-de-altamira-no-estado-do-pa\/#breadcrumb","itemListElement":[{"@type":"ListItem","position":1,"name":"In\u00edcio","item":"https:\/\/cleitonpinheiro.com.br\/site\/"},{"@type":"ListItem","position":2,"name":"Rebeli\u00e3o deixa 57 presos mortos em pres\u00eddio de Altamira no Estado do PA"}]},{"@type":"WebSite","@id":"https:\/\/cleitonpinheiro.com.br\/site\/#website","url":"https:\/\/cleitonpinheiro.com.br\/site\/","name":"PORTAL DE NOT\u00cdCIAS CLEITON PINHEIRO","description":"FALANDO A VERDADE","publisher":{"@id":"https:\/\/cleitonpinheiro.com.br\/site\/#organization"},"potentialAction":[{"@type":"SearchAction","target":{"@type":"EntryPoint","urlTemplate":"https:\/\/cleitonpinheiro.com.br\/site\/?s={search_term_string}"},"query-input":{"@type":"PropertyValueSpecification","valueRequired":true,"valueName":"search_term_string"}}],"inLanguage":"pt-BR"},{"@type":"Organization","@id":"https:\/\/cleitonpinheiro.com.br\/site\/#organization","name":"CPNOT\u00cdCIAS","url":"https:\/\/cleitonpinheiro.com.br\/site\/","logo":{"@type":"ImageObject","inLanguage":"pt-BR","@id":"https:\/\/cleitonpinheiro.com.br\/site\/#\/schema\/logo\/image\/","url":"https:\/\/cleitonpinheiro.com.br\/site\/wp-content\/uploads\/2022\/08\/Logo-pequena-2.png","contentUrl":"https:\/\/cleitonpinheiro.com.br\/site\/wp-content\/uploads\/2022\/08\/Logo-pequena-2.png","width":500,"height":500,"caption":"CPNOT\u00cdCIAS"},"image":{"@id":"https:\/\/cleitonpinheiro.com.br\/site\/#\/schema\/logo\/image\/"},"sameAs":["https:\/\/www.facebook.com\/portalcpnoticias\/"]},{"@type":"Person","@id":"https:\/\/cleitonpinheiro.com.br\/site\/#\/schema\/person\/aac6d7f311e80c43042e98a900b03cd8","name":"Dermival Pereira","image":{"@type":"ImageObject","inLanguage":"pt-BR","@id":"https:\/\/cleitonpinheiro.com.br\/site\/#\/schema\/person\/image\/","url":"https:\/\/secure.gravatar.com\/avatar\/cfaebf3742d6bf8db728bcba3eed6bee37b02337a2e6c822994f20ca72a3784d?s=96&r=g","contentUrl":"https:\/\/secure.gravatar.com\/avatar\/cfaebf3742d6bf8db728bcba3eed6bee37b02337a2e6c822994f20ca72a3784d?s=96&r=g","caption":"Dermival Pereira"},"url":"https:\/\/cleitonpinheiro.com.br\/site\/author\/dermival\/"}]}},"views":188,"_links":{"self":[{"href":"https:\/\/cleitonpinheiro.com.br\/site\/wp-json\/wp\/v2\/posts\/15121","targetHints":{"allow":["GET"]}}],"collection":[{"href":"https:\/\/cleitonpinheiro.com.br\/site\/wp-json\/wp\/v2\/posts"}],"about":[{"href":"https:\/\/cleitonpinheiro.com.br\/site\/wp-json\/wp\/v2\/types\/post"}],"author":[{"embeddable":true,"href":"https:\/\/cleitonpinheiro.com.br\/site\/wp-json\/wp\/v2\/users\/4"}],"replies":[{"embeddable":true,"href":"https:\/\/cleitonpinheiro.com.br\/site\/wp-json\/wp\/v2\/comments?post=15121"}],"version-history":[{"count":0,"href":"https:\/\/cleitonpinheiro.com.br\/site\/wp-json\/wp\/v2\/posts\/15121\/revisions"}],"wp:featuredmedia":[{"embeddable":true,"href":"https:\/\/cleitonpinheiro.com.br\/site\/wp-json\/"}],"wp:attachment":[{"href":"https:\/\/cleitonpinheiro.com.br\/site\/wp-json\/wp\/v2\/media?parent=15121"}],"wp:term":[{"taxonomy":"category","embeddable":true,"href":"https:\/\/cleitonpinheiro.com.br\/site\/wp-json\/wp\/v2\/categories?post=15121"},{"taxonomy":"post_tag","embeddable":true,"href":"https:\/\/cleitonpinheiro.com.br\/site\/wp-json\/wp\/v2\/tags?post=15121"}],"curies":[{"name":"wp","href":"https:\/\/api.w.org\/{rel}","templated":true}]}}