{"id":19,"date":"2022-05-09T13:18:33","date_gmt":"2022-05-09T16:18:33","guid":{"rendered":"https:\/\/cleitonpinheiro.com.br\/site\/?p=19"},"modified":"2022-05-18T12:25:35","modified_gmt":"2022-05-18T15:25:35","slug":"por-que-ucrania-nao-confirma-ou-nega-participacao-em-aparentes-ataques-na-russia-v","status":"publish","type":"post","link":"https:\/\/cleitonpinheiro.com.br\/site\/por-que-ucrania-nao-confirma-ou-nega-participacao-em-aparentes-ataques-na-russia-v\/","title":{"rendered":"Por que Ucr\u00e2nia n\u00e3o  confirma ou nega participa\u00e7\u00e3o em aparentes ataques na R\u00fassia &#8230; &#8211; V"},"content":{"rendered":"\n<p>Por volta das 5h50 de 1\u00ba de abril, um dep\u00f3sito de combust\u00edvel pegou fogo na cidade russa de Belgorod, localizada a menos de 50 quil\u00f4metros da fronteira com a Ucr\u00e2nia. Um v\u00eddeo que circulou nas redes sociais, que foi checado pela BBC, mostrou o que pareciam ser m\u00edsseis caindo sobre a instala\u00e7\u00e3o quando dois helic\u00f3pteros passaram, desencadeando uma s\u00e9rie de explos\u00f5es que terminou em uma enorme bola de fogo&#8230;. <\/p>\n\n\n\n<p>Alguns meios de comunica\u00e7\u00e3o noticiaram, com base em imagens de outros v\u00eddeos, que dois helic\u00f3pteros que pareciam ser Mi-8 sobrevoaram outras cidades pr\u00f3ximas horas ap\u00f3s as explos\u00f5es. O governador regional de Belgorod, Vyacheslav Gladkov, acusou a Ucr\u00e2nia de lan\u00e7ar um ataque \u00e0 instala\u00e7\u00e3o e, logo depois, o porta-voz do Minist\u00e9rio da Defesa russo disse que dois helic\u00f3pteros ucranianos Mi-24 entraram no espa\u00e7o a\u00e9reo russo a uma altitude extremamente baixa e &#8220;lan\u00e7aram um ataque de m\u00edssil contra um dep\u00f3sito de combust\u00edvel do tipo civil&#8221; nos arredores de Belgorod. <\/p>\n","protected":false},"excerpt":{"rendered":"<p>Por volta das 5h50 de 1\u00ba de abril, um dep\u00f3sito de combust\u00edvel pegou fogo na cidade russa de Belgorod, localizada a menos de 50 quil\u00f4metros da fronteira com a Ucr\u00e2nia. Um v\u00eddeo que circulou nas redes sociais, que foi checado pela BBC, mostrou o que pareciam ser m\u00edsseis caindo sobre a instala\u00e7\u00e3o quando dois helic\u00f3pteros [&hellip;]<\/p>\n","protected":false},"author":9,"featured_media":0,"comment_status":"open","ping_status":"open","sticky":false,"template":"","format":"standard","meta":{"_acf_changed":false,"footnotes":""},"categories":[1],"tags":[],"class_list":["post-19","post","type-post","status-publish","format-standard","hentry","category-esporte"],"acf":[],"yoast_head":"<!-- This site is optimized with the Yoast SEO plugin v24.4 - https:\/\/yoast.com\/wordpress\/plugins\/seo\/ -->\n<title>Por que Ucr\u00e2nia n\u00e3o confirma ou nega participa\u00e7\u00e3o em aparentes ataques na R\u00fassia ... - V - PORTAL DE NOT\u00cdCIAS CLEITON PINHEIRO<\/title>\n<meta name=\"robots\" content=\"index, follow, max-snippet:-1, max-image-preview:large, max-video-preview:-1\" \/>\n<link rel=\"canonical\" href=\"https:\/\/cleitonpinheiro.com.br\/site\/por-que-ucrania-nao-confirma-ou-nega-participacao-em-aparentes-ataques-na-russia-v\/\" \/>\n<meta property=\"og:locale\" content=\"pt_BR\" \/>\n<meta property=\"og:type\" content=\"article\" \/>\n<meta property=\"og:title\" content=\"Por que Ucr\u00e2nia n\u00e3o confirma ou nega participa\u00e7\u00e3o em aparentes ataques na R\u00fassia ... - V - PORTAL DE NOT\u00cdCIAS CLEITON PINHEIRO\" \/>\n<meta property=\"og:description\" content=\"Por volta das 5h50 de 1\u00ba de abril, um dep\u00f3sito de combust\u00edvel pegou fogo na cidade russa de Belgorod, localizada a menos de 50 quil\u00f4metros da fronteira com a Ucr\u00e2nia. Um v\u00eddeo que circulou nas redes sociais, que foi checado pela BBC, mostrou o que pareciam ser m\u00edsseis caindo sobre a instala\u00e7\u00e3o quando dois helic\u00f3pteros [&hellip;]\" \/>\n<meta property=\"og:url\" content=\"https:\/\/cleitonpinheiro.com.br\/site\/por-que-ucrania-nao-confirma-ou-nega-participacao-em-aparentes-ataques-na-russia-v\/\" \/>\n<meta property=\"og:site_name\" content=\"PORTAL DE NOT\u00cdCIAS CLEITON PINHEIRO\" \/>\n<meta property=\"article:publisher\" content=\"https:\/\/www.facebook.com\/portalcpnoticias\/\" \/>\n<meta property=\"article:published_time\" content=\"2022-05-09T16:18:33+00:00\" \/>\n<meta property=\"article:modified_time\" content=\"2022-05-18T15:25:35+00:00\" \/>\n<meta property=\"og:image\" content=\"https:\/\/cleitonpinheiro.com.br\/site\/wp-content\/uploads\/2022\/05\/img-01.png\" \/>\n\t<meta property=\"og:image:width\" content=\"863\" \/>\n\t<meta property=\"og:image:height\" content=\"462\" \/>\n\t<meta property=\"og:image:type\" content=\"image\/png\" \/>\n<meta name=\"author\" content=\"RGF Sistemas\" \/>\n<meta name=\"twitter:card\" content=\"summary_large_image\" \/>\n<meta name=\"twitter:label1\" content=\"Escrito por\" \/>\n\t<meta name=\"twitter:data1\" content=\"RGF Sistemas\" \/>\n\t<meta name=\"twitter:label2\" content=\"Est. tempo de leitura\" \/>\n\t<meta name=\"twitter:data2\" content=\"1 minuto\" \/>\n<script type=\"application\/ld+json\" class=\"yoast-schema-graph\">{\"@context\":\"https:\/\/schema.org\",\"@graph\":[{\"@type\":\"Article\",\"@id\":\"https:\/\/cleitonpinheiro.com.br\/site\/por-que-ucrania-nao-confirma-ou-nega-participacao-em-aparentes-ataques-na-russia-v\/#article\",\"isPartOf\":{\"@id\":\"https:\/\/cleitonpinheiro.com.br\/site\/por-que-ucrania-nao-confirma-ou-nega-participacao-em-aparentes-ataques-na-russia-v\/\"},\"author\":{\"name\":\"RGF Sistemas\",\"@id\":\"https:\/\/cleitonpinheiro.com.br\/site\/#\/schema\/person\/b7621891c193194dd412fdc1ff9b2b41\"},\"headline\":\"Por que Ucr\u00e2nia n\u00e3o confirma ou nega participa\u00e7\u00e3o em aparentes ataques na R\u00fassia &#8230; &#8211; V\",\"datePublished\":\"2022-05-09T16:18:33+00:00\",\"dateModified\":\"2022-05-18T15:25:35+00:00\",\"mainEntityOfPage\":{\"@id\":\"https:\/\/cleitonpinheiro.com.br\/site\/por-que-ucrania-nao-confirma-ou-nega-participacao-em-aparentes-ataques-na-russia-v\/\"},\"wordCount\":199,\"commentCount\":0,\"publisher\":{\"@id\":\"https:\/\/cleitonpinheiro.com.br\/site\/#organization\"},\"articleSection\":[\"ESPORTE\"],\"inLanguage\":\"pt-BR\",\"potentialAction\":[{\"@type\":\"CommentAction\",\"name\":\"Comment\",\"target\":[\"https:\/\/cleitonpinheiro.com.br\/site\/por-que-ucrania-nao-confirma-ou-nega-participacao-em-aparentes-ataques-na-russia-v\/#respond\"]}]},{\"@type\":\"WebPage\",\"@id\":\"https:\/\/cleitonpinheiro.com.br\/site\/por-que-ucrania-nao-confirma-ou-nega-participacao-em-aparentes-ataques-na-russia-v\/\",\"url\":\"https:\/\/cleitonpinheiro.com.br\/site\/por-que-ucrania-nao-confirma-ou-nega-participacao-em-aparentes-ataques-na-russia-v\/\",\"name\":\"Por que Ucr\u00e2nia n\u00e3o confirma ou nega participa\u00e7\u00e3o em aparentes ataques na R\u00fassia ... - V - PORTAL DE NOT\u00cdCIAS CLEITON PINHEIRO\",\"isPartOf\":{\"@id\":\"https:\/\/cleitonpinheiro.com.br\/site\/#website\"},\"datePublished\":\"2022-05-09T16:18:33+00:00\",\"dateModified\":\"2022-05-18T15:25:35+00:00\",\"breadcrumb\":{\"@id\":\"https:\/\/cleitonpinheiro.com.br\/site\/por-que-ucrania-nao-confirma-ou-nega-participacao-em-aparentes-ataques-na-russia-v\/#breadcrumb\"},\"inLanguage\":\"pt-BR\",\"potentialAction\":[{\"@type\":\"ReadAction\",\"target\":[\"https:\/\/cleitonpinheiro.com.br\/site\/por-que-ucrania-nao-confirma-ou-nega-participacao-em-aparentes-ataques-na-russia-v\/\"]}]},{\"@type\":\"BreadcrumbList\",\"@id\":\"https:\/\/cleitonpinheiro.com.br\/site\/por-que-ucrania-nao-confirma-ou-nega-participacao-em-aparentes-ataques-na-russia-v\/#breadcrumb\",\"itemListElement\":[{\"@type\":\"ListItem\",\"position\":1,\"name\":\"In\u00edcio\",\"item\":\"https:\/\/cleitonpinheiro.com.br\/site\/\"},{\"@type\":\"ListItem\",\"position\":2,\"name\":\"Por que Ucr\u00e2nia n\u00e3o confirma ou nega participa\u00e7\u00e3o em aparentes ataques na R\u00fassia &#8230; &#8211; V\"}]},{\"@type\":\"WebSite\",\"@id\":\"https:\/\/cleitonpinheiro.com.br\/site\/#website\",\"url\":\"https:\/\/cleitonpinheiro.com.br\/site\/\",\"name\":\"PORTAL DE NOT\u00cdCIAS CLEITON PINHEIRO\",\"description\":\"FALANDO A VERDADE\",\"publisher\":{\"@id\":\"https:\/\/cleitonpinheiro.com.br\/site\/#organization\"},\"potentialAction\":[{\"@type\":\"SearchAction\",\"target\":{\"@type\":\"EntryPoint\",\"urlTemplate\":\"https:\/\/cleitonpinheiro.com.br\/site\/?s={search_term_string}\"},\"query-input\":{\"@type\":\"PropertyValueSpecification\",\"valueRequired\":true,\"valueName\":\"search_term_string\"}}],\"inLanguage\":\"pt-BR\"},{\"@type\":\"Organization\",\"@id\":\"https:\/\/cleitonpinheiro.com.br\/site\/#organization\",\"name\":\"CPNOT\u00cdCIAS\",\"url\":\"https:\/\/cleitonpinheiro.com.br\/site\/\",\"logo\":{\"@type\":\"ImageObject\",\"inLanguage\":\"pt-BR\",\"@id\":\"https:\/\/cleitonpinheiro.com.br\/site\/#\/schema\/logo\/image\/\",\"url\":\"https:\/\/cleitonpinheiro.com.br\/site\/wp-content\/uploads\/2022\/08\/Logo-pequena-2.png\",\"contentUrl\":\"https:\/\/cleitonpinheiro.com.br\/site\/wp-content\/uploads\/2022\/08\/Logo-pequena-2.png\",\"width\":500,\"height\":500,\"caption\":\"CPNOT\u00cdCIAS\"},\"image\":{\"@id\":\"https:\/\/cleitonpinheiro.com.br\/site\/#\/schema\/logo\/image\/\"},\"sameAs\":[\"https:\/\/www.facebook.com\/portalcpnoticias\/\"]},{\"@type\":\"Person\",\"@id\":\"https:\/\/cleitonpinheiro.com.br\/site\/#\/schema\/person\/b7621891c193194dd412fdc1ff9b2b41\",\"name\":\"RGF Sistemas\",\"image\":{\"@type\":\"ImageObject\",\"inLanguage\":\"pt-BR\",\"@id\":\"https:\/\/cleitonpinheiro.com.br\/site\/#\/schema\/person\/image\/\",\"url\":\"https:\/\/secure.gravatar.com\/avatar\/59e110c11e5eecf4636340abed101b4cddb70ca9f64acab0fe8863bcc0a66b2d?s=96&r=g\",\"contentUrl\":\"https:\/\/secure.gravatar.com\/avatar\/59e110c11e5eecf4636340abed101b4cddb70ca9f64acab0fe8863bcc0a66b2d?s=96&r=g\",\"caption\":\"RGF Sistemas\"},\"url\":\"https:\/\/cleitonpinheiro.com.br\/site\/author\/rgfsite\/\"}]}<\/script>\n<!-- \/ Yoast SEO plugin. -->","yoast_head_json":{"title":"Por que Ucr\u00e2nia n\u00e3o confirma ou nega participa\u00e7\u00e3o em aparentes ataques na R\u00fassia ... - V - PORTAL DE NOT\u00cdCIAS CLEITON PINHEIRO","robots":{"index":"index","follow":"follow","max-snippet":"max-snippet:-1","max-image-preview":"max-image-preview:large","max-video-preview":"max-video-preview:-1"},"canonical":"https:\/\/cleitonpinheiro.com.br\/site\/por-que-ucrania-nao-confirma-ou-nega-participacao-em-aparentes-ataques-na-russia-v\/","og_locale":"pt_BR","og_type":"article","og_title":"Por que Ucr\u00e2nia n\u00e3o confirma ou nega participa\u00e7\u00e3o em aparentes ataques na R\u00fassia ... - V - PORTAL DE NOT\u00cdCIAS CLEITON PINHEIRO","og_description":"Por volta das 5h50 de 1\u00ba de abril, um dep\u00f3sito de combust\u00edvel pegou fogo na cidade russa de Belgorod, localizada a menos de 50 quil\u00f4metros da fronteira com a Ucr\u00e2nia. Um v\u00eddeo que circulou nas redes sociais, que foi checado pela BBC, mostrou o que pareciam ser m\u00edsseis caindo sobre a instala\u00e7\u00e3o quando dois helic\u00f3pteros [&hellip;]","og_url":"https:\/\/cleitonpinheiro.com.br\/site\/por-que-ucrania-nao-confirma-ou-nega-participacao-em-aparentes-ataques-na-russia-v\/","og_site_name":"PORTAL DE NOT\u00cdCIAS CLEITON PINHEIRO","article_publisher":"https:\/\/www.facebook.com\/portalcpnoticias\/","article_published_time":"2022-05-09T16:18:33+00:00","article_modified_time":"2022-05-18T15:25:35+00:00","og_image":[{"width":863,"height":462,"url":"https:\/\/cleitonpinheiro.com.br\/site\/wp-content\/uploads\/2022\/05\/img-01.png","type":"image\/png"}],"author":"RGF Sistemas","twitter_card":"summary_large_image","twitter_misc":{"Escrito por":"RGF Sistemas","Est. tempo de leitura":"1 minuto"},"schema":{"@context":"https:\/\/schema.org","@graph":[{"@type":"Article","@id":"https:\/\/cleitonpinheiro.com.br\/site\/por-que-ucrania-nao-confirma-ou-nega-participacao-em-aparentes-ataques-na-russia-v\/#article","isPartOf":{"@id":"https:\/\/cleitonpinheiro.com.br\/site\/por-que-ucrania-nao-confirma-ou-nega-participacao-em-aparentes-ataques-na-russia-v\/"},"author":{"name":"RGF Sistemas","@id":"https:\/\/cleitonpinheiro.com.br\/site\/#\/schema\/person\/b7621891c193194dd412fdc1ff9b2b41"},"headline":"Por que Ucr\u00e2nia n\u00e3o confirma ou nega participa\u00e7\u00e3o em aparentes ataques na R\u00fassia &#8230; &#8211; V","datePublished":"2022-05-09T16:18:33+00:00","dateModified":"2022-05-18T15:25:35+00:00","mainEntityOfPage":{"@id":"https:\/\/cleitonpinheiro.com.br\/site\/por-que-ucrania-nao-confirma-ou-nega-participacao-em-aparentes-ataques-na-russia-v\/"},"wordCount":199,"commentCount":0,"publisher":{"@id":"https:\/\/cleitonpinheiro.com.br\/site\/#organization"},"articleSection":["ESPORTE"],"inLanguage":"pt-BR","potentialAction":[{"@type":"CommentAction","name":"Comment","target":["https:\/\/cleitonpinheiro.com.br\/site\/por-que-ucrania-nao-confirma-ou-nega-participacao-em-aparentes-ataques-na-russia-v\/#respond"]}]},{"@type":"WebPage","@id":"https:\/\/cleitonpinheiro.com.br\/site\/por-que-ucrania-nao-confirma-ou-nega-participacao-em-aparentes-ataques-na-russia-v\/","url":"https:\/\/cleitonpinheiro.com.br\/site\/por-que-ucrania-nao-confirma-ou-nega-participacao-em-aparentes-ataques-na-russia-v\/","name":"Por que Ucr\u00e2nia n\u00e3o confirma ou nega participa\u00e7\u00e3o em aparentes ataques na R\u00fassia ... - V - PORTAL DE NOT\u00cdCIAS CLEITON PINHEIRO","isPartOf":{"@id":"https:\/\/cleitonpinheiro.com.br\/site\/#website"},"datePublished":"2022-05-09T16:18:33+00:00","dateModified":"2022-05-18T15:25:35+00:00","breadcrumb":{"@id":"https:\/\/cleitonpinheiro.com.br\/site\/por-que-ucrania-nao-confirma-ou-nega-participacao-em-aparentes-ataques-na-russia-v\/#breadcrumb"},"inLanguage":"pt-BR","potentialAction":[{"@type":"ReadAction","target":["https:\/\/cleitonpinheiro.com.br\/site\/por-que-ucrania-nao-confirma-ou-nega-participacao-em-aparentes-ataques-na-russia-v\/"]}]},{"@type":"BreadcrumbList","@id":"https:\/\/cleitonpinheiro.com.br\/site\/por-que-ucrania-nao-confirma-ou-nega-participacao-em-aparentes-ataques-na-russia-v\/#breadcrumb","itemListElement":[{"@type":"ListItem","position":1,"name":"In\u00edcio","item":"https:\/\/cleitonpinheiro.com.br\/site\/"},{"@type":"ListItem","position":2,"name":"Por que Ucr\u00e2nia n\u00e3o confirma ou nega participa\u00e7\u00e3o em aparentes ataques na R\u00fassia &#8230; &#8211; V"}]},{"@type":"WebSite","@id":"https:\/\/cleitonpinheiro.com.br\/site\/#website","url":"https:\/\/cleitonpinheiro.com.br\/site\/","name":"PORTAL DE NOT\u00cdCIAS CLEITON PINHEIRO","description":"FALANDO A VERDADE","publisher":{"@id":"https:\/\/cleitonpinheiro.com.br\/site\/#organization"},"potentialAction":[{"@type":"SearchAction","target":{"@type":"EntryPoint","urlTemplate":"https:\/\/cleitonpinheiro.com.br\/site\/?s={search_term_string}"},"query-input":{"@type":"PropertyValueSpecification","valueRequired":true,"valueName":"search_term_string"}}],"inLanguage":"pt-BR"},{"@type":"Organization","@id":"https:\/\/cleitonpinheiro.com.br\/site\/#organization","name":"CPNOT\u00cdCIAS","url":"https:\/\/cleitonpinheiro.com.br\/site\/","logo":{"@type":"ImageObject","inLanguage":"pt-BR","@id":"https:\/\/cleitonpinheiro.com.br\/site\/#\/schema\/logo\/image\/","url":"https:\/\/cleitonpinheiro.com.br\/site\/wp-content\/uploads\/2022\/08\/Logo-pequena-2.png","contentUrl":"https:\/\/cleitonpinheiro.com.br\/site\/wp-content\/uploads\/2022\/08\/Logo-pequena-2.png","width":500,"height":500,"caption":"CPNOT\u00cdCIAS"},"image":{"@id":"https:\/\/cleitonpinheiro.com.br\/site\/#\/schema\/logo\/image\/"},"sameAs":["https:\/\/www.facebook.com\/portalcpnoticias\/"]},{"@type":"Person","@id":"https:\/\/cleitonpinheiro.com.br\/site\/#\/schema\/person\/b7621891c193194dd412fdc1ff9b2b41","name":"RGF Sistemas","image":{"@type":"ImageObject","inLanguage":"pt-BR","@id":"https:\/\/cleitonpinheiro.com.br\/site\/#\/schema\/person\/image\/","url":"https:\/\/secure.gravatar.com\/avatar\/59e110c11e5eecf4636340abed101b4cddb70ca9f64acab0fe8863bcc0a66b2d?s=96&r=g","contentUrl":"https:\/\/secure.gravatar.com\/avatar\/59e110c11e5eecf4636340abed101b4cddb70ca9f64acab0fe8863bcc0a66b2d?s=96&r=g","caption":"RGF Sistemas"},"url":"https:\/\/cleitonpinheiro.com.br\/site\/author\/rgfsite\/"}]}},"views":310,"_links":{"self":[{"href":"https:\/\/cleitonpinheiro.com.br\/site\/wp-json\/wp\/v2\/posts\/19","targetHints":{"allow":["GET"]}}],"collection":[{"href":"https:\/\/cleitonpinheiro.com.br\/site\/wp-json\/wp\/v2\/posts"}],"about":[{"href":"https:\/\/cleitonpinheiro.com.br\/site\/wp-json\/wp\/v2\/types\/post"}],"author":[{"embeddable":true,"href":"https:\/\/cleitonpinheiro.com.br\/site\/wp-json\/wp\/v2\/users\/9"}],"replies":[{"embeddable":true,"href":"https:\/\/cleitonpinheiro.com.br\/site\/wp-json\/wp\/v2\/comments?post=19"}],"version-history":[{"count":1,"href":"https:\/\/cleitonpinheiro.com.br\/site\/wp-json\/wp\/v2\/posts\/19\/revisions"}],"predecessor-version":[{"id":21,"href":"https:\/\/cleitonpinheiro.com.br\/site\/wp-json\/wp\/v2\/posts\/19\/revisions\/21"}],"wp:attachment":[{"href":"https:\/\/cleitonpinheiro.com.br\/site\/wp-json\/wp\/v2\/media?parent=19"}],"wp:term":[{"taxonomy":"category","embeddable":true,"href":"https:\/\/cleitonpinheiro.com.br\/site\/wp-json\/wp\/v2\/categories?post=19"},{"taxonomy":"post_tag","embeddable":true,"href":"https:\/\/cleitonpinheiro.com.br\/site\/wp-json\/wp\/v2\/tags?post=19"}],"curies":[{"name":"wp","href":"https:\/\/api.w.org\/{rel}","templated":true}]}}