{"id":25,"date":"2022-05-09T13:22:06","date_gmt":"2022-05-09T16:22:06","guid":{"rendered":"https:\/\/cleitonpinheiro.com.br\/site\/?p=25"},"modified":"2022-05-18T12:23:28","modified_gmt":"2022-05-18T15:23:28","slug":"numero-de-mortes-por-covid-no-brasil-pode-ter-sido-18-maior-em-2020-estimam-cientistas","status":"publish","type":"post","link":"https:\/\/cleitonpinheiro.com.br\/site\/numero-de-mortes-por-covid-no-brasil-pode-ter-sido-18-maior-em-2020-estimam-cientistas\/","title":{"rendered":"N\u00famero de mortes por  covid no Brasil pode ter sido 18% maior em 2020, estimam cientistas ."},"content":{"rendered":"\n<p>Pesquisa brasileira publicada nesta quinta-feira (5\/5) em revista cient\u00edfica internacional estima milhares de mortes decorrentes da covid-19 que n\u00e3o foram registradas em 2020, quando m\u00e9dicos respons\u00e1veis por documentar \u00f3bitos estavam sobrecarregados e testes eram poucos acess\u00edveis. Os n\u00fameros oficiais de mortes por covid-19 no Brasil j\u00e1 colocam o pa\u00eds no segundo lugar mundial daqueles com maior n\u00famero de v\u00edtimas no planeta, atr\u00e1s apenas dos Estados Unidos. Mas, de acordo com uma pesquisa rec\u00e9m-publicada, esse n\u00famero na realidade \u00e9 provavelmente maior, j\u00e1 que h\u00e1 evid\u00eancias de muitas subnotifica\u00e7\u00f5es&#8230;. &#8211; Veja mais em https:\/\/noticias.uol.com.br\/ultimas-noticias\/bbc\/2022\/05\/05\/numero-de-mortes-por-covid-no-brasil-pode-ter-sido-18-maior-em-2020-estimam-cientistas.htm?cmpid=copiaecola<\/p>\n","protected":false},"excerpt":{"rendered":"<p>Pesquisa brasileira publicada nesta quinta-feira (5\/5) em revista cient\u00edfica internacional estima milhares de mortes decorrentes da covid-19 que n\u00e3o foram registradas em 2020, quando m\u00e9dicos respons\u00e1veis por documentar \u00f3bitos estavam sobrecarregados e testes eram poucos acess\u00edveis. Os n\u00fameros oficiais de mortes por covid-19 no Brasil j\u00e1 colocam o pa\u00eds no segundo lugar mundial daqueles com [&hellip;]<\/p>\n","protected":false},"author":9,"featured_media":0,"comment_status":"open","ping_status":"open","sticky":false,"template":"","format":"standard","meta":{"_acf_changed":false,"footnotes":""},"categories":[1],"tags":[],"class_list":["post-25","post","type-post","status-publish","format-standard","hentry","category-esporte"],"acf":[],"yoast_head":"<!-- This site is optimized with the Yoast SEO plugin v24.4 - https:\/\/yoast.com\/wordpress\/plugins\/seo\/ -->\n<title>N\u00famero de mortes por covid no Brasil pode ter sido 18% maior em 2020, estimam cientistas . - PORTAL DE NOT\u00cdCIAS CLEITON PINHEIRO<\/title>\n<meta name=\"robots\" content=\"index, follow, max-snippet:-1, max-image-preview:large, max-video-preview:-1\" \/>\n<link rel=\"canonical\" href=\"https:\/\/cleitonpinheiro.com.br\/site\/numero-de-mortes-por-covid-no-brasil-pode-ter-sido-18-maior-em-2020-estimam-cientistas\/\" \/>\n<meta property=\"og:locale\" content=\"pt_BR\" \/>\n<meta property=\"og:type\" content=\"article\" \/>\n<meta property=\"og:title\" content=\"N\u00famero de mortes por covid no Brasil pode ter sido 18% maior em 2020, estimam cientistas . - PORTAL DE NOT\u00cdCIAS CLEITON PINHEIRO\" \/>\n<meta property=\"og:description\" content=\"Pesquisa brasileira publicada nesta quinta-feira (5\/5) em revista cient\u00edfica internacional estima milhares de mortes decorrentes da covid-19 que n\u00e3o foram registradas em 2020, quando m\u00e9dicos respons\u00e1veis por documentar \u00f3bitos estavam sobrecarregados e testes eram poucos acess\u00edveis. Os n\u00fameros oficiais de mortes por covid-19 no Brasil j\u00e1 colocam o pa\u00eds no segundo lugar mundial daqueles com [&hellip;]\" \/>\n<meta property=\"og:url\" content=\"https:\/\/cleitonpinheiro.com.br\/site\/numero-de-mortes-por-covid-no-brasil-pode-ter-sido-18-maior-em-2020-estimam-cientistas\/\" \/>\n<meta property=\"og:site_name\" content=\"PORTAL DE NOT\u00cdCIAS CLEITON PINHEIRO\" \/>\n<meta property=\"article:publisher\" content=\"https:\/\/www.facebook.com\/portalcpnoticias\/\" \/>\n<meta property=\"article:published_time\" content=\"2022-05-09T16:22:06+00:00\" \/>\n<meta property=\"article:modified_time\" content=\"2022-05-18T15:23:28+00:00\" \/>\n<meta property=\"og:image\" content=\"https:\/\/cleitonpinheiro.com.br\/site\/wp-content\/uploads\/2022\/05\/img-01-2.png\" \/>\n\t<meta property=\"og:image:width\" content=\"608\" \/>\n\t<meta property=\"og:image:height\" content=\"374\" \/>\n\t<meta property=\"og:image:type\" content=\"image\/png\" \/>\n<meta name=\"author\" content=\"RGF Sistemas\" \/>\n<meta name=\"twitter:card\" content=\"summary_large_image\" \/>\n<meta name=\"twitter:label1\" content=\"Escrito por\" \/>\n\t<meta name=\"twitter:data1\" content=\"RGF Sistemas\" \/>\n\t<meta name=\"twitter:label2\" content=\"Est. tempo de leitura\" \/>\n\t<meta name=\"twitter:data2\" content=\"1 minuto\" \/>\n<script type=\"application\/ld+json\" class=\"yoast-schema-graph\">{\"@context\":\"https:\/\/schema.org\",\"@graph\":[{\"@type\":\"Article\",\"@id\":\"https:\/\/cleitonpinheiro.com.br\/site\/numero-de-mortes-por-covid-no-brasil-pode-ter-sido-18-maior-em-2020-estimam-cientistas\/#article\",\"isPartOf\":{\"@id\":\"https:\/\/cleitonpinheiro.com.br\/site\/numero-de-mortes-por-covid-no-brasil-pode-ter-sido-18-maior-em-2020-estimam-cientistas\/\"},\"author\":{\"name\":\"RGF Sistemas\",\"@id\":\"https:\/\/cleitonpinheiro.com.br\/site\/#\/schema\/person\/b7621891c193194dd412fdc1ff9b2b41\"},\"headline\":\"N\u00famero de mortes por covid no Brasil pode ter sido 18% maior em 2020, estimam cientistas .\",\"datePublished\":\"2022-05-09T16:22:06+00:00\",\"dateModified\":\"2022-05-18T15:23:28+00:00\",\"mainEntityOfPage\":{\"@id\":\"https:\/\/cleitonpinheiro.com.br\/site\/numero-de-mortes-por-covid-no-brasil-pode-ter-sido-18-maior-em-2020-estimam-cientistas\/\"},\"wordCount\":130,\"commentCount\":0,\"publisher\":{\"@id\":\"https:\/\/cleitonpinheiro.com.br\/site\/#organization\"},\"articleSection\":[\"ESPORTE\"],\"inLanguage\":\"pt-BR\",\"potentialAction\":[{\"@type\":\"CommentAction\",\"name\":\"Comment\",\"target\":[\"https:\/\/cleitonpinheiro.com.br\/site\/numero-de-mortes-por-covid-no-brasil-pode-ter-sido-18-maior-em-2020-estimam-cientistas\/#respond\"]}]},{\"@type\":\"WebPage\",\"@id\":\"https:\/\/cleitonpinheiro.com.br\/site\/numero-de-mortes-por-covid-no-brasil-pode-ter-sido-18-maior-em-2020-estimam-cientistas\/\",\"url\":\"https:\/\/cleitonpinheiro.com.br\/site\/numero-de-mortes-por-covid-no-brasil-pode-ter-sido-18-maior-em-2020-estimam-cientistas\/\",\"name\":\"N\u00famero de mortes por covid no Brasil pode ter sido 18% maior em 2020, estimam cientistas . - PORTAL DE NOT\u00cdCIAS CLEITON PINHEIRO\",\"isPartOf\":{\"@id\":\"https:\/\/cleitonpinheiro.com.br\/site\/#website\"},\"datePublished\":\"2022-05-09T16:22:06+00:00\",\"dateModified\":\"2022-05-18T15:23:28+00:00\",\"breadcrumb\":{\"@id\":\"https:\/\/cleitonpinheiro.com.br\/site\/numero-de-mortes-por-covid-no-brasil-pode-ter-sido-18-maior-em-2020-estimam-cientistas\/#breadcrumb\"},\"inLanguage\":\"pt-BR\",\"potentialAction\":[{\"@type\":\"ReadAction\",\"target\":[\"https:\/\/cleitonpinheiro.com.br\/site\/numero-de-mortes-por-covid-no-brasil-pode-ter-sido-18-maior-em-2020-estimam-cientistas\/\"]}]},{\"@type\":\"BreadcrumbList\",\"@id\":\"https:\/\/cleitonpinheiro.com.br\/site\/numero-de-mortes-por-covid-no-brasil-pode-ter-sido-18-maior-em-2020-estimam-cientistas\/#breadcrumb\",\"itemListElement\":[{\"@type\":\"ListItem\",\"position\":1,\"name\":\"In\u00edcio\",\"item\":\"https:\/\/cleitonpinheiro.com.br\/site\/\"},{\"@type\":\"ListItem\",\"position\":2,\"name\":\"N\u00famero de mortes por covid no Brasil pode ter sido 18% maior em 2020, estimam cientistas .\"}]},{\"@type\":\"WebSite\",\"@id\":\"https:\/\/cleitonpinheiro.com.br\/site\/#website\",\"url\":\"https:\/\/cleitonpinheiro.com.br\/site\/\",\"name\":\"PORTAL DE NOT\u00cdCIAS CLEITON PINHEIRO\",\"description\":\"FALANDO A VERDADE\",\"publisher\":{\"@id\":\"https:\/\/cleitonpinheiro.com.br\/site\/#organization\"},\"potentialAction\":[{\"@type\":\"SearchAction\",\"target\":{\"@type\":\"EntryPoint\",\"urlTemplate\":\"https:\/\/cleitonpinheiro.com.br\/site\/?s={search_term_string}\"},\"query-input\":{\"@type\":\"PropertyValueSpecification\",\"valueRequired\":true,\"valueName\":\"search_term_string\"}}],\"inLanguage\":\"pt-BR\"},{\"@type\":\"Organization\",\"@id\":\"https:\/\/cleitonpinheiro.com.br\/site\/#organization\",\"name\":\"CPNOT\u00cdCIAS\",\"url\":\"https:\/\/cleitonpinheiro.com.br\/site\/\",\"logo\":{\"@type\":\"ImageObject\",\"inLanguage\":\"pt-BR\",\"@id\":\"https:\/\/cleitonpinheiro.com.br\/site\/#\/schema\/logo\/image\/\",\"url\":\"https:\/\/cleitonpinheiro.com.br\/site\/wp-content\/uploads\/2022\/08\/Logo-pequena-2.png\",\"contentUrl\":\"https:\/\/cleitonpinheiro.com.br\/site\/wp-content\/uploads\/2022\/08\/Logo-pequena-2.png\",\"width\":500,\"height\":500,\"caption\":\"CPNOT\u00cdCIAS\"},\"image\":{\"@id\":\"https:\/\/cleitonpinheiro.com.br\/site\/#\/schema\/logo\/image\/\"},\"sameAs\":[\"https:\/\/www.facebook.com\/portalcpnoticias\/\"]},{\"@type\":\"Person\",\"@id\":\"https:\/\/cleitonpinheiro.com.br\/site\/#\/schema\/person\/b7621891c193194dd412fdc1ff9b2b41\",\"name\":\"RGF Sistemas\",\"image\":{\"@type\":\"ImageObject\",\"inLanguage\":\"pt-BR\",\"@id\":\"https:\/\/cleitonpinheiro.com.br\/site\/#\/schema\/person\/image\/\",\"url\":\"https:\/\/secure.gravatar.com\/avatar\/59e110c11e5eecf4636340abed101b4cddb70ca9f64acab0fe8863bcc0a66b2d?s=96&r=g\",\"contentUrl\":\"https:\/\/secure.gravatar.com\/avatar\/59e110c11e5eecf4636340abed101b4cddb70ca9f64acab0fe8863bcc0a66b2d?s=96&r=g\",\"caption\":\"RGF Sistemas\"},\"url\":\"https:\/\/cleitonpinheiro.com.br\/site\/author\/rgfsite\/\"}]}<\/script>\n<!-- \/ Yoast SEO plugin. -->","yoast_head_json":{"title":"N\u00famero de mortes por covid no Brasil pode ter sido 18% maior em 2020, estimam cientistas . - PORTAL DE NOT\u00cdCIAS CLEITON PINHEIRO","robots":{"index":"index","follow":"follow","max-snippet":"max-snippet:-1","max-image-preview":"max-image-preview:large","max-video-preview":"max-video-preview:-1"},"canonical":"https:\/\/cleitonpinheiro.com.br\/site\/numero-de-mortes-por-covid-no-brasil-pode-ter-sido-18-maior-em-2020-estimam-cientistas\/","og_locale":"pt_BR","og_type":"article","og_title":"N\u00famero de mortes por covid no Brasil pode ter sido 18% maior em 2020, estimam cientistas . - PORTAL DE NOT\u00cdCIAS CLEITON PINHEIRO","og_description":"Pesquisa brasileira publicada nesta quinta-feira (5\/5) em revista cient\u00edfica internacional estima milhares de mortes decorrentes da covid-19 que n\u00e3o foram registradas em 2020, quando m\u00e9dicos respons\u00e1veis por documentar \u00f3bitos estavam sobrecarregados e testes eram poucos acess\u00edveis. Os n\u00fameros oficiais de mortes por covid-19 no Brasil j\u00e1 colocam o pa\u00eds no segundo lugar mundial daqueles com [&hellip;]","og_url":"https:\/\/cleitonpinheiro.com.br\/site\/numero-de-mortes-por-covid-no-brasil-pode-ter-sido-18-maior-em-2020-estimam-cientistas\/","og_site_name":"PORTAL DE NOT\u00cdCIAS CLEITON PINHEIRO","article_publisher":"https:\/\/www.facebook.com\/portalcpnoticias\/","article_published_time":"2022-05-09T16:22:06+00:00","article_modified_time":"2022-05-18T15:23:28+00:00","og_image":[{"width":608,"height":374,"url":"https:\/\/cleitonpinheiro.com.br\/site\/wp-content\/uploads\/2022\/05\/img-01-2.png","type":"image\/png"}],"author":"RGF Sistemas","twitter_card":"summary_large_image","twitter_misc":{"Escrito por":"RGF Sistemas","Est. tempo de leitura":"1 minuto"},"schema":{"@context":"https:\/\/schema.org","@graph":[{"@type":"Article","@id":"https:\/\/cleitonpinheiro.com.br\/site\/numero-de-mortes-por-covid-no-brasil-pode-ter-sido-18-maior-em-2020-estimam-cientistas\/#article","isPartOf":{"@id":"https:\/\/cleitonpinheiro.com.br\/site\/numero-de-mortes-por-covid-no-brasil-pode-ter-sido-18-maior-em-2020-estimam-cientistas\/"},"author":{"name":"RGF Sistemas","@id":"https:\/\/cleitonpinheiro.com.br\/site\/#\/schema\/person\/b7621891c193194dd412fdc1ff9b2b41"},"headline":"N\u00famero de mortes por covid no Brasil pode ter sido 18% maior em 2020, estimam cientistas .","datePublished":"2022-05-09T16:22:06+00:00","dateModified":"2022-05-18T15:23:28+00:00","mainEntityOfPage":{"@id":"https:\/\/cleitonpinheiro.com.br\/site\/numero-de-mortes-por-covid-no-brasil-pode-ter-sido-18-maior-em-2020-estimam-cientistas\/"},"wordCount":130,"commentCount":0,"publisher":{"@id":"https:\/\/cleitonpinheiro.com.br\/site\/#organization"},"articleSection":["ESPORTE"],"inLanguage":"pt-BR","potentialAction":[{"@type":"CommentAction","name":"Comment","target":["https:\/\/cleitonpinheiro.com.br\/site\/numero-de-mortes-por-covid-no-brasil-pode-ter-sido-18-maior-em-2020-estimam-cientistas\/#respond"]}]},{"@type":"WebPage","@id":"https:\/\/cleitonpinheiro.com.br\/site\/numero-de-mortes-por-covid-no-brasil-pode-ter-sido-18-maior-em-2020-estimam-cientistas\/","url":"https:\/\/cleitonpinheiro.com.br\/site\/numero-de-mortes-por-covid-no-brasil-pode-ter-sido-18-maior-em-2020-estimam-cientistas\/","name":"N\u00famero de mortes por covid no Brasil pode ter sido 18% maior em 2020, estimam cientistas . - PORTAL DE NOT\u00cdCIAS CLEITON PINHEIRO","isPartOf":{"@id":"https:\/\/cleitonpinheiro.com.br\/site\/#website"},"datePublished":"2022-05-09T16:22:06+00:00","dateModified":"2022-05-18T15:23:28+00:00","breadcrumb":{"@id":"https:\/\/cleitonpinheiro.com.br\/site\/numero-de-mortes-por-covid-no-brasil-pode-ter-sido-18-maior-em-2020-estimam-cientistas\/#breadcrumb"},"inLanguage":"pt-BR","potentialAction":[{"@type":"ReadAction","target":["https:\/\/cleitonpinheiro.com.br\/site\/numero-de-mortes-por-covid-no-brasil-pode-ter-sido-18-maior-em-2020-estimam-cientistas\/"]}]},{"@type":"BreadcrumbList","@id":"https:\/\/cleitonpinheiro.com.br\/site\/numero-de-mortes-por-covid-no-brasil-pode-ter-sido-18-maior-em-2020-estimam-cientistas\/#breadcrumb","itemListElement":[{"@type":"ListItem","position":1,"name":"In\u00edcio","item":"https:\/\/cleitonpinheiro.com.br\/site\/"},{"@type":"ListItem","position":2,"name":"N\u00famero de mortes por covid no Brasil pode ter sido 18% maior em 2020, estimam cientistas ."}]},{"@type":"WebSite","@id":"https:\/\/cleitonpinheiro.com.br\/site\/#website","url":"https:\/\/cleitonpinheiro.com.br\/site\/","name":"PORTAL DE NOT\u00cdCIAS CLEITON PINHEIRO","description":"FALANDO A VERDADE","publisher":{"@id":"https:\/\/cleitonpinheiro.com.br\/site\/#organization"},"potentialAction":[{"@type":"SearchAction","target":{"@type":"EntryPoint","urlTemplate":"https:\/\/cleitonpinheiro.com.br\/site\/?s={search_term_string}"},"query-input":{"@type":"PropertyValueSpecification","valueRequired":true,"valueName":"search_term_string"}}],"inLanguage":"pt-BR"},{"@type":"Organization","@id":"https:\/\/cleitonpinheiro.com.br\/site\/#organization","name":"CPNOT\u00cdCIAS","url":"https:\/\/cleitonpinheiro.com.br\/site\/","logo":{"@type":"ImageObject","inLanguage":"pt-BR","@id":"https:\/\/cleitonpinheiro.com.br\/site\/#\/schema\/logo\/image\/","url":"https:\/\/cleitonpinheiro.com.br\/site\/wp-content\/uploads\/2022\/08\/Logo-pequena-2.png","contentUrl":"https:\/\/cleitonpinheiro.com.br\/site\/wp-content\/uploads\/2022\/08\/Logo-pequena-2.png","width":500,"height":500,"caption":"CPNOT\u00cdCIAS"},"image":{"@id":"https:\/\/cleitonpinheiro.com.br\/site\/#\/schema\/logo\/image\/"},"sameAs":["https:\/\/www.facebook.com\/portalcpnoticias\/"]},{"@type":"Person","@id":"https:\/\/cleitonpinheiro.com.br\/site\/#\/schema\/person\/b7621891c193194dd412fdc1ff9b2b41","name":"RGF Sistemas","image":{"@type":"ImageObject","inLanguage":"pt-BR","@id":"https:\/\/cleitonpinheiro.com.br\/site\/#\/schema\/person\/image\/","url":"https:\/\/secure.gravatar.com\/avatar\/59e110c11e5eecf4636340abed101b4cddb70ca9f64acab0fe8863bcc0a66b2d?s=96&r=g","contentUrl":"https:\/\/secure.gravatar.com\/avatar\/59e110c11e5eecf4636340abed101b4cddb70ca9f64acab0fe8863bcc0a66b2d?s=96&r=g","caption":"RGF Sistemas"},"url":"https:\/\/cleitonpinheiro.com.br\/site\/author\/rgfsite\/"}]}},"views":325,"_links":{"self":[{"href":"https:\/\/cleitonpinheiro.com.br\/site\/wp-json\/wp\/v2\/posts\/25","targetHints":{"allow":["GET"]}}],"collection":[{"href":"https:\/\/cleitonpinheiro.com.br\/site\/wp-json\/wp\/v2\/posts"}],"about":[{"href":"https:\/\/cleitonpinheiro.com.br\/site\/wp-json\/wp\/v2\/types\/post"}],"author":[{"embeddable":true,"href":"https:\/\/cleitonpinheiro.com.br\/site\/wp-json\/wp\/v2\/users\/9"}],"replies":[{"embeddable":true,"href":"https:\/\/cleitonpinheiro.com.br\/site\/wp-json\/wp\/v2\/comments?post=25"}],"version-history":[{"count":1,"href":"https:\/\/cleitonpinheiro.com.br\/site\/wp-json\/wp\/v2\/posts\/25\/revisions"}],"predecessor-version":[{"id":27,"href":"https:\/\/cleitonpinheiro.com.br\/site\/wp-json\/wp\/v2\/posts\/25\/revisions\/27"}],"wp:attachment":[{"href":"https:\/\/cleitonpinheiro.com.br\/site\/wp-json\/wp\/v2\/media?parent=25"}],"wp:term":[{"taxonomy":"category","embeddable":true,"href":"https:\/\/cleitonpinheiro.com.br\/site\/wp-json\/wp\/v2\/categories?post=25"},{"taxonomy":"post_tag","embeddable":true,"href":"https:\/\/cleitonpinheiro.com.br\/site\/wp-json\/wp\/v2\/tags?post=25"}],"curies":[{"name":"wp","href":"https:\/\/api.w.org\/{rel}","templated":true}]}}