{"id":29211,"date":"2020-04-17T08:05:12","date_gmt":"2020-04-17T11:05:12","guid":{"rendered":"https:\/\/cleitonpinheiro.com.br\/portal\/?p=29211"},"modified":"2020-04-17T08:05:12","modified_gmt":"2020-04-17T11:05:12","slug":"fisioterapeuta-e-atacado-a-tiros-na-porta-da-clinica-em-que-trabalha-na-capital","status":"publish","type":"post","link":"https:\/\/cleitonpinheiro.com.br\/site\/fisioterapeuta-e-atacado-a-tiros-na-porta-da-clinica-em-que-trabalha-na-capital\/","title":{"rendered":"Fisioterapeuta \u00e9 atacado a tiros na porta da cl\u00ednica em que trabalha na Capital"},"content":{"rendered":"\n<p><strong><em>Da Reda\u00e7\u00e3o do CP Not\u00edcias<\/em><\/strong><\/p>\n\n\n<figure class=\"wp-block-image\"><img decoding=\"async\" src=\"https:\/\/cleitonpinheiro.com.br\/portal\/wp-content\/uploads\/2020\/04\/VTReditada.jpg\" alt=\"\" class=\"wp-image-29212\"\/><\/figure>\n\n\n<p>Um m\u00e9dico fisioterapeuta de nome n\u00e3o revelado foi v\u00edtima de disparos de arma de fogo na tarde dessa quinta-feira, 16, em frente ao Centro de Refer\u00eancia em Fisioterapia da Regi\u00e3o Sul de Palmas (Crefisul), onde trabalha. Testemunhas informaram que os disparos foram feitos por dois homens em um carro modelo Gol de cor branca.<\/p>\n\n\n<p>A v\u00edtima foi socorrida pelo Servi\u00e7o de Atendimento M\u00f3vel de Urg\u00eancia (Samu) e levado para o Hospital Geral de Palmas (HGP). Ele levou dois tiros no t\u00f3rax e um no abd\u00f4men e passou por cirurgia. N\u00e3o h\u00e1 informa\u00e7\u00f5es sobre o quadro de sa\u00fade do profissional. A PM informou que est\u00e1 realizou buscas na regi\u00e3o para tentar identificar suspeitos do crime.\u00a0 Ainda n\u00e3o se sabe quais podem ser as motiva\u00e7\u00f5es do ataque.<\/p>\n\n\n<p>A prefeitura de Palmas confirmou que o homem est\u00e1 lotado no\nCrefisul e disse que acompanha o caso para dar suporte ao servidor.<\/p>\n","protected":false},"excerpt":{"rendered":"<p>Da Reda\u00e7\u00e3o do CP Not\u00edcias Um m\u00e9dico fisioterapeuta de nome n\u00e3o revelado foi v\u00edtima de disparos de arma de fogo na tarde dessa quinta-feira, 16, em frente ao Centro de Refer\u00eancia em Fisioterapia da Regi\u00e3o Sul de Palmas (Crefisul), onde trabalha. Testemunhas informaram que os disparos foram feitos por dois homens em um carro modelo [&hellip;]<\/p>\n","protected":false},"author":4,"featured_media":29213,"comment_status":"open","ping_status":"open","sticky":false,"template":"","format":"standard","meta":{"_acf_changed":false,"footnotes":""},"categories":[22,24,20],"tags":[],"class_list":["post-29211","post","type-post","status-publish","format-standard","has-post-thumbnail","hentry","category-cidades","category-colunas","category-noticias-em-destaque"],"acf":[],"yoast_head":"<!-- This site is optimized with the Yoast SEO plugin v24.4 - https:\/\/yoast.com\/wordpress\/plugins\/seo\/ -->\n<title>Fisioterapeuta \u00e9 atacado a tiros na porta da cl\u00ednica em que trabalha na Capital - PORTAL DE NOT\u00cdCIAS CLEITON PINHEIRO<\/title>\n<meta name=\"robots\" content=\"index, follow, max-snippet:-1, max-image-preview:large, max-video-preview:-1\" \/>\n<link rel=\"canonical\" href=\"https:\/\/cleitonpinheiro.com.br\/site\/fisioterapeuta-e-atacado-a-tiros-na-porta-da-clinica-em-que-trabalha-na-capital\/\" \/>\n<meta property=\"og:locale\" content=\"pt_BR\" \/>\n<meta property=\"og:type\" content=\"article\" \/>\n<meta property=\"og:title\" content=\"Fisioterapeuta \u00e9 atacado a tiros na porta da cl\u00ednica em que trabalha na Capital - PORTAL DE NOT\u00cdCIAS CLEITON PINHEIRO\" \/>\n<meta property=\"og:description\" content=\"Da Reda\u00e7\u00e3o do CP Not\u00edcias Um m\u00e9dico fisioterapeuta de nome n\u00e3o revelado foi v\u00edtima de disparos de arma de fogo na tarde dessa quinta-feira, 16, em frente ao Centro de Refer\u00eancia em Fisioterapia da Regi\u00e3o Sul de Palmas (Crefisul), onde trabalha. Testemunhas informaram que os disparos foram feitos por dois homens em um carro modelo [&hellip;]\" \/>\n<meta property=\"og:url\" content=\"https:\/\/cleitonpinheiro.com.br\/site\/fisioterapeuta-e-atacado-a-tiros-na-porta-da-clinica-em-que-trabalha-na-capital\/\" \/>\n<meta property=\"og:site_name\" content=\"PORTAL DE NOT\u00cdCIAS CLEITON PINHEIRO\" \/>\n<meta property=\"article:publisher\" content=\"https:\/\/www.facebook.com\/portalcpnoticias\/\" \/>\n<meta property=\"article:published_time\" content=\"2020-04-17T11:05:12+00:00\" \/>\n<meta name=\"author\" content=\"Dermival Pereira\" \/>\n<meta name=\"twitter:card\" content=\"summary_large_image\" \/>\n<meta name=\"twitter:label1\" content=\"Escrito por\" \/>\n\t<meta name=\"twitter:data1\" content=\"Dermival Pereira\" \/>\n\t<meta name=\"twitter:label2\" content=\"Est. tempo de leitura\" \/>\n\t<meta name=\"twitter:data2\" content=\"1 minuto\" \/>\n<script type=\"application\/ld+json\" class=\"yoast-schema-graph\">{\"@context\":\"https:\/\/schema.org\",\"@graph\":[{\"@type\":\"Article\",\"@id\":\"https:\/\/cleitonpinheiro.com.br\/site\/fisioterapeuta-e-atacado-a-tiros-na-porta-da-clinica-em-que-trabalha-na-capital\/#article\",\"isPartOf\":{\"@id\":\"https:\/\/cleitonpinheiro.com.br\/site\/fisioterapeuta-e-atacado-a-tiros-na-porta-da-clinica-em-que-trabalha-na-capital\/\"},\"author\":{\"name\":\"Dermival Pereira\",\"@id\":\"https:\/\/cleitonpinheiro.com.br\/site\/#\/schema\/person\/aac6d7f311e80c43042e98a900b03cd8\"},\"headline\":\"Fisioterapeuta \u00e9 atacado a tiros na porta da cl\u00ednica em que trabalha na Capital\",\"datePublished\":\"2020-04-17T11:05:12+00:00\",\"mainEntityOfPage\":{\"@id\":\"https:\/\/cleitonpinheiro.com.br\/site\/fisioterapeuta-e-atacado-a-tiros-na-porta-da-clinica-em-que-trabalha-na-capital\/\"},\"wordCount\":185,\"commentCount\":0,\"publisher\":{\"@id\":\"https:\/\/cleitonpinheiro.com.br\/site\/#organization\"},\"image\":{\"@id\":\"https:\/\/cleitonpinheiro.com.br\/site\/fisioterapeuta-e-atacado-a-tiros-na-porta-da-clinica-em-que-trabalha-na-capital\/#primaryimage\"},\"thumbnailUrl\":\"\",\"articleSection\":[\"CIDADES\",\"COLUNAS\",\"NOT\u00cdCIAS EM DESTAQUE\"],\"inLanguage\":\"pt-BR\",\"potentialAction\":[{\"@type\":\"CommentAction\",\"name\":\"Comment\",\"target\":[\"https:\/\/cleitonpinheiro.com.br\/site\/fisioterapeuta-e-atacado-a-tiros-na-porta-da-clinica-em-que-trabalha-na-capital\/#respond\"]}]},{\"@type\":\"WebPage\",\"@id\":\"https:\/\/cleitonpinheiro.com.br\/site\/fisioterapeuta-e-atacado-a-tiros-na-porta-da-clinica-em-que-trabalha-na-capital\/\",\"url\":\"https:\/\/cleitonpinheiro.com.br\/site\/fisioterapeuta-e-atacado-a-tiros-na-porta-da-clinica-em-que-trabalha-na-capital\/\",\"name\":\"Fisioterapeuta \u00e9 atacado a tiros na porta da cl\u00ednica em que trabalha na Capital - PORTAL DE NOT\u00cdCIAS CLEITON PINHEIRO\",\"isPartOf\":{\"@id\":\"https:\/\/cleitonpinheiro.com.br\/site\/#website\"},\"primaryImageOfPage\":{\"@id\":\"https:\/\/cleitonpinheiro.com.br\/site\/fisioterapeuta-e-atacado-a-tiros-na-porta-da-clinica-em-que-trabalha-na-capital\/#primaryimage\"},\"image\":{\"@id\":\"https:\/\/cleitonpinheiro.com.br\/site\/fisioterapeuta-e-atacado-a-tiros-na-porta-da-clinica-em-que-trabalha-na-capital\/#primaryimage\"},\"thumbnailUrl\":\"\",\"datePublished\":\"2020-04-17T11:05:12+00:00\",\"breadcrumb\":{\"@id\":\"https:\/\/cleitonpinheiro.com.br\/site\/fisioterapeuta-e-atacado-a-tiros-na-porta-da-clinica-em-que-trabalha-na-capital\/#breadcrumb\"},\"inLanguage\":\"pt-BR\",\"potentialAction\":[{\"@type\":\"ReadAction\",\"target\":[\"https:\/\/cleitonpinheiro.com.br\/site\/fisioterapeuta-e-atacado-a-tiros-na-porta-da-clinica-em-que-trabalha-na-capital\/\"]}]},{\"@type\":\"ImageObject\",\"inLanguage\":\"pt-BR\",\"@id\":\"https:\/\/cleitonpinheiro.com.br\/site\/fisioterapeuta-e-atacado-a-tiros-na-porta-da-clinica-em-que-trabalha-na-capital\/#primaryimage\",\"url\":\"\",\"contentUrl\":\"\"},{\"@type\":\"BreadcrumbList\",\"@id\":\"https:\/\/cleitonpinheiro.com.br\/site\/fisioterapeuta-e-atacado-a-tiros-na-porta-da-clinica-em-que-trabalha-na-capital\/#breadcrumb\",\"itemListElement\":[{\"@type\":\"ListItem\",\"position\":1,\"name\":\"In\u00edcio\",\"item\":\"https:\/\/cleitonpinheiro.com.br\/site\/\"},{\"@type\":\"ListItem\",\"position\":2,\"name\":\"Fisioterapeuta \u00e9 atacado a tiros na porta da cl\u00ednica em que trabalha na Capital\"}]},{\"@type\":\"WebSite\",\"@id\":\"https:\/\/cleitonpinheiro.com.br\/site\/#website\",\"url\":\"https:\/\/cleitonpinheiro.com.br\/site\/\",\"name\":\"PORTAL DE NOT\u00cdCIAS CLEITON PINHEIRO\",\"description\":\"FALANDO A VERDADE\",\"publisher\":{\"@id\":\"https:\/\/cleitonpinheiro.com.br\/site\/#organization\"},\"potentialAction\":[{\"@type\":\"SearchAction\",\"target\":{\"@type\":\"EntryPoint\",\"urlTemplate\":\"https:\/\/cleitonpinheiro.com.br\/site\/?s={search_term_string}\"},\"query-input\":{\"@type\":\"PropertyValueSpecification\",\"valueRequired\":true,\"valueName\":\"search_term_string\"}}],\"inLanguage\":\"pt-BR\"},{\"@type\":\"Organization\",\"@id\":\"https:\/\/cleitonpinheiro.com.br\/site\/#organization\",\"name\":\"CPNOT\u00cdCIAS\",\"url\":\"https:\/\/cleitonpinheiro.com.br\/site\/\",\"logo\":{\"@type\":\"ImageObject\",\"inLanguage\":\"pt-BR\",\"@id\":\"https:\/\/cleitonpinheiro.com.br\/site\/#\/schema\/logo\/image\/\",\"url\":\"https:\/\/cleitonpinheiro.com.br\/site\/wp-content\/uploads\/2022\/08\/Logo-pequena-2.png\",\"contentUrl\":\"https:\/\/cleitonpinheiro.com.br\/site\/wp-content\/uploads\/2022\/08\/Logo-pequena-2.png\",\"width\":500,\"height\":500,\"caption\":\"CPNOT\u00cdCIAS\"},\"image\":{\"@id\":\"https:\/\/cleitonpinheiro.com.br\/site\/#\/schema\/logo\/image\/\"},\"sameAs\":[\"https:\/\/www.facebook.com\/portalcpnoticias\/\"]},{\"@type\":\"Person\",\"@id\":\"https:\/\/cleitonpinheiro.com.br\/site\/#\/schema\/person\/aac6d7f311e80c43042e98a900b03cd8\",\"name\":\"Dermival Pereira\",\"image\":{\"@type\":\"ImageObject\",\"inLanguage\":\"pt-BR\",\"@id\":\"https:\/\/cleitonpinheiro.com.br\/site\/#\/schema\/person\/image\/\",\"url\":\"https:\/\/secure.gravatar.com\/avatar\/cfaebf3742d6bf8db728bcba3eed6bee37b02337a2e6c822994f20ca72a3784d?s=96&r=g\",\"contentUrl\":\"https:\/\/secure.gravatar.com\/avatar\/cfaebf3742d6bf8db728bcba3eed6bee37b02337a2e6c822994f20ca72a3784d?s=96&r=g\",\"caption\":\"Dermival Pereira\"},\"url\":\"https:\/\/cleitonpinheiro.com.br\/site\/author\/dermival\/\"}]}<\/script>\n<!-- \/ Yoast SEO plugin. -->","yoast_head_json":{"title":"Fisioterapeuta \u00e9 atacado a tiros na porta da cl\u00ednica em que trabalha na Capital - PORTAL DE NOT\u00cdCIAS CLEITON PINHEIRO","robots":{"index":"index","follow":"follow","max-snippet":"max-snippet:-1","max-image-preview":"max-image-preview:large","max-video-preview":"max-video-preview:-1"},"canonical":"https:\/\/cleitonpinheiro.com.br\/site\/fisioterapeuta-e-atacado-a-tiros-na-porta-da-clinica-em-que-trabalha-na-capital\/","og_locale":"pt_BR","og_type":"article","og_title":"Fisioterapeuta \u00e9 atacado a tiros na porta da cl\u00ednica em que trabalha na Capital - PORTAL DE NOT\u00cdCIAS CLEITON PINHEIRO","og_description":"Da Reda\u00e7\u00e3o do CP Not\u00edcias Um m\u00e9dico fisioterapeuta de nome n\u00e3o revelado foi v\u00edtima de disparos de arma de fogo na tarde dessa quinta-feira, 16, em frente ao Centro de Refer\u00eancia em Fisioterapia da Regi\u00e3o Sul de Palmas (Crefisul), onde trabalha. Testemunhas informaram que os disparos foram feitos por dois homens em um carro modelo [&hellip;]","og_url":"https:\/\/cleitonpinheiro.com.br\/site\/fisioterapeuta-e-atacado-a-tiros-na-porta-da-clinica-em-que-trabalha-na-capital\/","og_site_name":"PORTAL DE NOT\u00cdCIAS CLEITON PINHEIRO","article_publisher":"https:\/\/www.facebook.com\/portalcpnoticias\/","article_published_time":"2020-04-17T11:05:12+00:00","author":"Dermival Pereira","twitter_card":"summary_large_image","twitter_misc":{"Escrito por":"Dermival Pereira","Est. tempo de leitura":"1 minuto"},"schema":{"@context":"https:\/\/schema.org","@graph":[{"@type":"Article","@id":"https:\/\/cleitonpinheiro.com.br\/site\/fisioterapeuta-e-atacado-a-tiros-na-porta-da-clinica-em-que-trabalha-na-capital\/#article","isPartOf":{"@id":"https:\/\/cleitonpinheiro.com.br\/site\/fisioterapeuta-e-atacado-a-tiros-na-porta-da-clinica-em-que-trabalha-na-capital\/"},"author":{"name":"Dermival Pereira","@id":"https:\/\/cleitonpinheiro.com.br\/site\/#\/schema\/person\/aac6d7f311e80c43042e98a900b03cd8"},"headline":"Fisioterapeuta \u00e9 atacado a tiros na porta da cl\u00ednica em que trabalha na Capital","datePublished":"2020-04-17T11:05:12+00:00","mainEntityOfPage":{"@id":"https:\/\/cleitonpinheiro.com.br\/site\/fisioterapeuta-e-atacado-a-tiros-na-porta-da-clinica-em-que-trabalha-na-capital\/"},"wordCount":185,"commentCount":0,"publisher":{"@id":"https:\/\/cleitonpinheiro.com.br\/site\/#organization"},"image":{"@id":"https:\/\/cleitonpinheiro.com.br\/site\/fisioterapeuta-e-atacado-a-tiros-na-porta-da-clinica-em-que-trabalha-na-capital\/#primaryimage"},"thumbnailUrl":"","articleSection":["CIDADES","COLUNAS","NOT\u00cdCIAS EM DESTAQUE"],"inLanguage":"pt-BR","potentialAction":[{"@type":"CommentAction","name":"Comment","target":["https:\/\/cleitonpinheiro.com.br\/site\/fisioterapeuta-e-atacado-a-tiros-na-porta-da-clinica-em-que-trabalha-na-capital\/#respond"]}]},{"@type":"WebPage","@id":"https:\/\/cleitonpinheiro.com.br\/site\/fisioterapeuta-e-atacado-a-tiros-na-porta-da-clinica-em-que-trabalha-na-capital\/","url":"https:\/\/cleitonpinheiro.com.br\/site\/fisioterapeuta-e-atacado-a-tiros-na-porta-da-clinica-em-que-trabalha-na-capital\/","name":"Fisioterapeuta \u00e9 atacado a tiros na porta da cl\u00ednica em que trabalha na Capital - PORTAL DE NOT\u00cdCIAS CLEITON PINHEIRO","isPartOf":{"@id":"https:\/\/cleitonpinheiro.com.br\/site\/#website"},"primaryImageOfPage":{"@id":"https:\/\/cleitonpinheiro.com.br\/site\/fisioterapeuta-e-atacado-a-tiros-na-porta-da-clinica-em-que-trabalha-na-capital\/#primaryimage"},"image":{"@id":"https:\/\/cleitonpinheiro.com.br\/site\/fisioterapeuta-e-atacado-a-tiros-na-porta-da-clinica-em-que-trabalha-na-capital\/#primaryimage"},"thumbnailUrl":"","datePublished":"2020-04-17T11:05:12+00:00","breadcrumb":{"@id":"https:\/\/cleitonpinheiro.com.br\/site\/fisioterapeuta-e-atacado-a-tiros-na-porta-da-clinica-em-que-trabalha-na-capital\/#breadcrumb"},"inLanguage":"pt-BR","potentialAction":[{"@type":"ReadAction","target":["https:\/\/cleitonpinheiro.com.br\/site\/fisioterapeuta-e-atacado-a-tiros-na-porta-da-clinica-em-que-trabalha-na-capital\/"]}]},{"@type":"ImageObject","inLanguage":"pt-BR","@id":"https:\/\/cleitonpinheiro.com.br\/site\/fisioterapeuta-e-atacado-a-tiros-na-porta-da-clinica-em-que-trabalha-na-capital\/#primaryimage","url":"","contentUrl":""},{"@type":"BreadcrumbList","@id":"https:\/\/cleitonpinheiro.com.br\/site\/fisioterapeuta-e-atacado-a-tiros-na-porta-da-clinica-em-que-trabalha-na-capital\/#breadcrumb","itemListElement":[{"@type":"ListItem","position":1,"name":"In\u00edcio","item":"https:\/\/cleitonpinheiro.com.br\/site\/"},{"@type":"ListItem","position":2,"name":"Fisioterapeuta \u00e9 atacado a tiros na porta da cl\u00ednica em que trabalha na Capital"}]},{"@type":"WebSite","@id":"https:\/\/cleitonpinheiro.com.br\/site\/#website","url":"https:\/\/cleitonpinheiro.com.br\/site\/","name":"PORTAL DE NOT\u00cdCIAS CLEITON PINHEIRO","description":"FALANDO A VERDADE","publisher":{"@id":"https:\/\/cleitonpinheiro.com.br\/site\/#organization"},"potentialAction":[{"@type":"SearchAction","target":{"@type":"EntryPoint","urlTemplate":"https:\/\/cleitonpinheiro.com.br\/site\/?s={search_term_string}"},"query-input":{"@type":"PropertyValueSpecification","valueRequired":true,"valueName":"search_term_string"}}],"inLanguage":"pt-BR"},{"@type":"Organization","@id":"https:\/\/cleitonpinheiro.com.br\/site\/#organization","name":"CPNOT\u00cdCIAS","url":"https:\/\/cleitonpinheiro.com.br\/site\/","logo":{"@type":"ImageObject","inLanguage":"pt-BR","@id":"https:\/\/cleitonpinheiro.com.br\/site\/#\/schema\/logo\/image\/","url":"https:\/\/cleitonpinheiro.com.br\/site\/wp-content\/uploads\/2022\/08\/Logo-pequena-2.png","contentUrl":"https:\/\/cleitonpinheiro.com.br\/site\/wp-content\/uploads\/2022\/08\/Logo-pequena-2.png","width":500,"height":500,"caption":"CPNOT\u00cdCIAS"},"image":{"@id":"https:\/\/cleitonpinheiro.com.br\/site\/#\/schema\/logo\/image\/"},"sameAs":["https:\/\/www.facebook.com\/portalcpnoticias\/"]},{"@type":"Person","@id":"https:\/\/cleitonpinheiro.com.br\/site\/#\/schema\/person\/aac6d7f311e80c43042e98a900b03cd8","name":"Dermival Pereira","image":{"@type":"ImageObject","inLanguage":"pt-BR","@id":"https:\/\/cleitonpinheiro.com.br\/site\/#\/schema\/person\/image\/","url":"https:\/\/secure.gravatar.com\/avatar\/cfaebf3742d6bf8db728bcba3eed6bee37b02337a2e6c822994f20ca72a3784d?s=96&r=g","contentUrl":"https:\/\/secure.gravatar.com\/avatar\/cfaebf3742d6bf8db728bcba3eed6bee37b02337a2e6c822994f20ca72a3784d?s=96&r=g","caption":"Dermival Pereira"},"url":"https:\/\/cleitonpinheiro.com.br\/site\/author\/dermival\/"}]}},"views":131,"_links":{"self":[{"href":"https:\/\/cleitonpinheiro.com.br\/site\/wp-json\/wp\/v2\/posts\/29211","targetHints":{"allow":["GET"]}}],"collection":[{"href":"https:\/\/cleitonpinheiro.com.br\/site\/wp-json\/wp\/v2\/posts"}],"about":[{"href":"https:\/\/cleitonpinheiro.com.br\/site\/wp-json\/wp\/v2\/types\/post"}],"author":[{"embeddable":true,"href":"https:\/\/cleitonpinheiro.com.br\/site\/wp-json\/wp\/v2\/users\/4"}],"replies":[{"embeddable":true,"href":"https:\/\/cleitonpinheiro.com.br\/site\/wp-json\/wp\/v2\/comments?post=29211"}],"version-history":[{"count":0,"href":"https:\/\/cleitonpinheiro.com.br\/site\/wp-json\/wp\/v2\/posts\/29211\/revisions"}],"wp:featuredmedia":[{"embeddable":true,"href":"https:\/\/cleitonpinheiro.com.br\/site\/wp-json\/"}],"wp:attachment":[{"href":"https:\/\/cleitonpinheiro.com.br\/site\/wp-json\/wp\/v2\/media?parent=29211"}],"wp:term":[{"taxonomy":"category","embeddable":true,"href":"https:\/\/cleitonpinheiro.com.br\/site\/wp-json\/wp\/v2\/categories?post=29211"},{"taxonomy":"post_tag","embeddable":true,"href":"https:\/\/cleitonpinheiro.com.br\/site\/wp-json\/wp\/v2\/tags?post=29211"}],"curies":[{"name":"wp","href":"https:\/\/api.w.org\/{rel}","templated":true}]}}