{"id":29216,"date":"2020-04-17T08:23:24","date_gmt":"2020-04-17T11:23:24","guid":{"rendered":"https:\/\/cleitonpinheiro.com.br\/portal\/?p=29216"},"modified":"2020-04-17T08:23:24","modified_gmt":"2020-04-17T11:23:24","slug":"termina-hoje-prazo-para-pedir-isencao-da-taxa-de-inscricao-do-enem","status":"publish","type":"post","link":"https:\/\/cleitonpinheiro.com.br\/site\/termina-hoje-prazo-para-pedir-isencao-da-taxa-de-inscricao-do-enem\/","title":{"rendered":"Termina hoje prazo para pedir isen\u00e7\u00e3o da taxa do enem"},"content":{"rendered":"\n<p>Termina \u00e0s 23h59 desta sexta-feira, 17, o prazo para pedir\nisen\u00e7\u00e3o da taxa de inscri\u00e7\u00e3o do Exame Nacional do Ensino M\u00e9dio (Enem) de 2020.\nO participante que deseja solicitar o direito de n\u00e3o pagar a taxa e estiver\ndentro dos crit\u00e9rios do edital deve acessar a p\u00e1gina do Enem 2020 e se\ninscrever. O resultado ser\u00e1 divulgado no dia 24 de abril.<\/p>\n\n\n<figure class=\"wp-block-image\"><img decoding=\"async\" src=\"https:\/\/cleitonpinheiro.com.br\/portal\/wp-content\/uploads\/2020\/04\/Enemeditadooo.jpg\" alt=\"\" class=\"wp-image-29217\"\/><\/figure>\n\n\n<p>As provas digitais ser\u00e3o aplicadas nos dias 11 e 18 de\noutubro e, as presenciais, nos dias 1\u00ba e 8 de novembro. A isen\u00e7\u00e3o da taxa n\u00e3o\nsignifica a inscri\u00e7\u00e3o autom\u00e1tica no exame. O candidato dever\u00e1 voltar ao site do\nEnem 2020 e concluir a inscri\u00e7\u00e3o entre 11 e 22 de maio.<\/p>\n\n\n<p><strong>Quem pode fazer o\nEnem de gra\u00e7a?<\/strong><\/p>\n\n\n<p>\u2022&nbsp;&nbsp;&nbsp;&nbsp;&nbsp;&nbsp;&nbsp;&nbsp;&nbsp;&nbsp;&nbsp;&nbsp; Estar\ncursando a \u00faltima s\u00e9rie do ensino m\u00e9dio, em 2020, em escola da rede p\u00fablica\ndeclarada ao Censo Escolar.<\/p>\n\n\n<p>\u2022&nbsp;&nbsp;&nbsp;&nbsp;&nbsp;&nbsp;&nbsp;&nbsp;&nbsp;&nbsp;&nbsp;&nbsp; Quem\ncursou todo o ensino m\u00e9dio em escola da rede p\u00fablica ou com bolsa integral na\nrede privada e ter renda, por pessoa, igual ou menor que um sal\u00e1rio m\u00ednimo e\nmeio.<\/p>\n\n\n<p>\u2022&nbsp;&nbsp;&nbsp;&nbsp;&nbsp;&nbsp;&nbsp;&nbsp;&nbsp;&nbsp;&nbsp;&nbsp; Estar em\nsitua\u00e7\u00e3o de vulnerabilidade socioecon\u00f4mica por ser membro de fam\u00edlia de baixa\nrenda que possua N\u00famero de Identifica\u00e7\u00e3o Social (NIS), \u00fanico e v\u00e1lido e ter\nrenda familiar, por pessoa, de at\u00e9 meio sal\u00e1rio m\u00ednimo ou renda familiar mensal\nde at\u00e9 tr\u00eas sal\u00e1rios m\u00ednimos.<\/p>\n\n\n<p>Veja o passo a passo para solicitar a isen\u00e7\u00e3o:<\/p>\n\n\n<p>1.&nbsp;&nbsp;&nbsp;&nbsp;&nbsp;&nbsp;&nbsp;&nbsp;&nbsp;&nbsp;&nbsp; O\ncandidato deve entrar na p\u00e1gina do participante, no site do Enem, e clicar em\n&#8220;Isen\u00e7\u00e3o&#8221;;<\/p>\n\n\n<p>2.&nbsp;&nbsp;&nbsp;&nbsp;&nbsp;&nbsp;&nbsp;&nbsp;&nbsp;&nbsp;&nbsp; O pr\u00f3ximo\npasso \u00e9 informar o CPF e a data de nascimento;<\/p>\n\n\n<p>3.&nbsp;&nbsp;&nbsp;&nbsp;&nbsp;&nbsp;&nbsp;&nbsp;&nbsp;&nbsp;&nbsp; Se o\ncandidato for um dos que conseguiu isen\u00e7\u00e3o em 2019, mas foi ausente, o sistema\nvai pedir uma justificativa;<\/p>\n\n\n<p>4.&nbsp;&nbsp;&nbsp;&nbsp;&nbsp;&nbsp;&nbsp;&nbsp;&nbsp;&nbsp;&nbsp; Depois\ndisso, a p\u00e1gina vai mostrar as regras da isen\u00e7\u00e3o e os deveres do participante.\n\u00c9 preciso ler com aten\u00e7\u00e3o e clicar em &#8220;Li e concordo&#8221;;<\/p>\n\n\n<p>5.&nbsp;&nbsp;&nbsp;&nbsp;&nbsp;&nbsp;&nbsp;&nbsp;&nbsp;&nbsp;&nbsp; Os dados\npessoais registrados na Receita Federal ser\u00e3o apresentados na tela. Se\nestiverem incorretos, o solicitante pode corrigir enquanto continua a\ninscri\u00e7\u00e3o;<\/p>\n\n\n<p>6.&nbsp;&nbsp;&nbsp;&nbsp;&nbsp;&nbsp;&nbsp;&nbsp;&nbsp;&nbsp;&nbsp; Ap\u00f3s esta\netapa, o candidato dever\u00e1 preencher CEP, endere\u00e7o e informa\u00e7\u00f5es sobre o ensino m\u00e9dio;<\/p>\n\n\n<p>7.&nbsp;&nbsp;&nbsp;&nbsp;&nbsp;&nbsp;&nbsp;&nbsp;&nbsp;&nbsp;&nbsp; Depois\ndisso, ser\u00e1 necess\u00e1rio confirmar a solicita\u00e7\u00e3o e preencher um question\u00e1rio\nsocioecon\u00f4mico com 25 perguntas;<\/p>\n\n\n<p>8.&nbsp;&nbsp;&nbsp;&nbsp;&nbsp;&nbsp;&nbsp;&nbsp;&nbsp;&nbsp;&nbsp; Na \u00faltima\netapa, o participante dever\u00e1 inserir uma foto atual.<\/p>\n\n\n<p><strong>Inscri\u00e7\u00f5es<\/strong><\/p>\n\n\n<p>As inscri\u00e7\u00f5es para o Enem dever\u00e3o ser feitas de 11 a 22 de\nmaio. Aqueles candidatos que precisarem pagar a taxa de inscri\u00e7\u00e3o dever\u00e3o\nquitar o boleto entre os dias 11 e 28 de maio em ag\u00eancias banc\u00e1rias, casas\nlot\u00e9ricas e Correios. <em>(Fonte: G1).<\/em><\/p>\n","protected":false},"excerpt":{"rendered":"<p>Termina \u00e0s 23h59 desta sexta-feira, 17, o prazo para pedir isen\u00e7\u00e3o da taxa de inscri\u00e7\u00e3o do Exame Nacional do Ensino M\u00e9dio (Enem) de 2020. O participante que deseja solicitar o direito de n\u00e3o pagar a taxa e estiver dentro dos crit\u00e9rios do edital deve acessar a p\u00e1gina do Enem 2020 e se inscrever. O resultado [&hellip;]<\/p>\n","protected":false},"author":4,"featured_media":29218,"comment_status":"open","ping_status":"open","sticky":false,"template":"","format":"standard","meta":{"_acf_changed":false,"footnotes":""},"categories":[19,24,20],"tags":[],"class_list":["post-29216","post","type-post","status-publish","format-standard","has-post-thumbnail","hentry","category-brasil-mundo","category-colunas","category-noticias-em-destaque"],"acf":[],"yoast_head":"<!-- This site is optimized with the Yoast SEO plugin v24.4 - https:\/\/yoast.com\/wordpress\/plugins\/seo\/ -->\n<title>Termina hoje prazo para pedir isen\u00e7\u00e3o da taxa do enem - PORTAL DE NOT\u00cdCIAS CLEITON PINHEIRO<\/title>\n<meta name=\"robots\" content=\"index, follow, max-snippet:-1, max-image-preview:large, max-video-preview:-1\" \/>\n<link rel=\"canonical\" href=\"https:\/\/cleitonpinheiro.com.br\/site\/termina-hoje-prazo-para-pedir-isencao-da-taxa-de-inscricao-do-enem\/\" \/>\n<meta property=\"og:locale\" content=\"pt_BR\" \/>\n<meta property=\"og:type\" content=\"article\" \/>\n<meta property=\"og:title\" content=\"Termina hoje prazo para pedir isen\u00e7\u00e3o da taxa do enem - PORTAL DE NOT\u00cdCIAS CLEITON PINHEIRO\" \/>\n<meta property=\"og:description\" content=\"Termina \u00e0s 23h59 desta sexta-feira, 17, o prazo para pedir isen\u00e7\u00e3o da taxa de inscri\u00e7\u00e3o do Exame Nacional do Ensino M\u00e9dio (Enem) de 2020. O participante que deseja solicitar o direito de n\u00e3o pagar a taxa e estiver dentro dos crit\u00e9rios do edital deve acessar a p\u00e1gina do Enem 2020 e se inscrever. O resultado [&hellip;]\" \/>\n<meta property=\"og:url\" content=\"https:\/\/cleitonpinheiro.com.br\/site\/termina-hoje-prazo-para-pedir-isencao-da-taxa-de-inscricao-do-enem\/\" \/>\n<meta property=\"og:site_name\" content=\"PORTAL DE NOT\u00cdCIAS CLEITON PINHEIRO\" \/>\n<meta property=\"article:publisher\" content=\"https:\/\/www.facebook.com\/portalcpnoticias\/\" \/>\n<meta property=\"article:published_time\" content=\"2020-04-17T11:23:24+00:00\" \/>\n<meta name=\"author\" content=\"Dermival Pereira\" \/>\n<meta name=\"twitter:card\" content=\"summary_large_image\" \/>\n<meta name=\"twitter:label1\" content=\"Escrito por\" \/>\n\t<meta name=\"twitter:data1\" content=\"Dermival Pereira\" \/>\n\t<meta name=\"twitter:label2\" content=\"Est. tempo de leitura\" \/>\n\t<meta name=\"twitter:data2\" content=\"3 minutos\" \/>\n<script type=\"application\/ld+json\" class=\"yoast-schema-graph\">{\"@context\":\"https:\/\/schema.org\",\"@graph\":[{\"@type\":\"Article\",\"@id\":\"https:\/\/cleitonpinheiro.com.br\/site\/termina-hoje-prazo-para-pedir-isencao-da-taxa-de-inscricao-do-enem\/#article\",\"isPartOf\":{\"@id\":\"https:\/\/cleitonpinheiro.com.br\/site\/termina-hoje-prazo-para-pedir-isencao-da-taxa-de-inscricao-do-enem\/\"},\"author\":{\"name\":\"Dermival Pereira\",\"@id\":\"https:\/\/cleitonpinheiro.com.br\/site\/#\/schema\/person\/aac6d7f311e80c43042e98a900b03cd8\"},\"headline\":\"Termina hoje prazo para pedir isen\u00e7\u00e3o da taxa do enem\",\"datePublished\":\"2020-04-17T11:23:24+00:00\",\"mainEntityOfPage\":{\"@id\":\"https:\/\/cleitonpinheiro.com.br\/site\/termina-hoje-prazo-para-pedir-isencao-da-taxa-de-inscricao-do-enem\/\"},\"wordCount\":578,\"commentCount\":0,\"publisher\":{\"@id\":\"https:\/\/cleitonpinheiro.com.br\/site\/#organization\"},\"image\":{\"@id\":\"https:\/\/cleitonpinheiro.com.br\/site\/termina-hoje-prazo-para-pedir-isencao-da-taxa-de-inscricao-do-enem\/#primaryimage\"},\"thumbnailUrl\":\"\",\"articleSection\":[\"BRASIL \/ MUNDO\",\"COLUNAS\",\"NOT\u00cdCIAS EM DESTAQUE\"],\"inLanguage\":\"pt-BR\",\"potentialAction\":[{\"@type\":\"CommentAction\",\"name\":\"Comment\",\"target\":[\"https:\/\/cleitonpinheiro.com.br\/site\/termina-hoje-prazo-para-pedir-isencao-da-taxa-de-inscricao-do-enem\/#respond\"]}]},{\"@type\":\"WebPage\",\"@id\":\"https:\/\/cleitonpinheiro.com.br\/site\/termina-hoje-prazo-para-pedir-isencao-da-taxa-de-inscricao-do-enem\/\",\"url\":\"https:\/\/cleitonpinheiro.com.br\/site\/termina-hoje-prazo-para-pedir-isencao-da-taxa-de-inscricao-do-enem\/\",\"name\":\"Termina hoje prazo para pedir isen\u00e7\u00e3o da taxa do enem - PORTAL DE NOT\u00cdCIAS CLEITON PINHEIRO\",\"isPartOf\":{\"@id\":\"https:\/\/cleitonpinheiro.com.br\/site\/#website\"},\"primaryImageOfPage\":{\"@id\":\"https:\/\/cleitonpinheiro.com.br\/site\/termina-hoje-prazo-para-pedir-isencao-da-taxa-de-inscricao-do-enem\/#primaryimage\"},\"image\":{\"@id\":\"https:\/\/cleitonpinheiro.com.br\/site\/termina-hoje-prazo-para-pedir-isencao-da-taxa-de-inscricao-do-enem\/#primaryimage\"},\"thumbnailUrl\":\"\",\"datePublished\":\"2020-04-17T11:23:24+00:00\",\"breadcrumb\":{\"@id\":\"https:\/\/cleitonpinheiro.com.br\/site\/termina-hoje-prazo-para-pedir-isencao-da-taxa-de-inscricao-do-enem\/#breadcrumb\"},\"inLanguage\":\"pt-BR\",\"potentialAction\":[{\"@type\":\"ReadAction\",\"target\":[\"https:\/\/cleitonpinheiro.com.br\/site\/termina-hoje-prazo-para-pedir-isencao-da-taxa-de-inscricao-do-enem\/\"]}]},{\"@type\":\"ImageObject\",\"inLanguage\":\"pt-BR\",\"@id\":\"https:\/\/cleitonpinheiro.com.br\/site\/termina-hoje-prazo-para-pedir-isencao-da-taxa-de-inscricao-do-enem\/#primaryimage\",\"url\":\"\",\"contentUrl\":\"\"},{\"@type\":\"BreadcrumbList\",\"@id\":\"https:\/\/cleitonpinheiro.com.br\/site\/termina-hoje-prazo-para-pedir-isencao-da-taxa-de-inscricao-do-enem\/#breadcrumb\",\"itemListElement\":[{\"@type\":\"ListItem\",\"position\":1,\"name\":\"In\u00edcio\",\"item\":\"https:\/\/cleitonpinheiro.com.br\/site\/\"},{\"@type\":\"ListItem\",\"position\":2,\"name\":\"Termina hoje prazo para pedir isen\u00e7\u00e3o da taxa do enem\"}]},{\"@type\":\"WebSite\",\"@id\":\"https:\/\/cleitonpinheiro.com.br\/site\/#website\",\"url\":\"https:\/\/cleitonpinheiro.com.br\/site\/\",\"name\":\"PORTAL DE NOT\u00cdCIAS CLEITON PINHEIRO\",\"description\":\"FALANDO A VERDADE\",\"publisher\":{\"@id\":\"https:\/\/cleitonpinheiro.com.br\/site\/#organization\"},\"potentialAction\":[{\"@type\":\"SearchAction\",\"target\":{\"@type\":\"EntryPoint\",\"urlTemplate\":\"https:\/\/cleitonpinheiro.com.br\/site\/?s={search_term_string}\"},\"query-input\":{\"@type\":\"PropertyValueSpecification\",\"valueRequired\":true,\"valueName\":\"search_term_string\"}}],\"inLanguage\":\"pt-BR\"},{\"@type\":\"Organization\",\"@id\":\"https:\/\/cleitonpinheiro.com.br\/site\/#organization\",\"name\":\"CPNOT\u00cdCIAS\",\"url\":\"https:\/\/cleitonpinheiro.com.br\/site\/\",\"logo\":{\"@type\":\"ImageObject\",\"inLanguage\":\"pt-BR\",\"@id\":\"https:\/\/cleitonpinheiro.com.br\/site\/#\/schema\/logo\/image\/\",\"url\":\"https:\/\/cleitonpinheiro.com.br\/site\/wp-content\/uploads\/2022\/08\/Logo-pequena-2.png\",\"contentUrl\":\"https:\/\/cleitonpinheiro.com.br\/site\/wp-content\/uploads\/2022\/08\/Logo-pequena-2.png\",\"width\":500,\"height\":500,\"caption\":\"CPNOT\u00cdCIAS\"},\"image\":{\"@id\":\"https:\/\/cleitonpinheiro.com.br\/site\/#\/schema\/logo\/image\/\"},\"sameAs\":[\"https:\/\/www.facebook.com\/portalcpnoticias\/\"]},{\"@type\":\"Person\",\"@id\":\"https:\/\/cleitonpinheiro.com.br\/site\/#\/schema\/person\/aac6d7f311e80c43042e98a900b03cd8\",\"name\":\"Dermival Pereira\",\"image\":{\"@type\":\"ImageObject\",\"inLanguage\":\"pt-BR\",\"@id\":\"https:\/\/cleitonpinheiro.com.br\/site\/#\/schema\/person\/image\/\",\"url\":\"https:\/\/secure.gravatar.com\/avatar\/cfaebf3742d6bf8db728bcba3eed6bee37b02337a2e6c822994f20ca72a3784d?s=96&r=g\",\"contentUrl\":\"https:\/\/secure.gravatar.com\/avatar\/cfaebf3742d6bf8db728bcba3eed6bee37b02337a2e6c822994f20ca72a3784d?s=96&r=g\",\"caption\":\"Dermival Pereira\"},\"url\":\"https:\/\/cleitonpinheiro.com.br\/site\/author\/dermival\/\"}]}<\/script>\n<!-- \/ Yoast SEO plugin. -->","yoast_head_json":{"title":"Termina hoje prazo para pedir isen\u00e7\u00e3o da taxa do enem - PORTAL DE NOT\u00cdCIAS CLEITON PINHEIRO","robots":{"index":"index","follow":"follow","max-snippet":"max-snippet:-1","max-image-preview":"max-image-preview:large","max-video-preview":"max-video-preview:-1"},"canonical":"https:\/\/cleitonpinheiro.com.br\/site\/termina-hoje-prazo-para-pedir-isencao-da-taxa-de-inscricao-do-enem\/","og_locale":"pt_BR","og_type":"article","og_title":"Termina hoje prazo para pedir isen\u00e7\u00e3o da taxa do enem - PORTAL DE NOT\u00cdCIAS CLEITON PINHEIRO","og_description":"Termina \u00e0s 23h59 desta sexta-feira, 17, o prazo para pedir isen\u00e7\u00e3o da taxa de inscri\u00e7\u00e3o do Exame Nacional do Ensino M\u00e9dio (Enem) de 2020. O participante que deseja solicitar o direito de n\u00e3o pagar a taxa e estiver dentro dos crit\u00e9rios do edital deve acessar a p\u00e1gina do Enem 2020 e se inscrever. O resultado [&hellip;]","og_url":"https:\/\/cleitonpinheiro.com.br\/site\/termina-hoje-prazo-para-pedir-isencao-da-taxa-de-inscricao-do-enem\/","og_site_name":"PORTAL DE NOT\u00cdCIAS CLEITON PINHEIRO","article_publisher":"https:\/\/www.facebook.com\/portalcpnoticias\/","article_published_time":"2020-04-17T11:23:24+00:00","author":"Dermival Pereira","twitter_card":"summary_large_image","twitter_misc":{"Escrito por":"Dermival Pereira","Est. tempo de leitura":"3 minutos"},"schema":{"@context":"https:\/\/schema.org","@graph":[{"@type":"Article","@id":"https:\/\/cleitonpinheiro.com.br\/site\/termina-hoje-prazo-para-pedir-isencao-da-taxa-de-inscricao-do-enem\/#article","isPartOf":{"@id":"https:\/\/cleitonpinheiro.com.br\/site\/termina-hoje-prazo-para-pedir-isencao-da-taxa-de-inscricao-do-enem\/"},"author":{"name":"Dermival Pereira","@id":"https:\/\/cleitonpinheiro.com.br\/site\/#\/schema\/person\/aac6d7f311e80c43042e98a900b03cd8"},"headline":"Termina hoje prazo para pedir isen\u00e7\u00e3o da taxa do enem","datePublished":"2020-04-17T11:23:24+00:00","mainEntityOfPage":{"@id":"https:\/\/cleitonpinheiro.com.br\/site\/termina-hoje-prazo-para-pedir-isencao-da-taxa-de-inscricao-do-enem\/"},"wordCount":578,"commentCount":0,"publisher":{"@id":"https:\/\/cleitonpinheiro.com.br\/site\/#organization"},"image":{"@id":"https:\/\/cleitonpinheiro.com.br\/site\/termina-hoje-prazo-para-pedir-isencao-da-taxa-de-inscricao-do-enem\/#primaryimage"},"thumbnailUrl":"","articleSection":["BRASIL \/ MUNDO","COLUNAS","NOT\u00cdCIAS EM DESTAQUE"],"inLanguage":"pt-BR","potentialAction":[{"@type":"CommentAction","name":"Comment","target":["https:\/\/cleitonpinheiro.com.br\/site\/termina-hoje-prazo-para-pedir-isencao-da-taxa-de-inscricao-do-enem\/#respond"]}]},{"@type":"WebPage","@id":"https:\/\/cleitonpinheiro.com.br\/site\/termina-hoje-prazo-para-pedir-isencao-da-taxa-de-inscricao-do-enem\/","url":"https:\/\/cleitonpinheiro.com.br\/site\/termina-hoje-prazo-para-pedir-isencao-da-taxa-de-inscricao-do-enem\/","name":"Termina hoje prazo para pedir isen\u00e7\u00e3o da taxa do enem - PORTAL DE NOT\u00cdCIAS CLEITON PINHEIRO","isPartOf":{"@id":"https:\/\/cleitonpinheiro.com.br\/site\/#website"},"primaryImageOfPage":{"@id":"https:\/\/cleitonpinheiro.com.br\/site\/termina-hoje-prazo-para-pedir-isencao-da-taxa-de-inscricao-do-enem\/#primaryimage"},"image":{"@id":"https:\/\/cleitonpinheiro.com.br\/site\/termina-hoje-prazo-para-pedir-isencao-da-taxa-de-inscricao-do-enem\/#primaryimage"},"thumbnailUrl":"","datePublished":"2020-04-17T11:23:24+00:00","breadcrumb":{"@id":"https:\/\/cleitonpinheiro.com.br\/site\/termina-hoje-prazo-para-pedir-isencao-da-taxa-de-inscricao-do-enem\/#breadcrumb"},"inLanguage":"pt-BR","potentialAction":[{"@type":"ReadAction","target":["https:\/\/cleitonpinheiro.com.br\/site\/termina-hoje-prazo-para-pedir-isencao-da-taxa-de-inscricao-do-enem\/"]}]},{"@type":"ImageObject","inLanguage":"pt-BR","@id":"https:\/\/cleitonpinheiro.com.br\/site\/termina-hoje-prazo-para-pedir-isencao-da-taxa-de-inscricao-do-enem\/#primaryimage","url":"","contentUrl":""},{"@type":"BreadcrumbList","@id":"https:\/\/cleitonpinheiro.com.br\/site\/termina-hoje-prazo-para-pedir-isencao-da-taxa-de-inscricao-do-enem\/#breadcrumb","itemListElement":[{"@type":"ListItem","position":1,"name":"In\u00edcio","item":"https:\/\/cleitonpinheiro.com.br\/site\/"},{"@type":"ListItem","position":2,"name":"Termina hoje prazo para pedir isen\u00e7\u00e3o da taxa do enem"}]},{"@type":"WebSite","@id":"https:\/\/cleitonpinheiro.com.br\/site\/#website","url":"https:\/\/cleitonpinheiro.com.br\/site\/","name":"PORTAL DE NOT\u00cdCIAS CLEITON PINHEIRO","description":"FALANDO A VERDADE","publisher":{"@id":"https:\/\/cleitonpinheiro.com.br\/site\/#organization"},"potentialAction":[{"@type":"SearchAction","target":{"@type":"EntryPoint","urlTemplate":"https:\/\/cleitonpinheiro.com.br\/site\/?s={search_term_string}"},"query-input":{"@type":"PropertyValueSpecification","valueRequired":true,"valueName":"search_term_string"}}],"inLanguage":"pt-BR"},{"@type":"Organization","@id":"https:\/\/cleitonpinheiro.com.br\/site\/#organization","name":"CPNOT\u00cdCIAS","url":"https:\/\/cleitonpinheiro.com.br\/site\/","logo":{"@type":"ImageObject","inLanguage":"pt-BR","@id":"https:\/\/cleitonpinheiro.com.br\/site\/#\/schema\/logo\/image\/","url":"https:\/\/cleitonpinheiro.com.br\/site\/wp-content\/uploads\/2022\/08\/Logo-pequena-2.png","contentUrl":"https:\/\/cleitonpinheiro.com.br\/site\/wp-content\/uploads\/2022\/08\/Logo-pequena-2.png","width":500,"height":500,"caption":"CPNOT\u00cdCIAS"},"image":{"@id":"https:\/\/cleitonpinheiro.com.br\/site\/#\/schema\/logo\/image\/"},"sameAs":["https:\/\/www.facebook.com\/portalcpnoticias\/"]},{"@type":"Person","@id":"https:\/\/cleitonpinheiro.com.br\/site\/#\/schema\/person\/aac6d7f311e80c43042e98a900b03cd8","name":"Dermival Pereira","image":{"@type":"ImageObject","inLanguage":"pt-BR","@id":"https:\/\/cleitonpinheiro.com.br\/site\/#\/schema\/person\/image\/","url":"https:\/\/secure.gravatar.com\/avatar\/cfaebf3742d6bf8db728bcba3eed6bee37b02337a2e6c822994f20ca72a3784d?s=96&r=g","contentUrl":"https:\/\/secure.gravatar.com\/avatar\/cfaebf3742d6bf8db728bcba3eed6bee37b02337a2e6c822994f20ca72a3784d?s=96&r=g","caption":"Dermival Pereira"},"url":"https:\/\/cleitonpinheiro.com.br\/site\/author\/dermival\/"}]}},"views":119,"_links":{"self":[{"href":"https:\/\/cleitonpinheiro.com.br\/site\/wp-json\/wp\/v2\/posts\/29216","targetHints":{"allow":["GET"]}}],"collection":[{"href":"https:\/\/cleitonpinheiro.com.br\/site\/wp-json\/wp\/v2\/posts"}],"about":[{"href":"https:\/\/cleitonpinheiro.com.br\/site\/wp-json\/wp\/v2\/types\/post"}],"author":[{"embeddable":true,"href":"https:\/\/cleitonpinheiro.com.br\/site\/wp-json\/wp\/v2\/users\/4"}],"replies":[{"embeddable":true,"href":"https:\/\/cleitonpinheiro.com.br\/site\/wp-json\/wp\/v2\/comments?post=29216"}],"version-history":[{"count":0,"href":"https:\/\/cleitonpinheiro.com.br\/site\/wp-json\/wp\/v2\/posts\/29216\/revisions"}],"wp:featuredmedia":[{"embeddable":true,"href":"https:\/\/cleitonpinheiro.com.br\/site\/wp-json\/"}],"wp:attachment":[{"href":"https:\/\/cleitonpinheiro.com.br\/site\/wp-json\/wp\/v2\/media?parent=29216"}],"wp:term":[{"taxonomy":"category","embeddable":true,"href":"https:\/\/cleitonpinheiro.com.br\/site\/wp-json\/wp\/v2\/categories?post=29216"},{"taxonomy":"post_tag","embeddable":true,"href":"https:\/\/cleitonpinheiro.com.br\/site\/wp-json\/wp\/v2\/tags?post=29216"}],"curies":[{"name":"wp","href":"https:\/\/api.w.org\/{rel}","templated":true}]}}