{"id":29230,"date":"2020-04-17T16:26:15","date_gmt":"2020-04-17T19:26:15","guid":{"rendered":"https:\/\/cleitonpinheiro.com.br\/portal\/?p=29230"},"modified":"2020-04-17T16:26:15","modified_gmt":"2020-04-17T19:26:15","slug":"saiba-como-evitar-o-corte-juros-e-multas-das-contas-de-energia-e-agua-apos-a-crise","status":"publish","type":"post","link":"https:\/\/cleitonpinheiro.com.br\/site\/saiba-como-evitar-o-corte-juros-e-multas-das-contas-de-energia-e-agua-apos-a-crise\/","title":{"rendered":"Saiba como evitar o corte de energia e \u00e1gua ap\u00f3s a crise"},"content":{"rendered":"\n<p><strong><em>Por Dermival Pereira<\/em><\/strong><\/p>\n\n\n<figure class=\"wp-block-image\"><img decoding=\"async\" src=\"https:\/\/cleitonpinheiro.com.br\/portal\/wp-content\/uploads\/2020\/04\/Aguaeluzeditadaa.jpg\" alt=\"\" class=\"wp-image-29231\"\/><\/figure>\n\n\n<p>No \u00faltimo dia 24 de mar\u00e7o, a Ag\u00eancia Nacional de Energia El\u00e9trica (Aneel) decidiu suspender os cortes no fornecimento de energia el\u00e9trica motivados por falta de pagamento dos consumidores pelo prazo de 90 dias. Em Medida Provis\u00f3ria (MP), publicada na mesma data, governador Mauro Carlesse (DEM), tamb\u00e9m proibiu os cortes de \u00e1gua e energia no Estado, no per\u00edodo, por causa da crise provocada pelo novo coronav\u00edrus.<\/p>\n\n\n<p>No entanto, muitos consumidores acabam por confundir a proibi\u00e7\u00e3o da suspens\u00e3o dos servi\u00e7os, neste per\u00edodo, com a n\u00e3o obrigatoriedade do pagamento. As d\u00favidas tamb\u00e9m existem sobre o que fazer ap\u00f3s esse per\u00edodo, em caso de atraso nos pagamentos. A medida vale para resid\u00eancias urbanas e rurais, al\u00e9m de servi\u00e7os essenciais.<\/p>\n\n\n<p>Em resposta aos questionamentos da reportagem sobre o assunto, a Energisa disse que, \u201ca orienta\u00e7\u00e3o da companhia \u00e9 para que os consumidores, que tenham condi\u00e7\u00f5es, realizem o pagamento em dia, evitando o ac\u00famulo da d\u00edvida. <strong>Caso o cliente realmente n\u00e3o tenha condi\u00e7\u00e3o de pagar a fatura, \u00e9 importante procurar a Energisa o quanto antes para fazer a negocia\u00e7\u00e3o dos d\u00e9bitos. O consumidor n\u00e3o precisa esperar as contas dos tr\u00eas meses acumularem para isso, at\u00e9 porque h\u00e1 incid\u00eancia de juros e multas quando o pagamento n\u00e3o \u00e9 realizado<\/strong>\u201d.<\/p>\n\n\n<p><strong>Em caso de corte (ap\u00f3s esse per\u00edodo), por falta de pagamento referente ao tempo de proibi\u00e7\u00e3o, para que a energia seja religada, a Energisa informou que,<\/strong> \u201c<strong>o cliente dever\u00e1 efetuar o pagamento de todas as faturas vencidas, por isso \u00e9 importante que o consumidor se programe para evitar o ac\u00famulo\u201d.<\/strong><\/p>\n\n\n<p>Conforme a Energisa, \u00e9 importante que os consumidores paguem a conta em dia. Mas a empresa entende que o momento \u00e9 dif\u00edcil e por isso preparou um conjunto de medidas para facilitar o pagamento de contas atrasadas. <strong>As op\u00e7\u00f5es valem para os consumidores atendidos em baixa tens\u00e3o, como resid\u00eancias e pequenos com\u00e9rcios, que poder\u00e3o dividir seus d\u00e9bitos com entradas facilitadas e mais op\u00e7\u00f5es de parcelamento. As propostas de flexibiliza\u00e7\u00e3o s\u00e3o feitas de acordo com o perfil de consumo de cada cliente. <\/strong><\/p>\n\n\n<p>Outro ponto importante, ressalta a Energisa, \u201c\u00e9 sobre os h\u00e1bitos de consumo de energia. Em tempos de isolamento social, em que mais pessoas est\u00e3o em casa, os consumidores precisam usar a energia de forma eficiente para evitar aumento na conta de energia. Geladeira, ar-condicionado, chuveiro el\u00e9trico e ferro de passar s\u00e3o os grandes vil\u00f5es\u201d.<br \/> <br \/> <strong>BRK Ambiental<br \/> <\/strong><br \/> Sobre o mesmo assunto, a empresa BRK Ambiental, respons\u00e1vel pelo fornecimento de \u00e1gua em v\u00e1rias cidades do Tocantins, informou que, \u201co corte do fornecimento de \u00e1gua por falta de pagamento est\u00e1 suspensa em raz\u00e3o das medidas adotadas para combater o Covid-19.<strong> A empresa orienta os seus clientes a manterem o pagamento em dia para evitar juros, multas e outros encargos. Os clientes podem realizar, a qualquer momento, parcelamentos e negocia\u00e7\u00f5es para quita\u00e7\u00e3o de suas d\u00edvidas\u201d.<\/strong><\/p>\n\n\n<p>Segundo a BRK, \u201cem caso de necessidade de religa\u00e7\u00e3o <strong>(quando o fornecimento estiver suspenso por\nfalta de pagamento)<\/strong>, o cliente pode realizar uma negocia\u00e7\u00e3o para\nparcelamento da d\u00edvida garantindo o reestabelecimento do servi\u00e7o. Os canais\ndigitais da empresa e o 0800 6440 195 podem ser procurados pelos clientes que\ntiverem qualquer d\u00favida\u201d. <\/p>\n","protected":false},"excerpt":{"rendered":"<p>Por Dermival Pereira No \u00faltimo dia 24 de mar\u00e7o, a Ag\u00eancia Nacional de Energia El\u00e9trica (Aneel) decidiu suspender os cortes no fornecimento de energia el\u00e9trica motivados por falta de pagamento dos consumidores pelo prazo de 90 dias. Em Medida Provis\u00f3ria (MP), publicada na mesma data, governador Mauro Carlesse (DEM), tamb\u00e9m proibiu os cortes de \u00e1gua [&hellip;]<\/p>\n","protected":false},"author":4,"featured_media":29232,"comment_status":"open","ping_status":"open","sticky":false,"template":"","format":"standard","meta":{"_acf_changed":false,"footnotes":""},"categories":[24,8,20],"tags":[],"class_list":["post-29230","post","type-post","status-publish","format-standard","has-post-thumbnail","hentry","category-colunas","category-estado","category-noticias-em-destaque"],"acf":[],"yoast_head":"<!-- This site is optimized with the Yoast SEO plugin v24.4 - https:\/\/yoast.com\/wordpress\/plugins\/seo\/ -->\n<title>Saiba como evitar o corte de energia e \u00e1gua ap\u00f3s a crise - PORTAL DE NOT\u00cdCIAS CLEITON PINHEIRO<\/title>\n<meta name=\"robots\" content=\"index, follow, max-snippet:-1, max-image-preview:large, max-video-preview:-1\" \/>\n<link rel=\"canonical\" href=\"https:\/\/cleitonpinheiro.com.br\/site\/saiba-como-evitar-o-corte-juros-e-multas-das-contas-de-energia-e-agua-apos-a-crise\/\" \/>\n<meta property=\"og:locale\" content=\"pt_BR\" \/>\n<meta property=\"og:type\" content=\"article\" \/>\n<meta property=\"og:title\" content=\"Saiba como evitar o corte de energia e \u00e1gua ap\u00f3s a crise - PORTAL DE NOT\u00cdCIAS CLEITON PINHEIRO\" \/>\n<meta property=\"og:description\" content=\"Por Dermival Pereira No \u00faltimo dia 24 de mar\u00e7o, a Ag\u00eancia Nacional de Energia El\u00e9trica (Aneel) decidiu suspender os cortes no fornecimento de energia el\u00e9trica motivados por falta de pagamento dos consumidores pelo prazo de 90 dias. Em Medida Provis\u00f3ria (MP), publicada na mesma data, governador Mauro Carlesse (DEM), tamb\u00e9m proibiu os cortes de \u00e1gua [&hellip;]\" \/>\n<meta property=\"og:url\" content=\"https:\/\/cleitonpinheiro.com.br\/site\/saiba-como-evitar-o-corte-juros-e-multas-das-contas-de-energia-e-agua-apos-a-crise\/\" \/>\n<meta property=\"og:site_name\" content=\"PORTAL DE NOT\u00cdCIAS CLEITON PINHEIRO\" \/>\n<meta property=\"article:publisher\" content=\"https:\/\/www.facebook.com\/portalcpnoticias\/\" \/>\n<meta property=\"article:published_time\" content=\"2020-04-17T19:26:15+00:00\" \/>\n<meta name=\"author\" content=\"Dermival Pereira\" \/>\n<meta name=\"twitter:card\" content=\"summary_large_image\" \/>\n<meta name=\"twitter:label1\" content=\"Escrito por\" \/>\n\t<meta name=\"twitter:data1\" content=\"Dermival Pereira\" \/>\n\t<meta name=\"twitter:label2\" content=\"Est. tempo de leitura\" \/>\n\t<meta name=\"twitter:data2\" content=\"3 minutos\" \/>\n<script type=\"application\/ld+json\" class=\"yoast-schema-graph\">{\"@context\":\"https:\/\/schema.org\",\"@graph\":[{\"@type\":\"Article\",\"@id\":\"https:\/\/cleitonpinheiro.com.br\/site\/saiba-como-evitar-o-corte-juros-e-multas-das-contas-de-energia-e-agua-apos-a-crise\/#article\",\"isPartOf\":{\"@id\":\"https:\/\/cleitonpinheiro.com.br\/site\/saiba-como-evitar-o-corte-juros-e-multas-das-contas-de-energia-e-agua-apos-a-crise\/\"},\"author\":{\"name\":\"Dermival Pereira\",\"@id\":\"https:\/\/cleitonpinheiro.com.br\/site\/#\/schema\/person\/aac6d7f311e80c43042e98a900b03cd8\"},\"headline\":\"Saiba como evitar o corte de energia e \u00e1gua ap\u00f3s a crise\",\"datePublished\":\"2020-04-17T19:26:15+00:00\",\"mainEntityOfPage\":{\"@id\":\"https:\/\/cleitonpinheiro.com.br\/site\/saiba-como-evitar-o-corte-juros-e-multas-das-contas-de-energia-e-agua-apos-a-crise\/\"},\"wordCount\":583,\"commentCount\":0,\"publisher\":{\"@id\":\"https:\/\/cleitonpinheiro.com.br\/site\/#organization\"},\"image\":{\"@id\":\"https:\/\/cleitonpinheiro.com.br\/site\/saiba-como-evitar-o-corte-juros-e-multas-das-contas-de-energia-e-agua-apos-a-crise\/#primaryimage\"},\"thumbnailUrl\":\"\",\"articleSection\":[\"COLUNAS\",\"ESTADO\",\"NOT\u00cdCIAS EM DESTAQUE\"],\"inLanguage\":\"pt-BR\",\"potentialAction\":[{\"@type\":\"CommentAction\",\"name\":\"Comment\",\"target\":[\"https:\/\/cleitonpinheiro.com.br\/site\/saiba-como-evitar-o-corte-juros-e-multas-das-contas-de-energia-e-agua-apos-a-crise\/#respond\"]}]},{\"@type\":\"WebPage\",\"@id\":\"https:\/\/cleitonpinheiro.com.br\/site\/saiba-como-evitar-o-corte-juros-e-multas-das-contas-de-energia-e-agua-apos-a-crise\/\",\"url\":\"https:\/\/cleitonpinheiro.com.br\/site\/saiba-como-evitar-o-corte-juros-e-multas-das-contas-de-energia-e-agua-apos-a-crise\/\",\"name\":\"Saiba como evitar o corte de energia e \u00e1gua ap\u00f3s a crise - PORTAL DE NOT\u00cdCIAS CLEITON PINHEIRO\",\"isPartOf\":{\"@id\":\"https:\/\/cleitonpinheiro.com.br\/site\/#website\"},\"primaryImageOfPage\":{\"@id\":\"https:\/\/cleitonpinheiro.com.br\/site\/saiba-como-evitar-o-corte-juros-e-multas-das-contas-de-energia-e-agua-apos-a-crise\/#primaryimage\"},\"image\":{\"@id\":\"https:\/\/cleitonpinheiro.com.br\/site\/saiba-como-evitar-o-corte-juros-e-multas-das-contas-de-energia-e-agua-apos-a-crise\/#primaryimage\"},\"thumbnailUrl\":\"\",\"datePublished\":\"2020-04-17T19:26:15+00:00\",\"breadcrumb\":{\"@id\":\"https:\/\/cleitonpinheiro.com.br\/site\/saiba-como-evitar-o-corte-juros-e-multas-das-contas-de-energia-e-agua-apos-a-crise\/#breadcrumb\"},\"inLanguage\":\"pt-BR\",\"potentialAction\":[{\"@type\":\"ReadAction\",\"target\":[\"https:\/\/cleitonpinheiro.com.br\/site\/saiba-como-evitar-o-corte-juros-e-multas-das-contas-de-energia-e-agua-apos-a-crise\/\"]}]},{\"@type\":\"ImageObject\",\"inLanguage\":\"pt-BR\",\"@id\":\"https:\/\/cleitonpinheiro.com.br\/site\/saiba-como-evitar-o-corte-juros-e-multas-das-contas-de-energia-e-agua-apos-a-crise\/#primaryimage\",\"url\":\"\",\"contentUrl\":\"\"},{\"@type\":\"BreadcrumbList\",\"@id\":\"https:\/\/cleitonpinheiro.com.br\/site\/saiba-como-evitar-o-corte-juros-e-multas-das-contas-de-energia-e-agua-apos-a-crise\/#breadcrumb\",\"itemListElement\":[{\"@type\":\"ListItem\",\"position\":1,\"name\":\"In\u00edcio\",\"item\":\"https:\/\/cleitonpinheiro.com.br\/site\/\"},{\"@type\":\"ListItem\",\"position\":2,\"name\":\"Saiba como evitar o corte de energia e \u00e1gua ap\u00f3s a crise\"}]},{\"@type\":\"WebSite\",\"@id\":\"https:\/\/cleitonpinheiro.com.br\/site\/#website\",\"url\":\"https:\/\/cleitonpinheiro.com.br\/site\/\",\"name\":\"PORTAL DE NOT\u00cdCIAS CLEITON PINHEIRO\",\"description\":\"FALANDO A VERDADE\",\"publisher\":{\"@id\":\"https:\/\/cleitonpinheiro.com.br\/site\/#organization\"},\"potentialAction\":[{\"@type\":\"SearchAction\",\"target\":{\"@type\":\"EntryPoint\",\"urlTemplate\":\"https:\/\/cleitonpinheiro.com.br\/site\/?s={search_term_string}\"},\"query-input\":{\"@type\":\"PropertyValueSpecification\",\"valueRequired\":true,\"valueName\":\"search_term_string\"}}],\"inLanguage\":\"pt-BR\"},{\"@type\":\"Organization\",\"@id\":\"https:\/\/cleitonpinheiro.com.br\/site\/#organization\",\"name\":\"CPNOT\u00cdCIAS\",\"url\":\"https:\/\/cleitonpinheiro.com.br\/site\/\",\"logo\":{\"@type\":\"ImageObject\",\"inLanguage\":\"pt-BR\",\"@id\":\"https:\/\/cleitonpinheiro.com.br\/site\/#\/schema\/logo\/image\/\",\"url\":\"https:\/\/cleitonpinheiro.com.br\/site\/wp-content\/uploads\/2022\/08\/Logo-pequena-2.png\",\"contentUrl\":\"https:\/\/cleitonpinheiro.com.br\/site\/wp-content\/uploads\/2022\/08\/Logo-pequena-2.png\",\"width\":500,\"height\":500,\"caption\":\"CPNOT\u00cdCIAS\"},\"image\":{\"@id\":\"https:\/\/cleitonpinheiro.com.br\/site\/#\/schema\/logo\/image\/\"},\"sameAs\":[\"https:\/\/www.facebook.com\/portalcpnoticias\/\"]},{\"@type\":\"Person\",\"@id\":\"https:\/\/cleitonpinheiro.com.br\/site\/#\/schema\/person\/aac6d7f311e80c43042e98a900b03cd8\",\"name\":\"Dermival Pereira\",\"image\":{\"@type\":\"ImageObject\",\"inLanguage\":\"pt-BR\",\"@id\":\"https:\/\/cleitonpinheiro.com.br\/site\/#\/schema\/person\/image\/\",\"url\":\"https:\/\/secure.gravatar.com\/avatar\/cfaebf3742d6bf8db728bcba3eed6bee37b02337a2e6c822994f20ca72a3784d?s=96&r=g\",\"contentUrl\":\"https:\/\/secure.gravatar.com\/avatar\/cfaebf3742d6bf8db728bcba3eed6bee37b02337a2e6c822994f20ca72a3784d?s=96&r=g\",\"caption\":\"Dermival Pereira\"},\"url\":\"https:\/\/cleitonpinheiro.com.br\/site\/author\/dermival\/\"}]}<\/script>\n<!-- \/ Yoast SEO plugin. -->","yoast_head_json":{"title":"Saiba como evitar o corte de energia e \u00e1gua ap\u00f3s a crise - PORTAL DE NOT\u00cdCIAS CLEITON PINHEIRO","robots":{"index":"index","follow":"follow","max-snippet":"max-snippet:-1","max-image-preview":"max-image-preview:large","max-video-preview":"max-video-preview:-1"},"canonical":"https:\/\/cleitonpinheiro.com.br\/site\/saiba-como-evitar-o-corte-juros-e-multas-das-contas-de-energia-e-agua-apos-a-crise\/","og_locale":"pt_BR","og_type":"article","og_title":"Saiba como evitar o corte de energia e \u00e1gua ap\u00f3s a crise - PORTAL DE NOT\u00cdCIAS CLEITON PINHEIRO","og_description":"Por Dermival Pereira No \u00faltimo dia 24 de mar\u00e7o, a Ag\u00eancia Nacional de Energia El\u00e9trica (Aneel) decidiu suspender os cortes no fornecimento de energia el\u00e9trica motivados por falta de pagamento dos consumidores pelo prazo de 90 dias. Em Medida Provis\u00f3ria (MP), publicada na mesma data, governador Mauro Carlesse (DEM), tamb\u00e9m proibiu os cortes de \u00e1gua [&hellip;]","og_url":"https:\/\/cleitonpinheiro.com.br\/site\/saiba-como-evitar-o-corte-juros-e-multas-das-contas-de-energia-e-agua-apos-a-crise\/","og_site_name":"PORTAL DE NOT\u00cdCIAS CLEITON PINHEIRO","article_publisher":"https:\/\/www.facebook.com\/portalcpnoticias\/","article_published_time":"2020-04-17T19:26:15+00:00","author":"Dermival Pereira","twitter_card":"summary_large_image","twitter_misc":{"Escrito por":"Dermival Pereira","Est. tempo de leitura":"3 minutos"},"schema":{"@context":"https:\/\/schema.org","@graph":[{"@type":"Article","@id":"https:\/\/cleitonpinheiro.com.br\/site\/saiba-como-evitar-o-corte-juros-e-multas-das-contas-de-energia-e-agua-apos-a-crise\/#article","isPartOf":{"@id":"https:\/\/cleitonpinheiro.com.br\/site\/saiba-como-evitar-o-corte-juros-e-multas-das-contas-de-energia-e-agua-apos-a-crise\/"},"author":{"name":"Dermival Pereira","@id":"https:\/\/cleitonpinheiro.com.br\/site\/#\/schema\/person\/aac6d7f311e80c43042e98a900b03cd8"},"headline":"Saiba como evitar o corte de energia e \u00e1gua ap\u00f3s a crise","datePublished":"2020-04-17T19:26:15+00:00","mainEntityOfPage":{"@id":"https:\/\/cleitonpinheiro.com.br\/site\/saiba-como-evitar-o-corte-juros-e-multas-das-contas-de-energia-e-agua-apos-a-crise\/"},"wordCount":583,"commentCount":0,"publisher":{"@id":"https:\/\/cleitonpinheiro.com.br\/site\/#organization"},"image":{"@id":"https:\/\/cleitonpinheiro.com.br\/site\/saiba-como-evitar-o-corte-juros-e-multas-das-contas-de-energia-e-agua-apos-a-crise\/#primaryimage"},"thumbnailUrl":"","articleSection":["COLUNAS","ESTADO","NOT\u00cdCIAS EM DESTAQUE"],"inLanguage":"pt-BR","potentialAction":[{"@type":"CommentAction","name":"Comment","target":["https:\/\/cleitonpinheiro.com.br\/site\/saiba-como-evitar-o-corte-juros-e-multas-das-contas-de-energia-e-agua-apos-a-crise\/#respond"]}]},{"@type":"WebPage","@id":"https:\/\/cleitonpinheiro.com.br\/site\/saiba-como-evitar-o-corte-juros-e-multas-das-contas-de-energia-e-agua-apos-a-crise\/","url":"https:\/\/cleitonpinheiro.com.br\/site\/saiba-como-evitar-o-corte-juros-e-multas-das-contas-de-energia-e-agua-apos-a-crise\/","name":"Saiba como evitar o corte de energia e \u00e1gua ap\u00f3s a crise - PORTAL DE NOT\u00cdCIAS CLEITON PINHEIRO","isPartOf":{"@id":"https:\/\/cleitonpinheiro.com.br\/site\/#website"},"primaryImageOfPage":{"@id":"https:\/\/cleitonpinheiro.com.br\/site\/saiba-como-evitar-o-corte-juros-e-multas-das-contas-de-energia-e-agua-apos-a-crise\/#primaryimage"},"image":{"@id":"https:\/\/cleitonpinheiro.com.br\/site\/saiba-como-evitar-o-corte-juros-e-multas-das-contas-de-energia-e-agua-apos-a-crise\/#primaryimage"},"thumbnailUrl":"","datePublished":"2020-04-17T19:26:15+00:00","breadcrumb":{"@id":"https:\/\/cleitonpinheiro.com.br\/site\/saiba-como-evitar-o-corte-juros-e-multas-das-contas-de-energia-e-agua-apos-a-crise\/#breadcrumb"},"inLanguage":"pt-BR","potentialAction":[{"@type":"ReadAction","target":["https:\/\/cleitonpinheiro.com.br\/site\/saiba-como-evitar-o-corte-juros-e-multas-das-contas-de-energia-e-agua-apos-a-crise\/"]}]},{"@type":"ImageObject","inLanguage":"pt-BR","@id":"https:\/\/cleitonpinheiro.com.br\/site\/saiba-como-evitar-o-corte-juros-e-multas-das-contas-de-energia-e-agua-apos-a-crise\/#primaryimage","url":"","contentUrl":""},{"@type":"BreadcrumbList","@id":"https:\/\/cleitonpinheiro.com.br\/site\/saiba-como-evitar-o-corte-juros-e-multas-das-contas-de-energia-e-agua-apos-a-crise\/#breadcrumb","itemListElement":[{"@type":"ListItem","position":1,"name":"In\u00edcio","item":"https:\/\/cleitonpinheiro.com.br\/site\/"},{"@type":"ListItem","position":2,"name":"Saiba como evitar o corte de energia e \u00e1gua ap\u00f3s a crise"}]},{"@type":"WebSite","@id":"https:\/\/cleitonpinheiro.com.br\/site\/#website","url":"https:\/\/cleitonpinheiro.com.br\/site\/","name":"PORTAL DE NOT\u00cdCIAS CLEITON PINHEIRO","description":"FALANDO A VERDADE","publisher":{"@id":"https:\/\/cleitonpinheiro.com.br\/site\/#organization"},"potentialAction":[{"@type":"SearchAction","target":{"@type":"EntryPoint","urlTemplate":"https:\/\/cleitonpinheiro.com.br\/site\/?s={search_term_string}"},"query-input":{"@type":"PropertyValueSpecification","valueRequired":true,"valueName":"search_term_string"}}],"inLanguage":"pt-BR"},{"@type":"Organization","@id":"https:\/\/cleitonpinheiro.com.br\/site\/#organization","name":"CPNOT\u00cdCIAS","url":"https:\/\/cleitonpinheiro.com.br\/site\/","logo":{"@type":"ImageObject","inLanguage":"pt-BR","@id":"https:\/\/cleitonpinheiro.com.br\/site\/#\/schema\/logo\/image\/","url":"https:\/\/cleitonpinheiro.com.br\/site\/wp-content\/uploads\/2022\/08\/Logo-pequena-2.png","contentUrl":"https:\/\/cleitonpinheiro.com.br\/site\/wp-content\/uploads\/2022\/08\/Logo-pequena-2.png","width":500,"height":500,"caption":"CPNOT\u00cdCIAS"},"image":{"@id":"https:\/\/cleitonpinheiro.com.br\/site\/#\/schema\/logo\/image\/"},"sameAs":["https:\/\/www.facebook.com\/portalcpnoticias\/"]},{"@type":"Person","@id":"https:\/\/cleitonpinheiro.com.br\/site\/#\/schema\/person\/aac6d7f311e80c43042e98a900b03cd8","name":"Dermival Pereira","image":{"@type":"ImageObject","inLanguage":"pt-BR","@id":"https:\/\/cleitonpinheiro.com.br\/site\/#\/schema\/person\/image\/","url":"https:\/\/secure.gravatar.com\/avatar\/cfaebf3742d6bf8db728bcba3eed6bee37b02337a2e6c822994f20ca72a3784d?s=96&r=g","contentUrl":"https:\/\/secure.gravatar.com\/avatar\/cfaebf3742d6bf8db728bcba3eed6bee37b02337a2e6c822994f20ca72a3784d?s=96&r=g","caption":"Dermival Pereira"},"url":"https:\/\/cleitonpinheiro.com.br\/site\/author\/dermival\/"}]}},"views":119,"_links":{"self":[{"href":"https:\/\/cleitonpinheiro.com.br\/site\/wp-json\/wp\/v2\/posts\/29230","targetHints":{"allow":["GET"]}}],"collection":[{"href":"https:\/\/cleitonpinheiro.com.br\/site\/wp-json\/wp\/v2\/posts"}],"about":[{"href":"https:\/\/cleitonpinheiro.com.br\/site\/wp-json\/wp\/v2\/types\/post"}],"author":[{"embeddable":true,"href":"https:\/\/cleitonpinheiro.com.br\/site\/wp-json\/wp\/v2\/users\/4"}],"replies":[{"embeddable":true,"href":"https:\/\/cleitonpinheiro.com.br\/site\/wp-json\/wp\/v2\/comments?post=29230"}],"version-history":[{"count":0,"href":"https:\/\/cleitonpinheiro.com.br\/site\/wp-json\/wp\/v2\/posts\/29230\/revisions"}],"wp:featuredmedia":[{"embeddable":true,"href":"https:\/\/cleitonpinheiro.com.br\/site\/wp-json\/"}],"wp:attachment":[{"href":"https:\/\/cleitonpinheiro.com.br\/site\/wp-json\/wp\/v2\/media?parent=29230"}],"wp:term":[{"taxonomy":"category","embeddable":true,"href":"https:\/\/cleitonpinheiro.com.br\/site\/wp-json\/wp\/v2\/categories?post=29230"},{"taxonomy":"post_tag","embeddable":true,"href":"https:\/\/cleitonpinheiro.com.br\/site\/wp-json\/wp\/v2\/tags?post=29230"}],"curies":[{"name":"wp","href":"https:\/\/api.w.org\/{rel}","templated":true}]}}