{"id":29234,"date":"2020-04-17T10:05:58","date_gmt":"2020-04-17T13:05:58","guid":{"rendered":"https:\/\/cleitonpinheiro.com.br\/portal\/?p=29234"},"modified":"2020-04-17T10:05:58","modified_gmt":"2020-04-17T13:05:58","slug":"decreto-que-torna-obrigatorio-o-uso-de-mascaras-em-araguaina-entra-em-vigor-a-partir-de-hoje","status":"publish","type":"post","link":"https:\/\/cleitonpinheiro.com.br\/site\/decreto-que-torna-obrigatorio-o-uso-de-mascaras-em-araguaina-entra-em-vigor-a-partir-de-hoje\/","title":{"rendered":"Decreto que obriga o uso de m\u00e1scaras em Aragua\u00edna entra em vigor hoje"},"content":{"rendered":"\n<p><strong><em>Por Dermival Pereira<\/em><\/strong><\/p>\n\n\n<figure class=\"wp-block-image\"><img decoding=\"async\" src=\"https:\/\/cleitonpinheiro.com.br\/portal\/wp-content\/uploads\/2020\/04\/Dimaseditadooo-2.jpg\" alt=\"\" class=\"wp-image-29235\"\/><\/figure>\n\n\n<p>O prefeito de Aragua\u00edna, Ronaldo Dimas (Podemos) determinou, via decreto, o uso obrigat\u00f3rio de m\u00e1scaras em todos os locais p\u00fablicos da cidade, inclusive no com\u00e9rcio. A medida entra em vigor a partir desta sexta-feira, 17. &nbsp;A decis\u00e3o j\u00e1 havia sido anunciada pelo gestor, na semana passada, por meio de uma rede social e foi tomada para combater o avan\u00e7o da covid-19, no munic\u00edpio. <\/p>\n\n\n<p>Aragua\u00edna \u00e9 a primeira cidade brasileira a obrigar moradores\na usarem m\u00e1scaras respirat\u00f3rias em locais p\u00fablicos. A regra e foi regulamentada\npelo Decreto Municipal n\u00ba 217\/20, que est\u00e1 publicado no Di\u00e1rio Oficial do dia\n6. Somente n\u00e3o s\u00e3o considerados ambientes p\u00fablicos ou de livre acesso as\nresid\u00eancias e locais p\u00fablicos e privados onde somente uma pessoa utilize ou\ntrabalhe. <\/p>\n\n\n<p><strong>Consci\u00eancia de todos<\/strong><\/p>\n\n\n<p>A m\u00e1scara pode caseira, ser feita de\nqualquer material, como retalhos de tecido. A Prefeitura espera a conscientiza\u00e7\u00e3o\ndos araguainenses no combate \u00e0 covid-19. Caso descumpra, a multa para quem for\nflagrado sem o item \u00e9 de R$ 50, sendo R$ 100 por reincid\u00eancia e no terceiro\nflagrante a pessoa responder\u00e1 por crime contra ordem e sa\u00fade p\u00fablica. A receita\noriunda de eventuais multas ser\u00e1 destinada \u00e0 aquisi\u00e7\u00e3o de equipamentos e\ninsumos para o combate \u00e0 pandemia.<\/p>\n\n\n<p>&nbsp;A fiscaliza\u00e7\u00e3o ser\u00e1 feita conjuntamente pela\nVigil\u00e2ncia Epidemiol\u00f3gica, Fiscaliza\u00e7\u00e3o Ambiental, Fiscaliza\u00e7\u00e3o de Posturas,\nFiscaliza\u00e7\u00e3o Sanit\u00e1ria, Fiscaliza\u00e7\u00e3o Fazend\u00e1ria e Ag\u00eancia de Seguran\u00e7a,\nTransporte e Tr\u00e2nsito, com apoio das Pol\u00edcias Militar, Civil e Ambiental e\nCorpo de Bombeiros. As den\u00fancias devem ser feitas peles telefones 190;\n9.9949-5394; 3411-5640 e 3411-5639 em hor\u00e1rio comercial; por mensagem via Whatsapp\n9.9972-6133; ou e-mail demupe@araguaina.to.gov.br.<\/p>\n","protected":false},"excerpt":{"rendered":"<p>Por Dermival Pereira O prefeito de Aragua\u00edna, Ronaldo Dimas (Podemos) determinou, via decreto, o uso obrigat\u00f3rio de m\u00e1scaras em todos os locais p\u00fablicos da cidade, inclusive no com\u00e9rcio. A medida entra em vigor a partir desta sexta-feira, 17. &nbsp;A decis\u00e3o j\u00e1 havia sido anunciada pelo gestor, na semana passada, por meio de uma rede social [&hellip;]<\/p>\n","protected":false},"author":4,"featured_media":29236,"comment_status":"open","ping_status":"open","sticky":false,"template":"","format":"standard","meta":{"_acf_changed":false,"footnotes":""},"categories":[22,24,20],"tags":[],"class_list":["post-29234","post","type-post","status-publish","format-standard","has-post-thumbnail","hentry","category-cidades","category-colunas","category-noticias-em-destaque"],"acf":[],"yoast_head":"<!-- This site is optimized with the Yoast SEO plugin v24.4 - https:\/\/yoast.com\/wordpress\/plugins\/seo\/ -->\n<title>Decreto que obriga o uso de m\u00e1scaras em Aragua\u00edna entra em vigor hoje - PORTAL DE NOT\u00cdCIAS CLEITON PINHEIRO<\/title>\n<meta name=\"robots\" content=\"index, follow, max-snippet:-1, max-image-preview:large, max-video-preview:-1\" \/>\n<link rel=\"canonical\" href=\"https:\/\/cleitonpinheiro.com.br\/site\/decreto-que-torna-obrigatorio-o-uso-de-mascaras-em-araguaina-entra-em-vigor-a-partir-de-hoje\/\" \/>\n<meta property=\"og:locale\" content=\"pt_BR\" \/>\n<meta property=\"og:type\" content=\"article\" \/>\n<meta property=\"og:title\" content=\"Decreto que obriga o uso de m\u00e1scaras em Aragua\u00edna entra em vigor hoje - PORTAL DE NOT\u00cdCIAS CLEITON PINHEIRO\" \/>\n<meta property=\"og:description\" content=\"Por Dermival Pereira O prefeito de Aragua\u00edna, Ronaldo Dimas (Podemos) determinou, via decreto, o uso obrigat\u00f3rio de m\u00e1scaras em todos os locais p\u00fablicos da cidade, inclusive no com\u00e9rcio. A medida entra em vigor a partir desta sexta-feira, 17. &nbsp;A decis\u00e3o j\u00e1 havia sido anunciada pelo gestor, na semana passada, por meio de uma rede social [&hellip;]\" \/>\n<meta property=\"og:url\" content=\"https:\/\/cleitonpinheiro.com.br\/site\/decreto-que-torna-obrigatorio-o-uso-de-mascaras-em-araguaina-entra-em-vigor-a-partir-de-hoje\/\" \/>\n<meta property=\"og:site_name\" content=\"PORTAL DE NOT\u00cdCIAS CLEITON PINHEIRO\" \/>\n<meta property=\"article:publisher\" content=\"https:\/\/www.facebook.com\/portalcpnoticias\/\" \/>\n<meta property=\"article:published_time\" content=\"2020-04-17T13:05:58+00:00\" \/>\n<meta name=\"author\" content=\"Dermival Pereira\" \/>\n<meta name=\"twitter:card\" content=\"summary_large_image\" \/>\n<meta name=\"twitter:label1\" content=\"Escrito por\" \/>\n\t<meta name=\"twitter:data1\" content=\"Dermival Pereira\" \/>\n\t<meta name=\"twitter:label2\" content=\"Est. tempo de leitura\" \/>\n\t<meta name=\"twitter:data2\" content=\"1 minuto\" \/>\n<script type=\"application\/ld+json\" class=\"yoast-schema-graph\">{\"@context\":\"https:\/\/schema.org\",\"@graph\":[{\"@type\":\"Article\",\"@id\":\"https:\/\/cleitonpinheiro.com.br\/site\/decreto-que-torna-obrigatorio-o-uso-de-mascaras-em-araguaina-entra-em-vigor-a-partir-de-hoje\/#article\",\"isPartOf\":{\"@id\":\"https:\/\/cleitonpinheiro.com.br\/site\/decreto-que-torna-obrigatorio-o-uso-de-mascaras-em-araguaina-entra-em-vigor-a-partir-de-hoje\/\"},\"author\":{\"name\":\"Dermival Pereira\",\"@id\":\"https:\/\/cleitonpinheiro.com.br\/site\/#\/schema\/person\/aac6d7f311e80c43042e98a900b03cd8\"},\"headline\":\"Decreto que obriga o uso de m\u00e1scaras em Aragua\u00edna entra em vigor hoje\",\"datePublished\":\"2020-04-17T13:05:58+00:00\",\"mainEntityOfPage\":{\"@id\":\"https:\/\/cleitonpinheiro.com.br\/site\/decreto-que-torna-obrigatorio-o-uso-de-mascaras-em-araguaina-entra-em-vigor-a-partir-de-hoje\/\"},\"wordCount\":314,\"commentCount\":0,\"publisher\":{\"@id\":\"https:\/\/cleitonpinheiro.com.br\/site\/#organization\"},\"image\":{\"@id\":\"https:\/\/cleitonpinheiro.com.br\/site\/decreto-que-torna-obrigatorio-o-uso-de-mascaras-em-araguaina-entra-em-vigor-a-partir-de-hoje\/#primaryimage\"},\"thumbnailUrl\":\"\",\"articleSection\":[\"CIDADES\",\"COLUNAS\",\"NOT\u00cdCIAS EM DESTAQUE\"],\"inLanguage\":\"pt-BR\",\"potentialAction\":[{\"@type\":\"CommentAction\",\"name\":\"Comment\",\"target\":[\"https:\/\/cleitonpinheiro.com.br\/site\/decreto-que-torna-obrigatorio-o-uso-de-mascaras-em-araguaina-entra-em-vigor-a-partir-de-hoje\/#respond\"]}]},{\"@type\":\"WebPage\",\"@id\":\"https:\/\/cleitonpinheiro.com.br\/site\/decreto-que-torna-obrigatorio-o-uso-de-mascaras-em-araguaina-entra-em-vigor-a-partir-de-hoje\/\",\"url\":\"https:\/\/cleitonpinheiro.com.br\/site\/decreto-que-torna-obrigatorio-o-uso-de-mascaras-em-araguaina-entra-em-vigor-a-partir-de-hoje\/\",\"name\":\"Decreto que obriga o uso de m\u00e1scaras em Aragua\u00edna entra em vigor hoje - PORTAL DE NOT\u00cdCIAS CLEITON PINHEIRO\",\"isPartOf\":{\"@id\":\"https:\/\/cleitonpinheiro.com.br\/site\/#website\"},\"primaryImageOfPage\":{\"@id\":\"https:\/\/cleitonpinheiro.com.br\/site\/decreto-que-torna-obrigatorio-o-uso-de-mascaras-em-araguaina-entra-em-vigor-a-partir-de-hoje\/#primaryimage\"},\"image\":{\"@id\":\"https:\/\/cleitonpinheiro.com.br\/site\/decreto-que-torna-obrigatorio-o-uso-de-mascaras-em-araguaina-entra-em-vigor-a-partir-de-hoje\/#primaryimage\"},\"thumbnailUrl\":\"\",\"datePublished\":\"2020-04-17T13:05:58+00:00\",\"breadcrumb\":{\"@id\":\"https:\/\/cleitonpinheiro.com.br\/site\/decreto-que-torna-obrigatorio-o-uso-de-mascaras-em-araguaina-entra-em-vigor-a-partir-de-hoje\/#breadcrumb\"},\"inLanguage\":\"pt-BR\",\"potentialAction\":[{\"@type\":\"ReadAction\",\"target\":[\"https:\/\/cleitonpinheiro.com.br\/site\/decreto-que-torna-obrigatorio-o-uso-de-mascaras-em-araguaina-entra-em-vigor-a-partir-de-hoje\/\"]}]},{\"@type\":\"ImageObject\",\"inLanguage\":\"pt-BR\",\"@id\":\"https:\/\/cleitonpinheiro.com.br\/site\/decreto-que-torna-obrigatorio-o-uso-de-mascaras-em-araguaina-entra-em-vigor-a-partir-de-hoje\/#primaryimage\",\"url\":\"\",\"contentUrl\":\"\"},{\"@type\":\"BreadcrumbList\",\"@id\":\"https:\/\/cleitonpinheiro.com.br\/site\/decreto-que-torna-obrigatorio-o-uso-de-mascaras-em-araguaina-entra-em-vigor-a-partir-de-hoje\/#breadcrumb\",\"itemListElement\":[{\"@type\":\"ListItem\",\"position\":1,\"name\":\"In\u00edcio\",\"item\":\"https:\/\/cleitonpinheiro.com.br\/site\/\"},{\"@type\":\"ListItem\",\"position\":2,\"name\":\"Decreto que obriga o uso de m\u00e1scaras em Aragua\u00edna entra em vigor hoje\"}]},{\"@type\":\"WebSite\",\"@id\":\"https:\/\/cleitonpinheiro.com.br\/site\/#website\",\"url\":\"https:\/\/cleitonpinheiro.com.br\/site\/\",\"name\":\"PORTAL DE NOT\u00cdCIAS CLEITON PINHEIRO\",\"description\":\"FALANDO A VERDADE\",\"publisher\":{\"@id\":\"https:\/\/cleitonpinheiro.com.br\/site\/#organization\"},\"potentialAction\":[{\"@type\":\"SearchAction\",\"target\":{\"@type\":\"EntryPoint\",\"urlTemplate\":\"https:\/\/cleitonpinheiro.com.br\/site\/?s={search_term_string}\"},\"query-input\":{\"@type\":\"PropertyValueSpecification\",\"valueRequired\":true,\"valueName\":\"search_term_string\"}}],\"inLanguage\":\"pt-BR\"},{\"@type\":\"Organization\",\"@id\":\"https:\/\/cleitonpinheiro.com.br\/site\/#organization\",\"name\":\"CPNOT\u00cdCIAS\",\"url\":\"https:\/\/cleitonpinheiro.com.br\/site\/\",\"logo\":{\"@type\":\"ImageObject\",\"inLanguage\":\"pt-BR\",\"@id\":\"https:\/\/cleitonpinheiro.com.br\/site\/#\/schema\/logo\/image\/\",\"url\":\"https:\/\/cleitonpinheiro.com.br\/site\/wp-content\/uploads\/2022\/08\/Logo-pequena-2.png\",\"contentUrl\":\"https:\/\/cleitonpinheiro.com.br\/site\/wp-content\/uploads\/2022\/08\/Logo-pequena-2.png\",\"width\":500,\"height\":500,\"caption\":\"CPNOT\u00cdCIAS\"},\"image\":{\"@id\":\"https:\/\/cleitonpinheiro.com.br\/site\/#\/schema\/logo\/image\/\"},\"sameAs\":[\"https:\/\/www.facebook.com\/portalcpnoticias\/\"]},{\"@type\":\"Person\",\"@id\":\"https:\/\/cleitonpinheiro.com.br\/site\/#\/schema\/person\/aac6d7f311e80c43042e98a900b03cd8\",\"name\":\"Dermival Pereira\",\"image\":{\"@type\":\"ImageObject\",\"inLanguage\":\"pt-BR\",\"@id\":\"https:\/\/cleitonpinheiro.com.br\/site\/#\/schema\/person\/image\/\",\"url\":\"https:\/\/secure.gravatar.com\/avatar\/cfaebf3742d6bf8db728bcba3eed6bee37b02337a2e6c822994f20ca72a3784d?s=96&r=g\",\"contentUrl\":\"https:\/\/secure.gravatar.com\/avatar\/cfaebf3742d6bf8db728bcba3eed6bee37b02337a2e6c822994f20ca72a3784d?s=96&r=g\",\"caption\":\"Dermival Pereira\"},\"url\":\"https:\/\/cleitonpinheiro.com.br\/site\/author\/dermival\/\"}]}<\/script>\n<!-- \/ Yoast SEO plugin. -->","yoast_head_json":{"title":"Decreto que obriga o uso de m\u00e1scaras em Aragua\u00edna entra em vigor hoje - PORTAL DE NOT\u00cdCIAS CLEITON PINHEIRO","robots":{"index":"index","follow":"follow","max-snippet":"max-snippet:-1","max-image-preview":"max-image-preview:large","max-video-preview":"max-video-preview:-1"},"canonical":"https:\/\/cleitonpinheiro.com.br\/site\/decreto-que-torna-obrigatorio-o-uso-de-mascaras-em-araguaina-entra-em-vigor-a-partir-de-hoje\/","og_locale":"pt_BR","og_type":"article","og_title":"Decreto que obriga o uso de m\u00e1scaras em Aragua\u00edna entra em vigor hoje - PORTAL DE NOT\u00cdCIAS CLEITON PINHEIRO","og_description":"Por Dermival Pereira O prefeito de Aragua\u00edna, Ronaldo Dimas (Podemos) determinou, via decreto, o uso obrigat\u00f3rio de m\u00e1scaras em todos os locais p\u00fablicos da cidade, inclusive no com\u00e9rcio. A medida entra em vigor a partir desta sexta-feira, 17. &nbsp;A decis\u00e3o j\u00e1 havia sido anunciada pelo gestor, na semana passada, por meio de uma rede social [&hellip;]","og_url":"https:\/\/cleitonpinheiro.com.br\/site\/decreto-que-torna-obrigatorio-o-uso-de-mascaras-em-araguaina-entra-em-vigor-a-partir-de-hoje\/","og_site_name":"PORTAL DE NOT\u00cdCIAS CLEITON PINHEIRO","article_publisher":"https:\/\/www.facebook.com\/portalcpnoticias\/","article_published_time":"2020-04-17T13:05:58+00:00","author":"Dermival Pereira","twitter_card":"summary_large_image","twitter_misc":{"Escrito por":"Dermival Pereira","Est. tempo de leitura":"1 minuto"},"schema":{"@context":"https:\/\/schema.org","@graph":[{"@type":"Article","@id":"https:\/\/cleitonpinheiro.com.br\/site\/decreto-que-torna-obrigatorio-o-uso-de-mascaras-em-araguaina-entra-em-vigor-a-partir-de-hoje\/#article","isPartOf":{"@id":"https:\/\/cleitonpinheiro.com.br\/site\/decreto-que-torna-obrigatorio-o-uso-de-mascaras-em-araguaina-entra-em-vigor-a-partir-de-hoje\/"},"author":{"name":"Dermival Pereira","@id":"https:\/\/cleitonpinheiro.com.br\/site\/#\/schema\/person\/aac6d7f311e80c43042e98a900b03cd8"},"headline":"Decreto que obriga o uso de m\u00e1scaras em Aragua\u00edna entra em vigor hoje","datePublished":"2020-04-17T13:05:58+00:00","mainEntityOfPage":{"@id":"https:\/\/cleitonpinheiro.com.br\/site\/decreto-que-torna-obrigatorio-o-uso-de-mascaras-em-araguaina-entra-em-vigor-a-partir-de-hoje\/"},"wordCount":314,"commentCount":0,"publisher":{"@id":"https:\/\/cleitonpinheiro.com.br\/site\/#organization"},"image":{"@id":"https:\/\/cleitonpinheiro.com.br\/site\/decreto-que-torna-obrigatorio-o-uso-de-mascaras-em-araguaina-entra-em-vigor-a-partir-de-hoje\/#primaryimage"},"thumbnailUrl":"","articleSection":["CIDADES","COLUNAS","NOT\u00cdCIAS EM DESTAQUE"],"inLanguage":"pt-BR","potentialAction":[{"@type":"CommentAction","name":"Comment","target":["https:\/\/cleitonpinheiro.com.br\/site\/decreto-que-torna-obrigatorio-o-uso-de-mascaras-em-araguaina-entra-em-vigor-a-partir-de-hoje\/#respond"]}]},{"@type":"WebPage","@id":"https:\/\/cleitonpinheiro.com.br\/site\/decreto-que-torna-obrigatorio-o-uso-de-mascaras-em-araguaina-entra-em-vigor-a-partir-de-hoje\/","url":"https:\/\/cleitonpinheiro.com.br\/site\/decreto-que-torna-obrigatorio-o-uso-de-mascaras-em-araguaina-entra-em-vigor-a-partir-de-hoje\/","name":"Decreto que obriga o uso de m\u00e1scaras em Aragua\u00edna entra em vigor hoje - PORTAL DE NOT\u00cdCIAS CLEITON PINHEIRO","isPartOf":{"@id":"https:\/\/cleitonpinheiro.com.br\/site\/#website"},"primaryImageOfPage":{"@id":"https:\/\/cleitonpinheiro.com.br\/site\/decreto-que-torna-obrigatorio-o-uso-de-mascaras-em-araguaina-entra-em-vigor-a-partir-de-hoje\/#primaryimage"},"image":{"@id":"https:\/\/cleitonpinheiro.com.br\/site\/decreto-que-torna-obrigatorio-o-uso-de-mascaras-em-araguaina-entra-em-vigor-a-partir-de-hoje\/#primaryimage"},"thumbnailUrl":"","datePublished":"2020-04-17T13:05:58+00:00","breadcrumb":{"@id":"https:\/\/cleitonpinheiro.com.br\/site\/decreto-que-torna-obrigatorio-o-uso-de-mascaras-em-araguaina-entra-em-vigor-a-partir-de-hoje\/#breadcrumb"},"inLanguage":"pt-BR","potentialAction":[{"@type":"ReadAction","target":["https:\/\/cleitonpinheiro.com.br\/site\/decreto-que-torna-obrigatorio-o-uso-de-mascaras-em-araguaina-entra-em-vigor-a-partir-de-hoje\/"]}]},{"@type":"ImageObject","inLanguage":"pt-BR","@id":"https:\/\/cleitonpinheiro.com.br\/site\/decreto-que-torna-obrigatorio-o-uso-de-mascaras-em-araguaina-entra-em-vigor-a-partir-de-hoje\/#primaryimage","url":"","contentUrl":""},{"@type":"BreadcrumbList","@id":"https:\/\/cleitonpinheiro.com.br\/site\/decreto-que-torna-obrigatorio-o-uso-de-mascaras-em-araguaina-entra-em-vigor-a-partir-de-hoje\/#breadcrumb","itemListElement":[{"@type":"ListItem","position":1,"name":"In\u00edcio","item":"https:\/\/cleitonpinheiro.com.br\/site\/"},{"@type":"ListItem","position":2,"name":"Decreto que obriga o uso de m\u00e1scaras em Aragua\u00edna entra em vigor hoje"}]},{"@type":"WebSite","@id":"https:\/\/cleitonpinheiro.com.br\/site\/#website","url":"https:\/\/cleitonpinheiro.com.br\/site\/","name":"PORTAL DE NOT\u00cdCIAS CLEITON PINHEIRO","description":"FALANDO A VERDADE","publisher":{"@id":"https:\/\/cleitonpinheiro.com.br\/site\/#organization"},"potentialAction":[{"@type":"SearchAction","target":{"@type":"EntryPoint","urlTemplate":"https:\/\/cleitonpinheiro.com.br\/site\/?s={search_term_string}"},"query-input":{"@type":"PropertyValueSpecification","valueRequired":true,"valueName":"search_term_string"}}],"inLanguage":"pt-BR"},{"@type":"Organization","@id":"https:\/\/cleitonpinheiro.com.br\/site\/#organization","name":"CPNOT\u00cdCIAS","url":"https:\/\/cleitonpinheiro.com.br\/site\/","logo":{"@type":"ImageObject","inLanguage":"pt-BR","@id":"https:\/\/cleitonpinheiro.com.br\/site\/#\/schema\/logo\/image\/","url":"https:\/\/cleitonpinheiro.com.br\/site\/wp-content\/uploads\/2022\/08\/Logo-pequena-2.png","contentUrl":"https:\/\/cleitonpinheiro.com.br\/site\/wp-content\/uploads\/2022\/08\/Logo-pequena-2.png","width":500,"height":500,"caption":"CPNOT\u00cdCIAS"},"image":{"@id":"https:\/\/cleitonpinheiro.com.br\/site\/#\/schema\/logo\/image\/"},"sameAs":["https:\/\/www.facebook.com\/portalcpnoticias\/"]},{"@type":"Person","@id":"https:\/\/cleitonpinheiro.com.br\/site\/#\/schema\/person\/aac6d7f311e80c43042e98a900b03cd8","name":"Dermival Pereira","image":{"@type":"ImageObject","inLanguage":"pt-BR","@id":"https:\/\/cleitonpinheiro.com.br\/site\/#\/schema\/person\/image\/","url":"https:\/\/secure.gravatar.com\/avatar\/cfaebf3742d6bf8db728bcba3eed6bee37b02337a2e6c822994f20ca72a3784d?s=96&r=g","contentUrl":"https:\/\/secure.gravatar.com\/avatar\/cfaebf3742d6bf8db728bcba3eed6bee37b02337a2e6c822994f20ca72a3784d?s=96&r=g","caption":"Dermival Pereira"},"url":"https:\/\/cleitonpinheiro.com.br\/site\/author\/dermival\/"}]}},"views":131,"_links":{"self":[{"href":"https:\/\/cleitonpinheiro.com.br\/site\/wp-json\/wp\/v2\/posts\/29234","targetHints":{"allow":["GET"]}}],"collection":[{"href":"https:\/\/cleitonpinheiro.com.br\/site\/wp-json\/wp\/v2\/posts"}],"about":[{"href":"https:\/\/cleitonpinheiro.com.br\/site\/wp-json\/wp\/v2\/types\/post"}],"author":[{"embeddable":true,"href":"https:\/\/cleitonpinheiro.com.br\/site\/wp-json\/wp\/v2\/users\/4"}],"replies":[{"embeddable":true,"href":"https:\/\/cleitonpinheiro.com.br\/site\/wp-json\/wp\/v2\/comments?post=29234"}],"version-history":[{"count":0,"href":"https:\/\/cleitonpinheiro.com.br\/site\/wp-json\/wp\/v2\/posts\/29234\/revisions"}],"wp:featuredmedia":[{"embeddable":true,"href":"https:\/\/cleitonpinheiro.com.br\/site\/wp-json\/"}],"wp:attachment":[{"href":"https:\/\/cleitonpinheiro.com.br\/site\/wp-json\/wp\/v2\/media?parent=29234"}],"wp:term":[{"taxonomy":"category","embeddable":true,"href":"https:\/\/cleitonpinheiro.com.br\/site\/wp-json\/wp\/v2\/categories?post=29234"},{"taxonomy":"post_tag","embeddable":true,"href":"https:\/\/cleitonpinheiro.com.br\/site\/wp-json\/wp\/v2\/tags?post=29234"}],"curies":[{"name":"wp","href":"https:\/\/api.w.org\/{rel}","templated":true}]}}