{"id":29241,"date":"2020-04-17T10:25:37","date_gmt":"2020-04-17T13:25:37","guid":{"rendered":"https:\/\/cleitonpinheiro.com.br\/portal\/?p=29241"},"modified":"2020-04-17T10:25:37","modified_gmt":"2020-04-17T13:25:37","slug":"carlesse-decreta-ponto-facultativo-na-segunda-vespera-do-feriado-de-tiradentes","status":"publish","type":"post","link":"https:\/\/cleitonpinheiro.com.br\/site\/carlesse-decreta-ponto-facultativo-na-segunda-vespera-do-feriado-de-tiradentes\/","title":{"rendered":"Carlesse decreta ponto facultativo na 2\u00aa, v\u00e9spera do feriado de Tiradentes"},"content":{"rendered":"\n<p><strong><em>Da Reda\u00e7\u00e3o do CP Not\u00edcias<\/em><\/strong><\/p>\n\n\n<p>O governador do Tocantins, Mauro Carlesse (DEM), decretou ponto facultativo no \u00e2mbito do Poder Executivo Estadual nesta segunda-feira, 20. O Decreto ser\u00e1 publicado no Di\u00e1rio Oficial do Estado (DOE) desta sexta-feira, 17.<\/p>\n\n\n<figure class=\"wp-block-image\"><img decoding=\"async\" src=\"https:\/\/cleitonpinheiro.com.br\/portal\/wp-content\/uploads\/2020\/04\/Palacioeditadoo.jpg\" alt=\"\" class=\"wp-image-29242\"\/><\/figure>\n\n\n<p>Tal medida foi tomada levando em considera\u00e7\u00e3o o feriado de Tiradentes, na ter\u00e7a-feira, 21, e a necessidade de se intensificar o cuidado quanto \u00e0 circula\u00e7\u00e3o de pessoas, criando condi\u00e7\u00f5es para que permane\u00e7am em casa ao longo dos pr\u00f3ximos dias, para evitar a dissemina\u00e7\u00e3o da Covid-19, causada pelo novo Coronav\u00edrus.<\/p>\n\n\n<p>O Decreto determina, ainda, que secret\u00e1rios e chefes de autarquias cuidem da preserva\u00e7\u00e3o e o funcionamento dos servi\u00e7os essenciais nas respectivas \u00e1reas de compet\u00eancia.<\/p>\n","protected":false},"excerpt":{"rendered":"<p>Da Reda\u00e7\u00e3o do CP Not\u00edcias O governador do Tocantins, Mauro Carlesse (DEM), decretou ponto facultativo no \u00e2mbito do Poder Executivo Estadual nesta segunda-feira, 20. O Decreto ser\u00e1 publicado no Di\u00e1rio Oficial do Estado (DOE) desta sexta-feira, 17. Tal medida foi tomada levando em considera\u00e7\u00e3o o feriado de Tiradentes, na ter\u00e7a-feira, 21, e a necessidade de [&hellip;]<\/p>\n","protected":false},"author":4,"featured_media":29243,"comment_status":"open","ping_status":"open","sticky":false,"template":"","format":"standard","meta":{"_acf_changed":false,"footnotes":""},"categories":[24,8,20],"tags":[],"class_list":["post-29241","post","type-post","status-publish","format-standard","has-post-thumbnail","hentry","category-colunas","category-estado","category-noticias-em-destaque"],"acf":[],"yoast_head":"<!-- This site is optimized with the Yoast SEO plugin v24.4 - https:\/\/yoast.com\/wordpress\/plugins\/seo\/ -->\n<title>Carlesse decreta ponto facultativo na 2\u00aa, v\u00e9spera do feriado de Tiradentes - PORTAL DE NOT\u00cdCIAS CLEITON PINHEIRO<\/title>\n<meta name=\"robots\" content=\"index, follow, max-snippet:-1, max-image-preview:large, max-video-preview:-1\" \/>\n<link rel=\"canonical\" href=\"https:\/\/cleitonpinheiro.com.br\/site\/carlesse-decreta-ponto-facultativo-na-segunda-vespera-do-feriado-de-tiradentes\/\" \/>\n<meta property=\"og:locale\" content=\"pt_BR\" \/>\n<meta property=\"og:type\" content=\"article\" \/>\n<meta property=\"og:title\" content=\"Carlesse decreta ponto facultativo na 2\u00aa, v\u00e9spera do feriado de Tiradentes - PORTAL DE NOT\u00cdCIAS CLEITON PINHEIRO\" \/>\n<meta property=\"og:description\" content=\"Da Reda\u00e7\u00e3o do CP Not\u00edcias O governador do Tocantins, Mauro Carlesse (DEM), decretou ponto facultativo no \u00e2mbito do Poder Executivo Estadual nesta segunda-feira, 20. O Decreto ser\u00e1 publicado no Di\u00e1rio Oficial do Estado (DOE) desta sexta-feira, 17. Tal medida foi tomada levando em considera\u00e7\u00e3o o feriado de Tiradentes, na ter\u00e7a-feira, 21, e a necessidade de [&hellip;]\" \/>\n<meta property=\"og:url\" content=\"https:\/\/cleitonpinheiro.com.br\/site\/carlesse-decreta-ponto-facultativo-na-segunda-vespera-do-feriado-de-tiradentes\/\" \/>\n<meta property=\"og:site_name\" content=\"PORTAL DE NOT\u00cdCIAS CLEITON PINHEIRO\" \/>\n<meta property=\"article:publisher\" content=\"https:\/\/www.facebook.com\/portalcpnoticias\/\" \/>\n<meta property=\"article:published_time\" content=\"2020-04-17T13:25:37+00:00\" \/>\n<meta name=\"author\" content=\"Dermival Pereira\" \/>\n<meta name=\"twitter:card\" content=\"summary_large_image\" \/>\n<meta name=\"twitter:label1\" content=\"Escrito por\" \/>\n\t<meta name=\"twitter:data1\" content=\"Dermival Pereira\" \/>\n\t<meta name=\"twitter:label2\" content=\"Est. tempo de leitura\" \/>\n\t<meta name=\"twitter:data2\" content=\"1 minuto\" \/>\n<script type=\"application\/ld+json\" class=\"yoast-schema-graph\">{\"@context\":\"https:\/\/schema.org\",\"@graph\":[{\"@type\":\"Article\",\"@id\":\"https:\/\/cleitonpinheiro.com.br\/site\/carlesse-decreta-ponto-facultativo-na-segunda-vespera-do-feriado-de-tiradentes\/#article\",\"isPartOf\":{\"@id\":\"https:\/\/cleitonpinheiro.com.br\/site\/carlesse-decreta-ponto-facultativo-na-segunda-vespera-do-feriado-de-tiradentes\/\"},\"author\":{\"name\":\"Dermival Pereira\",\"@id\":\"https:\/\/cleitonpinheiro.com.br\/site\/#\/schema\/person\/aac6d7f311e80c43042e98a900b03cd8\"},\"headline\":\"Carlesse decreta ponto facultativo na 2\u00aa, v\u00e9spera do feriado de Tiradentes\",\"datePublished\":\"2020-04-17T13:25:37+00:00\",\"mainEntityOfPage\":{\"@id\":\"https:\/\/cleitonpinheiro.com.br\/site\/carlesse-decreta-ponto-facultativo-na-segunda-vespera-do-feriado-de-tiradentes\/\"},\"wordCount\":132,\"commentCount\":0,\"publisher\":{\"@id\":\"https:\/\/cleitonpinheiro.com.br\/site\/#organization\"},\"image\":{\"@id\":\"https:\/\/cleitonpinheiro.com.br\/site\/carlesse-decreta-ponto-facultativo-na-segunda-vespera-do-feriado-de-tiradentes\/#primaryimage\"},\"thumbnailUrl\":\"\",\"articleSection\":[\"COLUNAS\",\"ESTADO\",\"NOT\u00cdCIAS EM DESTAQUE\"],\"inLanguage\":\"pt-BR\",\"potentialAction\":[{\"@type\":\"CommentAction\",\"name\":\"Comment\",\"target\":[\"https:\/\/cleitonpinheiro.com.br\/site\/carlesse-decreta-ponto-facultativo-na-segunda-vespera-do-feriado-de-tiradentes\/#respond\"]}]},{\"@type\":\"WebPage\",\"@id\":\"https:\/\/cleitonpinheiro.com.br\/site\/carlesse-decreta-ponto-facultativo-na-segunda-vespera-do-feriado-de-tiradentes\/\",\"url\":\"https:\/\/cleitonpinheiro.com.br\/site\/carlesse-decreta-ponto-facultativo-na-segunda-vespera-do-feriado-de-tiradentes\/\",\"name\":\"Carlesse decreta ponto facultativo na 2\u00aa, v\u00e9spera do feriado de Tiradentes - PORTAL DE NOT\u00cdCIAS CLEITON PINHEIRO\",\"isPartOf\":{\"@id\":\"https:\/\/cleitonpinheiro.com.br\/site\/#website\"},\"primaryImageOfPage\":{\"@id\":\"https:\/\/cleitonpinheiro.com.br\/site\/carlesse-decreta-ponto-facultativo-na-segunda-vespera-do-feriado-de-tiradentes\/#primaryimage\"},\"image\":{\"@id\":\"https:\/\/cleitonpinheiro.com.br\/site\/carlesse-decreta-ponto-facultativo-na-segunda-vespera-do-feriado-de-tiradentes\/#primaryimage\"},\"thumbnailUrl\":\"\",\"datePublished\":\"2020-04-17T13:25:37+00:00\",\"breadcrumb\":{\"@id\":\"https:\/\/cleitonpinheiro.com.br\/site\/carlesse-decreta-ponto-facultativo-na-segunda-vespera-do-feriado-de-tiradentes\/#breadcrumb\"},\"inLanguage\":\"pt-BR\",\"potentialAction\":[{\"@type\":\"ReadAction\",\"target\":[\"https:\/\/cleitonpinheiro.com.br\/site\/carlesse-decreta-ponto-facultativo-na-segunda-vespera-do-feriado-de-tiradentes\/\"]}]},{\"@type\":\"ImageObject\",\"inLanguage\":\"pt-BR\",\"@id\":\"https:\/\/cleitonpinheiro.com.br\/site\/carlesse-decreta-ponto-facultativo-na-segunda-vespera-do-feriado-de-tiradentes\/#primaryimage\",\"url\":\"\",\"contentUrl\":\"\"},{\"@type\":\"BreadcrumbList\",\"@id\":\"https:\/\/cleitonpinheiro.com.br\/site\/carlesse-decreta-ponto-facultativo-na-segunda-vespera-do-feriado-de-tiradentes\/#breadcrumb\",\"itemListElement\":[{\"@type\":\"ListItem\",\"position\":1,\"name\":\"In\u00edcio\",\"item\":\"https:\/\/cleitonpinheiro.com.br\/site\/\"},{\"@type\":\"ListItem\",\"position\":2,\"name\":\"Carlesse decreta ponto facultativo na 2\u00aa, v\u00e9spera do feriado de Tiradentes\"}]},{\"@type\":\"WebSite\",\"@id\":\"https:\/\/cleitonpinheiro.com.br\/site\/#website\",\"url\":\"https:\/\/cleitonpinheiro.com.br\/site\/\",\"name\":\"PORTAL DE NOT\u00cdCIAS CLEITON PINHEIRO\",\"description\":\"FALANDO A VERDADE\",\"publisher\":{\"@id\":\"https:\/\/cleitonpinheiro.com.br\/site\/#organization\"},\"potentialAction\":[{\"@type\":\"SearchAction\",\"target\":{\"@type\":\"EntryPoint\",\"urlTemplate\":\"https:\/\/cleitonpinheiro.com.br\/site\/?s={search_term_string}\"},\"query-input\":{\"@type\":\"PropertyValueSpecification\",\"valueRequired\":true,\"valueName\":\"search_term_string\"}}],\"inLanguage\":\"pt-BR\"},{\"@type\":\"Organization\",\"@id\":\"https:\/\/cleitonpinheiro.com.br\/site\/#organization\",\"name\":\"CPNOT\u00cdCIAS\",\"url\":\"https:\/\/cleitonpinheiro.com.br\/site\/\",\"logo\":{\"@type\":\"ImageObject\",\"inLanguage\":\"pt-BR\",\"@id\":\"https:\/\/cleitonpinheiro.com.br\/site\/#\/schema\/logo\/image\/\",\"url\":\"https:\/\/cleitonpinheiro.com.br\/site\/wp-content\/uploads\/2022\/08\/Logo-pequena-2.png\",\"contentUrl\":\"https:\/\/cleitonpinheiro.com.br\/site\/wp-content\/uploads\/2022\/08\/Logo-pequena-2.png\",\"width\":500,\"height\":500,\"caption\":\"CPNOT\u00cdCIAS\"},\"image\":{\"@id\":\"https:\/\/cleitonpinheiro.com.br\/site\/#\/schema\/logo\/image\/\"},\"sameAs\":[\"https:\/\/www.facebook.com\/portalcpnoticias\/\"]},{\"@type\":\"Person\",\"@id\":\"https:\/\/cleitonpinheiro.com.br\/site\/#\/schema\/person\/aac6d7f311e80c43042e98a900b03cd8\",\"name\":\"Dermival Pereira\",\"image\":{\"@type\":\"ImageObject\",\"inLanguage\":\"pt-BR\",\"@id\":\"https:\/\/cleitonpinheiro.com.br\/site\/#\/schema\/person\/image\/\",\"url\":\"https:\/\/secure.gravatar.com\/avatar\/cfaebf3742d6bf8db728bcba3eed6bee37b02337a2e6c822994f20ca72a3784d?s=96&r=g\",\"contentUrl\":\"https:\/\/secure.gravatar.com\/avatar\/cfaebf3742d6bf8db728bcba3eed6bee37b02337a2e6c822994f20ca72a3784d?s=96&r=g\",\"caption\":\"Dermival Pereira\"},\"url\":\"https:\/\/cleitonpinheiro.com.br\/site\/author\/dermival\/\"}]}<\/script>\n<!-- \/ Yoast SEO plugin. -->","yoast_head_json":{"title":"Carlesse decreta ponto facultativo na 2\u00aa, v\u00e9spera do feriado de Tiradentes - PORTAL DE NOT\u00cdCIAS CLEITON PINHEIRO","robots":{"index":"index","follow":"follow","max-snippet":"max-snippet:-1","max-image-preview":"max-image-preview:large","max-video-preview":"max-video-preview:-1"},"canonical":"https:\/\/cleitonpinheiro.com.br\/site\/carlesse-decreta-ponto-facultativo-na-segunda-vespera-do-feriado-de-tiradentes\/","og_locale":"pt_BR","og_type":"article","og_title":"Carlesse decreta ponto facultativo na 2\u00aa, v\u00e9spera do feriado de Tiradentes - PORTAL DE NOT\u00cdCIAS CLEITON PINHEIRO","og_description":"Da Reda\u00e7\u00e3o do CP Not\u00edcias O governador do Tocantins, Mauro Carlesse (DEM), decretou ponto facultativo no \u00e2mbito do Poder Executivo Estadual nesta segunda-feira, 20. O Decreto ser\u00e1 publicado no Di\u00e1rio Oficial do Estado (DOE) desta sexta-feira, 17. Tal medida foi tomada levando em considera\u00e7\u00e3o o feriado de Tiradentes, na ter\u00e7a-feira, 21, e a necessidade de [&hellip;]","og_url":"https:\/\/cleitonpinheiro.com.br\/site\/carlesse-decreta-ponto-facultativo-na-segunda-vespera-do-feriado-de-tiradentes\/","og_site_name":"PORTAL DE NOT\u00cdCIAS CLEITON PINHEIRO","article_publisher":"https:\/\/www.facebook.com\/portalcpnoticias\/","article_published_time":"2020-04-17T13:25:37+00:00","author":"Dermival Pereira","twitter_card":"summary_large_image","twitter_misc":{"Escrito por":"Dermival Pereira","Est. tempo de leitura":"1 minuto"},"schema":{"@context":"https:\/\/schema.org","@graph":[{"@type":"Article","@id":"https:\/\/cleitonpinheiro.com.br\/site\/carlesse-decreta-ponto-facultativo-na-segunda-vespera-do-feriado-de-tiradentes\/#article","isPartOf":{"@id":"https:\/\/cleitonpinheiro.com.br\/site\/carlesse-decreta-ponto-facultativo-na-segunda-vespera-do-feriado-de-tiradentes\/"},"author":{"name":"Dermival Pereira","@id":"https:\/\/cleitonpinheiro.com.br\/site\/#\/schema\/person\/aac6d7f311e80c43042e98a900b03cd8"},"headline":"Carlesse decreta ponto facultativo na 2\u00aa, v\u00e9spera do feriado de Tiradentes","datePublished":"2020-04-17T13:25:37+00:00","mainEntityOfPage":{"@id":"https:\/\/cleitonpinheiro.com.br\/site\/carlesse-decreta-ponto-facultativo-na-segunda-vespera-do-feriado-de-tiradentes\/"},"wordCount":132,"commentCount":0,"publisher":{"@id":"https:\/\/cleitonpinheiro.com.br\/site\/#organization"},"image":{"@id":"https:\/\/cleitonpinheiro.com.br\/site\/carlesse-decreta-ponto-facultativo-na-segunda-vespera-do-feriado-de-tiradentes\/#primaryimage"},"thumbnailUrl":"","articleSection":["COLUNAS","ESTADO","NOT\u00cdCIAS EM DESTAQUE"],"inLanguage":"pt-BR","potentialAction":[{"@type":"CommentAction","name":"Comment","target":["https:\/\/cleitonpinheiro.com.br\/site\/carlesse-decreta-ponto-facultativo-na-segunda-vespera-do-feriado-de-tiradentes\/#respond"]}]},{"@type":"WebPage","@id":"https:\/\/cleitonpinheiro.com.br\/site\/carlesse-decreta-ponto-facultativo-na-segunda-vespera-do-feriado-de-tiradentes\/","url":"https:\/\/cleitonpinheiro.com.br\/site\/carlesse-decreta-ponto-facultativo-na-segunda-vespera-do-feriado-de-tiradentes\/","name":"Carlesse decreta ponto facultativo na 2\u00aa, v\u00e9spera do feriado de Tiradentes - PORTAL DE NOT\u00cdCIAS CLEITON PINHEIRO","isPartOf":{"@id":"https:\/\/cleitonpinheiro.com.br\/site\/#website"},"primaryImageOfPage":{"@id":"https:\/\/cleitonpinheiro.com.br\/site\/carlesse-decreta-ponto-facultativo-na-segunda-vespera-do-feriado-de-tiradentes\/#primaryimage"},"image":{"@id":"https:\/\/cleitonpinheiro.com.br\/site\/carlesse-decreta-ponto-facultativo-na-segunda-vespera-do-feriado-de-tiradentes\/#primaryimage"},"thumbnailUrl":"","datePublished":"2020-04-17T13:25:37+00:00","breadcrumb":{"@id":"https:\/\/cleitonpinheiro.com.br\/site\/carlesse-decreta-ponto-facultativo-na-segunda-vespera-do-feriado-de-tiradentes\/#breadcrumb"},"inLanguage":"pt-BR","potentialAction":[{"@type":"ReadAction","target":["https:\/\/cleitonpinheiro.com.br\/site\/carlesse-decreta-ponto-facultativo-na-segunda-vespera-do-feriado-de-tiradentes\/"]}]},{"@type":"ImageObject","inLanguage":"pt-BR","@id":"https:\/\/cleitonpinheiro.com.br\/site\/carlesse-decreta-ponto-facultativo-na-segunda-vespera-do-feriado-de-tiradentes\/#primaryimage","url":"","contentUrl":""},{"@type":"BreadcrumbList","@id":"https:\/\/cleitonpinheiro.com.br\/site\/carlesse-decreta-ponto-facultativo-na-segunda-vespera-do-feriado-de-tiradentes\/#breadcrumb","itemListElement":[{"@type":"ListItem","position":1,"name":"In\u00edcio","item":"https:\/\/cleitonpinheiro.com.br\/site\/"},{"@type":"ListItem","position":2,"name":"Carlesse decreta ponto facultativo na 2\u00aa, v\u00e9spera do feriado de Tiradentes"}]},{"@type":"WebSite","@id":"https:\/\/cleitonpinheiro.com.br\/site\/#website","url":"https:\/\/cleitonpinheiro.com.br\/site\/","name":"PORTAL DE NOT\u00cdCIAS CLEITON PINHEIRO","description":"FALANDO A VERDADE","publisher":{"@id":"https:\/\/cleitonpinheiro.com.br\/site\/#organization"},"potentialAction":[{"@type":"SearchAction","target":{"@type":"EntryPoint","urlTemplate":"https:\/\/cleitonpinheiro.com.br\/site\/?s={search_term_string}"},"query-input":{"@type":"PropertyValueSpecification","valueRequired":true,"valueName":"search_term_string"}}],"inLanguage":"pt-BR"},{"@type":"Organization","@id":"https:\/\/cleitonpinheiro.com.br\/site\/#organization","name":"CPNOT\u00cdCIAS","url":"https:\/\/cleitonpinheiro.com.br\/site\/","logo":{"@type":"ImageObject","inLanguage":"pt-BR","@id":"https:\/\/cleitonpinheiro.com.br\/site\/#\/schema\/logo\/image\/","url":"https:\/\/cleitonpinheiro.com.br\/site\/wp-content\/uploads\/2022\/08\/Logo-pequena-2.png","contentUrl":"https:\/\/cleitonpinheiro.com.br\/site\/wp-content\/uploads\/2022\/08\/Logo-pequena-2.png","width":500,"height":500,"caption":"CPNOT\u00cdCIAS"},"image":{"@id":"https:\/\/cleitonpinheiro.com.br\/site\/#\/schema\/logo\/image\/"},"sameAs":["https:\/\/www.facebook.com\/portalcpnoticias\/"]},{"@type":"Person","@id":"https:\/\/cleitonpinheiro.com.br\/site\/#\/schema\/person\/aac6d7f311e80c43042e98a900b03cd8","name":"Dermival Pereira","image":{"@type":"ImageObject","inLanguage":"pt-BR","@id":"https:\/\/cleitonpinheiro.com.br\/site\/#\/schema\/person\/image\/","url":"https:\/\/secure.gravatar.com\/avatar\/cfaebf3742d6bf8db728bcba3eed6bee37b02337a2e6c822994f20ca72a3784d?s=96&r=g","contentUrl":"https:\/\/secure.gravatar.com\/avatar\/cfaebf3742d6bf8db728bcba3eed6bee37b02337a2e6c822994f20ca72a3784d?s=96&r=g","caption":"Dermival Pereira"},"url":"https:\/\/cleitonpinheiro.com.br\/site\/author\/dermival\/"}]}},"views":124,"_links":{"self":[{"href":"https:\/\/cleitonpinheiro.com.br\/site\/wp-json\/wp\/v2\/posts\/29241","targetHints":{"allow":["GET"]}}],"collection":[{"href":"https:\/\/cleitonpinheiro.com.br\/site\/wp-json\/wp\/v2\/posts"}],"about":[{"href":"https:\/\/cleitonpinheiro.com.br\/site\/wp-json\/wp\/v2\/types\/post"}],"author":[{"embeddable":true,"href":"https:\/\/cleitonpinheiro.com.br\/site\/wp-json\/wp\/v2\/users\/4"}],"replies":[{"embeddable":true,"href":"https:\/\/cleitonpinheiro.com.br\/site\/wp-json\/wp\/v2\/comments?post=29241"}],"version-history":[{"count":0,"href":"https:\/\/cleitonpinheiro.com.br\/site\/wp-json\/wp\/v2\/posts\/29241\/revisions"}],"wp:featuredmedia":[{"embeddable":true,"href":"https:\/\/cleitonpinheiro.com.br\/site\/wp-json\/"}],"wp:attachment":[{"href":"https:\/\/cleitonpinheiro.com.br\/site\/wp-json\/wp\/v2\/media?parent=29241"}],"wp:term":[{"taxonomy":"category","embeddable":true,"href":"https:\/\/cleitonpinheiro.com.br\/site\/wp-json\/wp\/v2\/categories?post=29241"},{"taxonomy":"post_tag","embeddable":true,"href":"https:\/\/cleitonpinheiro.com.br\/site\/wp-json\/wp\/v2\/tags?post=29241"}],"curies":[{"name":"wp","href":"https:\/\/api.w.org\/{rel}","templated":true}]}}