{"id":29250,"date":"2020-04-17T12:22:26","date_gmt":"2020-04-17T15:22:26","guid":{"rendered":"https:\/\/cleitonpinheiro.com.br\/portal\/?p=29250"},"modified":"2020-04-17T12:22:26","modified_gmt":"2020-04-17T15:22:26","slug":"tiroteio-na-regiao-de-sul-de-palmas-deixa-tres-mortos-dois-da-mesma-familia","status":"publish","type":"post","link":"https:\/\/cleitonpinheiro.com.br\/site\/tiroteio-na-regiao-de-sul-de-palmas-deixa-tres-mortos-dois-da-mesma-familia\/","title":{"rendered":"Atentado no sul de Palmas deixa tr\u00eas jovens mortos"},"content":{"rendered":"\n<p><strong><em>Da Reda\u00e7\u00e3o do CP Not\u00edcias<\/em><\/strong><\/p>\n\n\n<figure class=\"wp-block-image\"><img decoding=\"async\" src=\"https:\/\/cleitonpinheiro.com.br\/portal\/wp-content\/uploads\/2020\/04\/Morteeditada.jpg\" alt=\"\" class=\"wp-image-29251\"\/><figcaption>Jo\u00e3o Pedro e Breno Seixas foram mortos dentro de casa \u2014 Foto: Divulga\u00e7\u00e3o<\/figcaption><\/figure>\n\n\n<p>Seis jovens foram baleados na madrugada desta sexta-feira, 17, no Jardim Aureny II, na regi\u00e3o Sul de Palmas. Segundo as informa\u00e7\u00f5es obtidas pela reportagem, todos estavam na mesma casa, quando foram surpreendidos por tiros. Tr\u00eas deles morreram, sendo que dois eram irm\u00e3os. Os outros tr\u00eas ficaram feridos e foram encaminhados para o Hospital Geral de Palmas (HGP). A motiva\u00e7\u00e3o do crime ainda est\u00e1 sendo investigada pela pol\u00edcia.<\/p>\n\n\n<p>Conforme as informa\u00e7\u00f5es, duas das v\u00edtimas, irm\u00e3os Breno Seixas e Jo\u00e3o Pedro Seixas morreram no local. O outro irm\u00e3o, Bruno Seixas, ficou ferido e est\u00e1 internado no Hospital Geral de Palmas. Um rapaz identificado apenas como Vitor tamb\u00e9m n\u00e3o resistiu e morreu ap\u00f3s os tiros. Outros dois jovens ficaram feridos e tamb\u00e9m est\u00e3o internados. Ningu\u00e9m foi preso at\u00e9 o momento. <br \/> <br \/> <br \/> <br \/> <br \/> <\/p>\n","protected":false},"excerpt":{"rendered":"<p>Da Reda\u00e7\u00e3o do CP Not\u00edcias Seis jovens foram baleados na madrugada desta sexta-feira, 17, no Jardim Aureny II, na regi\u00e3o Sul de Palmas. Segundo as informa\u00e7\u00f5es obtidas pela reportagem, todos estavam na mesma casa, quando foram surpreendidos por tiros. Tr\u00eas deles morreram, sendo que dois eram irm\u00e3os. Os outros tr\u00eas ficaram feridos e foram encaminhados [&hellip;]<\/p>\n","protected":false},"author":4,"featured_media":29252,"comment_status":"open","ping_status":"open","sticky":false,"template":"","format":"standard","meta":{"_acf_changed":false,"footnotes":""},"categories":[22,24,20],"tags":[],"class_list":["post-29250","post","type-post","status-publish","format-standard","has-post-thumbnail","hentry","category-cidades","category-colunas","category-noticias-em-destaque"],"acf":[],"yoast_head":"<!-- This site is optimized with the Yoast SEO plugin v24.4 - https:\/\/yoast.com\/wordpress\/plugins\/seo\/ -->\n<title>Atentado no sul de Palmas deixa tr\u00eas jovens mortos - PORTAL DE NOT\u00cdCIAS CLEITON PINHEIRO<\/title>\n<meta name=\"robots\" content=\"index, follow, max-snippet:-1, max-image-preview:large, max-video-preview:-1\" \/>\n<link rel=\"canonical\" href=\"https:\/\/cleitonpinheiro.com.br\/site\/tiroteio-na-regiao-de-sul-de-palmas-deixa-tres-mortos-dois-da-mesma-familia\/\" \/>\n<meta property=\"og:locale\" content=\"pt_BR\" \/>\n<meta property=\"og:type\" content=\"article\" \/>\n<meta property=\"og:title\" content=\"Atentado no sul de Palmas deixa tr\u00eas jovens mortos - PORTAL DE NOT\u00cdCIAS CLEITON PINHEIRO\" \/>\n<meta property=\"og:description\" content=\"Da Reda\u00e7\u00e3o do CP Not\u00edcias Seis jovens foram baleados na madrugada desta sexta-feira, 17, no Jardim Aureny II, na regi\u00e3o Sul de Palmas. Segundo as informa\u00e7\u00f5es obtidas pela reportagem, todos estavam na mesma casa, quando foram surpreendidos por tiros. Tr\u00eas deles morreram, sendo que dois eram irm\u00e3os. Os outros tr\u00eas ficaram feridos e foram encaminhados [&hellip;]\" \/>\n<meta property=\"og:url\" content=\"https:\/\/cleitonpinheiro.com.br\/site\/tiroteio-na-regiao-de-sul-de-palmas-deixa-tres-mortos-dois-da-mesma-familia\/\" \/>\n<meta property=\"og:site_name\" content=\"PORTAL DE NOT\u00cdCIAS CLEITON PINHEIRO\" \/>\n<meta property=\"article:publisher\" content=\"https:\/\/www.facebook.com\/portalcpnoticias\/\" \/>\n<meta property=\"article:published_time\" content=\"2020-04-17T15:22:26+00:00\" \/>\n<meta name=\"author\" content=\"Dermival Pereira\" \/>\n<meta name=\"twitter:card\" content=\"summary_large_image\" \/>\n<meta name=\"twitter:label1\" content=\"Escrito por\" \/>\n\t<meta name=\"twitter:data1\" content=\"Dermival Pereira\" \/>\n\t<meta name=\"twitter:label2\" content=\"Est. tempo de leitura\" \/>\n\t<meta name=\"twitter:data2\" content=\"1 minuto\" \/>\n<script type=\"application\/ld+json\" class=\"yoast-schema-graph\">{\"@context\":\"https:\/\/schema.org\",\"@graph\":[{\"@type\":\"Article\",\"@id\":\"https:\/\/cleitonpinheiro.com.br\/site\/tiroteio-na-regiao-de-sul-de-palmas-deixa-tres-mortos-dois-da-mesma-familia\/#article\",\"isPartOf\":{\"@id\":\"https:\/\/cleitonpinheiro.com.br\/site\/tiroteio-na-regiao-de-sul-de-palmas-deixa-tres-mortos-dois-da-mesma-familia\/\"},\"author\":{\"name\":\"Dermival Pereira\",\"@id\":\"https:\/\/cleitonpinheiro.com.br\/site\/#\/schema\/person\/aac6d7f311e80c43042e98a900b03cd8\"},\"headline\":\"Atentado no sul de Palmas deixa tr\u00eas jovens mortos\",\"datePublished\":\"2020-04-17T15:22:26+00:00\",\"mainEntityOfPage\":{\"@id\":\"https:\/\/cleitonpinheiro.com.br\/site\/tiroteio-na-regiao-de-sul-de-palmas-deixa-tres-mortos-dois-da-mesma-familia\/\"},\"wordCount\":175,\"commentCount\":0,\"publisher\":{\"@id\":\"https:\/\/cleitonpinheiro.com.br\/site\/#organization\"},\"image\":{\"@id\":\"https:\/\/cleitonpinheiro.com.br\/site\/tiroteio-na-regiao-de-sul-de-palmas-deixa-tres-mortos-dois-da-mesma-familia\/#primaryimage\"},\"thumbnailUrl\":\"\",\"articleSection\":[\"CIDADES\",\"COLUNAS\",\"NOT\u00cdCIAS EM DESTAQUE\"],\"inLanguage\":\"pt-BR\",\"potentialAction\":[{\"@type\":\"CommentAction\",\"name\":\"Comment\",\"target\":[\"https:\/\/cleitonpinheiro.com.br\/site\/tiroteio-na-regiao-de-sul-de-palmas-deixa-tres-mortos-dois-da-mesma-familia\/#respond\"]}]},{\"@type\":\"WebPage\",\"@id\":\"https:\/\/cleitonpinheiro.com.br\/site\/tiroteio-na-regiao-de-sul-de-palmas-deixa-tres-mortos-dois-da-mesma-familia\/\",\"url\":\"https:\/\/cleitonpinheiro.com.br\/site\/tiroteio-na-regiao-de-sul-de-palmas-deixa-tres-mortos-dois-da-mesma-familia\/\",\"name\":\"Atentado no sul de Palmas deixa tr\u00eas jovens mortos - PORTAL DE NOT\u00cdCIAS CLEITON PINHEIRO\",\"isPartOf\":{\"@id\":\"https:\/\/cleitonpinheiro.com.br\/site\/#website\"},\"primaryImageOfPage\":{\"@id\":\"https:\/\/cleitonpinheiro.com.br\/site\/tiroteio-na-regiao-de-sul-de-palmas-deixa-tres-mortos-dois-da-mesma-familia\/#primaryimage\"},\"image\":{\"@id\":\"https:\/\/cleitonpinheiro.com.br\/site\/tiroteio-na-regiao-de-sul-de-palmas-deixa-tres-mortos-dois-da-mesma-familia\/#primaryimage\"},\"thumbnailUrl\":\"\",\"datePublished\":\"2020-04-17T15:22:26+00:00\",\"breadcrumb\":{\"@id\":\"https:\/\/cleitonpinheiro.com.br\/site\/tiroteio-na-regiao-de-sul-de-palmas-deixa-tres-mortos-dois-da-mesma-familia\/#breadcrumb\"},\"inLanguage\":\"pt-BR\",\"potentialAction\":[{\"@type\":\"ReadAction\",\"target\":[\"https:\/\/cleitonpinheiro.com.br\/site\/tiroteio-na-regiao-de-sul-de-palmas-deixa-tres-mortos-dois-da-mesma-familia\/\"]}]},{\"@type\":\"ImageObject\",\"inLanguage\":\"pt-BR\",\"@id\":\"https:\/\/cleitonpinheiro.com.br\/site\/tiroteio-na-regiao-de-sul-de-palmas-deixa-tres-mortos-dois-da-mesma-familia\/#primaryimage\",\"url\":\"\",\"contentUrl\":\"\"},{\"@type\":\"BreadcrumbList\",\"@id\":\"https:\/\/cleitonpinheiro.com.br\/site\/tiroteio-na-regiao-de-sul-de-palmas-deixa-tres-mortos-dois-da-mesma-familia\/#breadcrumb\",\"itemListElement\":[{\"@type\":\"ListItem\",\"position\":1,\"name\":\"In\u00edcio\",\"item\":\"https:\/\/cleitonpinheiro.com.br\/site\/\"},{\"@type\":\"ListItem\",\"position\":2,\"name\":\"Atentado no sul de Palmas deixa tr\u00eas jovens mortos\"}]},{\"@type\":\"WebSite\",\"@id\":\"https:\/\/cleitonpinheiro.com.br\/site\/#website\",\"url\":\"https:\/\/cleitonpinheiro.com.br\/site\/\",\"name\":\"PORTAL DE NOT\u00cdCIAS CLEITON PINHEIRO\",\"description\":\"FALANDO A VERDADE\",\"publisher\":{\"@id\":\"https:\/\/cleitonpinheiro.com.br\/site\/#organization\"},\"potentialAction\":[{\"@type\":\"SearchAction\",\"target\":{\"@type\":\"EntryPoint\",\"urlTemplate\":\"https:\/\/cleitonpinheiro.com.br\/site\/?s={search_term_string}\"},\"query-input\":{\"@type\":\"PropertyValueSpecification\",\"valueRequired\":true,\"valueName\":\"search_term_string\"}}],\"inLanguage\":\"pt-BR\"},{\"@type\":\"Organization\",\"@id\":\"https:\/\/cleitonpinheiro.com.br\/site\/#organization\",\"name\":\"CPNOT\u00cdCIAS\",\"url\":\"https:\/\/cleitonpinheiro.com.br\/site\/\",\"logo\":{\"@type\":\"ImageObject\",\"inLanguage\":\"pt-BR\",\"@id\":\"https:\/\/cleitonpinheiro.com.br\/site\/#\/schema\/logo\/image\/\",\"url\":\"https:\/\/cleitonpinheiro.com.br\/site\/wp-content\/uploads\/2022\/08\/Logo-pequena-2.png\",\"contentUrl\":\"https:\/\/cleitonpinheiro.com.br\/site\/wp-content\/uploads\/2022\/08\/Logo-pequena-2.png\",\"width\":500,\"height\":500,\"caption\":\"CPNOT\u00cdCIAS\"},\"image\":{\"@id\":\"https:\/\/cleitonpinheiro.com.br\/site\/#\/schema\/logo\/image\/\"},\"sameAs\":[\"https:\/\/www.facebook.com\/portalcpnoticias\/\"]},{\"@type\":\"Person\",\"@id\":\"https:\/\/cleitonpinheiro.com.br\/site\/#\/schema\/person\/aac6d7f311e80c43042e98a900b03cd8\",\"name\":\"Dermival Pereira\",\"image\":{\"@type\":\"ImageObject\",\"inLanguage\":\"pt-BR\",\"@id\":\"https:\/\/cleitonpinheiro.com.br\/site\/#\/schema\/person\/image\/\",\"url\":\"https:\/\/secure.gravatar.com\/avatar\/cfaebf3742d6bf8db728bcba3eed6bee37b02337a2e6c822994f20ca72a3784d?s=96&r=g\",\"contentUrl\":\"https:\/\/secure.gravatar.com\/avatar\/cfaebf3742d6bf8db728bcba3eed6bee37b02337a2e6c822994f20ca72a3784d?s=96&r=g\",\"caption\":\"Dermival Pereira\"},\"url\":\"https:\/\/cleitonpinheiro.com.br\/site\/author\/dermival\/\"}]}<\/script>\n<!-- \/ Yoast SEO plugin. -->","yoast_head_json":{"title":"Atentado no sul de Palmas deixa tr\u00eas jovens mortos - PORTAL DE NOT\u00cdCIAS CLEITON PINHEIRO","robots":{"index":"index","follow":"follow","max-snippet":"max-snippet:-1","max-image-preview":"max-image-preview:large","max-video-preview":"max-video-preview:-1"},"canonical":"https:\/\/cleitonpinheiro.com.br\/site\/tiroteio-na-regiao-de-sul-de-palmas-deixa-tres-mortos-dois-da-mesma-familia\/","og_locale":"pt_BR","og_type":"article","og_title":"Atentado no sul de Palmas deixa tr\u00eas jovens mortos - PORTAL DE NOT\u00cdCIAS CLEITON PINHEIRO","og_description":"Da Reda\u00e7\u00e3o do CP Not\u00edcias Seis jovens foram baleados na madrugada desta sexta-feira, 17, no Jardim Aureny II, na regi\u00e3o Sul de Palmas. Segundo as informa\u00e7\u00f5es obtidas pela reportagem, todos estavam na mesma casa, quando foram surpreendidos por tiros. Tr\u00eas deles morreram, sendo que dois eram irm\u00e3os. Os outros tr\u00eas ficaram feridos e foram encaminhados [&hellip;]","og_url":"https:\/\/cleitonpinheiro.com.br\/site\/tiroteio-na-regiao-de-sul-de-palmas-deixa-tres-mortos-dois-da-mesma-familia\/","og_site_name":"PORTAL DE NOT\u00cdCIAS CLEITON PINHEIRO","article_publisher":"https:\/\/www.facebook.com\/portalcpnoticias\/","article_published_time":"2020-04-17T15:22:26+00:00","author":"Dermival Pereira","twitter_card":"summary_large_image","twitter_misc":{"Escrito por":"Dermival Pereira","Est. tempo de leitura":"1 minuto"},"schema":{"@context":"https:\/\/schema.org","@graph":[{"@type":"Article","@id":"https:\/\/cleitonpinheiro.com.br\/site\/tiroteio-na-regiao-de-sul-de-palmas-deixa-tres-mortos-dois-da-mesma-familia\/#article","isPartOf":{"@id":"https:\/\/cleitonpinheiro.com.br\/site\/tiroteio-na-regiao-de-sul-de-palmas-deixa-tres-mortos-dois-da-mesma-familia\/"},"author":{"name":"Dermival Pereira","@id":"https:\/\/cleitonpinheiro.com.br\/site\/#\/schema\/person\/aac6d7f311e80c43042e98a900b03cd8"},"headline":"Atentado no sul de Palmas deixa tr\u00eas jovens mortos","datePublished":"2020-04-17T15:22:26+00:00","mainEntityOfPage":{"@id":"https:\/\/cleitonpinheiro.com.br\/site\/tiroteio-na-regiao-de-sul-de-palmas-deixa-tres-mortos-dois-da-mesma-familia\/"},"wordCount":175,"commentCount":0,"publisher":{"@id":"https:\/\/cleitonpinheiro.com.br\/site\/#organization"},"image":{"@id":"https:\/\/cleitonpinheiro.com.br\/site\/tiroteio-na-regiao-de-sul-de-palmas-deixa-tres-mortos-dois-da-mesma-familia\/#primaryimage"},"thumbnailUrl":"","articleSection":["CIDADES","COLUNAS","NOT\u00cdCIAS EM DESTAQUE"],"inLanguage":"pt-BR","potentialAction":[{"@type":"CommentAction","name":"Comment","target":["https:\/\/cleitonpinheiro.com.br\/site\/tiroteio-na-regiao-de-sul-de-palmas-deixa-tres-mortos-dois-da-mesma-familia\/#respond"]}]},{"@type":"WebPage","@id":"https:\/\/cleitonpinheiro.com.br\/site\/tiroteio-na-regiao-de-sul-de-palmas-deixa-tres-mortos-dois-da-mesma-familia\/","url":"https:\/\/cleitonpinheiro.com.br\/site\/tiroteio-na-regiao-de-sul-de-palmas-deixa-tres-mortos-dois-da-mesma-familia\/","name":"Atentado no sul de Palmas deixa tr\u00eas jovens mortos - PORTAL DE NOT\u00cdCIAS CLEITON PINHEIRO","isPartOf":{"@id":"https:\/\/cleitonpinheiro.com.br\/site\/#website"},"primaryImageOfPage":{"@id":"https:\/\/cleitonpinheiro.com.br\/site\/tiroteio-na-regiao-de-sul-de-palmas-deixa-tres-mortos-dois-da-mesma-familia\/#primaryimage"},"image":{"@id":"https:\/\/cleitonpinheiro.com.br\/site\/tiroteio-na-regiao-de-sul-de-palmas-deixa-tres-mortos-dois-da-mesma-familia\/#primaryimage"},"thumbnailUrl":"","datePublished":"2020-04-17T15:22:26+00:00","breadcrumb":{"@id":"https:\/\/cleitonpinheiro.com.br\/site\/tiroteio-na-regiao-de-sul-de-palmas-deixa-tres-mortos-dois-da-mesma-familia\/#breadcrumb"},"inLanguage":"pt-BR","potentialAction":[{"@type":"ReadAction","target":["https:\/\/cleitonpinheiro.com.br\/site\/tiroteio-na-regiao-de-sul-de-palmas-deixa-tres-mortos-dois-da-mesma-familia\/"]}]},{"@type":"ImageObject","inLanguage":"pt-BR","@id":"https:\/\/cleitonpinheiro.com.br\/site\/tiroteio-na-regiao-de-sul-de-palmas-deixa-tres-mortos-dois-da-mesma-familia\/#primaryimage","url":"","contentUrl":""},{"@type":"BreadcrumbList","@id":"https:\/\/cleitonpinheiro.com.br\/site\/tiroteio-na-regiao-de-sul-de-palmas-deixa-tres-mortos-dois-da-mesma-familia\/#breadcrumb","itemListElement":[{"@type":"ListItem","position":1,"name":"In\u00edcio","item":"https:\/\/cleitonpinheiro.com.br\/site\/"},{"@type":"ListItem","position":2,"name":"Atentado no sul de Palmas deixa tr\u00eas jovens mortos"}]},{"@type":"WebSite","@id":"https:\/\/cleitonpinheiro.com.br\/site\/#website","url":"https:\/\/cleitonpinheiro.com.br\/site\/","name":"PORTAL DE NOT\u00cdCIAS CLEITON PINHEIRO","description":"FALANDO A VERDADE","publisher":{"@id":"https:\/\/cleitonpinheiro.com.br\/site\/#organization"},"potentialAction":[{"@type":"SearchAction","target":{"@type":"EntryPoint","urlTemplate":"https:\/\/cleitonpinheiro.com.br\/site\/?s={search_term_string}"},"query-input":{"@type":"PropertyValueSpecification","valueRequired":true,"valueName":"search_term_string"}}],"inLanguage":"pt-BR"},{"@type":"Organization","@id":"https:\/\/cleitonpinheiro.com.br\/site\/#organization","name":"CPNOT\u00cdCIAS","url":"https:\/\/cleitonpinheiro.com.br\/site\/","logo":{"@type":"ImageObject","inLanguage":"pt-BR","@id":"https:\/\/cleitonpinheiro.com.br\/site\/#\/schema\/logo\/image\/","url":"https:\/\/cleitonpinheiro.com.br\/site\/wp-content\/uploads\/2022\/08\/Logo-pequena-2.png","contentUrl":"https:\/\/cleitonpinheiro.com.br\/site\/wp-content\/uploads\/2022\/08\/Logo-pequena-2.png","width":500,"height":500,"caption":"CPNOT\u00cdCIAS"},"image":{"@id":"https:\/\/cleitonpinheiro.com.br\/site\/#\/schema\/logo\/image\/"},"sameAs":["https:\/\/www.facebook.com\/portalcpnoticias\/"]},{"@type":"Person","@id":"https:\/\/cleitonpinheiro.com.br\/site\/#\/schema\/person\/aac6d7f311e80c43042e98a900b03cd8","name":"Dermival Pereira","image":{"@type":"ImageObject","inLanguage":"pt-BR","@id":"https:\/\/cleitonpinheiro.com.br\/site\/#\/schema\/person\/image\/","url":"https:\/\/secure.gravatar.com\/avatar\/cfaebf3742d6bf8db728bcba3eed6bee37b02337a2e6c822994f20ca72a3784d?s=96&r=g","contentUrl":"https:\/\/secure.gravatar.com\/avatar\/cfaebf3742d6bf8db728bcba3eed6bee37b02337a2e6c822994f20ca72a3784d?s=96&r=g","caption":"Dermival Pereira"},"url":"https:\/\/cleitonpinheiro.com.br\/site\/author\/dermival\/"}]}},"views":121,"_links":{"self":[{"href":"https:\/\/cleitonpinheiro.com.br\/site\/wp-json\/wp\/v2\/posts\/29250","targetHints":{"allow":["GET"]}}],"collection":[{"href":"https:\/\/cleitonpinheiro.com.br\/site\/wp-json\/wp\/v2\/posts"}],"about":[{"href":"https:\/\/cleitonpinheiro.com.br\/site\/wp-json\/wp\/v2\/types\/post"}],"author":[{"embeddable":true,"href":"https:\/\/cleitonpinheiro.com.br\/site\/wp-json\/wp\/v2\/users\/4"}],"replies":[{"embeddable":true,"href":"https:\/\/cleitonpinheiro.com.br\/site\/wp-json\/wp\/v2\/comments?post=29250"}],"version-history":[{"count":0,"href":"https:\/\/cleitonpinheiro.com.br\/site\/wp-json\/wp\/v2\/posts\/29250\/revisions"}],"wp:featuredmedia":[{"embeddable":true,"href":"https:\/\/cleitonpinheiro.com.br\/site\/wp-json\/"}],"wp:attachment":[{"href":"https:\/\/cleitonpinheiro.com.br\/site\/wp-json\/wp\/v2\/media?parent=29250"}],"wp:term":[{"taxonomy":"category","embeddable":true,"href":"https:\/\/cleitonpinheiro.com.br\/site\/wp-json\/wp\/v2\/categories?post=29250"},{"taxonomy":"post_tag","embeddable":true,"href":"https:\/\/cleitonpinheiro.com.br\/site\/wp-json\/wp\/v2\/tags?post=29250"}],"curies":[{"name":"wp","href":"https:\/\/api.w.org\/{rel}","templated":true}]}}