{"id":29256,"date":"2020-04-17T14:45:07","date_gmt":"2020-04-17T17:45:07","guid":{"rendered":"https:\/\/cleitonpinheiro.com.br\/portal\/?p=29256"},"modified":"2023-05-04T22:35:45","modified_gmt":"2023-05-05T01:35:45","slug":"opiniao-qual-o-valor-da-vida-sucinta-reflexao-sobre-a-morte-em-contexto-de-pandemia","status":"publish","type":"post","link":"https:\/\/cleitonpinheiro.com.br\/site\/opiniao-qual-o-valor-da-vida-sucinta-reflexao-sobre-a-morte-em-contexto-de-pandemia\/","title":{"rendered":"Opini\u00e3o: Qual o valor da vida? Sucinta reflex\u00e3o sobre a morte em contexto de pandemia"},"content":{"rendered":"\n<p><em><strong>Por N\u00fabia Silva dos Santos<\/strong><\/em>  <\/p>\n\n\n<div class=\"wp-block-image\"><figure class=\"alignleft is-resized\"><img fetchpriority=\"high\" decoding=\"async\" src=\"https:\/\/cleitonpinheiro.com.br\/portal\/wp-content\/uploads\/2020\/04\/Nubiaeditadaao.jpg\" alt=\"\" class=\"wp-image-29257\" width=\"440\" height=\"264\"\/><figcaption>N\u00fabia Silva dos Santos \u00e9 docente do Curso de Direito da Universidade Federal do Tocantins <\/figcaption><\/figure><\/div>\n\n\n<p>A morte \u00e9 nossa \u00fanica&nbsp;\ncerteza. Em nossa cultura,&nbsp;\nn\u00e3o&nbsp; lidamos bem com a morte &#8211; n\u00e3o\nestamos preparados para ela. Alguns, por sofrimento&nbsp; e adoecimento, desistem da vida, e &#8220;optam&#8221;\npela morte volunt\u00e1ria.&nbsp; Mas, de maneira\ngeral, o ser humano tudo daria para continuar vivo, se lhe fosse poss\u00edvel&nbsp; tal barganha. Na literatura e no cinema,\ntemos os pact\u00e1rios, que buscam a vida eterna. Enfim, n\u00e3o&nbsp; desconhecemos a morte di\u00e1ria,&nbsp; n\u00e3o &nbsp;estamos subestimando a morte, nem sendo\nhip\u00f3critas. Muito menos, achando que s\u00f3&nbsp;\na Covid-19 mata. <\/p>\n\n\n<p>Da covid-19 temos medo, pelo desconhecido em rela\u00e7\u00e3o&nbsp; a ela e porque&nbsp; ela, &#8220;democraticamente&#8221;, pode\nceifar nossa vida (a de qualquer um de n\u00f3s,&nbsp;\nsem distin\u00e7\u00e3o alguma), o medo maior \u00e9&nbsp;\nde morrer mesmo e tamb\u00e9m&nbsp; o de\nperder para a morte entes que amamos. S\u00edsifo enganou aos deuses e conseguiu se\nlivrar da morte. Mas isso \u00e9&nbsp; coisa da\nmitologia.&nbsp; N\u00f3s precisamos sim analisar\nnossas a\u00e7\u00f5es e nosso ponto de vista sobre a vida e sobre como a vida \u00e9&nbsp; tratada e ceifada. <\/p>\n\n\n<p>A imin\u00eancia&nbsp; da morte\npossibilita isso ao ser humano. A covid-19 pode e deve nos possibilitar essa\nreflex\u00e3o. Nem todos, infelizmente, podem ficar em casa e isso, pela luta pela\nvida, seja pela sua pr\u00f3pria,&nbsp; para buscar\na subsist\u00eancia,&nbsp; pela vida dos seus entes\nqueridos,&nbsp; ou pela vida dos demais, no\ncaso daqueles que atuam&nbsp; nos\nservi\u00e7os&nbsp; essenciais, como\nprofissionais&nbsp; da sa\u00fade,&nbsp; da seguran\u00e7a&nbsp;\np\u00fablica&nbsp; e outros&nbsp; que garantem&nbsp;\no essencial para a vida.&nbsp; <\/p>\n\n\n<p>Mas, diante da morte iminente,&nbsp; podemos e devemos nos questionar sobre o que\n\u00e9&nbsp; essencial para a vida, bem como quais\nvidas importam? Quanto vale uma vida? Que valor tem a vida para&nbsp; mim? O que fa\u00e7o&nbsp; para que minha vida tenha qualidade&nbsp; e se prolongue? O que fa\u00e7o&nbsp; para que a vida dos meus semelhantes seja\nmelhor e igualmente mais longa, prolongada? Perguntas dif\u00edceis&nbsp; de responder, porque &#8220;viver \u00e9&nbsp; perigoso&#8221;, porque n\u00e3o&nbsp; paramos para pensar na vida que queremos e\nnem na vida que levamos, tamb\u00e9m,&nbsp;\nporque&nbsp; de modo geral, o ser\nhumano pouco tem feito por seus semelhantes,&nbsp;\nnem todos, felizmente &#8211; h\u00e1&nbsp;\nexce\u00e7\u00f5es.<\/p>\n\n\n<p>Enfim,&nbsp; o momento\nexige de n\u00f3s&nbsp; coragem, porque&nbsp; &#8220;a vida&nbsp;\nexige de n\u00f3s&nbsp; coragem &#8220;.\nEstamos com medo de morrer? Estamos.&nbsp;\nVamos morrer? Sim, todos n\u00f3s,&nbsp; um dia\nmorreremos.&nbsp; Queremos morrer j\u00e1?\nN\u00c3O.&nbsp; Se pudermos fazer algo para\nprolongar a vida, n\u00f3s&nbsp; o faremos? SIM.\nEnt\u00e3o,&nbsp; que cada um de n\u00f3s,&nbsp; os que puderem e quiserem, fa\u00e7amos&nbsp; nossa parte. Por n\u00f3s,&nbsp; pelos que amamos, e por nossos semelhantes,&nbsp; a quem devemos amar como a n\u00f3s&nbsp; mesmos. N\u00f3s&nbsp;\nfazemos isso? Na maioria das vezes, n\u00e3o.&nbsp;\nFalta amor no mundo. Espero que todos saiamos melhores dessa crise, que\namemos mais. Que tenhamos mais f\u00e9,&nbsp; mais\ncompaix\u00e3o,&nbsp; mais empatia, mais\nsolidariedade e mais vida, porque a vida de todos importa e ningu\u00e9m,&nbsp; nem mesmo&nbsp;\no suicida, quer morrer.<\/p>\n","protected":false},"excerpt":{"rendered":"<p>Por N\u00fabia Silva dos Santos A morte \u00e9 nossa \u00fanica&nbsp; certeza. Em nossa cultura,&nbsp; n\u00e3o&nbsp; lidamos bem com a morte &#8211; n\u00e3o estamos preparados para ela. Alguns, por sofrimento&nbsp; e adoecimento, desistem da vida, e &#8220;optam&#8221; pela morte volunt\u00e1ria.&nbsp; Mas, de maneira geral, o ser humano tudo daria para continuar vivo, se lhe fosse poss\u00edvel&nbsp; [&hellip;]<\/p>\n","protected":false},"author":9,"featured_media":29260,"comment_status":"open","ping_status":"open","sticky":false,"template":"","format":"standard","meta":{"_acf_changed":false,"footnotes":""},"categories":[24],"tags":[],"class_list":["post-29256","post","type-post","status-publish","format-standard","has-post-thumbnail","hentry","category-colunas"],"acf":[],"yoast_head":"<!-- This site is optimized with the Yoast SEO plugin v24.4 - https:\/\/yoast.com\/wordpress\/plugins\/seo\/ -->\n<title>Opini\u00e3o: Qual o valor da vida? Sucinta reflex\u00e3o sobre a morte em contexto de pandemia - PORTAL DE NOT\u00cdCIAS CLEITON PINHEIRO<\/title>\n<meta name=\"robots\" content=\"index, follow, max-snippet:-1, max-image-preview:large, max-video-preview:-1\" \/>\n<link rel=\"canonical\" href=\"https:\/\/cleitonpinheiro.com.br\/site\/opiniao-qual-o-valor-da-vida-sucinta-reflexao-sobre-a-morte-em-contexto-de-pandemia\/\" \/>\n<meta property=\"og:locale\" content=\"pt_BR\" \/>\n<meta property=\"og:type\" content=\"article\" \/>\n<meta property=\"og:title\" content=\"Opini\u00e3o: Qual o valor da vida? Sucinta reflex\u00e3o sobre a morte em contexto de pandemia - PORTAL DE NOT\u00cdCIAS CLEITON PINHEIRO\" \/>\n<meta property=\"og:description\" content=\"Por N\u00fabia Silva dos Santos A morte \u00e9 nossa \u00fanica&nbsp; certeza. Em nossa cultura,&nbsp; n\u00e3o&nbsp; lidamos bem com a morte &#8211; n\u00e3o estamos preparados para ela. Alguns, por sofrimento&nbsp; e adoecimento, desistem da vida, e &#8220;optam&#8221; pela morte volunt\u00e1ria.&nbsp; Mas, de maneira geral, o ser humano tudo daria para continuar vivo, se lhe fosse poss\u00edvel&nbsp; [&hellip;]\" \/>\n<meta property=\"og:url\" content=\"https:\/\/cleitonpinheiro.com.br\/site\/opiniao-qual-o-valor-da-vida-sucinta-reflexao-sobre-a-morte-em-contexto-de-pandemia\/\" \/>\n<meta property=\"og:site_name\" content=\"PORTAL DE NOT\u00cdCIAS CLEITON PINHEIRO\" \/>\n<meta property=\"article:publisher\" content=\"https:\/\/www.facebook.com\/portalcpnoticias\/\" \/>\n<meta property=\"article:published_time\" content=\"2020-04-17T17:45:07+00:00\" \/>\n<meta property=\"article:modified_time\" content=\"2023-05-05T01:35:45+00:00\" \/>\n<meta name=\"author\" content=\"RGF Sistemas\" \/>\n<meta name=\"twitter:card\" content=\"summary_large_image\" \/>\n<meta name=\"twitter:label1\" content=\"Escrito por\" \/>\n\t<meta name=\"twitter:data1\" content=\"RGF Sistemas\" \/>\n\t<meta name=\"twitter:label2\" content=\"Est. tempo de leitura\" \/>\n\t<meta name=\"twitter:data2\" content=\"3 minutos\" \/>\n<script type=\"application\/ld+json\" class=\"yoast-schema-graph\">{\"@context\":\"https:\/\/schema.org\",\"@graph\":[{\"@type\":\"Article\",\"@id\":\"https:\/\/cleitonpinheiro.com.br\/site\/opiniao-qual-o-valor-da-vida-sucinta-reflexao-sobre-a-morte-em-contexto-de-pandemia\/#article\",\"isPartOf\":{\"@id\":\"https:\/\/cleitonpinheiro.com.br\/site\/opiniao-qual-o-valor-da-vida-sucinta-reflexao-sobre-a-morte-em-contexto-de-pandemia\/\"},\"author\":{\"name\":\"RGF Sistemas\",\"@id\":\"https:\/\/cleitonpinheiro.com.br\/site\/#\/schema\/person\/b7621891c193194dd412fdc1ff9b2b41\"},\"headline\":\"Opini\u00e3o: Qual o valor da vida? Sucinta reflex\u00e3o sobre a morte em contexto de pandemia\",\"datePublished\":\"2020-04-17T17:45:07+00:00\",\"dateModified\":\"2023-05-05T01:35:45+00:00\",\"mainEntityOfPage\":{\"@id\":\"https:\/\/cleitonpinheiro.com.br\/site\/opiniao-qual-o-valor-da-vida-sucinta-reflexao-sobre-a-morte-em-contexto-de-pandemia\/\"},\"wordCount\":617,\"commentCount\":0,\"publisher\":{\"@id\":\"https:\/\/cleitonpinheiro.com.br\/site\/#organization\"},\"image\":{\"@id\":\"https:\/\/cleitonpinheiro.com.br\/site\/opiniao-qual-o-valor-da-vida-sucinta-reflexao-sobre-a-morte-em-contexto-de-pandemia\/#primaryimage\"},\"thumbnailUrl\":\"\",\"articleSection\":[\"COLUNAS\"],\"inLanguage\":\"pt-BR\",\"potentialAction\":[{\"@type\":\"CommentAction\",\"name\":\"Comment\",\"target\":[\"https:\/\/cleitonpinheiro.com.br\/site\/opiniao-qual-o-valor-da-vida-sucinta-reflexao-sobre-a-morte-em-contexto-de-pandemia\/#respond\"]}]},{\"@type\":\"WebPage\",\"@id\":\"https:\/\/cleitonpinheiro.com.br\/site\/opiniao-qual-o-valor-da-vida-sucinta-reflexao-sobre-a-morte-em-contexto-de-pandemia\/\",\"url\":\"https:\/\/cleitonpinheiro.com.br\/site\/opiniao-qual-o-valor-da-vida-sucinta-reflexao-sobre-a-morte-em-contexto-de-pandemia\/\",\"name\":\"Opini\u00e3o: Qual o valor da vida? Sucinta reflex\u00e3o sobre a morte em contexto de pandemia - PORTAL DE NOT\u00cdCIAS CLEITON PINHEIRO\",\"isPartOf\":{\"@id\":\"https:\/\/cleitonpinheiro.com.br\/site\/#website\"},\"primaryImageOfPage\":{\"@id\":\"https:\/\/cleitonpinheiro.com.br\/site\/opiniao-qual-o-valor-da-vida-sucinta-reflexao-sobre-a-morte-em-contexto-de-pandemia\/#primaryimage\"},\"image\":{\"@id\":\"https:\/\/cleitonpinheiro.com.br\/site\/opiniao-qual-o-valor-da-vida-sucinta-reflexao-sobre-a-morte-em-contexto-de-pandemia\/#primaryimage\"},\"thumbnailUrl\":\"\",\"datePublished\":\"2020-04-17T17:45:07+00:00\",\"dateModified\":\"2023-05-05T01:35:45+00:00\",\"breadcrumb\":{\"@id\":\"https:\/\/cleitonpinheiro.com.br\/site\/opiniao-qual-o-valor-da-vida-sucinta-reflexao-sobre-a-morte-em-contexto-de-pandemia\/#breadcrumb\"},\"inLanguage\":\"pt-BR\",\"potentialAction\":[{\"@type\":\"ReadAction\",\"target\":[\"https:\/\/cleitonpinheiro.com.br\/site\/opiniao-qual-o-valor-da-vida-sucinta-reflexao-sobre-a-morte-em-contexto-de-pandemia\/\"]}]},{\"@type\":\"ImageObject\",\"inLanguage\":\"pt-BR\",\"@id\":\"https:\/\/cleitonpinheiro.com.br\/site\/opiniao-qual-o-valor-da-vida-sucinta-reflexao-sobre-a-morte-em-contexto-de-pandemia\/#primaryimage\",\"url\":\"\",\"contentUrl\":\"\"},{\"@type\":\"BreadcrumbList\",\"@id\":\"https:\/\/cleitonpinheiro.com.br\/site\/opiniao-qual-o-valor-da-vida-sucinta-reflexao-sobre-a-morte-em-contexto-de-pandemia\/#breadcrumb\",\"itemListElement\":[{\"@type\":\"ListItem\",\"position\":1,\"name\":\"In\u00edcio\",\"item\":\"https:\/\/cleitonpinheiro.com.br\/site\/\"},{\"@type\":\"ListItem\",\"position\":2,\"name\":\"Opini\u00e3o: Qual o valor da vida? Sucinta reflex\u00e3o sobre a morte em contexto de pandemia\"}]},{\"@type\":\"WebSite\",\"@id\":\"https:\/\/cleitonpinheiro.com.br\/site\/#website\",\"url\":\"https:\/\/cleitonpinheiro.com.br\/site\/\",\"name\":\"PORTAL DE NOT\u00cdCIAS CLEITON PINHEIRO\",\"description\":\"FALANDO A VERDADE\",\"publisher\":{\"@id\":\"https:\/\/cleitonpinheiro.com.br\/site\/#organization\"},\"potentialAction\":[{\"@type\":\"SearchAction\",\"target\":{\"@type\":\"EntryPoint\",\"urlTemplate\":\"https:\/\/cleitonpinheiro.com.br\/site\/?s={search_term_string}\"},\"query-input\":{\"@type\":\"PropertyValueSpecification\",\"valueRequired\":true,\"valueName\":\"search_term_string\"}}],\"inLanguage\":\"pt-BR\"},{\"@type\":\"Organization\",\"@id\":\"https:\/\/cleitonpinheiro.com.br\/site\/#organization\",\"name\":\"CPNOT\u00cdCIAS\",\"url\":\"https:\/\/cleitonpinheiro.com.br\/site\/\",\"logo\":{\"@type\":\"ImageObject\",\"inLanguage\":\"pt-BR\",\"@id\":\"https:\/\/cleitonpinheiro.com.br\/site\/#\/schema\/logo\/image\/\",\"url\":\"https:\/\/cleitonpinheiro.com.br\/site\/wp-content\/uploads\/2022\/08\/Logo-pequena-2.png\",\"contentUrl\":\"https:\/\/cleitonpinheiro.com.br\/site\/wp-content\/uploads\/2022\/08\/Logo-pequena-2.png\",\"width\":500,\"height\":500,\"caption\":\"CPNOT\u00cdCIAS\"},\"image\":{\"@id\":\"https:\/\/cleitonpinheiro.com.br\/site\/#\/schema\/logo\/image\/\"},\"sameAs\":[\"https:\/\/www.facebook.com\/portalcpnoticias\/\"]},{\"@type\":\"Person\",\"@id\":\"https:\/\/cleitonpinheiro.com.br\/site\/#\/schema\/person\/b7621891c193194dd412fdc1ff9b2b41\",\"name\":\"RGF Sistemas\",\"image\":{\"@type\":\"ImageObject\",\"inLanguage\":\"pt-BR\",\"@id\":\"https:\/\/cleitonpinheiro.com.br\/site\/#\/schema\/person\/image\/\",\"url\":\"https:\/\/secure.gravatar.com\/avatar\/59e110c11e5eecf4636340abed101b4cddb70ca9f64acab0fe8863bcc0a66b2d?s=96&r=g\",\"contentUrl\":\"https:\/\/secure.gravatar.com\/avatar\/59e110c11e5eecf4636340abed101b4cddb70ca9f64acab0fe8863bcc0a66b2d?s=96&r=g\",\"caption\":\"RGF Sistemas\"},\"url\":\"https:\/\/cleitonpinheiro.com.br\/site\/author\/rgfsite\/\"}]}<\/script>\n<!-- \/ Yoast SEO plugin. -->","yoast_head_json":{"title":"Opini\u00e3o: Qual o valor da vida? Sucinta reflex\u00e3o sobre a morte em contexto de pandemia - PORTAL DE NOT\u00cdCIAS CLEITON PINHEIRO","robots":{"index":"index","follow":"follow","max-snippet":"max-snippet:-1","max-image-preview":"max-image-preview:large","max-video-preview":"max-video-preview:-1"},"canonical":"https:\/\/cleitonpinheiro.com.br\/site\/opiniao-qual-o-valor-da-vida-sucinta-reflexao-sobre-a-morte-em-contexto-de-pandemia\/","og_locale":"pt_BR","og_type":"article","og_title":"Opini\u00e3o: Qual o valor da vida? Sucinta reflex\u00e3o sobre a morte em contexto de pandemia - PORTAL DE NOT\u00cdCIAS CLEITON PINHEIRO","og_description":"Por N\u00fabia Silva dos Santos A morte \u00e9 nossa \u00fanica&nbsp; certeza. Em nossa cultura,&nbsp; n\u00e3o&nbsp; lidamos bem com a morte &#8211; n\u00e3o estamos preparados para ela. Alguns, por sofrimento&nbsp; e adoecimento, desistem da vida, e &#8220;optam&#8221; pela morte volunt\u00e1ria.&nbsp; Mas, de maneira geral, o ser humano tudo daria para continuar vivo, se lhe fosse poss\u00edvel&nbsp; [&hellip;]","og_url":"https:\/\/cleitonpinheiro.com.br\/site\/opiniao-qual-o-valor-da-vida-sucinta-reflexao-sobre-a-morte-em-contexto-de-pandemia\/","og_site_name":"PORTAL DE NOT\u00cdCIAS CLEITON PINHEIRO","article_publisher":"https:\/\/www.facebook.com\/portalcpnoticias\/","article_published_time":"2020-04-17T17:45:07+00:00","article_modified_time":"2023-05-05T01:35:45+00:00","author":"RGF Sistemas","twitter_card":"summary_large_image","twitter_misc":{"Escrito por":"RGF Sistemas","Est. tempo de leitura":"3 minutos"},"schema":{"@context":"https:\/\/schema.org","@graph":[{"@type":"Article","@id":"https:\/\/cleitonpinheiro.com.br\/site\/opiniao-qual-o-valor-da-vida-sucinta-reflexao-sobre-a-morte-em-contexto-de-pandemia\/#article","isPartOf":{"@id":"https:\/\/cleitonpinheiro.com.br\/site\/opiniao-qual-o-valor-da-vida-sucinta-reflexao-sobre-a-morte-em-contexto-de-pandemia\/"},"author":{"name":"RGF Sistemas","@id":"https:\/\/cleitonpinheiro.com.br\/site\/#\/schema\/person\/b7621891c193194dd412fdc1ff9b2b41"},"headline":"Opini\u00e3o: Qual o valor da vida? Sucinta reflex\u00e3o sobre a morte em contexto de pandemia","datePublished":"2020-04-17T17:45:07+00:00","dateModified":"2023-05-05T01:35:45+00:00","mainEntityOfPage":{"@id":"https:\/\/cleitonpinheiro.com.br\/site\/opiniao-qual-o-valor-da-vida-sucinta-reflexao-sobre-a-morte-em-contexto-de-pandemia\/"},"wordCount":617,"commentCount":0,"publisher":{"@id":"https:\/\/cleitonpinheiro.com.br\/site\/#organization"},"image":{"@id":"https:\/\/cleitonpinheiro.com.br\/site\/opiniao-qual-o-valor-da-vida-sucinta-reflexao-sobre-a-morte-em-contexto-de-pandemia\/#primaryimage"},"thumbnailUrl":"","articleSection":["COLUNAS"],"inLanguage":"pt-BR","potentialAction":[{"@type":"CommentAction","name":"Comment","target":["https:\/\/cleitonpinheiro.com.br\/site\/opiniao-qual-o-valor-da-vida-sucinta-reflexao-sobre-a-morte-em-contexto-de-pandemia\/#respond"]}]},{"@type":"WebPage","@id":"https:\/\/cleitonpinheiro.com.br\/site\/opiniao-qual-o-valor-da-vida-sucinta-reflexao-sobre-a-morte-em-contexto-de-pandemia\/","url":"https:\/\/cleitonpinheiro.com.br\/site\/opiniao-qual-o-valor-da-vida-sucinta-reflexao-sobre-a-morte-em-contexto-de-pandemia\/","name":"Opini\u00e3o: Qual o valor da vida? Sucinta reflex\u00e3o sobre a morte em contexto de pandemia - PORTAL DE NOT\u00cdCIAS CLEITON PINHEIRO","isPartOf":{"@id":"https:\/\/cleitonpinheiro.com.br\/site\/#website"},"primaryImageOfPage":{"@id":"https:\/\/cleitonpinheiro.com.br\/site\/opiniao-qual-o-valor-da-vida-sucinta-reflexao-sobre-a-morte-em-contexto-de-pandemia\/#primaryimage"},"image":{"@id":"https:\/\/cleitonpinheiro.com.br\/site\/opiniao-qual-o-valor-da-vida-sucinta-reflexao-sobre-a-morte-em-contexto-de-pandemia\/#primaryimage"},"thumbnailUrl":"","datePublished":"2020-04-17T17:45:07+00:00","dateModified":"2023-05-05T01:35:45+00:00","breadcrumb":{"@id":"https:\/\/cleitonpinheiro.com.br\/site\/opiniao-qual-o-valor-da-vida-sucinta-reflexao-sobre-a-morte-em-contexto-de-pandemia\/#breadcrumb"},"inLanguage":"pt-BR","potentialAction":[{"@type":"ReadAction","target":["https:\/\/cleitonpinheiro.com.br\/site\/opiniao-qual-o-valor-da-vida-sucinta-reflexao-sobre-a-morte-em-contexto-de-pandemia\/"]}]},{"@type":"ImageObject","inLanguage":"pt-BR","@id":"https:\/\/cleitonpinheiro.com.br\/site\/opiniao-qual-o-valor-da-vida-sucinta-reflexao-sobre-a-morte-em-contexto-de-pandemia\/#primaryimage","url":"","contentUrl":""},{"@type":"BreadcrumbList","@id":"https:\/\/cleitonpinheiro.com.br\/site\/opiniao-qual-o-valor-da-vida-sucinta-reflexao-sobre-a-morte-em-contexto-de-pandemia\/#breadcrumb","itemListElement":[{"@type":"ListItem","position":1,"name":"In\u00edcio","item":"https:\/\/cleitonpinheiro.com.br\/site\/"},{"@type":"ListItem","position":2,"name":"Opini\u00e3o: Qual o valor da vida? Sucinta reflex\u00e3o sobre a morte em contexto de pandemia"}]},{"@type":"WebSite","@id":"https:\/\/cleitonpinheiro.com.br\/site\/#website","url":"https:\/\/cleitonpinheiro.com.br\/site\/","name":"PORTAL DE NOT\u00cdCIAS CLEITON PINHEIRO","description":"FALANDO A VERDADE","publisher":{"@id":"https:\/\/cleitonpinheiro.com.br\/site\/#organization"},"potentialAction":[{"@type":"SearchAction","target":{"@type":"EntryPoint","urlTemplate":"https:\/\/cleitonpinheiro.com.br\/site\/?s={search_term_string}"},"query-input":{"@type":"PropertyValueSpecification","valueRequired":true,"valueName":"search_term_string"}}],"inLanguage":"pt-BR"},{"@type":"Organization","@id":"https:\/\/cleitonpinheiro.com.br\/site\/#organization","name":"CPNOT\u00cdCIAS","url":"https:\/\/cleitonpinheiro.com.br\/site\/","logo":{"@type":"ImageObject","inLanguage":"pt-BR","@id":"https:\/\/cleitonpinheiro.com.br\/site\/#\/schema\/logo\/image\/","url":"https:\/\/cleitonpinheiro.com.br\/site\/wp-content\/uploads\/2022\/08\/Logo-pequena-2.png","contentUrl":"https:\/\/cleitonpinheiro.com.br\/site\/wp-content\/uploads\/2022\/08\/Logo-pequena-2.png","width":500,"height":500,"caption":"CPNOT\u00cdCIAS"},"image":{"@id":"https:\/\/cleitonpinheiro.com.br\/site\/#\/schema\/logo\/image\/"},"sameAs":["https:\/\/www.facebook.com\/portalcpnoticias\/"]},{"@type":"Person","@id":"https:\/\/cleitonpinheiro.com.br\/site\/#\/schema\/person\/b7621891c193194dd412fdc1ff9b2b41","name":"RGF Sistemas","image":{"@type":"ImageObject","inLanguage":"pt-BR","@id":"https:\/\/cleitonpinheiro.com.br\/site\/#\/schema\/person\/image\/","url":"https:\/\/secure.gravatar.com\/avatar\/59e110c11e5eecf4636340abed101b4cddb70ca9f64acab0fe8863bcc0a66b2d?s=96&r=g","contentUrl":"https:\/\/secure.gravatar.com\/avatar\/59e110c11e5eecf4636340abed101b4cddb70ca9f64acab0fe8863bcc0a66b2d?s=96&r=g","caption":"RGF Sistemas"},"url":"https:\/\/cleitonpinheiro.com.br\/site\/author\/rgfsite\/"}]}},"views":238,"_links":{"self":[{"href":"https:\/\/cleitonpinheiro.com.br\/site\/wp-json\/wp\/v2\/posts\/29256","targetHints":{"allow":["GET"]}}],"collection":[{"href":"https:\/\/cleitonpinheiro.com.br\/site\/wp-json\/wp\/v2\/posts"}],"about":[{"href":"https:\/\/cleitonpinheiro.com.br\/site\/wp-json\/wp\/v2\/types\/post"}],"author":[{"embeddable":true,"href":"https:\/\/cleitonpinheiro.com.br\/site\/wp-json\/wp\/v2\/users\/9"}],"replies":[{"embeddable":true,"href":"https:\/\/cleitonpinheiro.com.br\/site\/wp-json\/wp\/v2\/comments?post=29256"}],"version-history":[{"count":1,"href":"https:\/\/cleitonpinheiro.com.br\/site\/wp-json\/wp\/v2\/posts\/29256\/revisions"}],"predecessor-version":[{"id":59762,"href":"https:\/\/cleitonpinheiro.com.br\/site\/wp-json\/wp\/v2\/posts\/29256\/revisions\/59762"}],"wp:featuredmedia":[{"embeddable":true,"href":"https:\/\/cleitonpinheiro.com.br\/site\/wp-json\/"}],"wp:attachment":[{"href":"https:\/\/cleitonpinheiro.com.br\/site\/wp-json\/wp\/v2\/media?parent=29256"}],"wp:term":[{"taxonomy":"category","embeddable":true,"href":"https:\/\/cleitonpinheiro.com.br\/site\/wp-json\/wp\/v2\/categories?post=29256"},{"taxonomy":"post_tag","embeddable":true,"href":"https:\/\/cleitonpinheiro.com.br\/site\/wp-json\/wp\/v2\/tags?post=29256"}],"curies":[{"name":"wp","href":"https:\/\/api.w.org\/{rel}","templated":true}]}}