{"id":29266,"date":"2020-04-17T17:42:31","date_gmt":"2020-04-17T20:42:31","guid":{"rendered":"https:\/\/cleitonpinheiro.com.br\/portal\/?p=29266"},"modified":"2020-04-17T17:42:31","modified_gmt":"2020-04-17T20:42:31","slug":"medico-do-tocantins-morre-de-coronavirus-no-estado-do-para","status":"publish","type":"post","link":"https:\/\/cleitonpinheiro.com.br\/site\/medico-do-tocantins-morre-de-coronavirus-no-estado-do-para\/","title":{"rendered":"M\u00e9dico do Tocantins morre de coronav\u00edrus  no Estado do Par\u00e1"},"content":{"rendered":"\n<p><strong><em>Da\nReda\u00e7\u00e3o do CP Not\u00edcias<\/em><\/strong><strong><\/strong><\/p>\n\n\n<figure class=\"wp-block-image\"><img decoding=\"async\" src=\"https:\/\/cleitonpinheiro.com.br\/portal\/wp-content\/uploads\/2020\/04\/MedicoEditadooo-2.jpg\" alt=\"\" class=\"wp-image-29267\"\/><\/figure>\n\n\n<p>O m\u00e9dico tocantinense Carlos Augusto Estorari,\nde 48 anos, morreu com o diagn\u00f3stico de coronav\u00edrus na cidade de Parauapebas,\nno Estado do Par\u00e1, nessa quinta-feira, 16. Ele n\u00e3o possu\u00eda doen\u00e7as\npr\u00e9-existentes.<\/p>\n\n\n<p>De acordo com a Prefeitura de Parauapebas, o\nm\u00e9dico estava internado na Unidade de Tratamento Intensivo (UTI) desde o dia 6\nde abril e testou positivo para covid-19 no dia 10 do mesmo m\u00eas. Conforme as\ninforma\u00e7\u00f5es, o m\u00e9dico come\u00e7ou a apresentar os sintomas no dia 28 de mar\u00e7o e foi\na terceira v\u00edtima fatal da doen\u00e7a naquele munic\u00edpio.<br \/>\n<br \/>\nO m\u00e9dico era servidor p\u00fablico do munic\u00edpio desde 2007 e atendia no Pronto\nSocorro Municipal e tamb\u00e9m no Hospital Geral de Parauapebas (HGP).<br \/>\n<br \/>\n<\/p>\n","protected":false},"excerpt":{"rendered":"<p>Da Reda\u00e7\u00e3o do CP Not\u00edcias O m\u00e9dico tocantinense Carlos Augusto Estorari, de 48 anos, morreu com o diagn\u00f3stico de coronav\u00edrus na cidade de Parauapebas, no Estado do Par\u00e1, nessa quinta-feira, 16. Ele n\u00e3o possu\u00eda doen\u00e7as pr\u00e9-existentes. De acordo com a Prefeitura de Parauapebas, o m\u00e9dico estava internado na Unidade de Tratamento Intensivo (UTI) desde o [&hellip;]<\/p>\n","protected":false},"author":4,"featured_media":29268,"comment_status":"open","ping_status":"open","sticky":false,"template":"","format":"standard","meta":{"_acf_changed":false,"footnotes":""},"categories":[22,24,20],"tags":[],"class_list":["post-29266","post","type-post","status-publish","format-standard","has-post-thumbnail","hentry","category-cidades","category-colunas","category-noticias-em-destaque"],"acf":[],"yoast_head":"<!-- This site is optimized with the Yoast SEO plugin v24.4 - https:\/\/yoast.com\/wordpress\/plugins\/seo\/ -->\n<title>M\u00e9dico do Tocantins morre de coronav\u00edrus no Estado do Par\u00e1 - PORTAL DE NOT\u00cdCIAS CLEITON PINHEIRO<\/title>\n<meta name=\"robots\" content=\"index, follow, max-snippet:-1, max-image-preview:large, max-video-preview:-1\" \/>\n<link rel=\"canonical\" href=\"https:\/\/cleitonpinheiro.com.br\/site\/medico-do-tocantins-morre-de-coronavirus-no-estado-do-para\/\" \/>\n<meta property=\"og:locale\" content=\"pt_BR\" \/>\n<meta property=\"og:type\" content=\"article\" \/>\n<meta property=\"og:title\" content=\"M\u00e9dico do Tocantins morre de coronav\u00edrus no Estado do Par\u00e1 - PORTAL DE NOT\u00cdCIAS CLEITON PINHEIRO\" \/>\n<meta property=\"og:description\" content=\"Da Reda\u00e7\u00e3o do CP Not\u00edcias O m\u00e9dico tocantinense Carlos Augusto Estorari, de 48 anos, morreu com o diagn\u00f3stico de coronav\u00edrus na cidade de Parauapebas, no Estado do Par\u00e1, nessa quinta-feira, 16. Ele n\u00e3o possu\u00eda doen\u00e7as pr\u00e9-existentes. De acordo com a Prefeitura de Parauapebas, o m\u00e9dico estava internado na Unidade de Tratamento Intensivo (UTI) desde o [&hellip;]\" \/>\n<meta property=\"og:url\" content=\"https:\/\/cleitonpinheiro.com.br\/site\/medico-do-tocantins-morre-de-coronavirus-no-estado-do-para\/\" \/>\n<meta property=\"og:site_name\" content=\"PORTAL DE NOT\u00cdCIAS CLEITON PINHEIRO\" \/>\n<meta property=\"article:publisher\" content=\"https:\/\/www.facebook.com\/portalcpnoticias\/\" \/>\n<meta property=\"article:published_time\" content=\"2020-04-17T20:42:31+00:00\" \/>\n<meta name=\"author\" content=\"Dermival Pereira\" \/>\n<meta name=\"twitter:card\" content=\"summary_large_image\" \/>\n<meta name=\"twitter:label1\" content=\"Escrito por\" \/>\n\t<meta name=\"twitter:data1\" content=\"Dermival Pereira\" \/>\n\t<meta name=\"twitter:label2\" content=\"Est. tempo de leitura\" \/>\n\t<meta name=\"twitter:data2\" content=\"1 minuto\" \/>\n<script type=\"application\/ld+json\" class=\"yoast-schema-graph\">{\"@context\":\"https:\/\/schema.org\",\"@graph\":[{\"@type\":\"Article\",\"@id\":\"https:\/\/cleitonpinheiro.com.br\/site\/medico-do-tocantins-morre-de-coronavirus-no-estado-do-para\/#article\",\"isPartOf\":{\"@id\":\"https:\/\/cleitonpinheiro.com.br\/site\/medico-do-tocantins-morre-de-coronavirus-no-estado-do-para\/\"},\"author\":{\"name\":\"Dermival Pereira\",\"@id\":\"https:\/\/cleitonpinheiro.com.br\/site\/#\/schema\/person\/aac6d7f311e80c43042e98a900b03cd8\"},\"headline\":\"M\u00e9dico do Tocantins morre de coronav\u00edrus no Estado do Par\u00e1\",\"datePublished\":\"2020-04-17T20:42:31+00:00\",\"mainEntityOfPage\":{\"@id\":\"https:\/\/cleitonpinheiro.com.br\/site\/medico-do-tocantins-morre-de-coronavirus-no-estado-do-para\/\"},\"wordCount\":146,\"commentCount\":0,\"publisher\":{\"@id\":\"https:\/\/cleitonpinheiro.com.br\/site\/#organization\"},\"image\":{\"@id\":\"https:\/\/cleitonpinheiro.com.br\/site\/medico-do-tocantins-morre-de-coronavirus-no-estado-do-para\/#primaryimage\"},\"thumbnailUrl\":\"\",\"articleSection\":[\"CIDADES\",\"COLUNAS\",\"NOT\u00cdCIAS EM DESTAQUE\"],\"inLanguage\":\"pt-BR\",\"potentialAction\":[{\"@type\":\"CommentAction\",\"name\":\"Comment\",\"target\":[\"https:\/\/cleitonpinheiro.com.br\/site\/medico-do-tocantins-morre-de-coronavirus-no-estado-do-para\/#respond\"]}]},{\"@type\":\"WebPage\",\"@id\":\"https:\/\/cleitonpinheiro.com.br\/site\/medico-do-tocantins-morre-de-coronavirus-no-estado-do-para\/\",\"url\":\"https:\/\/cleitonpinheiro.com.br\/site\/medico-do-tocantins-morre-de-coronavirus-no-estado-do-para\/\",\"name\":\"M\u00e9dico do Tocantins morre de coronav\u00edrus no Estado do Par\u00e1 - PORTAL DE NOT\u00cdCIAS CLEITON PINHEIRO\",\"isPartOf\":{\"@id\":\"https:\/\/cleitonpinheiro.com.br\/site\/#website\"},\"primaryImageOfPage\":{\"@id\":\"https:\/\/cleitonpinheiro.com.br\/site\/medico-do-tocantins-morre-de-coronavirus-no-estado-do-para\/#primaryimage\"},\"image\":{\"@id\":\"https:\/\/cleitonpinheiro.com.br\/site\/medico-do-tocantins-morre-de-coronavirus-no-estado-do-para\/#primaryimage\"},\"thumbnailUrl\":\"\",\"datePublished\":\"2020-04-17T20:42:31+00:00\",\"breadcrumb\":{\"@id\":\"https:\/\/cleitonpinheiro.com.br\/site\/medico-do-tocantins-morre-de-coronavirus-no-estado-do-para\/#breadcrumb\"},\"inLanguage\":\"pt-BR\",\"potentialAction\":[{\"@type\":\"ReadAction\",\"target\":[\"https:\/\/cleitonpinheiro.com.br\/site\/medico-do-tocantins-morre-de-coronavirus-no-estado-do-para\/\"]}]},{\"@type\":\"ImageObject\",\"inLanguage\":\"pt-BR\",\"@id\":\"https:\/\/cleitonpinheiro.com.br\/site\/medico-do-tocantins-morre-de-coronavirus-no-estado-do-para\/#primaryimage\",\"url\":\"\",\"contentUrl\":\"\"},{\"@type\":\"BreadcrumbList\",\"@id\":\"https:\/\/cleitonpinheiro.com.br\/site\/medico-do-tocantins-morre-de-coronavirus-no-estado-do-para\/#breadcrumb\",\"itemListElement\":[{\"@type\":\"ListItem\",\"position\":1,\"name\":\"In\u00edcio\",\"item\":\"https:\/\/cleitonpinheiro.com.br\/site\/\"},{\"@type\":\"ListItem\",\"position\":2,\"name\":\"M\u00e9dico do Tocantins morre de coronav\u00edrus no Estado do Par\u00e1\"}]},{\"@type\":\"WebSite\",\"@id\":\"https:\/\/cleitonpinheiro.com.br\/site\/#website\",\"url\":\"https:\/\/cleitonpinheiro.com.br\/site\/\",\"name\":\"PORTAL DE NOT\u00cdCIAS CLEITON PINHEIRO\",\"description\":\"FALANDO A VERDADE\",\"publisher\":{\"@id\":\"https:\/\/cleitonpinheiro.com.br\/site\/#organization\"},\"potentialAction\":[{\"@type\":\"SearchAction\",\"target\":{\"@type\":\"EntryPoint\",\"urlTemplate\":\"https:\/\/cleitonpinheiro.com.br\/site\/?s={search_term_string}\"},\"query-input\":{\"@type\":\"PropertyValueSpecification\",\"valueRequired\":true,\"valueName\":\"search_term_string\"}}],\"inLanguage\":\"pt-BR\"},{\"@type\":\"Organization\",\"@id\":\"https:\/\/cleitonpinheiro.com.br\/site\/#organization\",\"name\":\"CPNOT\u00cdCIAS\",\"url\":\"https:\/\/cleitonpinheiro.com.br\/site\/\",\"logo\":{\"@type\":\"ImageObject\",\"inLanguage\":\"pt-BR\",\"@id\":\"https:\/\/cleitonpinheiro.com.br\/site\/#\/schema\/logo\/image\/\",\"url\":\"https:\/\/cleitonpinheiro.com.br\/site\/wp-content\/uploads\/2022\/08\/Logo-pequena-2.png\",\"contentUrl\":\"https:\/\/cleitonpinheiro.com.br\/site\/wp-content\/uploads\/2022\/08\/Logo-pequena-2.png\",\"width\":500,\"height\":500,\"caption\":\"CPNOT\u00cdCIAS\"},\"image\":{\"@id\":\"https:\/\/cleitonpinheiro.com.br\/site\/#\/schema\/logo\/image\/\"},\"sameAs\":[\"https:\/\/www.facebook.com\/portalcpnoticias\/\"]},{\"@type\":\"Person\",\"@id\":\"https:\/\/cleitonpinheiro.com.br\/site\/#\/schema\/person\/aac6d7f311e80c43042e98a900b03cd8\",\"name\":\"Dermival Pereira\",\"image\":{\"@type\":\"ImageObject\",\"inLanguage\":\"pt-BR\",\"@id\":\"https:\/\/cleitonpinheiro.com.br\/site\/#\/schema\/person\/image\/\",\"url\":\"https:\/\/secure.gravatar.com\/avatar\/cfaebf3742d6bf8db728bcba3eed6bee37b02337a2e6c822994f20ca72a3784d?s=96&r=g\",\"contentUrl\":\"https:\/\/secure.gravatar.com\/avatar\/cfaebf3742d6bf8db728bcba3eed6bee37b02337a2e6c822994f20ca72a3784d?s=96&r=g\",\"caption\":\"Dermival Pereira\"},\"url\":\"https:\/\/cleitonpinheiro.com.br\/site\/author\/dermival\/\"}]}<\/script>\n<!-- \/ Yoast SEO plugin. -->","yoast_head_json":{"title":"M\u00e9dico do Tocantins morre de coronav\u00edrus no Estado do Par\u00e1 - PORTAL DE NOT\u00cdCIAS CLEITON PINHEIRO","robots":{"index":"index","follow":"follow","max-snippet":"max-snippet:-1","max-image-preview":"max-image-preview:large","max-video-preview":"max-video-preview:-1"},"canonical":"https:\/\/cleitonpinheiro.com.br\/site\/medico-do-tocantins-morre-de-coronavirus-no-estado-do-para\/","og_locale":"pt_BR","og_type":"article","og_title":"M\u00e9dico do Tocantins morre de coronav\u00edrus no Estado do Par\u00e1 - PORTAL DE NOT\u00cdCIAS CLEITON PINHEIRO","og_description":"Da Reda\u00e7\u00e3o do CP Not\u00edcias O m\u00e9dico tocantinense Carlos Augusto Estorari, de 48 anos, morreu com o diagn\u00f3stico de coronav\u00edrus na cidade de Parauapebas, no Estado do Par\u00e1, nessa quinta-feira, 16. Ele n\u00e3o possu\u00eda doen\u00e7as pr\u00e9-existentes. De acordo com a Prefeitura de Parauapebas, o m\u00e9dico estava internado na Unidade de Tratamento Intensivo (UTI) desde o [&hellip;]","og_url":"https:\/\/cleitonpinheiro.com.br\/site\/medico-do-tocantins-morre-de-coronavirus-no-estado-do-para\/","og_site_name":"PORTAL DE NOT\u00cdCIAS CLEITON PINHEIRO","article_publisher":"https:\/\/www.facebook.com\/portalcpnoticias\/","article_published_time":"2020-04-17T20:42:31+00:00","author":"Dermival Pereira","twitter_card":"summary_large_image","twitter_misc":{"Escrito por":"Dermival Pereira","Est. tempo de leitura":"1 minuto"},"schema":{"@context":"https:\/\/schema.org","@graph":[{"@type":"Article","@id":"https:\/\/cleitonpinheiro.com.br\/site\/medico-do-tocantins-morre-de-coronavirus-no-estado-do-para\/#article","isPartOf":{"@id":"https:\/\/cleitonpinheiro.com.br\/site\/medico-do-tocantins-morre-de-coronavirus-no-estado-do-para\/"},"author":{"name":"Dermival Pereira","@id":"https:\/\/cleitonpinheiro.com.br\/site\/#\/schema\/person\/aac6d7f311e80c43042e98a900b03cd8"},"headline":"M\u00e9dico do Tocantins morre de coronav\u00edrus no Estado do Par\u00e1","datePublished":"2020-04-17T20:42:31+00:00","mainEntityOfPage":{"@id":"https:\/\/cleitonpinheiro.com.br\/site\/medico-do-tocantins-morre-de-coronavirus-no-estado-do-para\/"},"wordCount":146,"commentCount":0,"publisher":{"@id":"https:\/\/cleitonpinheiro.com.br\/site\/#organization"},"image":{"@id":"https:\/\/cleitonpinheiro.com.br\/site\/medico-do-tocantins-morre-de-coronavirus-no-estado-do-para\/#primaryimage"},"thumbnailUrl":"","articleSection":["CIDADES","COLUNAS","NOT\u00cdCIAS EM DESTAQUE"],"inLanguage":"pt-BR","potentialAction":[{"@type":"CommentAction","name":"Comment","target":["https:\/\/cleitonpinheiro.com.br\/site\/medico-do-tocantins-morre-de-coronavirus-no-estado-do-para\/#respond"]}]},{"@type":"WebPage","@id":"https:\/\/cleitonpinheiro.com.br\/site\/medico-do-tocantins-morre-de-coronavirus-no-estado-do-para\/","url":"https:\/\/cleitonpinheiro.com.br\/site\/medico-do-tocantins-morre-de-coronavirus-no-estado-do-para\/","name":"M\u00e9dico do Tocantins morre de coronav\u00edrus no Estado do Par\u00e1 - PORTAL DE NOT\u00cdCIAS CLEITON PINHEIRO","isPartOf":{"@id":"https:\/\/cleitonpinheiro.com.br\/site\/#website"},"primaryImageOfPage":{"@id":"https:\/\/cleitonpinheiro.com.br\/site\/medico-do-tocantins-morre-de-coronavirus-no-estado-do-para\/#primaryimage"},"image":{"@id":"https:\/\/cleitonpinheiro.com.br\/site\/medico-do-tocantins-morre-de-coronavirus-no-estado-do-para\/#primaryimage"},"thumbnailUrl":"","datePublished":"2020-04-17T20:42:31+00:00","breadcrumb":{"@id":"https:\/\/cleitonpinheiro.com.br\/site\/medico-do-tocantins-morre-de-coronavirus-no-estado-do-para\/#breadcrumb"},"inLanguage":"pt-BR","potentialAction":[{"@type":"ReadAction","target":["https:\/\/cleitonpinheiro.com.br\/site\/medico-do-tocantins-morre-de-coronavirus-no-estado-do-para\/"]}]},{"@type":"ImageObject","inLanguage":"pt-BR","@id":"https:\/\/cleitonpinheiro.com.br\/site\/medico-do-tocantins-morre-de-coronavirus-no-estado-do-para\/#primaryimage","url":"","contentUrl":""},{"@type":"BreadcrumbList","@id":"https:\/\/cleitonpinheiro.com.br\/site\/medico-do-tocantins-morre-de-coronavirus-no-estado-do-para\/#breadcrumb","itemListElement":[{"@type":"ListItem","position":1,"name":"In\u00edcio","item":"https:\/\/cleitonpinheiro.com.br\/site\/"},{"@type":"ListItem","position":2,"name":"M\u00e9dico do Tocantins morre de coronav\u00edrus no Estado do Par\u00e1"}]},{"@type":"WebSite","@id":"https:\/\/cleitonpinheiro.com.br\/site\/#website","url":"https:\/\/cleitonpinheiro.com.br\/site\/","name":"PORTAL DE NOT\u00cdCIAS CLEITON PINHEIRO","description":"FALANDO A VERDADE","publisher":{"@id":"https:\/\/cleitonpinheiro.com.br\/site\/#organization"},"potentialAction":[{"@type":"SearchAction","target":{"@type":"EntryPoint","urlTemplate":"https:\/\/cleitonpinheiro.com.br\/site\/?s={search_term_string}"},"query-input":{"@type":"PropertyValueSpecification","valueRequired":true,"valueName":"search_term_string"}}],"inLanguage":"pt-BR"},{"@type":"Organization","@id":"https:\/\/cleitonpinheiro.com.br\/site\/#organization","name":"CPNOT\u00cdCIAS","url":"https:\/\/cleitonpinheiro.com.br\/site\/","logo":{"@type":"ImageObject","inLanguage":"pt-BR","@id":"https:\/\/cleitonpinheiro.com.br\/site\/#\/schema\/logo\/image\/","url":"https:\/\/cleitonpinheiro.com.br\/site\/wp-content\/uploads\/2022\/08\/Logo-pequena-2.png","contentUrl":"https:\/\/cleitonpinheiro.com.br\/site\/wp-content\/uploads\/2022\/08\/Logo-pequena-2.png","width":500,"height":500,"caption":"CPNOT\u00cdCIAS"},"image":{"@id":"https:\/\/cleitonpinheiro.com.br\/site\/#\/schema\/logo\/image\/"},"sameAs":["https:\/\/www.facebook.com\/portalcpnoticias\/"]},{"@type":"Person","@id":"https:\/\/cleitonpinheiro.com.br\/site\/#\/schema\/person\/aac6d7f311e80c43042e98a900b03cd8","name":"Dermival Pereira","image":{"@type":"ImageObject","inLanguage":"pt-BR","@id":"https:\/\/cleitonpinheiro.com.br\/site\/#\/schema\/person\/image\/","url":"https:\/\/secure.gravatar.com\/avatar\/cfaebf3742d6bf8db728bcba3eed6bee37b02337a2e6c822994f20ca72a3784d?s=96&r=g","contentUrl":"https:\/\/secure.gravatar.com\/avatar\/cfaebf3742d6bf8db728bcba3eed6bee37b02337a2e6c822994f20ca72a3784d?s=96&r=g","caption":"Dermival Pereira"},"url":"https:\/\/cleitonpinheiro.com.br\/site\/author\/dermival\/"}]}},"views":120,"_links":{"self":[{"href":"https:\/\/cleitonpinheiro.com.br\/site\/wp-json\/wp\/v2\/posts\/29266","targetHints":{"allow":["GET"]}}],"collection":[{"href":"https:\/\/cleitonpinheiro.com.br\/site\/wp-json\/wp\/v2\/posts"}],"about":[{"href":"https:\/\/cleitonpinheiro.com.br\/site\/wp-json\/wp\/v2\/types\/post"}],"author":[{"embeddable":true,"href":"https:\/\/cleitonpinheiro.com.br\/site\/wp-json\/wp\/v2\/users\/4"}],"replies":[{"embeddable":true,"href":"https:\/\/cleitonpinheiro.com.br\/site\/wp-json\/wp\/v2\/comments?post=29266"}],"version-history":[{"count":0,"href":"https:\/\/cleitonpinheiro.com.br\/site\/wp-json\/wp\/v2\/posts\/29266\/revisions"}],"wp:featuredmedia":[{"embeddable":true,"href":"https:\/\/cleitonpinheiro.com.br\/site\/wp-json\/"}],"wp:attachment":[{"href":"https:\/\/cleitonpinheiro.com.br\/site\/wp-json\/wp\/v2\/media?parent=29266"}],"wp:term":[{"taxonomy":"category","embeddable":true,"href":"https:\/\/cleitonpinheiro.com.br\/site\/wp-json\/wp\/v2\/categories?post=29266"},{"taxonomy":"post_tag","embeddable":true,"href":"https:\/\/cleitonpinheiro.com.br\/site\/wp-json\/wp\/v2\/tags?post=29266"}],"curies":[{"name":"wp","href":"https:\/\/api.w.org\/{rel}","templated":true}]}}