{"id":34,"date":"2022-05-09T13:27:24","date_gmt":"2022-05-09T16:27:24","guid":{"rendered":"https:\/\/cleitonpinheiro.com.br\/site\/?p=34"},"modified":"2022-05-18T12:23:18","modified_gmt":"2022-05-18T15:23:18","slug":"covid-numero-de-testes-positivos-aumentou-82-em-uma-semana-diz-abrafarma","status":"publish","type":"post","link":"https:\/\/cleitonpinheiro.com.br\/site\/covid-numero-de-testes-positivos-aumentou-82-em-uma-semana-diz-abrafarma\/","title":{"rendered":"Covid: N\u00famero de testes positivos aumentou 82% em uma semana, diz Abrafarma"},"content":{"rendered":"\n<p>O n\u00famero de testes r\u00e1pidos que deram positivo para covid-19 aumentou mais de 80% em rela\u00e7\u00e3o \u00e0 semana anterior, informou a Abrafarma (Associa\u00e7\u00e3o Brasileira de Redes de Farm\u00e1cias e Drogarias Associa\u00e7\u00e3o Brasileira de Redes de Farm\u00e1cias e Drogarias). Dados da associa\u00e7\u00e3o mostram que, dos 67.314 testes r\u00e1pidos feitos entre 18 e 24 de abril, 10.307 apontaram a infec\u00e7\u00e3o pelo coronav\u00edrus \u2014 n\u00famero 82% maior que o registrado entre 11 e 17 de abril, quando 5.677 diagn\u00f3sticos positivos foram registrados.<\/p>\n","protected":false},"excerpt":{"rendered":"<p>O n\u00famero de testes r\u00e1pidos que deram positivo para covid-19 aumentou mais de 80% em rela\u00e7\u00e3o \u00e0 semana anterior, informou a Abrafarma (Associa\u00e7\u00e3o Brasileira de Redes de Farm\u00e1cias e Drogarias Associa\u00e7\u00e3o Brasileira de Redes de Farm\u00e1cias e Drogarias). Dados da associa\u00e7\u00e3o mostram que, dos 67.314 testes r\u00e1pidos feitos entre 18 e 24 de abril, 10.307 [&hellip;]<\/p>\n","protected":false},"author":9,"featured_media":0,"comment_status":"open","ping_status":"open","sticky":false,"template":"","format":"standard","meta":{"_acf_changed":false,"footnotes":""},"categories":[1],"tags":[],"class_list":["post-34","post","type-post","status-publish","format-standard","hentry","category-esporte"],"acf":[],"yoast_head":"<!-- This site is optimized with the Yoast SEO plugin v24.4 - https:\/\/yoast.com\/wordpress\/plugins\/seo\/ -->\n<title>Covid: N\u00famero de testes positivos aumentou 82% em uma semana, diz Abrafarma - PORTAL DE NOT\u00cdCIAS CLEITON PINHEIRO<\/title>\n<meta name=\"robots\" content=\"index, follow, max-snippet:-1, max-image-preview:large, max-video-preview:-1\" \/>\n<link rel=\"canonical\" href=\"https:\/\/cleitonpinheiro.com.br\/site\/covid-numero-de-testes-positivos-aumentou-82-em-uma-semana-diz-abrafarma\/\" \/>\n<meta property=\"og:locale\" content=\"pt_BR\" \/>\n<meta property=\"og:type\" content=\"article\" \/>\n<meta property=\"og:title\" content=\"Covid: N\u00famero de testes positivos aumentou 82% em uma semana, diz Abrafarma - PORTAL DE NOT\u00cdCIAS CLEITON PINHEIRO\" \/>\n<meta property=\"og:description\" content=\"O n\u00famero de testes r\u00e1pidos que deram positivo para covid-19 aumentou mais de 80% em rela\u00e7\u00e3o \u00e0 semana anterior, informou a Abrafarma (Associa\u00e7\u00e3o Brasileira de Redes de Farm\u00e1cias e Drogarias Associa\u00e7\u00e3o Brasileira de Redes de Farm\u00e1cias e Drogarias). Dados da associa\u00e7\u00e3o mostram que, dos 67.314 testes r\u00e1pidos feitos entre 18 e 24 de abril, 10.307 [&hellip;]\" \/>\n<meta property=\"og:url\" content=\"https:\/\/cleitonpinheiro.com.br\/site\/covid-numero-de-testes-positivos-aumentou-82-em-uma-semana-diz-abrafarma\/\" \/>\n<meta property=\"og:site_name\" content=\"PORTAL DE NOT\u00cdCIAS CLEITON PINHEIRO\" \/>\n<meta property=\"article:publisher\" content=\"https:\/\/www.facebook.com\/portalcpnoticias\/\" \/>\n<meta property=\"article:published_time\" content=\"2022-05-09T16:27:24+00:00\" \/>\n<meta property=\"article:modified_time\" content=\"2022-05-18T15:23:18+00:00\" \/>\n<meta property=\"og:image\" content=\"https:\/\/cleitonpinheiro.com.br\/site\/wp-content\/uploads\/2022\/05\/img-01-5.png\" \/>\n\t<meta property=\"og:image:width\" content=\"692\" \/>\n\t<meta property=\"og:image:height\" content=\"408\" \/>\n\t<meta property=\"og:image:type\" content=\"image\/png\" \/>\n<meta name=\"author\" content=\"RGF Sistemas\" \/>\n<meta name=\"twitter:card\" content=\"summary_large_image\" \/>\n<meta name=\"twitter:label1\" content=\"Escrito por\" \/>\n\t<meta name=\"twitter:data1\" content=\"RGF Sistemas\" \/>\n<script type=\"application\/ld+json\" class=\"yoast-schema-graph\">{\"@context\":\"https:\/\/schema.org\",\"@graph\":[{\"@type\":\"Article\",\"@id\":\"https:\/\/cleitonpinheiro.com.br\/site\/covid-numero-de-testes-positivos-aumentou-82-em-uma-semana-diz-abrafarma\/#article\",\"isPartOf\":{\"@id\":\"https:\/\/cleitonpinheiro.com.br\/site\/covid-numero-de-testes-positivos-aumentou-82-em-uma-semana-diz-abrafarma\/\"},\"author\":{\"name\":\"RGF Sistemas\",\"@id\":\"https:\/\/cleitonpinheiro.com.br\/site\/#\/schema\/person\/b7621891c193194dd412fdc1ff9b2b41\"},\"headline\":\"Covid: N\u00famero de testes positivos aumentou 82% em uma semana, diz Abrafarma\",\"datePublished\":\"2022-05-09T16:27:24+00:00\",\"dateModified\":\"2022-05-18T15:23:18+00:00\",\"mainEntityOfPage\":{\"@id\":\"https:\/\/cleitonpinheiro.com.br\/site\/covid-numero-de-testes-positivos-aumentou-82-em-uma-semana-diz-abrafarma\/\"},\"wordCount\":93,\"commentCount\":0,\"publisher\":{\"@id\":\"https:\/\/cleitonpinheiro.com.br\/site\/#organization\"},\"articleSection\":[\"ESPORTE\"],\"inLanguage\":\"pt-BR\",\"potentialAction\":[{\"@type\":\"CommentAction\",\"name\":\"Comment\",\"target\":[\"https:\/\/cleitonpinheiro.com.br\/site\/covid-numero-de-testes-positivos-aumentou-82-em-uma-semana-diz-abrafarma\/#respond\"]}]},{\"@type\":\"WebPage\",\"@id\":\"https:\/\/cleitonpinheiro.com.br\/site\/covid-numero-de-testes-positivos-aumentou-82-em-uma-semana-diz-abrafarma\/\",\"url\":\"https:\/\/cleitonpinheiro.com.br\/site\/covid-numero-de-testes-positivos-aumentou-82-em-uma-semana-diz-abrafarma\/\",\"name\":\"Covid: N\u00famero de testes positivos aumentou 82% em uma semana, diz Abrafarma - PORTAL DE NOT\u00cdCIAS CLEITON PINHEIRO\",\"isPartOf\":{\"@id\":\"https:\/\/cleitonpinheiro.com.br\/site\/#website\"},\"datePublished\":\"2022-05-09T16:27:24+00:00\",\"dateModified\":\"2022-05-18T15:23:18+00:00\",\"breadcrumb\":{\"@id\":\"https:\/\/cleitonpinheiro.com.br\/site\/covid-numero-de-testes-positivos-aumentou-82-em-uma-semana-diz-abrafarma\/#breadcrumb\"},\"inLanguage\":\"pt-BR\",\"potentialAction\":[{\"@type\":\"ReadAction\",\"target\":[\"https:\/\/cleitonpinheiro.com.br\/site\/covid-numero-de-testes-positivos-aumentou-82-em-uma-semana-diz-abrafarma\/\"]}]},{\"@type\":\"BreadcrumbList\",\"@id\":\"https:\/\/cleitonpinheiro.com.br\/site\/covid-numero-de-testes-positivos-aumentou-82-em-uma-semana-diz-abrafarma\/#breadcrumb\",\"itemListElement\":[{\"@type\":\"ListItem\",\"position\":1,\"name\":\"In\u00edcio\",\"item\":\"https:\/\/cleitonpinheiro.com.br\/site\/\"},{\"@type\":\"ListItem\",\"position\":2,\"name\":\"Covid: N\u00famero de testes positivos aumentou 82% em uma semana, diz Abrafarma\"}]},{\"@type\":\"WebSite\",\"@id\":\"https:\/\/cleitonpinheiro.com.br\/site\/#website\",\"url\":\"https:\/\/cleitonpinheiro.com.br\/site\/\",\"name\":\"PORTAL DE NOT\u00cdCIAS CLEITON PINHEIRO\",\"description\":\"FALANDO A VERDADE\",\"publisher\":{\"@id\":\"https:\/\/cleitonpinheiro.com.br\/site\/#organization\"},\"potentialAction\":[{\"@type\":\"SearchAction\",\"target\":{\"@type\":\"EntryPoint\",\"urlTemplate\":\"https:\/\/cleitonpinheiro.com.br\/site\/?s={search_term_string}\"},\"query-input\":{\"@type\":\"PropertyValueSpecification\",\"valueRequired\":true,\"valueName\":\"search_term_string\"}}],\"inLanguage\":\"pt-BR\"},{\"@type\":\"Organization\",\"@id\":\"https:\/\/cleitonpinheiro.com.br\/site\/#organization\",\"name\":\"CPNOT\u00cdCIAS\",\"url\":\"https:\/\/cleitonpinheiro.com.br\/site\/\",\"logo\":{\"@type\":\"ImageObject\",\"inLanguage\":\"pt-BR\",\"@id\":\"https:\/\/cleitonpinheiro.com.br\/site\/#\/schema\/logo\/image\/\",\"url\":\"https:\/\/cleitonpinheiro.com.br\/site\/wp-content\/uploads\/2022\/08\/Logo-pequena-2.png\",\"contentUrl\":\"https:\/\/cleitonpinheiro.com.br\/site\/wp-content\/uploads\/2022\/08\/Logo-pequena-2.png\",\"width\":500,\"height\":500,\"caption\":\"CPNOT\u00cdCIAS\"},\"image\":{\"@id\":\"https:\/\/cleitonpinheiro.com.br\/site\/#\/schema\/logo\/image\/\"},\"sameAs\":[\"https:\/\/www.facebook.com\/portalcpnoticias\/\"]},{\"@type\":\"Person\",\"@id\":\"https:\/\/cleitonpinheiro.com.br\/site\/#\/schema\/person\/b7621891c193194dd412fdc1ff9b2b41\",\"name\":\"RGF Sistemas\",\"image\":{\"@type\":\"ImageObject\",\"inLanguage\":\"pt-BR\",\"@id\":\"https:\/\/cleitonpinheiro.com.br\/site\/#\/schema\/person\/image\/\",\"url\":\"https:\/\/secure.gravatar.com\/avatar\/59e110c11e5eecf4636340abed101b4cddb70ca9f64acab0fe8863bcc0a66b2d?s=96&r=g\",\"contentUrl\":\"https:\/\/secure.gravatar.com\/avatar\/59e110c11e5eecf4636340abed101b4cddb70ca9f64acab0fe8863bcc0a66b2d?s=96&r=g\",\"caption\":\"RGF Sistemas\"},\"url\":\"https:\/\/cleitonpinheiro.com.br\/site\/author\/rgfsite\/\"}]}<\/script>\n<!-- \/ Yoast SEO plugin. -->","yoast_head_json":{"title":"Covid: N\u00famero de testes positivos aumentou 82% em uma semana, diz Abrafarma - PORTAL DE NOT\u00cdCIAS CLEITON PINHEIRO","robots":{"index":"index","follow":"follow","max-snippet":"max-snippet:-1","max-image-preview":"max-image-preview:large","max-video-preview":"max-video-preview:-1"},"canonical":"https:\/\/cleitonpinheiro.com.br\/site\/covid-numero-de-testes-positivos-aumentou-82-em-uma-semana-diz-abrafarma\/","og_locale":"pt_BR","og_type":"article","og_title":"Covid: N\u00famero de testes positivos aumentou 82% em uma semana, diz Abrafarma - PORTAL DE NOT\u00cdCIAS CLEITON PINHEIRO","og_description":"O n\u00famero de testes r\u00e1pidos que deram positivo para covid-19 aumentou mais de 80% em rela\u00e7\u00e3o \u00e0 semana anterior, informou a Abrafarma (Associa\u00e7\u00e3o Brasileira de Redes de Farm\u00e1cias e Drogarias Associa\u00e7\u00e3o Brasileira de Redes de Farm\u00e1cias e Drogarias). Dados da associa\u00e7\u00e3o mostram que, dos 67.314 testes r\u00e1pidos feitos entre 18 e 24 de abril, 10.307 [&hellip;]","og_url":"https:\/\/cleitonpinheiro.com.br\/site\/covid-numero-de-testes-positivos-aumentou-82-em-uma-semana-diz-abrafarma\/","og_site_name":"PORTAL DE NOT\u00cdCIAS CLEITON PINHEIRO","article_publisher":"https:\/\/www.facebook.com\/portalcpnoticias\/","article_published_time":"2022-05-09T16:27:24+00:00","article_modified_time":"2022-05-18T15:23:18+00:00","og_image":[{"width":692,"height":408,"url":"https:\/\/cleitonpinheiro.com.br\/site\/wp-content\/uploads\/2022\/05\/img-01-5.png","type":"image\/png"}],"author":"RGF Sistemas","twitter_card":"summary_large_image","twitter_misc":{"Escrito por":"RGF Sistemas"},"schema":{"@context":"https:\/\/schema.org","@graph":[{"@type":"Article","@id":"https:\/\/cleitonpinheiro.com.br\/site\/covid-numero-de-testes-positivos-aumentou-82-em-uma-semana-diz-abrafarma\/#article","isPartOf":{"@id":"https:\/\/cleitonpinheiro.com.br\/site\/covid-numero-de-testes-positivos-aumentou-82-em-uma-semana-diz-abrafarma\/"},"author":{"name":"RGF Sistemas","@id":"https:\/\/cleitonpinheiro.com.br\/site\/#\/schema\/person\/b7621891c193194dd412fdc1ff9b2b41"},"headline":"Covid: N\u00famero de testes positivos aumentou 82% em uma semana, diz Abrafarma","datePublished":"2022-05-09T16:27:24+00:00","dateModified":"2022-05-18T15:23:18+00:00","mainEntityOfPage":{"@id":"https:\/\/cleitonpinheiro.com.br\/site\/covid-numero-de-testes-positivos-aumentou-82-em-uma-semana-diz-abrafarma\/"},"wordCount":93,"commentCount":0,"publisher":{"@id":"https:\/\/cleitonpinheiro.com.br\/site\/#organization"},"articleSection":["ESPORTE"],"inLanguage":"pt-BR","potentialAction":[{"@type":"CommentAction","name":"Comment","target":["https:\/\/cleitonpinheiro.com.br\/site\/covid-numero-de-testes-positivos-aumentou-82-em-uma-semana-diz-abrafarma\/#respond"]}]},{"@type":"WebPage","@id":"https:\/\/cleitonpinheiro.com.br\/site\/covid-numero-de-testes-positivos-aumentou-82-em-uma-semana-diz-abrafarma\/","url":"https:\/\/cleitonpinheiro.com.br\/site\/covid-numero-de-testes-positivos-aumentou-82-em-uma-semana-diz-abrafarma\/","name":"Covid: N\u00famero de testes positivos aumentou 82% em uma semana, diz Abrafarma - PORTAL DE NOT\u00cdCIAS CLEITON PINHEIRO","isPartOf":{"@id":"https:\/\/cleitonpinheiro.com.br\/site\/#website"},"datePublished":"2022-05-09T16:27:24+00:00","dateModified":"2022-05-18T15:23:18+00:00","breadcrumb":{"@id":"https:\/\/cleitonpinheiro.com.br\/site\/covid-numero-de-testes-positivos-aumentou-82-em-uma-semana-diz-abrafarma\/#breadcrumb"},"inLanguage":"pt-BR","potentialAction":[{"@type":"ReadAction","target":["https:\/\/cleitonpinheiro.com.br\/site\/covid-numero-de-testes-positivos-aumentou-82-em-uma-semana-diz-abrafarma\/"]}]},{"@type":"BreadcrumbList","@id":"https:\/\/cleitonpinheiro.com.br\/site\/covid-numero-de-testes-positivos-aumentou-82-em-uma-semana-diz-abrafarma\/#breadcrumb","itemListElement":[{"@type":"ListItem","position":1,"name":"In\u00edcio","item":"https:\/\/cleitonpinheiro.com.br\/site\/"},{"@type":"ListItem","position":2,"name":"Covid: N\u00famero de testes positivos aumentou 82% em uma semana, diz Abrafarma"}]},{"@type":"WebSite","@id":"https:\/\/cleitonpinheiro.com.br\/site\/#website","url":"https:\/\/cleitonpinheiro.com.br\/site\/","name":"PORTAL DE NOT\u00cdCIAS CLEITON PINHEIRO","description":"FALANDO A VERDADE","publisher":{"@id":"https:\/\/cleitonpinheiro.com.br\/site\/#organization"},"potentialAction":[{"@type":"SearchAction","target":{"@type":"EntryPoint","urlTemplate":"https:\/\/cleitonpinheiro.com.br\/site\/?s={search_term_string}"},"query-input":{"@type":"PropertyValueSpecification","valueRequired":true,"valueName":"search_term_string"}}],"inLanguage":"pt-BR"},{"@type":"Organization","@id":"https:\/\/cleitonpinheiro.com.br\/site\/#organization","name":"CPNOT\u00cdCIAS","url":"https:\/\/cleitonpinheiro.com.br\/site\/","logo":{"@type":"ImageObject","inLanguage":"pt-BR","@id":"https:\/\/cleitonpinheiro.com.br\/site\/#\/schema\/logo\/image\/","url":"https:\/\/cleitonpinheiro.com.br\/site\/wp-content\/uploads\/2022\/08\/Logo-pequena-2.png","contentUrl":"https:\/\/cleitonpinheiro.com.br\/site\/wp-content\/uploads\/2022\/08\/Logo-pequena-2.png","width":500,"height":500,"caption":"CPNOT\u00cdCIAS"},"image":{"@id":"https:\/\/cleitonpinheiro.com.br\/site\/#\/schema\/logo\/image\/"},"sameAs":["https:\/\/www.facebook.com\/portalcpnoticias\/"]},{"@type":"Person","@id":"https:\/\/cleitonpinheiro.com.br\/site\/#\/schema\/person\/b7621891c193194dd412fdc1ff9b2b41","name":"RGF Sistemas","image":{"@type":"ImageObject","inLanguage":"pt-BR","@id":"https:\/\/cleitonpinheiro.com.br\/site\/#\/schema\/person\/image\/","url":"https:\/\/secure.gravatar.com\/avatar\/59e110c11e5eecf4636340abed101b4cddb70ca9f64acab0fe8863bcc0a66b2d?s=96&r=g","contentUrl":"https:\/\/secure.gravatar.com\/avatar\/59e110c11e5eecf4636340abed101b4cddb70ca9f64acab0fe8863bcc0a66b2d?s=96&r=g","caption":"RGF Sistemas"},"url":"https:\/\/cleitonpinheiro.com.br\/site\/author\/rgfsite\/"}]}},"views":321,"_links":{"self":[{"href":"https:\/\/cleitonpinheiro.com.br\/site\/wp-json\/wp\/v2\/posts\/34","targetHints":{"allow":["GET"]}}],"collection":[{"href":"https:\/\/cleitonpinheiro.com.br\/site\/wp-json\/wp\/v2\/posts"}],"about":[{"href":"https:\/\/cleitonpinheiro.com.br\/site\/wp-json\/wp\/v2\/types\/post"}],"author":[{"embeddable":true,"href":"https:\/\/cleitonpinheiro.com.br\/site\/wp-json\/wp\/v2\/users\/9"}],"replies":[{"embeddable":true,"href":"https:\/\/cleitonpinheiro.com.br\/site\/wp-json\/wp\/v2\/comments?post=34"}],"version-history":[{"count":1,"href":"https:\/\/cleitonpinheiro.com.br\/site\/wp-json\/wp\/v2\/posts\/34\/revisions"}],"predecessor-version":[{"id":36,"href":"https:\/\/cleitonpinheiro.com.br\/site\/wp-json\/wp\/v2\/posts\/34\/revisions\/36"}],"wp:attachment":[{"href":"https:\/\/cleitonpinheiro.com.br\/site\/wp-json\/wp\/v2\/media?parent=34"}],"wp:term":[{"taxonomy":"category","embeddable":true,"href":"https:\/\/cleitonpinheiro.com.br\/site\/wp-json\/wp\/v2\/categories?post=34"},{"taxonomy":"post_tag","embeddable":true,"href":"https:\/\/cleitonpinheiro.com.br\/site\/wp-json\/wp\/v2\/tags?post=34"}],"curies":[{"name":"wp","href":"https:\/\/api.w.org\/{rel}","templated":true}]}}