{"id":34305,"date":"2020-07-23T08:26:47","date_gmt":"2020-07-23T11:26:47","guid":{"rendered":"https:\/\/cleitonpinheiro.com.br\/portal\/?p=34305"},"modified":"2020-07-23T08:26:47","modified_gmt":"2020-07-23T11:26:47","slug":"apos-dianopolis-registrar-100-de-aumento-no-numero-de-casos-de-covid-19-mpto-cobra-medidas-para-conter-avanco-da-doenca","status":"publish","type":"post","link":"https:\/\/cleitonpinheiro.com.br\/site\/apos-dianopolis-registrar-100-de-aumento-no-numero-de-casos-de-covid-19-mpto-cobra-medidas-para-conter-avanco-da-doenca\/","title":{"rendered":"Dian\u00f3polis tem 100% de aumento no n\u00famero de casos de covid-19"},"content":{"rendered":"\n<p><em><strong>Da Reda\u00e7\u00e3o do CP Not\u00edcias<\/strong><\/em><\/p>\n\n\n<figure class=\"wp-block-image size-large\"><img decoding=\"async\" src=\"https:\/\/cleitonpinheiro.com.br\/portal\/wp-content\/uploads\/2019\/05\/DianopolisEditadaaa.jpg\" alt=\"\" class=\"wp-image-11133\"\/><\/figure>\n\n\n<p>Ap\u00f3s o aumento expressivo de casos de covid-19 em Dian\u00f3polis nas \u00faltimas semanas e o descumprimento quanto&nbsp; \u00e0 obrigatoriedade do isolamento social, o Minist\u00e9rio P\u00fablico do Tocantins (MPTO), por meio da 2\u00aa Promotoria de Justi\u00e7a de Dian\u00f3polis, expediu nessa quarta-feira, 22, recomenda\u00e7\u00e3o administrativa para que o Munic\u00edpio e a Secretaria Municipal de Dian\u00f3polis promovam a\u00e7\u00f5es para divulgar os termos do decreto que disp\u00f5e sobre proibi\u00e7\u00e3o de aglomera\u00e7\u00e3o de pessoas&nbsp; e que realizem fiscaliza\u00e7\u00f5es a fim de penalizar os transgressores.<\/p>\n\n\n<p>A recomenda\u00e7\u00e3o \u00e9 assinada pela promotora de Justi\u00e7a Luma Gomides, que ressalta a necessidade das medidas em raz\u00e3o do aumento de 100% do n\u00famero de casos registrados no munic\u00edpio nos \u00faltimos sete dias. Segundo ela, at\u00e9 o dia 21 deste m\u00eas foram registrados 132 casos, aumento que pode ter sido motivado por conta da realiza\u00e7\u00e3o de reuni\u00f5es e festas em resid\u00eancias.<\/p>\n\n\n<p>O Decreto Municipal prev\u00ea aplica\u00e7\u00e3o de multa no valor de R$ 1 mil aos propriet\u00e1rios de resid\u00eancias que promovam qualquer tipo de aglomera\u00e7\u00e3o. \u201cA promo\u00e7\u00e3o de festas e reuni\u00f5es de pessoas em resid\u00eancias, em descumprimento \u00e0s normas sanit\u00e1rias e ao Decreto Municipal, pode configurar crime contra a sa\u00fade p\u00fablica, tipificado no artigo 268 do C\u00f3digo Penal, permitindo inclusive autua\u00e7\u00e3o em flagrante\u201d, explica a promotora, recomendando ainda que a fiscaliza\u00e7\u00e3o seja feita pelo Munic\u00edpio, com apoio da Pol\u00edcia Militar.<\/p>\n\n\n<p>As a\u00e7\u00f5es de divulga\u00e7\u00e3o devem ocorrer por meio de carros de som e das redes sociais, canais que poder\u00e3o disponibilizar ainda o n\u00famero do disque den\u00fancia para recebimento de informa\u00e7\u00f5es de ocorr\u00eancias desta natureza.<\/p>\n\n\n<p>A recomenda\u00e7\u00e3o ainda requer que a Secret\u00e1ria Municipal de Sa\u00fade encaminhe ao Minist\u00e9rio P\u00fablico informa\u00e7\u00f5es quanto ao descumprimento das medidas de isolamento social\/quarentena de casos confirmados e suspeitos para que sejam adotadas medidas judiciais cab\u00edveis.<\/p>\n","protected":false},"excerpt":{"rendered":"<p>Da Reda\u00e7\u00e3o do CP Not\u00edcias Ap\u00f3s o aumento expressivo de casos de covid-19 em Dian\u00f3polis nas \u00faltimas semanas e o descumprimento quanto&nbsp; \u00e0 obrigatoriedade do isolamento social, o Minist\u00e9rio P\u00fablico do Tocantins (MPTO), por meio da 2\u00aa Promotoria de Justi\u00e7a de Dian\u00f3polis, expediu nessa quarta-feira, 22, recomenda\u00e7\u00e3o administrativa para que o Munic\u00edpio e a Secretaria [&hellip;]<\/p>\n","protected":false},"author":4,"featured_media":11133,"comment_status":"open","ping_status":"open","sticky":false,"template":"","format":"standard","meta":{"_acf_changed":false,"footnotes":""},"categories":[22,24,20],"tags":[],"class_list":["post-34305","post","type-post","status-publish","format-standard","has-post-thumbnail","hentry","category-cidades","category-colunas","category-noticias-em-destaque"],"acf":[],"yoast_head":"<!-- This site is optimized with the Yoast SEO plugin v24.4 - https:\/\/yoast.com\/wordpress\/plugins\/seo\/ -->\n<title>Dian\u00f3polis tem 100% de aumento no n\u00famero de casos de covid-19 - PORTAL DE NOT\u00cdCIAS CLEITON PINHEIRO<\/title>\n<meta name=\"robots\" content=\"index, follow, max-snippet:-1, max-image-preview:large, max-video-preview:-1\" \/>\n<link rel=\"canonical\" href=\"https:\/\/cleitonpinheiro.com.br\/site\/apos-dianopolis-registrar-100-de-aumento-no-numero-de-casos-de-covid-19-mpto-cobra-medidas-para-conter-avanco-da-doenca\/\" \/>\n<meta property=\"og:locale\" content=\"pt_BR\" \/>\n<meta property=\"og:type\" content=\"article\" \/>\n<meta property=\"og:title\" content=\"Dian\u00f3polis tem 100% de aumento no n\u00famero de casos de covid-19 - PORTAL DE NOT\u00cdCIAS CLEITON PINHEIRO\" \/>\n<meta property=\"og:description\" content=\"Da Reda\u00e7\u00e3o do CP Not\u00edcias Ap\u00f3s o aumento expressivo de casos de covid-19 em Dian\u00f3polis nas \u00faltimas semanas e o descumprimento quanto&nbsp; \u00e0 obrigatoriedade do isolamento social, o Minist\u00e9rio P\u00fablico do Tocantins (MPTO), por meio da 2\u00aa Promotoria de Justi\u00e7a de Dian\u00f3polis, expediu nessa quarta-feira, 22, recomenda\u00e7\u00e3o administrativa para que o Munic\u00edpio e a Secretaria [&hellip;]\" \/>\n<meta property=\"og:url\" content=\"https:\/\/cleitonpinheiro.com.br\/site\/apos-dianopolis-registrar-100-de-aumento-no-numero-de-casos-de-covid-19-mpto-cobra-medidas-para-conter-avanco-da-doenca\/\" \/>\n<meta property=\"og:site_name\" content=\"PORTAL DE NOT\u00cdCIAS CLEITON PINHEIRO\" \/>\n<meta property=\"article:publisher\" content=\"https:\/\/www.facebook.com\/portalcpnoticias\/\" \/>\n<meta property=\"article:published_time\" content=\"2020-07-23T11:26:47+00:00\" \/>\n<meta name=\"author\" content=\"Dermival Pereira\" \/>\n<meta name=\"twitter:card\" content=\"summary_large_image\" \/>\n<meta name=\"twitter:label1\" content=\"Escrito por\" \/>\n\t<meta name=\"twitter:data1\" content=\"Dermival Pereira\" \/>\n\t<meta name=\"twitter:label2\" content=\"Est. tempo de leitura\" \/>\n\t<meta name=\"twitter:data2\" content=\"2 minutos\" \/>\n<script type=\"application\/ld+json\" class=\"yoast-schema-graph\">{\"@context\":\"https:\/\/schema.org\",\"@graph\":[{\"@type\":\"Article\",\"@id\":\"https:\/\/cleitonpinheiro.com.br\/site\/apos-dianopolis-registrar-100-de-aumento-no-numero-de-casos-de-covid-19-mpto-cobra-medidas-para-conter-avanco-da-doenca\/#article\",\"isPartOf\":{\"@id\":\"https:\/\/cleitonpinheiro.com.br\/site\/apos-dianopolis-registrar-100-de-aumento-no-numero-de-casos-de-covid-19-mpto-cobra-medidas-para-conter-avanco-da-doenca\/\"},\"author\":{\"name\":\"Dermival Pereira\",\"@id\":\"https:\/\/cleitonpinheiro.com.br\/site\/#\/schema\/person\/aac6d7f311e80c43042e98a900b03cd8\"},\"headline\":\"Dian\u00f3polis tem 100% de aumento no n\u00famero de casos de covid-19\",\"datePublished\":\"2020-07-23T11:26:47+00:00\",\"mainEntityOfPage\":{\"@id\":\"https:\/\/cleitonpinheiro.com.br\/site\/apos-dianopolis-registrar-100-de-aumento-no-numero-de-casos-de-covid-19-mpto-cobra-medidas-para-conter-avanco-da-doenca\/\"},\"wordCount\":352,\"commentCount\":0,\"publisher\":{\"@id\":\"https:\/\/cleitonpinheiro.com.br\/site\/#organization\"},\"image\":{\"@id\":\"https:\/\/cleitonpinheiro.com.br\/site\/apos-dianopolis-registrar-100-de-aumento-no-numero-de-casos-de-covid-19-mpto-cobra-medidas-para-conter-avanco-da-doenca\/#primaryimage\"},\"thumbnailUrl\":\"\",\"articleSection\":[\"CIDADES\",\"COLUNAS\",\"NOT\u00cdCIAS EM DESTAQUE\"],\"inLanguage\":\"pt-BR\",\"potentialAction\":[{\"@type\":\"CommentAction\",\"name\":\"Comment\",\"target\":[\"https:\/\/cleitonpinheiro.com.br\/site\/apos-dianopolis-registrar-100-de-aumento-no-numero-de-casos-de-covid-19-mpto-cobra-medidas-para-conter-avanco-da-doenca\/#respond\"]}]},{\"@type\":\"WebPage\",\"@id\":\"https:\/\/cleitonpinheiro.com.br\/site\/apos-dianopolis-registrar-100-de-aumento-no-numero-de-casos-de-covid-19-mpto-cobra-medidas-para-conter-avanco-da-doenca\/\",\"url\":\"https:\/\/cleitonpinheiro.com.br\/site\/apos-dianopolis-registrar-100-de-aumento-no-numero-de-casos-de-covid-19-mpto-cobra-medidas-para-conter-avanco-da-doenca\/\",\"name\":\"Dian\u00f3polis tem 100% de aumento no n\u00famero de casos de covid-19 - PORTAL DE NOT\u00cdCIAS CLEITON PINHEIRO\",\"isPartOf\":{\"@id\":\"https:\/\/cleitonpinheiro.com.br\/site\/#website\"},\"primaryImageOfPage\":{\"@id\":\"https:\/\/cleitonpinheiro.com.br\/site\/apos-dianopolis-registrar-100-de-aumento-no-numero-de-casos-de-covid-19-mpto-cobra-medidas-para-conter-avanco-da-doenca\/#primaryimage\"},\"image\":{\"@id\":\"https:\/\/cleitonpinheiro.com.br\/site\/apos-dianopolis-registrar-100-de-aumento-no-numero-de-casos-de-covid-19-mpto-cobra-medidas-para-conter-avanco-da-doenca\/#primaryimage\"},\"thumbnailUrl\":\"\",\"datePublished\":\"2020-07-23T11:26:47+00:00\",\"breadcrumb\":{\"@id\":\"https:\/\/cleitonpinheiro.com.br\/site\/apos-dianopolis-registrar-100-de-aumento-no-numero-de-casos-de-covid-19-mpto-cobra-medidas-para-conter-avanco-da-doenca\/#breadcrumb\"},\"inLanguage\":\"pt-BR\",\"potentialAction\":[{\"@type\":\"ReadAction\",\"target\":[\"https:\/\/cleitonpinheiro.com.br\/site\/apos-dianopolis-registrar-100-de-aumento-no-numero-de-casos-de-covid-19-mpto-cobra-medidas-para-conter-avanco-da-doenca\/\"]}]},{\"@type\":\"ImageObject\",\"inLanguage\":\"pt-BR\",\"@id\":\"https:\/\/cleitonpinheiro.com.br\/site\/apos-dianopolis-registrar-100-de-aumento-no-numero-de-casos-de-covid-19-mpto-cobra-medidas-para-conter-avanco-da-doenca\/#primaryimage\",\"url\":\"\",\"contentUrl\":\"\"},{\"@type\":\"BreadcrumbList\",\"@id\":\"https:\/\/cleitonpinheiro.com.br\/site\/apos-dianopolis-registrar-100-de-aumento-no-numero-de-casos-de-covid-19-mpto-cobra-medidas-para-conter-avanco-da-doenca\/#breadcrumb\",\"itemListElement\":[{\"@type\":\"ListItem\",\"position\":1,\"name\":\"In\u00edcio\",\"item\":\"https:\/\/cleitonpinheiro.com.br\/site\/\"},{\"@type\":\"ListItem\",\"position\":2,\"name\":\"Dian\u00f3polis tem 100% de aumento no n\u00famero de casos de covid-19\"}]},{\"@type\":\"WebSite\",\"@id\":\"https:\/\/cleitonpinheiro.com.br\/site\/#website\",\"url\":\"https:\/\/cleitonpinheiro.com.br\/site\/\",\"name\":\"PORTAL DE NOT\u00cdCIAS CLEITON PINHEIRO\",\"description\":\"FALANDO A VERDADE\",\"publisher\":{\"@id\":\"https:\/\/cleitonpinheiro.com.br\/site\/#organization\"},\"potentialAction\":[{\"@type\":\"SearchAction\",\"target\":{\"@type\":\"EntryPoint\",\"urlTemplate\":\"https:\/\/cleitonpinheiro.com.br\/site\/?s={search_term_string}\"},\"query-input\":{\"@type\":\"PropertyValueSpecification\",\"valueRequired\":true,\"valueName\":\"search_term_string\"}}],\"inLanguage\":\"pt-BR\"},{\"@type\":\"Organization\",\"@id\":\"https:\/\/cleitonpinheiro.com.br\/site\/#organization\",\"name\":\"CPNOT\u00cdCIAS\",\"url\":\"https:\/\/cleitonpinheiro.com.br\/site\/\",\"logo\":{\"@type\":\"ImageObject\",\"inLanguage\":\"pt-BR\",\"@id\":\"https:\/\/cleitonpinheiro.com.br\/site\/#\/schema\/logo\/image\/\",\"url\":\"https:\/\/cleitonpinheiro.com.br\/site\/wp-content\/uploads\/2022\/08\/Logo-pequena-2.png\",\"contentUrl\":\"https:\/\/cleitonpinheiro.com.br\/site\/wp-content\/uploads\/2022\/08\/Logo-pequena-2.png\",\"width\":500,\"height\":500,\"caption\":\"CPNOT\u00cdCIAS\"},\"image\":{\"@id\":\"https:\/\/cleitonpinheiro.com.br\/site\/#\/schema\/logo\/image\/\"},\"sameAs\":[\"https:\/\/www.facebook.com\/portalcpnoticias\/\"]},{\"@type\":\"Person\",\"@id\":\"https:\/\/cleitonpinheiro.com.br\/site\/#\/schema\/person\/aac6d7f311e80c43042e98a900b03cd8\",\"name\":\"Dermival Pereira\",\"image\":{\"@type\":\"ImageObject\",\"inLanguage\":\"pt-BR\",\"@id\":\"https:\/\/cleitonpinheiro.com.br\/site\/#\/schema\/person\/image\/\",\"url\":\"https:\/\/secure.gravatar.com\/avatar\/cfaebf3742d6bf8db728bcba3eed6bee37b02337a2e6c822994f20ca72a3784d?s=96&r=g\",\"contentUrl\":\"https:\/\/secure.gravatar.com\/avatar\/cfaebf3742d6bf8db728bcba3eed6bee37b02337a2e6c822994f20ca72a3784d?s=96&r=g\",\"caption\":\"Dermival Pereira\"},\"url\":\"https:\/\/cleitonpinheiro.com.br\/site\/author\/dermival\/\"}]}<\/script>\n<!-- \/ Yoast SEO plugin. -->","yoast_head_json":{"title":"Dian\u00f3polis tem 100% de aumento no n\u00famero de casos de covid-19 - PORTAL DE NOT\u00cdCIAS CLEITON PINHEIRO","robots":{"index":"index","follow":"follow","max-snippet":"max-snippet:-1","max-image-preview":"max-image-preview:large","max-video-preview":"max-video-preview:-1"},"canonical":"https:\/\/cleitonpinheiro.com.br\/site\/apos-dianopolis-registrar-100-de-aumento-no-numero-de-casos-de-covid-19-mpto-cobra-medidas-para-conter-avanco-da-doenca\/","og_locale":"pt_BR","og_type":"article","og_title":"Dian\u00f3polis tem 100% de aumento no n\u00famero de casos de covid-19 - PORTAL DE NOT\u00cdCIAS CLEITON PINHEIRO","og_description":"Da Reda\u00e7\u00e3o do CP Not\u00edcias Ap\u00f3s o aumento expressivo de casos de covid-19 em Dian\u00f3polis nas \u00faltimas semanas e o descumprimento quanto&nbsp; \u00e0 obrigatoriedade do isolamento social, o Minist\u00e9rio P\u00fablico do Tocantins (MPTO), por meio da 2\u00aa Promotoria de Justi\u00e7a de Dian\u00f3polis, expediu nessa quarta-feira, 22, recomenda\u00e7\u00e3o administrativa para que o Munic\u00edpio e a Secretaria [&hellip;]","og_url":"https:\/\/cleitonpinheiro.com.br\/site\/apos-dianopolis-registrar-100-de-aumento-no-numero-de-casos-de-covid-19-mpto-cobra-medidas-para-conter-avanco-da-doenca\/","og_site_name":"PORTAL DE NOT\u00cdCIAS CLEITON PINHEIRO","article_publisher":"https:\/\/www.facebook.com\/portalcpnoticias\/","article_published_time":"2020-07-23T11:26:47+00:00","author":"Dermival Pereira","twitter_card":"summary_large_image","twitter_misc":{"Escrito por":"Dermival Pereira","Est. tempo de leitura":"2 minutos"},"schema":{"@context":"https:\/\/schema.org","@graph":[{"@type":"Article","@id":"https:\/\/cleitonpinheiro.com.br\/site\/apos-dianopolis-registrar-100-de-aumento-no-numero-de-casos-de-covid-19-mpto-cobra-medidas-para-conter-avanco-da-doenca\/#article","isPartOf":{"@id":"https:\/\/cleitonpinheiro.com.br\/site\/apos-dianopolis-registrar-100-de-aumento-no-numero-de-casos-de-covid-19-mpto-cobra-medidas-para-conter-avanco-da-doenca\/"},"author":{"name":"Dermival Pereira","@id":"https:\/\/cleitonpinheiro.com.br\/site\/#\/schema\/person\/aac6d7f311e80c43042e98a900b03cd8"},"headline":"Dian\u00f3polis tem 100% de aumento no n\u00famero de casos de covid-19","datePublished":"2020-07-23T11:26:47+00:00","mainEntityOfPage":{"@id":"https:\/\/cleitonpinheiro.com.br\/site\/apos-dianopolis-registrar-100-de-aumento-no-numero-de-casos-de-covid-19-mpto-cobra-medidas-para-conter-avanco-da-doenca\/"},"wordCount":352,"commentCount":0,"publisher":{"@id":"https:\/\/cleitonpinheiro.com.br\/site\/#organization"},"image":{"@id":"https:\/\/cleitonpinheiro.com.br\/site\/apos-dianopolis-registrar-100-de-aumento-no-numero-de-casos-de-covid-19-mpto-cobra-medidas-para-conter-avanco-da-doenca\/#primaryimage"},"thumbnailUrl":"","articleSection":["CIDADES","COLUNAS","NOT\u00cdCIAS EM DESTAQUE"],"inLanguage":"pt-BR","potentialAction":[{"@type":"CommentAction","name":"Comment","target":["https:\/\/cleitonpinheiro.com.br\/site\/apos-dianopolis-registrar-100-de-aumento-no-numero-de-casos-de-covid-19-mpto-cobra-medidas-para-conter-avanco-da-doenca\/#respond"]}]},{"@type":"WebPage","@id":"https:\/\/cleitonpinheiro.com.br\/site\/apos-dianopolis-registrar-100-de-aumento-no-numero-de-casos-de-covid-19-mpto-cobra-medidas-para-conter-avanco-da-doenca\/","url":"https:\/\/cleitonpinheiro.com.br\/site\/apos-dianopolis-registrar-100-de-aumento-no-numero-de-casos-de-covid-19-mpto-cobra-medidas-para-conter-avanco-da-doenca\/","name":"Dian\u00f3polis tem 100% de aumento no n\u00famero de casos de covid-19 - PORTAL DE NOT\u00cdCIAS CLEITON PINHEIRO","isPartOf":{"@id":"https:\/\/cleitonpinheiro.com.br\/site\/#website"},"primaryImageOfPage":{"@id":"https:\/\/cleitonpinheiro.com.br\/site\/apos-dianopolis-registrar-100-de-aumento-no-numero-de-casos-de-covid-19-mpto-cobra-medidas-para-conter-avanco-da-doenca\/#primaryimage"},"image":{"@id":"https:\/\/cleitonpinheiro.com.br\/site\/apos-dianopolis-registrar-100-de-aumento-no-numero-de-casos-de-covid-19-mpto-cobra-medidas-para-conter-avanco-da-doenca\/#primaryimage"},"thumbnailUrl":"","datePublished":"2020-07-23T11:26:47+00:00","breadcrumb":{"@id":"https:\/\/cleitonpinheiro.com.br\/site\/apos-dianopolis-registrar-100-de-aumento-no-numero-de-casos-de-covid-19-mpto-cobra-medidas-para-conter-avanco-da-doenca\/#breadcrumb"},"inLanguage":"pt-BR","potentialAction":[{"@type":"ReadAction","target":["https:\/\/cleitonpinheiro.com.br\/site\/apos-dianopolis-registrar-100-de-aumento-no-numero-de-casos-de-covid-19-mpto-cobra-medidas-para-conter-avanco-da-doenca\/"]}]},{"@type":"ImageObject","inLanguage":"pt-BR","@id":"https:\/\/cleitonpinheiro.com.br\/site\/apos-dianopolis-registrar-100-de-aumento-no-numero-de-casos-de-covid-19-mpto-cobra-medidas-para-conter-avanco-da-doenca\/#primaryimage","url":"","contentUrl":""},{"@type":"BreadcrumbList","@id":"https:\/\/cleitonpinheiro.com.br\/site\/apos-dianopolis-registrar-100-de-aumento-no-numero-de-casos-de-covid-19-mpto-cobra-medidas-para-conter-avanco-da-doenca\/#breadcrumb","itemListElement":[{"@type":"ListItem","position":1,"name":"In\u00edcio","item":"https:\/\/cleitonpinheiro.com.br\/site\/"},{"@type":"ListItem","position":2,"name":"Dian\u00f3polis tem 100% de aumento no n\u00famero de casos de covid-19"}]},{"@type":"WebSite","@id":"https:\/\/cleitonpinheiro.com.br\/site\/#website","url":"https:\/\/cleitonpinheiro.com.br\/site\/","name":"PORTAL DE NOT\u00cdCIAS CLEITON PINHEIRO","description":"FALANDO A VERDADE","publisher":{"@id":"https:\/\/cleitonpinheiro.com.br\/site\/#organization"},"potentialAction":[{"@type":"SearchAction","target":{"@type":"EntryPoint","urlTemplate":"https:\/\/cleitonpinheiro.com.br\/site\/?s={search_term_string}"},"query-input":{"@type":"PropertyValueSpecification","valueRequired":true,"valueName":"search_term_string"}}],"inLanguage":"pt-BR"},{"@type":"Organization","@id":"https:\/\/cleitonpinheiro.com.br\/site\/#organization","name":"CPNOT\u00cdCIAS","url":"https:\/\/cleitonpinheiro.com.br\/site\/","logo":{"@type":"ImageObject","inLanguage":"pt-BR","@id":"https:\/\/cleitonpinheiro.com.br\/site\/#\/schema\/logo\/image\/","url":"https:\/\/cleitonpinheiro.com.br\/site\/wp-content\/uploads\/2022\/08\/Logo-pequena-2.png","contentUrl":"https:\/\/cleitonpinheiro.com.br\/site\/wp-content\/uploads\/2022\/08\/Logo-pequena-2.png","width":500,"height":500,"caption":"CPNOT\u00cdCIAS"},"image":{"@id":"https:\/\/cleitonpinheiro.com.br\/site\/#\/schema\/logo\/image\/"},"sameAs":["https:\/\/www.facebook.com\/portalcpnoticias\/"]},{"@type":"Person","@id":"https:\/\/cleitonpinheiro.com.br\/site\/#\/schema\/person\/aac6d7f311e80c43042e98a900b03cd8","name":"Dermival Pereira","image":{"@type":"ImageObject","inLanguage":"pt-BR","@id":"https:\/\/cleitonpinheiro.com.br\/site\/#\/schema\/person\/image\/","url":"https:\/\/secure.gravatar.com\/avatar\/cfaebf3742d6bf8db728bcba3eed6bee37b02337a2e6c822994f20ca72a3784d?s=96&r=g","contentUrl":"https:\/\/secure.gravatar.com\/avatar\/cfaebf3742d6bf8db728bcba3eed6bee37b02337a2e6c822994f20ca72a3784d?s=96&r=g","caption":"Dermival Pereira"},"url":"https:\/\/cleitonpinheiro.com.br\/site\/author\/dermival\/"}]}},"views":109,"_links":{"self":[{"href":"https:\/\/cleitonpinheiro.com.br\/site\/wp-json\/wp\/v2\/posts\/34305","targetHints":{"allow":["GET"]}}],"collection":[{"href":"https:\/\/cleitonpinheiro.com.br\/site\/wp-json\/wp\/v2\/posts"}],"about":[{"href":"https:\/\/cleitonpinheiro.com.br\/site\/wp-json\/wp\/v2\/types\/post"}],"author":[{"embeddable":true,"href":"https:\/\/cleitonpinheiro.com.br\/site\/wp-json\/wp\/v2\/users\/4"}],"replies":[{"embeddable":true,"href":"https:\/\/cleitonpinheiro.com.br\/site\/wp-json\/wp\/v2\/comments?post=34305"}],"version-history":[{"count":0,"href":"https:\/\/cleitonpinheiro.com.br\/site\/wp-json\/wp\/v2\/posts\/34305\/revisions"}],"wp:featuredmedia":[{"embeddable":true,"href":"https:\/\/cleitonpinheiro.com.br\/site\/wp-json\/"}],"wp:attachment":[{"href":"https:\/\/cleitonpinheiro.com.br\/site\/wp-json\/wp\/v2\/media?parent=34305"}],"wp:term":[{"taxonomy":"category","embeddable":true,"href":"https:\/\/cleitonpinheiro.com.br\/site\/wp-json\/wp\/v2\/categories?post=34305"},{"taxonomy":"post_tag","embeddable":true,"href":"https:\/\/cleitonpinheiro.com.br\/site\/wp-json\/wp\/v2\/tags?post=34305"}],"curies":[{"name":"wp","href":"https:\/\/api.w.org\/{rel}","templated":true}]}}