{"id":34309,"date":"2020-07-23T08:40:36","date_gmt":"2020-07-23T11:40:36","guid":{"rendered":"https:\/\/cleitonpinheiro.com.br\/portal\/?p=34309"},"modified":"2020-07-23T08:40:36","modified_gmt":"2020-07-23T11:40:36","slug":"governo-bolsonaro-gastou-menos-de-1-3-da-verba-para-coronavirus-diz-tcu","status":"publish","type":"post","link":"https:\/\/cleitonpinheiro.com.br\/site\/governo-bolsonaro-gastou-menos-de-1-3-da-verba-para-coronavirus-diz-tcu\/","title":{"rendered":"Governo gastou menos de 1\/3 da verba para coronav\u00edrus"},"content":{"rendered":"\n<p>O Minist\u00e9rio da Sa\u00fade gastou apenas 29% da verba emergencial prevista para combater o coronav\u00edrus a partir de mar\u00e7o, aponta auditoria do Tribunal de Contas da Uni\u00e3o (TCU), publicada pelo jornal&nbsp;<a rel=\"noreferrer noopener\" href=\"https:\/\/www1.folha.uol.com.br\/cotidiano\/2020\/07\/ministerio-da-saude-gastou-menos-de-13-da-verba-para-covid-diz-tcu.shtml\" target=\"_blank\">Folha de S.Paulo<\/a>.<\/p>\n\n\n<figure class=\"wp-block-image size-large\"><img decoding=\"async\" src=\"https:\/\/cleitonpinheiro.com.br\/portal\/wp-content\/uploads\/2020\/07\/Bozo-e-ministro-Editadaaa.jpg\" alt=\"\" class=\"wp-image-34311\"\/><\/figure>\n\n\n<p>Em mar\u00e7o, na altera\u00e7\u00e3o do or\u00e7amento, foram indicados um total de R$ 38,9 bilh\u00f5es. No entanto, at\u00e9 25 de junho, R$ 11,4 bilh\u00f5es tinham deixado os cofres federais. Na ocasi\u00e3o o pa\u00eds registrava 55 mil mortos&nbsp;e 1,2 milh\u00e3o de casos confirmados. O relat\u00f3rio foi conclu\u00eddo no \u00faltimo dia 15.<\/p>\n\n\n<p>Segundo a avalia\u00e7\u00e3o do TCU, tanto as despesas feitas diretamente pelo Minist\u00e9rio da Sa\u00fade quanto repasses para estados e munic\u00edpios ficaram muito aqu\u00e9m do prometido. Os valores sa\u00edram por medidas provis\u00f3rias que abriram cr\u00e9ditos extraordin\u00e1rios para refor\u00e7ar o atendimento hospitalar.<\/p>\n\n\n<p>Os pagamentos da pasta estavam em 11,4% do previsto. Os governos estaduais receberam 39% do dinheiro anunciado e os municipais, 36%.<\/p>\n\n\n<p>O Minist\u00e9rio P\u00fablico Federal abriu inqu\u00e9rito para investigar poss\u00edvel insufici\u00eancia e lentid\u00e3o do minist\u00e9rio, e omiss\u00e3o no socorro aos estados e munic\u00edpios. O MPF e o pr\u00f3prio TCU enviaram questionamentos \u00e0 pasta. O relat\u00f3rio de auditoria do TCU diz que a Sa\u00fade n\u00e3o apresentou respostas.<\/p>\n\n\n<p>A lentid\u00e3o apontada pelo TCU ocorre em cen\u00e1rio de atritos e falta de continuidade no minist\u00e9rio, bem como conflitos entre o governo federal, estados e munic\u00edpios. O presidente&nbsp;Jair Bolsonaro minimiza a gravidade da epidemia e critica medidas de&nbsp;isolamento social tomadas&nbsp;por prefeitos e governadoreDois ministros&nbsp;(os m\u00e9dicos Luiz Henrique Mandetta e Nelson Teich) ca\u00edram a partir de atritos com o Bolsonaro. Desde maio, o cargo \u00e9 ocupado interinamente pelo general Eduardo Pazuello, especialista em log\u00edstica e sem experi\u00eancia na \u00e1rea de sa\u00fade.<\/p>\n\n\n<p><\/p>\n","protected":false},"excerpt":{"rendered":"<p>O Minist\u00e9rio da Sa\u00fade gastou apenas 29% da verba emergencial prevista para combater o coronav\u00edrus a partir de mar\u00e7o, aponta auditoria do Tribunal de Contas da Uni\u00e3o (TCU), publicada pelo jornal&nbsp;Folha de S.Paulo. Em mar\u00e7o, na altera\u00e7\u00e3o do or\u00e7amento, foram indicados um total de R$ 38,9 bilh\u00f5es. No entanto, at\u00e9 25 de junho, R$ 11,4 [&hellip;]<\/p>\n","protected":false},"author":4,"featured_media":34312,"comment_status":"open","ping_status":"open","sticky":false,"template":"","format":"standard","meta":{"_acf_changed":false,"footnotes":""},"categories":[19,24,20,23],"tags":[],"class_list":["post-34309","post","type-post","status-publish","format-standard","has-post-thumbnail","hentry","category-brasil-mundo","category-colunas","category-noticias-em-destaque","category-politica"],"acf":[],"yoast_head":"<!-- This site is optimized with the Yoast SEO plugin v24.4 - https:\/\/yoast.com\/wordpress\/plugins\/seo\/ -->\n<title>Governo gastou menos de 1\/3 da verba para coronav\u00edrus - PORTAL DE NOT\u00cdCIAS CLEITON PINHEIRO<\/title>\n<meta name=\"robots\" content=\"index, follow, max-snippet:-1, max-image-preview:large, max-video-preview:-1\" \/>\n<link rel=\"canonical\" href=\"https:\/\/cleitonpinheiro.com.br\/site\/governo-bolsonaro-gastou-menos-de-1-3-da-verba-para-coronavirus-diz-tcu\/\" \/>\n<meta property=\"og:locale\" content=\"pt_BR\" \/>\n<meta property=\"og:type\" content=\"article\" \/>\n<meta property=\"og:title\" content=\"Governo gastou menos de 1\/3 da verba para coronav\u00edrus - PORTAL DE NOT\u00cdCIAS CLEITON PINHEIRO\" \/>\n<meta property=\"og:description\" content=\"O Minist\u00e9rio da Sa\u00fade gastou apenas 29% da verba emergencial prevista para combater o coronav\u00edrus a partir de mar\u00e7o, aponta auditoria do Tribunal de Contas da Uni\u00e3o (TCU), publicada pelo jornal&nbsp;Folha de S.Paulo. Em mar\u00e7o, na altera\u00e7\u00e3o do or\u00e7amento, foram indicados um total de R$ 38,9 bilh\u00f5es. No entanto, at\u00e9 25 de junho, R$ 11,4 [&hellip;]\" \/>\n<meta property=\"og:url\" content=\"https:\/\/cleitonpinheiro.com.br\/site\/governo-bolsonaro-gastou-menos-de-1-3-da-verba-para-coronavirus-diz-tcu\/\" \/>\n<meta property=\"og:site_name\" content=\"PORTAL DE NOT\u00cdCIAS CLEITON PINHEIRO\" \/>\n<meta property=\"article:publisher\" content=\"https:\/\/www.facebook.com\/portalcpnoticias\/\" \/>\n<meta property=\"article:published_time\" content=\"2020-07-23T11:40:36+00:00\" \/>\n<meta name=\"author\" content=\"Dermival Pereira\" \/>\n<meta name=\"twitter:card\" content=\"summary_large_image\" \/>\n<meta name=\"twitter:label1\" content=\"Escrito por\" \/>\n\t<meta name=\"twitter:data1\" content=\"Dermival Pereira\" \/>\n\t<meta name=\"twitter:label2\" content=\"Est. tempo de leitura\" \/>\n\t<meta name=\"twitter:data2\" content=\"2 minutos\" \/>\n<script type=\"application\/ld+json\" class=\"yoast-schema-graph\">{\"@context\":\"https:\/\/schema.org\",\"@graph\":[{\"@type\":\"Article\",\"@id\":\"https:\/\/cleitonpinheiro.com.br\/site\/governo-bolsonaro-gastou-menos-de-1-3-da-verba-para-coronavirus-diz-tcu\/#article\",\"isPartOf\":{\"@id\":\"https:\/\/cleitonpinheiro.com.br\/site\/governo-bolsonaro-gastou-menos-de-1-3-da-verba-para-coronavirus-diz-tcu\/\"},\"author\":{\"name\":\"Dermival Pereira\",\"@id\":\"https:\/\/cleitonpinheiro.com.br\/site\/#\/schema\/person\/aac6d7f311e80c43042e98a900b03cd8\"},\"headline\":\"Governo gastou menos de 1\/3 da verba para coronav\u00edrus\",\"datePublished\":\"2020-07-23T11:40:36+00:00\",\"mainEntityOfPage\":{\"@id\":\"https:\/\/cleitonpinheiro.com.br\/site\/governo-bolsonaro-gastou-menos-de-1-3-da-verba-para-coronavirus-diz-tcu\/\"},\"wordCount\":325,\"commentCount\":0,\"publisher\":{\"@id\":\"https:\/\/cleitonpinheiro.com.br\/site\/#organization\"},\"image\":{\"@id\":\"https:\/\/cleitonpinheiro.com.br\/site\/governo-bolsonaro-gastou-menos-de-1-3-da-verba-para-coronavirus-diz-tcu\/#primaryimage\"},\"thumbnailUrl\":\"\",\"articleSection\":[\"BRASIL \/ MUNDO\",\"COLUNAS\",\"NOT\u00cdCIAS EM DESTAQUE\",\"POL\u00cdTICA\"],\"inLanguage\":\"pt-BR\",\"potentialAction\":[{\"@type\":\"CommentAction\",\"name\":\"Comment\",\"target\":[\"https:\/\/cleitonpinheiro.com.br\/site\/governo-bolsonaro-gastou-menos-de-1-3-da-verba-para-coronavirus-diz-tcu\/#respond\"]}]},{\"@type\":\"WebPage\",\"@id\":\"https:\/\/cleitonpinheiro.com.br\/site\/governo-bolsonaro-gastou-menos-de-1-3-da-verba-para-coronavirus-diz-tcu\/\",\"url\":\"https:\/\/cleitonpinheiro.com.br\/site\/governo-bolsonaro-gastou-menos-de-1-3-da-verba-para-coronavirus-diz-tcu\/\",\"name\":\"Governo gastou menos de 1\/3 da verba para coronav\u00edrus - PORTAL DE NOT\u00cdCIAS CLEITON PINHEIRO\",\"isPartOf\":{\"@id\":\"https:\/\/cleitonpinheiro.com.br\/site\/#website\"},\"primaryImageOfPage\":{\"@id\":\"https:\/\/cleitonpinheiro.com.br\/site\/governo-bolsonaro-gastou-menos-de-1-3-da-verba-para-coronavirus-diz-tcu\/#primaryimage\"},\"image\":{\"@id\":\"https:\/\/cleitonpinheiro.com.br\/site\/governo-bolsonaro-gastou-menos-de-1-3-da-verba-para-coronavirus-diz-tcu\/#primaryimage\"},\"thumbnailUrl\":\"\",\"datePublished\":\"2020-07-23T11:40:36+00:00\",\"breadcrumb\":{\"@id\":\"https:\/\/cleitonpinheiro.com.br\/site\/governo-bolsonaro-gastou-menos-de-1-3-da-verba-para-coronavirus-diz-tcu\/#breadcrumb\"},\"inLanguage\":\"pt-BR\",\"potentialAction\":[{\"@type\":\"ReadAction\",\"target\":[\"https:\/\/cleitonpinheiro.com.br\/site\/governo-bolsonaro-gastou-menos-de-1-3-da-verba-para-coronavirus-diz-tcu\/\"]}]},{\"@type\":\"ImageObject\",\"inLanguage\":\"pt-BR\",\"@id\":\"https:\/\/cleitonpinheiro.com.br\/site\/governo-bolsonaro-gastou-menos-de-1-3-da-verba-para-coronavirus-diz-tcu\/#primaryimage\",\"url\":\"\",\"contentUrl\":\"\"},{\"@type\":\"BreadcrumbList\",\"@id\":\"https:\/\/cleitonpinheiro.com.br\/site\/governo-bolsonaro-gastou-menos-de-1-3-da-verba-para-coronavirus-diz-tcu\/#breadcrumb\",\"itemListElement\":[{\"@type\":\"ListItem\",\"position\":1,\"name\":\"In\u00edcio\",\"item\":\"https:\/\/cleitonpinheiro.com.br\/site\/\"},{\"@type\":\"ListItem\",\"position\":2,\"name\":\"Governo gastou menos de 1\/3 da verba para coronav\u00edrus\"}]},{\"@type\":\"WebSite\",\"@id\":\"https:\/\/cleitonpinheiro.com.br\/site\/#website\",\"url\":\"https:\/\/cleitonpinheiro.com.br\/site\/\",\"name\":\"PORTAL DE NOT\u00cdCIAS CLEITON PINHEIRO\",\"description\":\"FALANDO A VERDADE\",\"publisher\":{\"@id\":\"https:\/\/cleitonpinheiro.com.br\/site\/#organization\"},\"potentialAction\":[{\"@type\":\"SearchAction\",\"target\":{\"@type\":\"EntryPoint\",\"urlTemplate\":\"https:\/\/cleitonpinheiro.com.br\/site\/?s={search_term_string}\"},\"query-input\":{\"@type\":\"PropertyValueSpecification\",\"valueRequired\":true,\"valueName\":\"search_term_string\"}}],\"inLanguage\":\"pt-BR\"},{\"@type\":\"Organization\",\"@id\":\"https:\/\/cleitonpinheiro.com.br\/site\/#organization\",\"name\":\"CPNOT\u00cdCIAS\",\"url\":\"https:\/\/cleitonpinheiro.com.br\/site\/\",\"logo\":{\"@type\":\"ImageObject\",\"inLanguage\":\"pt-BR\",\"@id\":\"https:\/\/cleitonpinheiro.com.br\/site\/#\/schema\/logo\/image\/\",\"url\":\"https:\/\/cleitonpinheiro.com.br\/site\/wp-content\/uploads\/2022\/08\/Logo-pequena-2.png\",\"contentUrl\":\"https:\/\/cleitonpinheiro.com.br\/site\/wp-content\/uploads\/2022\/08\/Logo-pequena-2.png\",\"width\":500,\"height\":500,\"caption\":\"CPNOT\u00cdCIAS\"},\"image\":{\"@id\":\"https:\/\/cleitonpinheiro.com.br\/site\/#\/schema\/logo\/image\/\"},\"sameAs\":[\"https:\/\/www.facebook.com\/portalcpnoticias\/\"]},{\"@type\":\"Person\",\"@id\":\"https:\/\/cleitonpinheiro.com.br\/site\/#\/schema\/person\/aac6d7f311e80c43042e98a900b03cd8\",\"name\":\"Dermival Pereira\",\"image\":{\"@type\":\"ImageObject\",\"inLanguage\":\"pt-BR\",\"@id\":\"https:\/\/cleitonpinheiro.com.br\/site\/#\/schema\/person\/image\/\",\"url\":\"https:\/\/secure.gravatar.com\/avatar\/cfaebf3742d6bf8db728bcba3eed6bee37b02337a2e6c822994f20ca72a3784d?s=96&r=g\",\"contentUrl\":\"https:\/\/secure.gravatar.com\/avatar\/cfaebf3742d6bf8db728bcba3eed6bee37b02337a2e6c822994f20ca72a3784d?s=96&r=g\",\"caption\":\"Dermival Pereira\"},\"url\":\"https:\/\/cleitonpinheiro.com.br\/site\/author\/dermival\/\"}]}<\/script>\n<!-- \/ Yoast SEO plugin. -->","yoast_head_json":{"title":"Governo gastou menos de 1\/3 da verba para coronav\u00edrus - PORTAL DE NOT\u00cdCIAS CLEITON PINHEIRO","robots":{"index":"index","follow":"follow","max-snippet":"max-snippet:-1","max-image-preview":"max-image-preview:large","max-video-preview":"max-video-preview:-1"},"canonical":"https:\/\/cleitonpinheiro.com.br\/site\/governo-bolsonaro-gastou-menos-de-1-3-da-verba-para-coronavirus-diz-tcu\/","og_locale":"pt_BR","og_type":"article","og_title":"Governo gastou menos de 1\/3 da verba para coronav\u00edrus - PORTAL DE NOT\u00cdCIAS CLEITON PINHEIRO","og_description":"O Minist\u00e9rio da Sa\u00fade gastou apenas 29% da verba emergencial prevista para combater o coronav\u00edrus a partir de mar\u00e7o, aponta auditoria do Tribunal de Contas da Uni\u00e3o (TCU), publicada pelo jornal&nbsp;Folha de S.Paulo. Em mar\u00e7o, na altera\u00e7\u00e3o do or\u00e7amento, foram indicados um total de R$ 38,9 bilh\u00f5es. No entanto, at\u00e9 25 de junho, R$ 11,4 [&hellip;]","og_url":"https:\/\/cleitonpinheiro.com.br\/site\/governo-bolsonaro-gastou-menos-de-1-3-da-verba-para-coronavirus-diz-tcu\/","og_site_name":"PORTAL DE NOT\u00cdCIAS CLEITON PINHEIRO","article_publisher":"https:\/\/www.facebook.com\/portalcpnoticias\/","article_published_time":"2020-07-23T11:40:36+00:00","author":"Dermival Pereira","twitter_card":"summary_large_image","twitter_misc":{"Escrito por":"Dermival Pereira","Est. tempo de leitura":"2 minutos"},"schema":{"@context":"https:\/\/schema.org","@graph":[{"@type":"Article","@id":"https:\/\/cleitonpinheiro.com.br\/site\/governo-bolsonaro-gastou-menos-de-1-3-da-verba-para-coronavirus-diz-tcu\/#article","isPartOf":{"@id":"https:\/\/cleitonpinheiro.com.br\/site\/governo-bolsonaro-gastou-menos-de-1-3-da-verba-para-coronavirus-diz-tcu\/"},"author":{"name":"Dermival Pereira","@id":"https:\/\/cleitonpinheiro.com.br\/site\/#\/schema\/person\/aac6d7f311e80c43042e98a900b03cd8"},"headline":"Governo gastou menos de 1\/3 da verba para coronav\u00edrus","datePublished":"2020-07-23T11:40:36+00:00","mainEntityOfPage":{"@id":"https:\/\/cleitonpinheiro.com.br\/site\/governo-bolsonaro-gastou-menos-de-1-3-da-verba-para-coronavirus-diz-tcu\/"},"wordCount":325,"commentCount":0,"publisher":{"@id":"https:\/\/cleitonpinheiro.com.br\/site\/#organization"},"image":{"@id":"https:\/\/cleitonpinheiro.com.br\/site\/governo-bolsonaro-gastou-menos-de-1-3-da-verba-para-coronavirus-diz-tcu\/#primaryimage"},"thumbnailUrl":"","articleSection":["BRASIL \/ MUNDO","COLUNAS","NOT\u00cdCIAS EM DESTAQUE","POL\u00cdTICA"],"inLanguage":"pt-BR","potentialAction":[{"@type":"CommentAction","name":"Comment","target":["https:\/\/cleitonpinheiro.com.br\/site\/governo-bolsonaro-gastou-menos-de-1-3-da-verba-para-coronavirus-diz-tcu\/#respond"]}]},{"@type":"WebPage","@id":"https:\/\/cleitonpinheiro.com.br\/site\/governo-bolsonaro-gastou-menos-de-1-3-da-verba-para-coronavirus-diz-tcu\/","url":"https:\/\/cleitonpinheiro.com.br\/site\/governo-bolsonaro-gastou-menos-de-1-3-da-verba-para-coronavirus-diz-tcu\/","name":"Governo gastou menos de 1\/3 da verba para coronav\u00edrus - PORTAL DE NOT\u00cdCIAS CLEITON PINHEIRO","isPartOf":{"@id":"https:\/\/cleitonpinheiro.com.br\/site\/#website"},"primaryImageOfPage":{"@id":"https:\/\/cleitonpinheiro.com.br\/site\/governo-bolsonaro-gastou-menos-de-1-3-da-verba-para-coronavirus-diz-tcu\/#primaryimage"},"image":{"@id":"https:\/\/cleitonpinheiro.com.br\/site\/governo-bolsonaro-gastou-menos-de-1-3-da-verba-para-coronavirus-diz-tcu\/#primaryimage"},"thumbnailUrl":"","datePublished":"2020-07-23T11:40:36+00:00","breadcrumb":{"@id":"https:\/\/cleitonpinheiro.com.br\/site\/governo-bolsonaro-gastou-menos-de-1-3-da-verba-para-coronavirus-diz-tcu\/#breadcrumb"},"inLanguage":"pt-BR","potentialAction":[{"@type":"ReadAction","target":["https:\/\/cleitonpinheiro.com.br\/site\/governo-bolsonaro-gastou-menos-de-1-3-da-verba-para-coronavirus-diz-tcu\/"]}]},{"@type":"ImageObject","inLanguage":"pt-BR","@id":"https:\/\/cleitonpinheiro.com.br\/site\/governo-bolsonaro-gastou-menos-de-1-3-da-verba-para-coronavirus-diz-tcu\/#primaryimage","url":"","contentUrl":""},{"@type":"BreadcrumbList","@id":"https:\/\/cleitonpinheiro.com.br\/site\/governo-bolsonaro-gastou-menos-de-1-3-da-verba-para-coronavirus-diz-tcu\/#breadcrumb","itemListElement":[{"@type":"ListItem","position":1,"name":"In\u00edcio","item":"https:\/\/cleitonpinheiro.com.br\/site\/"},{"@type":"ListItem","position":2,"name":"Governo gastou menos de 1\/3 da verba para coronav\u00edrus"}]},{"@type":"WebSite","@id":"https:\/\/cleitonpinheiro.com.br\/site\/#website","url":"https:\/\/cleitonpinheiro.com.br\/site\/","name":"PORTAL DE NOT\u00cdCIAS CLEITON PINHEIRO","description":"FALANDO A VERDADE","publisher":{"@id":"https:\/\/cleitonpinheiro.com.br\/site\/#organization"},"potentialAction":[{"@type":"SearchAction","target":{"@type":"EntryPoint","urlTemplate":"https:\/\/cleitonpinheiro.com.br\/site\/?s={search_term_string}"},"query-input":{"@type":"PropertyValueSpecification","valueRequired":true,"valueName":"search_term_string"}}],"inLanguage":"pt-BR"},{"@type":"Organization","@id":"https:\/\/cleitonpinheiro.com.br\/site\/#organization","name":"CPNOT\u00cdCIAS","url":"https:\/\/cleitonpinheiro.com.br\/site\/","logo":{"@type":"ImageObject","inLanguage":"pt-BR","@id":"https:\/\/cleitonpinheiro.com.br\/site\/#\/schema\/logo\/image\/","url":"https:\/\/cleitonpinheiro.com.br\/site\/wp-content\/uploads\/2022\/08\/Logo-pequena-2.png","contentUrl":"https:\/\/cleitonpinheiro.com.br\/site\/wp-content\/uploads\/2022\/08\/Logo-pequena-2.png","width":500,"height":500,"caption":"CPNOT\u00cdCIAS"},"image":{"@id":"https:\/\/cleitonpinheiro.com.br\/site\/#\/schema\/logo\/image\/"},"sameAs":["https:\/\/www.facebook.com\/portalcpnoticias\/"]},{"@type":"Person","@id":"https:\/\/cleitonpinheiro.com.br\/site\/#\/schema\/person\/aac6d7f311e80c43042e98a900b03cd8","name":"Dermival Pereira","image":{"@type":"ImageObject","inLanguage":"pt-BR","@id":"https:\/\/cleitonpinheiro.com.br\/site\/#\/schema\/person\/image\/","url":"https:\/\/secure.gravatar.com\/avatar\/cfaebf3742d6bf8db728bcba3eed6bee37b02337a2e6c822994f20ca72a3784d?s=96&r=g","contentUrl":"https:\/\/secure.gravatar.com\/avatar\/cfaebf3742d6bf8db728bcba3eed6bee37b02337a2e6c822994f20ca72a3784d?s=96&r=g","caption":"Dermival Pereira"},"url":"https:\/\/cleitonpinheiro.com.br\/site\/author\/dermival\/"}]}},"views":109,"_links":{"self":[{"href":"https:\/\/cleitonpinheiro.com.br\/site\/wp-json\/wp\/v2\/posts\/34309","targetHints":{"allow":["GET"]}}],"collection":[{"href":"https:\/\/cleitonpinheiro.com.br\/site\/wp-json\/wp\/v2\/posts"}],"about":[{"href":"https:\/\/cleitonpinheiro.com.br\/site\/wp-json\/wp\/v2\/types\/post"}],"author":[{"embeddable":true,"href":"https:\/\/cleitonpinheiro.com.br\/site\/wp-json\/wp\/v2\/users\/4"}],"replies":[{"embeddable":true,"href":"https:\/\/cleitonpinheiro.com.br\/site\/wp-json\/wp\/v2\/comments?post=34309"}],"version-history":[{"count":0,"href":"https:\/\/cleitonpinheiro.com.br\/site\/wp-json\/wp\/v2\/posts\/34309\/revisions"}],"wp:featuredmedia":[{"embeddable":true,"href":"https:\/\/cleitonpinheiro.com.br\/site\/wp-json\/"}],"wp:attachment":[{"href":"https:\/\/cleitonpinheiro.com.br\/site\/wp-json\/wp\/v2\/media?parent=34309"}],"wp:term":[{"taxonomy":"category","embeddable":true,"href":"https:\/\/cleitonpinheiro.com.br\/site\/wp-json\/wp\/v2\/categories?post=34309"},{"taxonomy":"post_tag","embeddable":true,"href":"https:\/\/cleitonpinheiro.com.br\/site\/wp-json\/wp\/v2\/tags?post=34309"}],"curies":[{"name":"wp","href":"https:\/\/api.w.org\/{rel}","templated":true}]}}