{"id":34318,"date":"2020-07-23T08:54:40","date_gmt":"2020-07-23T11:54:40","guid":{"rendered":"https:\/\/cleitonpinheiro.com.br\/portal\/?p=34318"},"modified":"2020-07-23T08:54:40","modified_gmt":"2020-07-23T11:54:40","slug":"volta-as-aulas-ameaca-pessoas-com-problemas-de-saude","status":"publish","type":"post","link":"https:\/\/cleitonpinheiro.com.br\/site\/volta-as-aulas-ameaca-pessoas-com-problemas-de-saude\/","title":{"rendered":"Volta \u00e0s aulas amea\u00e7a pessoas com problemas de sa\u00fade, aponta pesquisa"},"content":{"rendered":"\n<p>A\u00a0<strong>volta \u00e0s aulas<\/strong>\u00a0pode representar uma amea\u00e7a potencial para 9,3 milh\u00f5es de brasileiros. S\u00e3o os idosos e os adultos com problemas cr\u00f4nicos de sa\u00fade que vivem nas mesma casas em que moram crian\u00e7as e adolescentes em idade escolar (3 aos 17 anos) e que, at\u00e9 agora, estavam em\u00a0<strong>isolamento<\/strong>.<\/p>\n\n\n<figure class=\"wp-block-image size-large\"><img decoding=\"async\" src=\"https:\/\/cleitonpinheiro.com.br\/portal\/wp-content\/uploads\/2020\/07\/escola-editadaaa.jpg\" alt=\"\" class=\"wp-image-34320\"\/><figcaption>Foto: Reuters<\/figcaption><\/figure>\n\n\n<p>E S\u00e3o Paulo \u00e9 o estado com o maior n\u00famero absoluto de pessoas nesta situa\u00e7\u00e3o, 2,1 milh\u00f5es; seguido de Minas Gerais (1,0 milh\u00e3o) e Rio de Janeiro (600 mil). As informa\u00e7\u00f5es do Portal Terra. <\/p>\n\n\n<p>A quantidade de pessoas que pode passar a se expor ao novo coronav\u00edrus foi calculada por an\u00e1lise da Fiocruz feita com base na Pesquisa Nacional de Sa\u00fade (PNS 2013), do Instituto Brasileiro de Geografia e Estat\u00edstica (IBGE) em parceria com o Laborat\u00f3rio de Informa\u00e7\u00e3o em Sa\u00fade (LIS) da Fiocruz.<\/p>\n\n\n<figure><iframe width=\"1\" height=\"1\"><\/iframe><\/figure>\n\n\n<p>Pesquisadores do Instituto de Comunica\u00e7\u00e3o e Informa\u00e7\u00e3o em Sa\u00fade (Icict\/Fiocruz) analisaram dados da PNS 2013 sobre dois grupos populacionais que se encontram nos chamados grupos de risco da Covid-19: os adultos com idade entre 18 e 59 anos que t\u00eam diabetes, doen\u00e7a do cora\u00e7\u00e3o ou doen\u00e7a do pulm\u00e3o, e os idosos (com 60 ou mais anos). Em seguida, cruzou os dados para verificar quantos desses dois grupos residem em domic\u00edlio com pelo menos um menor entre 3 e 17 anos &#8211; ou seja, em idade escolar.<\/p>\n\n\n<p>O resultado do estudo trouxe n\u00fameros preocupantes. Quase 3,9 milh\u00f5es (1,8% da popula\u00e7\u00e3o do pa\u00eds) de adultos com idade entre 18 e 59 anos que t\u00eam diabetes, doen\u00e7a do cora\u00e7\u00e3o ou doen\u00e7a do pulm\u00e3o residem em domic\u00edlio com pelo menos um menor em idade escolar (entre 3 e 17 anos). J\u00e1 a popula\u00e7\u00e3o idosa (60 anos e mais) que convive em seu domic\u00edlio com pelo menos um menor em idade escolar chega a quase 5,4 milh\u00f5es de pessoas (2,6% da popula\u00e7\u00e3o).<\/p>\n\n\n<p>&#8220;N\u00f3s estimamos, no estudo, que se apenas 10% dessa popula\u00e7\u00e3o de adultos com fatores de risco e idosos que vivem com crian\u00e7as em idade escolar vierem a precisar de cuidados intensivos, isso representar\u00e1 cerca de 900 mil pessoas na fila das UTIs&#8221;, afirmou o epidemiologista Diego Xavier, um dos respons\u00e1veis pelo estudo. &#8220;Al\u00e9m disso, se aplicarmos a letalidade brasileira nesse cen\u00e1rio, estaremos falando de algo como 35 mil novos \u00f3bitos, somente entre esses grupos de risco.&#8221;<\/p>\n\n\n<p>De acordo com o estudo, o retorno da atividade escolar, que vem sendo anunciado de forma gradativa por v\u00e1rios estados e munic\u00edpios, coloca os estudantes em situa\u00e7\u00e3o potencial de transmitir a doen\u00e7a. Mesmo que escolas, col\u00e9gios e universidades adotem as medidas de seguran\u00e7a, o transporte p\u00fablico e a falta de controle sobre o comportamento de adolescentes e crian\u00e7as que andam sozinhos representam potenciais situa\u00e7\u00f5es de contamina\u00e7\u00e3o por Covid-19 para esses estudantes.<\/p>\n\n\n<p>Se forem contaminados, esses jovens poder\u00e3o levar o v\u00edrus Sars-CoV-2 para dentro de casa e infectar parentes de todas as idades que tenham doen\u00e7as cr\u00f4nicas e outras condi\u00e7\u00f5es de vulnerabilidade \u00e0 Covid-19, representando uma brecha perigosa no isolamento social que essas pessoas mantinham at\u00e9 agora.<\/p>\n\n\n<p>Christovam Barcellos, sanitarista e vice-diretor do Icict\/Fiocruz, acha que seria recomend\u00e1vel que estados e munic\u00edpios oferecessem aos pais informa\u00e7\u00f5es necess\u00e1rias para os cuidados que devem passar a adotar dentro de suas casas. &#8220;Se isso n\u00e3o for feito, muitos pais se sentir\u00e3o inseguros frente \u00e0 decis\u00e3o de retomar os estudos presenciais dos seus filhos&#8221;, afirmou. &#8220;Com a expans\u00e3o da popula\u00e7\u00e3o exposta \u00e0 infec\u00e7\u00e3o pelo v\u00edrus, deveriam tamb\u00e9m ser ampliadas as atividades de vigil\u00e2ncia epidemiol\u00f3gica desses grupos vulner\u00e1veis por meio de testagens e acompanhamento cl\u00ednico permanente.&#8221; <em>(Fonte: Portal Terra).<\/em><\/p>\n","protected":false},"excerpt":{"rendered":"<p>A\u00a0volta \u00e0s aulas\u00a0pode representar uma amea\u00e7a potencial para 9,3 milh\u00f5es de brasileiros. S\u00e3o os idosos e os adultos com problemas cr\u00f4nicos de sa\u00fade que vivem nas mesma casas em que moram crian\u00e7as e adolescentes em idade escolar (3 aos 17 anos) e que, at\u00e9 agora, estavam em\u00a0isolamento. E S\u00e3o Paulo \u00e9 o estado com o [&hellip;]<\/p>\n","protected":false},"author":4,"featured_media":34321,"comment_status":"open","ping_status":"open","sticky":false,"template":"","format":"standard","meta":{"_acf_changed":false,"footnotes":""},"categories":[19,24,20],"tags":[],"class_list":["post-34318","post","type-post","status-publish","format-standard","has-post-thumbnail","hentry","category-brasil-mundo","category-colunas","category-noticias-em-destaque"],"acf":[],"yoast_head":"<!-- This site is optimized with the Yoast SEO plugin v24.4 - https:\/\/yoast.com\/wordpress\/plugins\/seo\/ -->\n<title>Volta \u00e0s aulas amea\u00e7a pessoas com problemas de sa\u00fade, aponta pesquisa - PORTAL DE NOT\u00cdCIAS CLEITON PINHEIRO<\/title>\n<meta name=\"robots\" content=\"index, follow, max-snippet:-1, max-image-preview:large, max-video-preview:-1\" \/>\n<link rel=\"canonical\" href=\"https:\/\/cleitonpinheiro.com.br\/site\/volta-as-aulas-ameaca-pessoas-com-problemas-de-saude\/\" \/>\n<meta property=\"og:locale\" content=\"pt_BR\" \/>\n<meta property=\"og:type\" content=\"article\" \/>\n<meta property=\"og:title\" content=\"Volta \u00e0s aulas amea\u00e7a pessoas com problemas de sa\u00fade, aponta pesquisa - PORTAL DE NOT\u00cdCIAS CLEITON PINHEIRO\" \/>\n<meta property=\"og:description\" content=\"A\u00a0volta \u00e0s aulas\u00a0pode representar uma amea\u00e7a potencial para 9,3 milh\u00f5es de brasileiros. S\u00e3o os idosos e os adultos com problemas cr\u00f4nicos de sa\u00fade que vivem nas mesma casas em que moram crian\u00e7as e adolescentes em idade escolar (3 aos 17 anos) e que, at\u00e9 agora, estavam em\u00a0isolamento. E S\u00e3o Paulo \u00e9 o estado com o [&hellip;]\" \/>\n<meta property=\"og:url\" content=\"https:\/\/cleitonpinheiro.com.br\/site\/volta-as-aulas-ameaca-pessoas-com-problemas-de-saude\/\" \/>\n<meta property=\"og:site_name\" content=\"PORTAL DE NOT\u00cdCIAS CLEITON PINHEIRO\" \/>\n<meta property=\"article:publisher\" content=\"https:\/\/www.facebook.com\/portalcpnoticias\/\" \/>\n<meta property=\"article:published_time\" content=\"2020-07-23T11:54:40+00:00\" \/>\n<meta name=\"author\" content=\"Dermival Pereira\" \/>\n<meta name=\"twitter:card\" content=\"summary_large_image\" \/>\n<meta name=\"twitter:label1\" content=\"Escrito por\" \/>\n\t<meta name=\"twitter:data1\" content=\"Dermival Pereira\" \/>\n\t<meta name=\"twitter:label2\" content=\"Est. tempo de leitura\" \/>\n\t<meta name=\"twitter:data2\" content=\"3 minutos\" \/>\n<script type=\"application\/ld+json\" class=\"yoast-schema-graph\">{\"@context\":\"https:\/\/schema.org\",\"@graph\":[{\"@type\":\"Article\",\"@id\":\"https:\/\/cleitonpinheiro.com.br\/site\/volta-as-aulas-ameaca-pessoas-com-problemas-de-saude\/#article\",\"isPartOf\":{\"@id\":\"https:\/\/cleitonpinheiro.com.br\/site\/volta-as-aulas-ameaca-pessoas-com-problemas-de-saude\/\"},\"author\":{\"name\":\"Dermival Pereira\",\"@id\":\"https:\/\/cleitonpinheiro.com.br\/site\/#\/schema\/person\/aac6d7f311e80c43042e98a900b03cd8\"},\"headline\":\"Volta \u00e0s aulas amea\u00e7a pessoas com problemas de sa\u00fade, aponta pesquisa\",\"datePublished\":\"2020-07-23T11:54:40+00:00\",\"mainEntityOfPage\":{\"@id\":\"https:\/\/cleitonpinheiro.com.br\/site\/volta-as-aulas-ameaca-pessoas-com-problemas-de-saude\/\"},\"wordCount\":646,\"commentCount\":0,\"publisher\":{\"@id\":\"https:\/\/cleitonpinheiro.com.br\/site\/#organization\"},\"image\":{\"@id\":\"https:\/\/cleitonpinheiro.com.br\/site\/volta-as-aulas-ameaca-pessoas-com-problemas-de-saude\/#primaryimage\"},\"thumbnailUrl\":\"\",\"articleSection\":[\"BRASIL \/ MUNDO\",\"COLUNAS\",\"NOT\u00cdCIAS EM DESTAQUE\"],\"inLanguage\":\"pt-BR\",\"potentialAction\":[{\"@type\":\"CommentAction\",\"name\":\"Comment\",\"target\":[\"https:\/\/cleitonpinheiro.com.br\/site\/volta-as-aulas-ameaca-pessoas-com-problemas-de-saude\/#respond\"]}]},{\"@type\":\"WebPage\",\"@id\":\"https:\/\/cleitonpinheiro.com.br\/site\/volta-as-aulas-ameaca-pessoas-com-problemas-de-saude\/\",\"url\":\"https:\/\/cleitonpinheiro.com.br\/site\/volta-as-aulas-ameaca-pessoas-com-problemas-de-saude\/\",\"name\":\"Volta \u00e0s aulas amea\u00e7a pessoas com problemas de sa\u00fade, aponta pesquisa - PORTAL DE NOT\u00cdCIAS CLEITON PINHEIRO\",\"isPartOf\":{\"@id\":\"https:\/\/cleitonpinheiro.com.br\/site\/#website\"},\"primaryImageOfPage\":{\"@id\":\"https:\/\/cleitonpinheiro.com.br\/site\/volta-as-aulas-ameaca-pessoas-com-problemas-de-saude\/#primaryimage\"},\"image\":{\"@id\":\"https:\/\/cleitonpinheiro.com.br\/site\/volta-as-aulas-ameaca-pessoas-com-problemas-de-saude\/#primaryimage\"},\"thumbnailUrl\":\"\",\"datePublished\":\"2020-07-23T11:54:40+00:00\",\"breadcrumb\":{\"@id\":\"https:\/\/cleitonpinheiro.com.br\/site\/volta-as-aulas-ameaca-pessoas-com-problemas-de-saude\/#breadcrumb\"},\"inLanguage\":\"pt-BR\",\"potentialAction\":[{\"@type\":\"ReadAction\",\"target\":[\"https:\/\/cleitonpinheiro.com.br\/site\/volta-as-aulas-ameaca-pessoas-com-problemas-de-saude\/\"]}]},{\"@type\":\"ImageObject\",\"inLanguage\":\"pt-BR\",\"@id\":\"https:\/\/cleitonpinheiro.com.br\/site\/volta-as-aulas-ameaca-pessoas-com-problemas-de-saude\/#primaryimage\",\"url\":\"\",\"contentUrl\":\"\"},{\"@type\":\"BreadcrumbList\",\"@id\":\"https:\/\/cleitonpinheiro.com.br\/site\/volta-as-aulas-ameaca-pessoas-com-problemas-de-saude\/#breadcrumb\",\"itemListElement\":[{\"@type\":\"ListItem\",\"position\":1,\"name\":\"In\u00edcio\",\"item\":\"https:\/\/cleitonpinheiro.com.br\/site\/\"},{\"@type\":\"ListItem\",\"position\":2,\"name\":\"Volta \u00e0s aulas amea\u00e7a pessoas com problemas de sa\u00fade, aponta pesquisa\"}]},{\"@type\":\"WebSite\",\"@id\":\"https:\/\/cleitonpinheiro.com.br\/site\/#website\",\"url\":\"https:\/\/cleitonpinheiro.com.br\/site\/\",\"name\":\"PORTAL DE NOT\u00cdCIAS CLEITON PINHEIRO\",\"description\":\"FALANDO A VERDADE\",\"publisher\":{\"@id\":\"https:\/\/cleitonpinheiro.com.br\/site\/#organization\"},\"potentialAction\":[{\"@type\":\"SearchAction\",\"target\":{\"@type\":\"EntryPoint\",\"urlTemplate\":\"https:\/\/cleitonpinheiro.com.br\/site\/?s={search_term_string}\"},\"query-input\":{\"@type\":\"PropertyValueSpecification\",\"valueRequired\":true,\"valueName\":\"search_term_string\"}}],\"inLanguage\":\"pt-BR\"},{\"@type\":\"Organization\",\"@id\":\"https:\/\/cleitonpinheiro.com.br\/site\/#organization\",\"name\":\"CPNOT\u00cdCIAS\",\"url\":\"https:\/\/cleitonpinheiro.com.br\/site\/\",\"logo\":{\"@type\":\"ImageObject\",\"inLanguage\":\"pt-BR\",\"@id\":\"https:\/\/cleitonpinheiro.com.br\/site\/#\/schema\/logo\/image\/\",\"url\":\"https:\/\/cleitonpinheiro.com.br\/site\/wp-content\/uploads\/2022\/08\/Logo-pequena-2.png\",\"contentUrl\":\"https:\/\/cleitonpinheiro.com.br\/site\/wp-content\/uploads\/2022\/08\/Logo-pequena-2.png\",\"width\":500,\"height\":500,\"caption\":\"CPNOT\u00cdCIAS\"},\"image\":{\"@id\":\"https:\/\/cleitonpinheiro.com.br\/site\/#\/schema\/logo\/image\/\"},\"sameAs\":[\"https:\/\/www.facebook.com\/portalcpnoticias\/\"]},{\"@type\":\"Person\",\"@id\":\"https:\/\/cleitonpinheiro.com.br\/site\/#\/schema\/person\/aac6d7f311e80c43042e98a900b03cd8\",\"name\":\"Dermival Pereira\",\"image\":{\"@type\":\"ImageObject\",\"inLanguage\":\"pt-BR\",\"@id\":\"https:\/\/cleitonpinheiro.com.br\/site\/#\/schema\/person\/image\/\",\"url\":\"https:\/\/secure.gravatar.com\/avatar\/cfaebf3742d6bf8db728bcba3eed6bee37b02337a2e6c822994f20ca72a3784d?s=96&r=g\",\"contentUrl\":\"https:\/\/secure.gravatar.com\/avatar\/cfaebf3742d6bf8db728bcba3eed6bee37b02337a2e6c822994f20ca72a3784d?s=96&r=g\",\"caption\":\"Dermival Pereira\"},\"url\":\"https:\/\/cleitonpinheiro.com.br\/site\/author\/dermival\/\"}]}<\/script>\n<!-- \/ Yoast SEO plugin. -->","yoast_head_json":{"title":"Volta \u00e0s aulas amea\u00e7a pessoas com problemas de sa\u00fade, aponta pesquisa - PORTAL DE NOT\u00cdCIAS CLEITON PINHEIRO","robots":{"index":"index","follow":"follow","max-snippet":"max-snippet:-1","max-image-preview":"max-image-preview:large","max-video-preview":"max-video-preview:-1"},"canonical":"https:\/\/cleitonpinheiro.com.br\/site\/volta-as-aulas-ameaca-pessoas-com-problemas-de-saude\/","og_locale":"pt_BR","og_type":"article","og_title":"Volta \u00e0s aulas amea\u00e7a pessoas com problemas de sa\u00fade, aponta pesquisa - PORTAL DE NOT\u00cdCIAS CLEITON PINHEIRO","og_description":"A\u00a0volta \u00e0s aulas\u00a0pode representar uma amea\u00e7a potencial para 9,3 milh\u00f5es de brasileiros. S\u00e3o os idosos e os adultos com problemas cr\u00f4nicos de sa\u00fade que vivem nas mesma casas em que moram crian\u00e7as e adolescentes em idade escolar (3 aos 17 anos) e que, at\u00e9 agora, estavam em\u00a0isolamento. E S\u00e3o Paulo \u00e9 o estado com o [&hellip;]","og_url":"https:\/\/cleitonpinheiro.com.br\/site\/volta-as-aulas-ameaca-pessoas-com-problemas-de-saude\/","og_site_name":"PORTAL DE NOT\u00cdCIAS CLEITON PINHEIRO","article_publisher":"https:\/\/www.facebook.com\/portalcpnoticias\/","article_published_time":"2020-07-23T11:54:40+00:00","author":"Dermival Pereira","twitter_card":"summary_large_image","twitter_misc":{"Escrito por":"Dermival Pereira","Est. tempo de leitura":"3 minutos"},"schema":{"@context":"https:\/\/schema.org","@graph":[{"@type":"Article","@id":"https:\/\/cleitonpinheiro.com.br\/site\/volta-as-aulas-ameaca-pessoas-com-problemas-de-saude\/#article","isPartOf":{"@id":"https:\/\/cleitonpinheiro.com.br\/site\/volta-as-aulas-ameaca-pessoas-com-problemas-de-saude\/"},"author":{"name":"Dermival Pereira","@id":"https:\/\/cleitonpinheiro.com.br\/site\/#\/schema\/person\/aac6d7f311e80c43042e98a900b03cd8"},"headline":"Volta \u00e0s aulas amea\u00e7a pessoas com problemas de sa\u00fade, aponta pesquisa","datePublished":"2020-07-23T11:54:40+00:00","mainEntityOfPage":{"@id":"https:\/\/cleitonpinheiro.com.br\/site\/volta-as-aulas-ameaca-pessoas-com-problemas-de-saude\/"},"wordCount":646,"commentCount":0,"publisher":{"@id":"https:\/\/cleitonpinheiro.com.br\/site\/#organization"},"image":{"@id":"https:\/\/cleitonpinheiro.com.br\/site\/volta-as-aulas-ameaca-pessoas-com-problemas-de-saude\/#primaryimage"},"thumbnailUrl":"","articleSection":["BRASIL \/ MUNDO","COLUNAS","NOT\u00cdCIAS EM DESTAQUE"],"inLanguage":"pt-BR","potentialAction":[{"@type":"CommentAction","name":"Comment","target":["https:\/\/cleitonpinheiro.com.br\/site\/volta-as-aulas-ameaca-pessoas-com-problemas-de-saude\/#respond"]}]},{"@type":"WebPage","@id":"https:\/\/cleitonpinheiro.com.br\/site\/volta-as-aulas-ameaca-pessoas-com-problemas-de-saude\/","url":"https:\/\/cleitonpinheiro.com.br\/site\/volta-as-aulas-ameaca-pessoas-com-problemas-de-saude\/","name":"Volta \u00e0s aulas amea\u00e7a pessoas com problemas de sa\u00fade, aponta pesquisa - PORTAL DE NOT\u00cdCIAS CLEITON PINHEIRO","isPartOf":{"@id":"https:\/\/cleitonpinheiro.com.br\/site\/#website"},"primaryImageOfPage":{"@id":"https:\/\/cleitonpinheiro.com.br\/site\/volta-as-aulas-ameaca-pessoas-com-problemas-de-saude\/#primaryimage"},"image":{"@id":"https:\/\/cleitonpinheiro.com.br\/site\/volta-as-aulas-ameaca-pessoas-com-problemas-de-saude\/#primaryimage"},"thumbnailUrl":"","datePublished":"2020-07-23T11:54:40+00:00","breadcrumb":{"@id":"https:\/\/cleitonpinheiro.com.br\/site\/volta-as-aulas-ameaca-pessoas-com-problemas-de-saude\/#breadcrumb"},"inLanguage":"pt-BR","potentialAction":[{"@type":"ReadAction","target":["https:\/\/cleitonpinheiro.com.br\/site\/volta-as-aulas-ameaca-pessoas-com-problemas-de-saude\/"]}]},{"@type":"ImageObject","inLanguage":"pt-BR","@id":"https:\/\/cleitonpinheiro.com.br\/site\/volta-as-aulas-ameaca-pessoas-com-problemas-de-saude\/#primaryimage","url":"","contentUrl":""},{"@type":"BreadcrumbList","@id":"https:\/\/cleitonpinheiro.com.br\/site\/volta-as-aulas-ameaca-pessoas-com-problemas-de-saude\/#breadcrumb","itemListElement":[{"@type":"ListItem","position":1,"name":"In\u00edcio","item":"https:\/\/cleitonpinheiro.com.br\/site\/"},{"@type":"ListItem","position":2,"name":"Volta \u00e0s aulas amea\u00e7a pessoas com problemas de sa\u00fade, aponta pesquisa"}]},{"@type":"WebSite","@id":"https:\/\/cleitonpinheiro.com.br\/site\/#website","url":"https:\/\/cleitonpinheiro.com.br\/site\/","name":"PORTAL DE NOT\u00cdCIAS CLEITON PINHEIRO","description":"FALANDO A VERDADE","publisher":{"@id":"https:\/\/cleitonpinheiro.com.br\/site\/#organization"},"potentialAction":[{"@type":"SearchAction","target":{"@type":"EntryPoint","urlTemplate":"https:\/\/cleitonpinheiro.com.br\/site\/?s={search_term_string}"},"query-input":{"@type":"PropertyValueSpecification","valueRequired":true,"valueName":"search_term_string"}}],"inLanguage":"pt-BR"},{"@type":"Organization","@id":"https:\/\/cleitonpinheiro.com.br\/site\/#organization","name":"CPNOT\u00cdCIAS","url":"https:\/\/cleitonpinheiro.com.br\/site\/","logo":{"@type":"ImageObject","inLanguage":"pt-BR","@id":"https:\/\/cleitonpinheiro.com.br\/site\/#\/schema\/logo\/image\/","url":"https:\/\/cleitonpinheiro.com.br\/site\/wp-content\/uploads\/2022\/08\/Logo-pequena-2.png","contentUrl":"https:\/\/cleitonpinheiro.com.br\/site\/wp-content\/uploads\/2022\/08\/Logo-pequena-2.png","width":500,"height":500,"caption":"CPNOT\u00cdCIAS"},"image":{"@id":"https:\/\/cleitonpinheiro.com.br\/site\/#\/schema\/logo\/image\/"},"sameAs":["https:\/\/www.facebook.com\/portalcpnoticias\/"]},{"@type":"Person","@id":"https:\/\/cleitonpinheiro.com.br\/site\/#\/schema\/person\/aac6d7f311e80c43042e98a900b03cd8","name":"Dermival Pereira","image":{"@type":"ImageObject","inLanguage":"pt-BR","@id":"https:\/\/cleitonpinheiro.com.br\/site\/#\/schema\/person\/image\/","url":"https:\/\/secure.gravatar.com\/avatar\/cfaebf3742d6bf8db728bcba3eed6bee37b02337a2e6c822994f20ca72a3784d?s=96&r=g","contentUrl":"https:\/\/secure.gravatar.com\/avatar\/cfaebf3742d6bf8db728bcba3eed6bee37b02337a2e6c822994f20ca72a3784d?s=96&r=g","caption":"Dermival Pereira"},"url":"https:\/\/cleitonpinheiro.com.br\/site\/author\/dermival\/"}]}},"views":113,"_links":{"self":[{"href":"https:\/\/cleitonpinheiro.com.br\/site\/wp-json\/wp\/v2\/posts\/34318","targetHints":{"allow":["GET"]}}],"collection":[{"href":"https:\/\/cleitonpinheiro.com.br\/site\/wp-json\/wp\/v2\/posts"}],"about":[{"href":"https:\/\/cleitonpinheiro.com.br\/site\/wp-json\/wp\/v2\/types\/post"}],"author":[{"embeddable":true,"href":"https:\/\/cleitonpinheiro.com.br\/site\/wp-json\/wp\/v2\/users\/4"}],"replies":[{"embeddable":true,"href":"https:\/\/cleitonpinheiro.com.br\/site\/wp-json\/wp\/v2\/comments?post=34318"}],"version-history":[{"count":0,"href":"https:\/\/cleitonpinheiro.com.br\/site\/wp-json\/wp\/v2\/posts\/34318\/revisions"}],"wp:featuredmedia":[{"embeddable":true,"href":"https:\/\/cleitonpinheiro.com.br\/site\/wp-json\/"}],"wp:attachment":[{"href":"https:\/\/cleitonpinheiro.com.br\/site\/wp-json\/wp\/v2\/media?parent=34318"}],"wp:term":[{"taxonomy":"category","embeddable":true,"href":"https:\/\/cleitonpinheiro.com.br\/site\/wp-json\/wp\/v2\/categories?post=34318"},{"taxonomy":"post_tag","embeddable":true,"href":"https:\/\/cleitonpinheiro.com.br\/site\/wp-json\/wp\/v2\/tags?post=34318"}],"curies":[{"name":"wp","href":"https:\/\/api.w.org\/{rel}","templated":true}]}}