{"id":34328,"date":"2020-07-23T09:33:45","date_gmt":"2020-07-23T12:33:45","guid":{"rendered":"https:\/\/cleitonpinheiro.com.br\/portal\/?p=34328"},"modified":"2020-07-23T09:33:45","modified_gmt":"2020-07-23T12:33:45","slug":"casos-de-covid-19-no-sistema-prisional-aumentam-quase-100-em-30-dias","status":"publish","type":"post","link":"https:\/\/cleitonpinheiro.com.br\/site\/casos-de-covid-19-no-sistema-prisional-aumentam-quase-100-em-30-dias\/","title":{"rendered":"Casos de covid-19 em pres\u00eddios aumentam quase 100%"},"content":{"rendered":"\n<p><em><strong>Da Reda\u00e7\u00e3o do CP Not\u00edcias<\/strong><\/em><\/p>\n\n\n<figure class=\"wp-block-image size-large\"><img decoding=\"async\" src=\"https:\/\/cleitonpinheiro.com.br\/portal\/wp-content\/uploads\/2020\/07\/Presidios-editados.jpg\" alt=\"\" class=\"wp-image-34330\"\/><\/figure>\n\n\n<p>Os estabelecimentos prisionais brasileiros registraram um crescimento de 99,3% nos casos de contamina\u00e7\u00e3o pelo novo coronav\u00edrus nos \u00faltimos 30 dias, contabilizando 13.778 ocorr\u00eancias. O acompanhamento \u00e9 uma iniciativa do Departamento de Monitoramento e Fiscaliza\u00e7\u00e3o do Sistema Carcer\u00e1rio e do Sistema de Execu\u00e7\u00e3o de Medidas Socioeducativas do Conselho Nacional de Justi\u00e7a (DMF\/CNJ) e \u00e9 o \u00fanico em escala nacional que traz dados sobre cont\u00e1gios e \u00f3bitos tamb\u00e9m de servidores e sobre a situa\u00e7\u00e3o da pandemia no sistema socioeducativo, que chegou a 2.356 casos nesta semana &#8211; crescimento de 80,2% ao longo do per\u00edodo.<\/p>\n\n\n<blockquote class=\"wp-block-quote is-layout-flow wp-block-quote-is-layout-flow\"><p><a href=\"https:\/\/www.cnj.jus.br\/wp-admin\/admin-ajax.php?page=acymailing_front&amp;ctrl=fronturl&amp;action=acymailing_frontrouter&amp;task=click&amp;urlid=9298&amp;userid=184076&amp;mailid=11666&amp;action=acymailing_frontrouter&amp;noheader=1\" rel=\"noreferrer noopener\" target=\"_blank\">Confira o \u00faltimo boletim de contamina\u00e7\u00f5es e \u00f3bitos<\/a><\/p><\/blockquote>\n\n\n<p>O CNJ tamb\u00e9m atualizou nesta quarta-feira (22\/7) os dados levantados pelos Grupos de Monitoramento e Fiscaliza\u00e7\u00e3o do Sistema Carcer\u00e1rio e do Sistema de Execu\u00e7\u00e3o de Medidas Socioeducativas (GMFs) de Tribunais de Justi\u00e7a. Subiu de 17 para 20 o n\u00famero de estados que detalharam informa\u00e7\u00f5es sobre recursos dispon\u00edveis para o enfrentamento \u00e0 pandemia em unidades de priva\u00e7\u00e3o de liberdade \u2013 como equipamentos de prote\u00e7\u00e3o individual (EPIs), alimenta\u00e7\u00e3o, fornecimento de \u00e1gua e material de higiene e limpeza, al\u00e9m de medicamentos e equipes de sa\u00fade.<\/p>\n\n\n<blockquote class=\"wp-block-quote is-layout-flow wp-block-quote-is-layout-flow\"><p><a href=\"https:\/\/www.cnj.jus.br\/wp-admin\/admin-ajax.php?page=acymailing_front&amp;ctrl=fronturl&amp;action=acymailing_frontrouter&amp;task=click&amp;urlid=9300&amp;userid=184076&amp;mailid=11666&amp;action=acymailing_frontrouter&amp;noheader=1\" rel=\"noreferrer noopener\" target=\"_blank\">Confira o \u00faltimo boletim de monitoramento dos GMFs<\/a><\/p><\/blockquote>\n\n\n<p>Quanto \u00e0 realiza\u00e7\u00e3o de testagem, os dados dos GMFs apontam um crescimento no n\u00famero de exames desde o \u00faltimo levantamento: de 10.528 an\u00e1lises em pessoas presas para 18.607. No caso dos servidores, o n\u00famero aumentou de 9.699 para 19.132. Unidades do sistema socioeducativo tamb\u00e9m registraram crescimento na realiza\u00e7\u00e3o de exames sobre a Covid-19, embora num percentual menos expressivo \u2013 de 1.905 coletas para 2.758, no caso de socioeducandos; e de 4.791 para 6.541, entre trabalhadores desses estabelecimentos.<\/p>\n\n\n<p>Ainda de acordo com o monitoramento, o n\u00famero de comit\u00eas de acompanhamento informados ao CNJ passou de 17 para 21. No que se refere \u00e0 destina\u00e7\u00e3o de verbas de penas pecuni\u00e1rias, 20 estados relataram ao CNJ a ado\u00e7\u00e3o da medida, totalizando R$ 55,5 milh\u00f5es destinados ao combate \u00e0 pandemia.<\/p>\n\n\n<p>Enquanto Amap\u00e1, Amazonas, Mato Grosso, Piau\u00ed e Rio Grande do Sul registraram o recebimento de aportes federais para a\u00e7\u00f5es de combate \u00e0 Covid-19 nos ambientes de priva\u00e7\u00e3o de liberdade, S\u00e3o Paulo e Paran\u00e1 receberam recursos do Tesouro estadual. A Justi\u00e7a estadual e \u00f3rg\u00e3os como o Minist\u00e9rio P\u00fablico do Trabalho tamb\u00e9m dispuseram de valores encaminhados a estados como Sergipe e Roraima.<\/p>\n\n\n<p><strong>Cont\u00e1gios e \u00f3bitos<\/strong><\/p>\n\n\n<p>O boletim semanal sobre contamina\u00e7\u00f5es e \u00f3bitos por Covid-19 \u00e9 publicado \u00e0s quartas-feiras a partir de dados dos poderes p\u00fablicos locais e ocorr\u00eancias informadas ao Departamento Penitenci\u00e1rio Nacional (Depen). O levantamento aponta 1.445 novos casos de coronav\u00edrus entre pessoas privadas de liberdade e 341 entre servidores na \u00faltima semana, com aumento acentuado de registros especialmente entre presos nos estados de Santa Catarina, Mato Grosso e Mato Grosso do Sul.<\/p>\n\n\n<p>No caso do sistema socioeducativo, somente nesta semana foram registrados 434 novos casos entre reeducandos e servidores. O monitoramento identifica um aumento destacado de ocorr\u00eancias principalmente entre adolescentes privados de liberdade no estado de S\u00e3o Paulo.<\/p>\n\n\n<p>O boletim semanal traz sempre um ponto anal\u00edtico acerca do contexto da pandemia e nesta edi\u00e7\u00e3o destaca o desafio quanto \u00e0 padroniza\u00e7\u00e3o metodol\u00f3gica no registro e divulga\u00e7\u00e3o de dados sobre a doen\u00e7a nos sistemas de priva\u00e7\u00e3o de liberdade.<\/p>\n\n\n<p>O levantamento e sistematiza\u00e7\u00e3o de informa\u00e7\u00f5es sobre Covid-19 em estabelecimentos penais e no sistema socioeducativo \u00e9 uma iniciativa do DMF\/CNJ em parceria com o Programa das Na\u00e7\u00f5es Unidas para o Desenvolvimento (PNUD Brasil) e apoio do Minist\u00e9rio da Justi\u00e7a e Seguran\u00e7a P\u00fablica, para superar desafios estruturais dos sistemas de priva\u00e7\u00e3o de liberdade no pa\u00eds. <em><strong>(Da Ag\u00eancia CNJ de Not\u00edcias).<\/strong><\/em><\/p>\n","protected":false},"excerpt":{"rendered":"<p>Da Reda\u00e7\u00e3o do CP Not\u00edcias Os estabelecimentos prisionais brasileiros registraram um crescimento de 99,3% nos casos de contamina\u00e7\u00e3o pelo novo coronav\u00edrus nos \u00faltimos 30 dias, contabilizando 13.778 ocorr\u00eancias. O acompanhamento \u00e9 uma iniciativa do Departamento de Monitoramento e Fiscaliza\u00e7\u00e3o do Sistema Carcer\u00e1rio e do Sistema de Execu\u00e7\u00e3o de Medidas Socioeducativas do Conselho Nacional de Justi\u00e7a [&hellip;]<\/p>\n","protected":false},"author":4,"featured_media":34331,"comment_status":"open","ping_status":"open","sticky":false,"template":"","format":"standard","meta":{"_acf_changed":false,"footnotes":""},"categories":[19,24,20],"tags":[],"class_list":["post-34328","post","type-post","status-publish","format-standard","has-post-thumbnail","hentry","category-brasil-mundo","category-colunas","category-noticias-em-destaque"],"acf":[],"yoast_head":"<!-- This site is optimized with the Yoast SEO plugin v24.4 - https:\/\/yoast.com\/wordpress\/plugins\/seo\/ -->\n<title>Casos de covid-19 em pres\u00eddios aumentam quase 100% - PORTAL DE NOT\u00cdCIAS CLEITON PINHEIRO<\/title>\n<meta name=\"robots\" content=\"index, follow, max-snippet:-1, max-image-preview:large, max-video-preview:-1\" \/>\n<link rel=\"canonical\" href=\"https:\/\/cleitonpinheiro.com.br\/site\/casos-de-covid-19-no-sistema-prisional-aumentam-quase-100-em-30-dias\/\" \/>\n<meta property=\"og:locale\" content=\"pt_BR\" \/>\n<meta property=\"og:type\" content=\"article\" \/>\n<meta property=\"og:title\" content=\"Casos de covid-19 em pres\u00eddios aumentam quase 100% - PORTAL DE NOT\u00cdCIAS CLEITON PINHEIRO\" \/>\n<meta property=\"og:description\" content=\"Da Reda\u00e7\u00e3o do CP Not\u00edcias Os estabelecimentos prisionais brasileiros registraram um crescimento de 99,3% nos casos de contamina\u00e7\u00e3o pelo novo coronav\u00edrus nos \u00faltimos 30 dias, contabilizando 13.778 ocorr\u00eancias. O acompanhamento \u00e9 uma iniciativa do Departamento de Monitoramento e Fiscaliza\u00e7\u00e3o do Sistema Carcer\u00e1rio e do Sistema de Execu\u00e7\u00e3o de Medidas Socioeducativas do Conselho Nacional de Justi\u00e7a [&hellip;]\" \/>\n<meta property=\"og:url\" content=\"https:\/\/cleitonpinheiro.com.br\/site\/casos-de-covid-19-no-sistema-prisional-aumentam-quase-100-em-30-dias\/\" \/>\n<meta property=\"og:site_name\" content=\"PORTAL DE NOT\u00cdCIAS CLEITON PINHEIRO\" \/>\n<meta property=\"article:publisher\" content=\"https:\/\/www.facebook.com\/portalcpnoticias\/\" \/>\n<meta property=\"article:published_time\" content=\"2020-07-23T12:33:45+00:00\" \/>\n<meta name=\"author\" content=\"Dermival Pereira\" \/>\n<meta name=\"twitter:card\" content=\"summary_large_image\" \/>\n<meta name=\"twitter:label1\" content=\"Escrito por\" \/>\n\t<meta name=\"twitter:data1\" content=\"Dermival Pereira\" \/>\n\t<meta name=\"twitter:label2\" content=\"Est. tempo de leitura\" \/>\n\t<meta name=\"twitter:data2\" content=\"3 minutos\" \/>\n<script type=\"application\/ld+json\" class=\"yoast-schema-graph\">{\"@context\":\"https:\/\/schema.org\",\"@graph\":[{\"@type\":\"Article\",\"@id\":\"https:\/\/cleitonpinheiro.com.br\/site\/casos-de-covid-19-no-sistema-prisional-aumentam-quase-100-em-30-dias\/#article\",\"isPartOf\":{\"@id\":\"https:\/\/cleitonpinheiro.com.br\/site\/casos-de-covid-19-no-sistema-prisional-aumentam-quase-100-em-30-dias\/\"},\"author\":{\"name\":\"Dermival Pereira\",\"@id\":\"https:\/\/cleitonpinheiro.com.br\/site\/#\/schema\/person\/aac6d7f311e80c43042e98a900b03cd8\"},\"headline\":\"Casos de covid-19 em pres\u00eddios aumentam quase 100%\",\"datePublished\":\"2020-07-23T12:33:45+00:00\",\"mainEntityOfPage\":{\"@id\":\"https:\/\/cleitonpinheiro.com.br\/site\/casos-de-covid-19-no-sistema-prisional-aumentam-quase-100-em-30-dias\/\"},\"wordCount\":634,\"commentCount\":0,\"publisher\":{\"@id\":\"https:\/\/cleitonpinheiro.com.br\/site\/#organization\"},\"image\":{\"@id\":\"https:\/\/cleitonpinheiro.com.br\/site\/casos-de-covid-19-no-sistema-prisional-aumentam-quase-100-em-30-dias\/#primaryimage\"},\"thumbnailUrl\":\"\",\"articleSection\":[\"BRASIL \/ MUNDO\",\"COLUNAS\",\"NOT\u00cdCIAS EM DESTAQUE\"],\"inLanguage\":\"pt-BR\",\"potentialAction\":[{\"@type\":\"CommentAction\",\"name\":\"Comment\",\"target\":[\"https:\/\/cleitonpinheiro.com.br\/site\/casos-de-covid-19-no-sistema-prisional-aumentam-quase-100-em-30-dias\/#respond\"]}]},{\"@type\":\"WebPage\",\"@id\":\"https:\/\/cleitonpinheiro.com.br\/site\/casos-de-covid-19-no-sistema-prisional-aumentam-quase-100-em-30-dias\/\",\"url\":\"https:\/\/cleitonpinheiro.com.br\/site\/casos-de-covid-19-no-sistema-prisional-aumentam-quase-100-em-30-dias\/\",\"name\":\"Casos de covid-19 em pres\u00eddios aumentam quase 100% - PORTAL DE NOT\u00cdCIAS CLEITON PINHEIRO\",\"isPartOf\":{\"@id\":\"https:\/\/cleitonpinheiro.com.br\/site\/#website\"},\"primaryImageOfPage\":{\"@id\":\"https:\/\/cleitonpinheiro.com.br\/site\/casos-de-covid-19-no-sistema-prisional-aumentam-quase-100-em-30-dias\/#primaryimage\"},\"image\":{\"@id\":\"https:\/\/cleitonpinheiro.com.br\/site\/casos-de-covid-19-no-sistema-prisional-aumentam-quase-100-em-30-dias\/#primaryimage\"},\"thumbnailUrl\":\"\",\"datePublished\":\"2020-07-23T12:33:45+00:00\",\"breadcrumb\":{\"@id\":\"https:\/\/cleitonpinheiro.com.br\/site\/casos-de-covid-19-no-sistema-prisional-aumentam-quase-100-em-30-dias\/#breadcrumb\"},\"inLanguage\":\"pt-BR\",\"potentialAction\":[{\"@type\":\"ReadAction\",\"target\":[\"https:\/\/cleitonpinheiro.com.br\/site\/casos-de-covid-19-no-sistema-prisional-aumentam-quase-100-em-30-dias\/\"]}]},{\"@type\":\"ImageObject\",\"inLanguage\":\"pt-BR\",\"@id\":\"https:\/\/cleitonpinheiro.com.br\/site\/casos-de-covid-19-no-sistema-prisional-aumentam-quase-100-em-30-dias\/#primaryimage\",\"url\":\"\",\"contentUrl\":\"\"},{\"@type\":\"BreadcrumbList\",\"@id\":\"https:\/\/cleitonpinheiro.com.br\/site\/casos-de-covid-19-no-sistema-prisional-aumentam-quase-100-em-30-dias\/#breadcrumb\",\"itemListElement\":[{\"@type\":\"ListItem\",\"position\":1,\"name\":\"In\u00edcio\",\"item\":\"https:\/\/cleitonpinheiro.com.br\/site\/\"},{\"@type\":\"ListItem\",\"position\":2,\"name\":\"Casos de covid-19 em pres\u00eddios aumentam quase 100%\"}]},{\"@type\":\"WebSite\",\"@id\":\"https:\/\/cleitonpinheiro.com.br\/site\/#website\",\"url\":\"https:\/\/cleitonpinheiro.com.br\/site\/\",\"name\":\"PORTAL DE NOT\u00cdCIAS CLEITON PINHEIRO\",\"description\":\"FALANDO A VERDADE\",\"publisher\":{\"@id\":\"https:\/\/cleitonpinheiro.com.br\/site\/#organization\"},\"potentialAction\":[{\"@type\":\"SearchAction\",\"target\":{\"@type\":\"EntryPoint\",\"urlTemplate\":\"https:\/\/cleitonpinheiro.com.br\/site\/?s={search_term_string}\"},\"query-input\":{\"@type\":\"PropertyValueSpecification\",\"valueRequired\":true,\"valueName\":\"search_term_string\"}}],\"inLanguage\":\"pt-BR\"},{\"@type\":\"Organization\",\"@id\":\"https:\/\/cleitonpinheiro.com.br\/site\/#organization\",\"name\":\"CPNOT\u00cdCIAS\",\"url\":\"https:\/\/cleitonpinheiro.com.br\/site\/\",\"logo\":{\"@type\":\"ImageObject\",\"inLanguage\":\"pt-BR\",\"@id\":\"https:\/\/cleitonpinheiro.com.br\/site\/#\/schema\/logo\/image\/\",\"url\":\"https:\/\/cleitonpinheiro.com.br\/site\/wp-content\/uploads\/2022\/08\/Logo-pequena-2.png\",\"contentUrl\":\"https:\/\/cleitonpinheiro.com.br\/site\/wp-content\/uploads\/2022\/08\/Logo-pequena-2.png\",\"width\":500,\"height\":500,\"caption\":\"CPNOT\u00cdCIAS\"},\"image\":{\"@id\":\"https:\/\/cleitonpinheiro.com.br\/site\/#\/schema\/logo\/image\/\"},\"sameAs\":[\"https:\/\/www.facebook.com\/portalcpnoticias\/\"]},{\"@type\":\"Person\",\"@id\":\"https:\/\/cleitonpinheiro.com.br\/site\/#\/schema\/person\/aac6d7f311e80c43042e98a900b03cd8\",\"name\":\"Dermival Pereira\",\"image\":{\"@type\":\"ImageObject\",\"inLanguage\":\"pt-BR\",\"@id\":\"https:\/\/cleitonpinheiro.com.br\/site\/#\/schema\/person\/image\/\",\"url\":\"https:\/\/secure.gravatar.com\/avatar\/cfaebf3742d6bf8db728bcba3eed6bee37b02337a2e6c822994f20ca72a3784d?s=96&r=g\",\"contentUrl\":\"https:\/\/secure.gravatar.com\/avatar\/cfaebf3742d6bf8db728bcba3eed6bee37b02337a2e6c822994f20ca72a3784d?s=96&r=g\",\"caption\":\"Dermival Pereira\"},\"url\":\"https:\/\/cleitonpinheiro.com.br\/site\/author\/dermival\/\"}]}<\/script>\n<!-- \/ Yoast SEO plugin. -->","yoast_head_json":{"title":"Casos de covid-19 em pres\u00eddios aumentam quase 100% - PORTAL DE NOT\u00cdCIAS CLEITON PINHEIRO","robots":{"index":"index","follow":"follow","max-snippet":"max-snippet:-1","max-image-preview":"max-image-preview:large","max-video-preview":"max-video-preview:-1"},"canonical":"https:\/\/cleitonpinheiro.com.br\/site\/casos-de-covid-19-no-sistema-prisional-aumentam-quase-100-em-30-dias\/","og_locale":"pt_BR","og_type":"article","og_title":"Casos de covid-19 em pres\u00eddios aumentam quase 100% - PORTAL DE NOT\u00cdCIAS CLEITON PINHEIRO","og_description":"Da Reda\u00e7\u00e3o do CP Not\u00edcias Os estabelecimentos prisionais brasileiros registraram um crescimento de 99,3% nos casos de contamina\u00e7\u00e3o pelo novo coronav\u00edrus nos \u00faltimos 30 dias, contabilizando 13.778 ocorr\u00eancias. O acompanhamento \u00e9 uma iniciativa do Departamento de Monitoramento e Fiscaliza\u00e7\u00e3o do Sistema Carcer\u00e1rio e do Sistema de Execu\u00e7\u00e3o de Medidas Socioeducativas do Conselho Nacional de Justi\u00e7a [&hellip;]","og_url":"https:\/\/cleitonpinheiro.com.br\/site\/casos-de-covid-19-no-sistema-prisional-aumentam-quase-100-em-30-dias\/","og_site_name":"PORTAL DE NOT\u00cdCIAS CLEITON PINHEIRO","article_publisher":"https:\/\/www.facebook.com\/portalcpnoticias\/","article_published_time":"2020-07-23T12:33:45+00:00","author":"Dermival Pereira","twitter_card":"summary_large_image","twitter_misc":{"Escrito por":"Dermival Pereira","Est. tempo de leitura":"3 minutos"},"schema":{"@context":"https:\/\/schema.org","@graph":[{"@type":"Article","@id":"https:\/\/cleitonpinheiro.com.br\/site\/casos-de-covid-19-no-sistema-prisional-aumentam-quase-100-em-30-dias\/#article","isPartOf":{"@id":"https:\/\/cleitonpinheiro.com.br\/site\/casos-de-covid-19-no-sistema-prisional-aumentam-quase-100-em-30-dias\/"},"author":{"name":"Dermival Pereira","@id":"https:\/\/cleitonpinheiro.com.br\/site\/#\/schema\/person\/aac6d7f311e80c43042e98a900b03cd8"},"headline":"Casos de covid-19 em pres\u00eddios aumentam quase 100%","datePublished":"2020-07-23T12:33:45+00:00","mainEntityOfPage":{"@id":"https:\/\/cleitonpinheiro.com.br\/site\/casos-de-covid-19-no-sistema-prisional-aumentam-quase-100-em-30-dias\/"},"wordCount":634,"commentCount":0,"publisher":{"@id":"https:\/\/cleitonpinheiro.com.br\/site\/#organization"},"image":{"@id":"https:\/\/cleitonpinheiro.com.br\/site\/casos-de-covid-19-no-sistema-prisional-aumentam-quase-100-em-30-dias\/#primaryimage"},"thumbnailUrl":"","articleSection":["BRASIL \/ MUNDO","COLUNAS","NOT\u00cdCIAS EM DESTAQUE"],"inLanguage":"pt-BR","potentialAction":[{"@type":"CommentAction","name":"Comment","target":["https:\/\/cleitonpinheiro.com.br\/site\/casos-de-covid-19-no-sistema-prisional-aumentam-quase-100-em-30-dias\/#respond"]}]},{"@type":"WebPage","@id":"https:\/\/cleitonpinheiro.com.br\/site\/casos-de-covid-19-no-sistema-prisional-aumentam-quase-100-em-30-dias\/","url":"https:\/\/cleitonpinheiro.com.br\/site\/casos-de-covid-19-no-sistema-prisional-aumentam-quase-100-em-30-dias\/","name":"Casos de covid-19 em pres\u00eddios aumentam quase 100% - PORTAL DE NOT\u00cdCIAS CLEITON PINHEIRO","isPartOf":{"@id":"https:\/\/cleitonpinheiro.com.br\/site\/#website"},"primaryImageOfPage":{"@id":"https:\/\/cleitonpinheiro.com.br\/site\/casos-de-covid-19-no-sistema-prisional-aumentam-quase-100-em-30-dias\/#primaryimage"},"image":{"@id":"https:\/\/cleitonpinheiro.com.br\/site\/casos-de-covid-19-no-sistema-prisional-aumentam-quase-100-em-30-dias\/#primaryimage"},"thumbnailUrl":"","datePublished":"2020-07-23T12:33:45+00:00","breadcrumb":{"@id":"https:\/\/cleitonpinheiro.com.br\/site\/casos-de-covid-19-no-sistema-prisional-aumentam-quase-100-em-30-dias\/#breadcrumb"},"inLanguage":"pt-BR","potentialAction":[{"@type":"ReadAction","target":["https:\/\/cleitonpinheiro.com.br\/site\/casos-de-covid-19-no-sistema-prisional-aumentam-quase-100-em-30-dias\/"]}]},{"@type":"ImageObject","inLanguage":"pt-BR","@id":"https:\/\/cleitonpinheiro.com.br\/site\/casos-de-covid-19-no-sistema-prisional-aumentam-quase-100-em-30-dias\/#primaryimage","url":"","contentUrl":""},{"@type":"BreadcrumbList","@id":"https:\/\/cleitonpinheiro.com.br\/site\/casos-de-covid-19-no-sistema-prisional-aumentam-quase-100-em-30-dias\/#breadcrumb","itemListElement":[{"@type":"ListItem","position":1,"name":"In\u00edcio","item":"https:\/\/cleitonpinheiro.com.br\/site\/"},{"@type":"ListItem","position":2,"name":"Casos de covid-19 em pres\u00eddios aumentam quase 100%"}]},{"@type":"WebSite","@id":"https:\/\/cleitonpinheiro.com.br\/site\/#website","url":"https:\/\/cleitonpinheiro.com.br\/site\/","name":"PORTAL DE NOT\u00cdCIAS CLEITON PINHEIRO","description":"FALANDO A VERDADE","publisher":{"@id":"https:\/\/cleitonpinheiro.com.br\/site\/#organization"},"potentialAction":[{"@type":"SearchAction","target":{"@type":"EntryPoint","urlTemplate":"https:\/\/cleitonpinheiro.com.br\/site\/?s={search_term_string}"},"query-input":{"@type":"PropertyValueSpecification","valueRequired":true,"valueName":"search_term_string"}}],"inLanguage":"pt-BR"},{"@type":"Organization","@id":"https:\/\/cleitonpinheiro.com.br\/site\/#organization","name":"CPNOT\u00cdCIAS","url":"https:\/\/cleitonpinheiro.com.br\/site\/","logo":{"@type":"ImageObject","inLanguage":"pt-BR","@id":"https:\/\/cleitonpinheiro.com.br\/site\/#\/schema\/logo\/image\/","url":"https:\/\/cleitonpinheiro.com.br\/site\/wp-content\/uploads\/2022\/08\/Logo-pequena-2.png","contentUrl":"https:\/\/cleitonpinheiro.com.br\/site\/wp-content\/uploads\/2022\/08\/Logo-pequena-2.png","width":500,"height":500,"caption":"CPNOT\u00cdCIAS"},"image":{"@id":"https:\/\/cleitonpinheiro.com.br\/site\/#\/schema\/logo\/image\/"},"sameAs":["https:\/\/www.facebook.com\/portalcpnoticias\/"]},{"@type":"Person","@id":"https:\/\/cleitonpinheiro.com.br\/site\/#\/schema\/person\/aac6d7f311e80c43042e98a900b03cd8","name":"Dermival Pereira","image":{"@type":"ImageObject","inLanguage":"pt-BR","@id":"https:\/\/cleitonpinheiro.com.br\/site\/#\/schema\/person\/image\/","url":"https:\/\/secure.gravatar.com\/avatar\/cfaebf3742d6bf8db728bcba3eed6bee37b02337a2e6c822994f20ca72a3784d?s=96&r=g","contentUrl":"https:\/\/secure.gravatar.com\/avatar\/cfaebf3742d6bf8db728bcba3eed6bee37b02337a2e6c822994f20ca72a3784d?s=96&r=g","caption":"Dermival Pereira"},"url":"https:\/\/cleitonpinheiro.com.br\/site\/author\/dermival\/"}]}},"views":139,"_links":{"self":[{"href":"https:\/\/cleitonpinheiro.com.br\/site\/wp-json\/wp\/v2\/posts\/34328","targetHints":{"allow":["GET"]}}],"collection":[{"href":"https:\/\/cleitonpinheiro.com.br\/site\/wp-json\/wp\/v2\/posts"}],"about":[{"href":"https:\/\/cleitonpinheiro.com.br\/site\/wp-json\/wp\/v2\/types\/post"}],"author":[{"embeddable":true,"href":"https:\/\/cleitonpinheiro.com.br\/site\/wp-json\/wp\/v2\/users\/4"}],"replies":[{"embeddable":true,"href":"https:\/\/cleitonpinheiro.com.br\/site\/wp-json\/wp\/v2\/comments?post=34328"}],"version-history":[{"count":0,"href":"https:\/\/cleitonpinheiro.com.br\/site\/wp-json\/wp\/v2\/posts\/34328\/revisions"}],"wp:featuredmedia":[{"embeddable":true,"href":"https:\/\/cleitonpinheiro.com.br\/site\/wp-json\/"}],"wp:attachment":[{"href":"https:\/\/cleitonpinheiro.com.br\/site\/wp-json\/wp\/v2\/media?parent=34328"}],"wp:term":[{"taxonomy":"category","embeddable":true,"href":"https:\/\/cleitonpinheiro.com.br\/site\/wp-json\/wp\/v2\/categories?post=34328"},{"taxonomy":"post_tag","embeddable":true,"href":"https:\/\/cleitonpinheiro.com.br\/site\/wp-json\/wp\/v2\/tags?post=34328"}],"curies":[{"name":"wp","href":"https:\/\/api.w.org\/{rel}","templated":true}]}}