{"id":34335,"date":"2020-07-23T09:41:07","date_gmt":"2020-07-23T12:41:07","guid":{"rendered":"https:\/\/cleitonpinheiro.com.br\/portal\/?p=34335"},"modified":"2020-07-23T09:41:07","modified_gmt":"2020-07-23T12:41:07","slug":"mpto-move-acao-para-obrigar-governo-a-disponibilizar-uti-a-paciente-em-estado-grave","status":"publish","type":"post","link":"https:\/\/cleitonpinheiro.com.br\/site\/mpto-move-acao-para-obrigar-governo-a-disponibilizar-uti-a-paciente-em-estado-grave\/","title":{"rendered":"MPTO move a\u00e7\u00e3o para garantir leito de UTI a paciente em estado grave"},"content":{"rendered":"\n<p><strong><em>Da Reda\u00e7\u00e3o do CP Not\u00edcias<\/em><\/strong><\/p>\n\n\n<figure class=\"wp-block-image size-large\"><img decoding=\"async\" src=\"https:\/\/cleitonpinheiro.com.br\/portal\/wp-content\/uploads\/2020\/04\/MPTOEditadaaaa-11.jpg\" alt=\"\" class=\"wp-image-29051\"\/><\/figure>\n\n\n<p>O Minist\u00e9rio P\u00fablico do Tocantins (MPTO), por meio da 19\u00aa Promotoria de Justi\u00e7a da Capital, ajuizou nesta quarta-feira, 22, A\u00e7\u00e3o Civil P\u00fablica para obrigar o Governo do Estado do Tocantins a disponibilizar, de forma imediata, um leito de UTI p\u00fablico, al\u00e9m de servi\u00e7os, insumos, procedimentos e medicamentos, a um homem de 54 anos de idade que est\u00e1 internado na UTI de um hospital particular de Palmas.<\/p>\n\n\n<p>O quadro cl\u00ednico do paciente \u00e9 grave, com sintomas compat\u00edveis com a da Covid-19. O laudo m\u00e9dico indicou opacidade (padr\u00e3o \u201cvidro fosco\u201d) nos dois pulm\u00f5es, atingindo 65% da \u00e1rea pulmonar, o que caracteriza pneumonia aguda.<\/p>\n\n\n<p>Segundo informa\u00e7\u00f5es colhidas pela 19\u00aa Promotoria de Justi\u00e7a, a fam\u00edlia do paciente n\u00e3o disp\u00f5e de recursos para mant\u00ea-lo internado em UTI de rede privada, e s\u00f3 o internou em hospital particular por falta de leitos dispon\u00edveis pelo Sistema \u00danico de Sa\u00fade (SUS). As despesas dos familiares com os servi\u00e7os m\u00e9dicos somam mais de R$ 30 mil.<\/p>\n\n\n<p>O promotor de Justi\u00e7a Thiago Ribeiro afirmou que a Secretaria Estadual de Sa\u00fade do Tocantins (SES-TO) j\u00e1 tem ci\u00eancia do caso, por\u00e9m ainda n\u00e3o providenciou a interna\u00e7\u00e3o do paciente em UTI p\u00fablica. \u201cA demora na transfer\u00eancia do paciente para leito de terapia intensiva garantido pelo poder p\u00fablico exp\u00f5e o paciente a maiores riscos de agravamento do quadro cl\u00ednico, j\u00e1 grave, diminuindo suas chances de recupera\u00e7\u00e3o em caso de retirada do leito particular\u201d, anotou na a\u00e7\u00e3o.<\/p>\n\n\n<p>Dada a gravidade da situa\u00e7\u00e3o, o MPTO pediu \u00e0 Justi\u00e7a Estadual a tutela provis\u00f3ria de urg\u00eancia de natureza antecipada, para viabilizar a interna\u00e7\u00e3o do paciente em leito de UTI p\u00fablica o quanto antes. <em><strong>(Fonte: Ascom do MPTO).<\/strong><\/em><\/p>\n","protected":false},"excerpt":{"rendered":"<p>Da Reda\u00e7\u00e3o do CP Not\u00edcias O Minist\u00e9rio P\u00fablico do Tocantins (MPTO), por meio da 19\u00aa Promotoria de Justi\u00e7a da Capital, ajuizou nesta quarta-feira, 22, A\u00e7\u00e3o Civil P\u00fablica para obrigar o Governo do Estado do Tocantins a disponibilizar, de forma imediata, um leito de UTI p\u00fablico, al\u00e9m de servi\u00e7os, insumos, procedimentos e medicamentos, a um homem [&hellip;]<\/p>\n","protected":false},"author":4,"featured_media":29051,"comment_status":"open","ping_status":"open","sticky":false,"template":"","format":"standard","meta":{"_acf_changed":false,"footnotes":""},"categories":[24,8,20],"tags":[],"class_list":["post-34335","post","type-post","status-publish","format-standard","has-post-thumbnail","hentry","category-colunas","category-estado","category-noticias-em-destaque"],"acf":[],"yoast_head":"<!-- This site is optimized with the Yoast SEO plugin v24.4 - https:\/\/yoast.com\/wordpress\/plugins\/seo\/ -->\n<title>MPTO move a\u00e7\u00e3o para garantir leito de UTI a paciente em estado grave - PORTAL DE NOT\u00cdCIAS CLEITON PINHEIRO<\/title>\n<meta name=\"robots\" content=\"index, follow, max-snippet:-1, max-image-preview:large, max-video-preview:-1\" \/>\n<link rel=\"canonical\" href=\"https:\/\/cleitonpinheiro.com.br\/site\/mpto-move-acao-para-obrigar-governo-a-disponibilizar-uti-a-paciente-em-estado-grave\/\" \/>\n<meta property=\"og:locale\" content=\"pt_BR\" \/>\n<meta property=\"og:type\" content=\"article\" \/>\n<meta property=\"og:title\" content=\"MPTO move a\u00e7\u00e3o para garantir leito de UTI a paciente em estado grave - PORTAL DE NOT\u00cdCIAS CLEITON PINHEIRO\" \/>\n<meta property=\"og:description\" content=\"Da Reda\u00e7\u00e3o do CP Not\u00edcias O Minist\u00e9rio P\u00fablico do Tocantins (MPTO), por meio da 19\u00aa Promotoria de Justi\u00e7a da Capital, ajuizou nesta quarta-feira, 22, A\u00e7\u00e3o Civil P\u00fablica para obrigar o Governo do Estado do Tocantins a disponibilizar, de forma imediata, um leito de UTI p\u00fablico, al\u00e9m de servi\u00e7os, insumos, procedimentos e medicamentos, a um homem [&hellip;]\" \/>\n<meta property=\"og:url\" content=\"https:\/\/cleitonpinheiro.com.br\/site\/mpto-move-acao-para-obrigar-governo-a-disponibilizar-uti-a-paciente-em-estado-grave\/\" \/>\n<meta property=\"og:site_name\" content=\"PORTAL DE NOT\u00cdCIAS CLEITON PINHEIRO\" \/>\n<meta property=\"article:publisher\" content=\"https:\/\/www.facebook.com\/portalcpnoticias\/\" \/>\n<meta property=\"article:published_time\" content=\"2020-07-23T12:41:07+00:00\" \/>\n<meta name=\"author\" content=\"Dermival Pereira\" \/>\n<meta name=\"twitter:card\" content=\"summary_large_image\" \/>\n<meta name=\"twitter:label1\" content=\"Escrito por\" \/>\n\t<meta name=\"twitter:data1\" content=\"Dermival Pereira\" \/>\n\t<meta name=\"twitter:label2\" content=\"Est. tempo de leitura\" \/>\n\t<meta name=\"twitter:data2\" content=\"2 minutos\" \/>\n<script type=\"application\/ld+json\" class=\"yoast-schema-graph\">{\"@context\":\"https:\/\/schema.org\",\"@graph\":[{\"@type\":\"Article\",\"@id\":\"https:\/\/cleitonpinheiro.com.br\/site\/mpto-move-acao-para-obrigar-governo-a-disponibilizar-uti-a-paciente-em-estado-grave\/#article\",\"isPartOf\":{\"@id\":\"https:\/\/cleitonpinheiro.com.br\/site\/mpto-move-acao-para-obrigar-governo-a-disponibilizar-uti-a-paciente-em-estado-grave\/\"},\"author\":{\"name\":\"Dermival Pereira\",\"@id\":\"https:\/\/cleitonpinheiro.com.br\/site\/#\/schema\/person\/aac6d7f311e80c43042e98a900b03cd8\"},\"headline\":\"MPTO move a\u00e7\u00e3o para garantir leito de UTI a paciente em estado grave\",\"datePublished\":\"2020-07-23T12:41:07+00:00\",\"mainEntityOfPage\":{\"@id\":\"https:\/\/cleitonpinheiro.com.br\/site\/mpto-move-acao-para-obrigar-governo-a-disponibilizar-uti-a-paciente-em-estado-grave\/\"},\"wordCount\":324,\"commentCount\":0,\"publisher\":{\"@id\":\"https:\/\/cleitonpinheiro.com.br\/site\/#organization\"},\"image\":{\"@id\":\"https:\/\/cleitonpinheiro.com.br\/site\/mpto-move-acao-para-obrigar-governo-a-disponibilizar-uti-a-paciente-em-estado-grave\/#primaryimage\"},\"thumbnailUrl\":\"\",\"articleSection\":[\"COLUNAS\",\"ESTADO\",\"NOT\u00cdCIAS EM DESTAQUE\"],\"inLanguage\":\"pt-BR\",\"potentialAction\":[{\"@type\":\"CommentAction\",\"name\":\"Comment\",\"target\":[\"https:\/\/cleitonpinheiro.com.br\/site\/mpto-move-acao-para-obrigar-governo-a-disponibilizar-uti-a-paciente-em-estado-grave\/#respond\"]}]},{\"@type\":\"WebPage\",\"@id\":\"https:\/\/cleitonpinheiro.com.br\/site\/mpto-move-acao-para-obrigar-governo-a-disponibilizar-uti-a-paciente-em-estado-grave\/\",\"url\":\"https:\/\/cleitonpinheiro.com.br\/site\/mpto-move-acao-para-obrigar-governo-a-disponibilizar-uti-a-paciente-em-estado-grave\/\",\"name\":\"MPTO move a\u00e7\u00e3o para garantir leito de UTI a paciente em estado grave - PORTAL DE NOT\u00cdCIAS CLEITON PINHEIRO\",\"isPartOf\":{\"@id\":\"https:\/\/cleitonpinheiro.com.br\/site\/#website\"},\"primaryImageOfPage\":{\"@id\":\"https:\/\/cleitonpinheiro.com.br\/site\/mpto-move-acao-para-obrigar-governo-a-disponibilizar-uti-a-paciente-em-estado-grave\/#primaryimage\"},\"image\":{\"@id\":\"https:\/\/cleitonpinheiro.com.br\/site\/mpto-move-acao-para-obrigar-governo-a-disponibilizar-uti-a-paciente-em-estado-grave\/#primaryimage\"},\"thumbnailUrl\":\"\",\"datePublished\":\"2020-07-23T12:41:07+00:00\",\"breadcrumb\":{\"@id\":\"https:\/\/cleitonpinheiro.com.br\/site\/mpto-move-acao-para-obrigar-governo-a-disponibilizar-uti-a-paciente-em-estado-grave\/#breadcrumb\"},\"inLanguage\":\"pt-BR\",\"potentialAction\":[{\"@type\":\"ReadAction\",\"target\":[\"https:\/\/cleitonpinheiro.com.br\/site\/mpto-move-acao-para-obrigar-governo-a-disponibilizar-uti-a-paciente-em-estado-grave\/\"]}]},{\"@type\":\"ImageObject\",\"inLanguage\":\"pt-BR\",\"@id\":\"https:\/\/cleitonpinheiro.com.br\/site\/mpto-move-acao-para-obrigar-governo-a-disponibilizar-uti-a-paciente-em-estado-grave\/#primaryimage\",\"url\":\"\",\"contentUrl\":\"\"},{\"@type\":\"BreadcrumbList\",\"@id\":\"https:\/\/cleitonpinheiro.com.br\/site\/mpto-move-acao-para-obrigar-governo-a-disponibilizar-uti-a-paciente-em-estado-grave\/#breadcrumb\",\"itemListElement\":[{\"@type\":\"ListItem\",\"position\":1,\"name\":\"In\u00edcio\",\"item\":\"https:\/\/cleitonpinheiro.com.br\/site\/\"},{\"@type\":\"ListItem\",\"position\":2,\"name\":\"MPTO move a\u00e7\u00e3o para garantir leito de UTI a paciente em estado grave\"}]},{\"@type\":\"WebSite\",\"@id\":\"https:\/\/cleitonpinheiro.com.br\/site\/#website\",\"url\":\"https:\/\/cleitonpinheiro.com.br\/site\/\",\"name\":\"PORTAL DE NOT\u00cdCIAS CLEITON PINHEIRO\",\"description\":\"FALANDO A VERDADE\",\"publisher\":{\"@id\":\"https:\/\/cleitonpinheiro.com.br\/site\/#organization\"},\"potentialAction\":[{\"@type\":\"SearchAction\",\"target\":{\"@type\":\"EntryPoint\",\"urlTemplate\":\"https:\/\/cleitonpinheiro.com.br\/site\/?s={search_term_string}\"},\"query-input\":{\"@type\":\"PropertyValueSpecification\",\"valueRequired\":true,\"valueName\":\"search_term_string\"}}],\"inLanguage\":\"pt-BR\"},{\"@type\":\"Organization\",\"@id\":\"https:\/\/cleitonpinheiro.com.br\/site\/#organization\",\"name\":\"CPNOT\u00cdCIAS\",\"url\":\"https:\/\/cleitonpinheiro.com.br\/site\/\",\"logo\":{\"@type\":\"ImageObject\",\"inLanguage\":\"pt-BR\",\"@id\":\"https:\/\/cleitonpinheiro.com.br\/site\/#\/schema\/logo\/image\/\",\"url\":\"https:\/\/cleitonpinheiro.com.br\/site\/wp-content\/uploads\/2022\/08\/Logo-pequena-2.png\",\"contentUrl\":\"https:\/\/cleitonpinheiro.com.br\/site\/wp-content\/uploads\/2022\/08\/Logo-pequena-2.png\",\"width\":500,\"height\":500,\"caption\":\"CPNOT\u00cdCIAS\"},\"image\":{\"@id\":\"https:\/\/cleitonpinheiro.com.br\/site\/#\/schema\/logo\/image\/\"},\"sameAs\":[\"https:\/\/www.facebook.com\/portalcpnoticias\/\"]},{\"@type\":\"Person\",\"@id\":\"https:\/\/cleitonpinheiro.com.br\/site\/#\/schema\/person\/aac6d7f311e80c43042e98a900b03cd8\",\"name\":\"Dermival Pereira\",\"image\":{\"@type\":\"ImageObject\",\"inLanguage\":\"pt-BR\",\"@id\":\"https:\/\/cleitonpinheiro.com.br\/site\/#\/schema\/person\/image\/\",\"url\":\"https:\/\/secure.gravatar.com\/avatar\/cfaebf3742d6bf8db728bcba3eed6bee37b02337a2e6c822994f20ca72a3784d?s=96&r=g\",\"contentUrl\":\"https:\/\/secure.gravatar.com\/avatar\/cfaebf3742d6bf8db728bcba3eed6bee37b02337a2e6c822994f20ca72a3784d?s=96&r=g\",\"caption\":\"Dermival Pereira\"},\"url\":\"https:\/\/cleitonpinheiro.com.br\/site\/author\/dermival\/\"}]}<\/script>\n<!-- \/ Yoast SEO plugin. -->","yoast_head_json":{"title":"MPTO move a\u00e7\u00e3o para garantir leito de UTI a paciente em estado grave - PORTAL DE NOT\u00cdCIAS CLEITON PINHEIRO","robots":{"index":"index","follow":"follow","max-snippet":"max-snippet:-1","max-image-preview":"max-image-preview:large","max-video-preview":"max-video-preview:-1"},"canonical":"https:\/\/cleitonpinheiro.com.br\/site\/mpto-move-acao-para-obrigar-governo-a-disponibilizar-uti-a-paciente-em-estado-grave\/","og_locale":"pt_BR","og_type":"article","og_title":"MPTO move a\u00e7\u00e3o para garantir leito de UTI a paciente em estado grave - PORTAL DE NOT\u00cdCIAS CLEITON PINHEIRO","og_description":"Da Reda\u00e7\u00e3o do CP Not\u00edcias O Minist\u00e9rio P\u00fablico do Tocantins (MPTO), por meio da 19\u00aa Promotoria de Justi\u00e7a da Capital, ajuizou nesta quarta-feira, 22, A\u00e7\u00e3o Civil P\u00fablica para obrigar o Governo do Estado do Tocantins a disponibilizar, de forma imediata, um leito de UTI p\u00fablico, al\u00e9m de servi\u00e7os, insumos, procedimentos e medicamentos, a um homem [&hellip;]","og_url":"https:\/\/cleitonpinheiro.com.br\/site\/mpto-move-acao-para-obrigar-governo-a-disponibilizar-uti-a-paciente-em-estado-grave\/","og_site_name":"PORTAL DE NOT\u00cdCIAS CLEITON PINHEIRO","article_publisher":"https:\/\/www.facebook.com\/portalcpnoticias\/","article_published_time":"2020-07-23T12:41:07+00:00","author":"Dermival Pereira","twitter_card":"summary_large_image","twitter_misc":{"Escrito por":"Dermival Pereira","Est. tempo de leitura":"2 minutos"},"schema":{"@context":"https:\/\/schema.org","@graph":[{"@type":"Article","@id":"https:\/\/cleitonpinheiro.com.br\/site\/mpto-move-acao-para-obrigar-governo-a-disponibilizar-uti-a-paciente-em-estado-grave\/#article","isPartOf":{"@id":"https:\/\/cleitonpinheiro.com.br\/site\/mpto-move-acao-para-obrigar-governo-a-disponibilizar-uti-a-paciente-em-estado-grave\/"},"author":{"name":"Dermival Pereira","@id":"https:\/\/cleitonpinheiro.com.br\/site\/#\/schema\/person\/aac6d7f311e80c43042e98a900b03cd8"},"headline":"MPTO move a\u00e7\u00e3o para garantir leito de UTI a paciente em estado grave","datePublished":"2020-07-23T12:41:07+00:00","mainEntityOfPage":{"@id":"https:\/\/cleitonpinheiro.com.br\/site\/mpto-move-acao-para-obrigar-governo-a-disponibilizar-uti-a-paciente-em-estado-grave\/"},"wordCount":324,"commentCount":0,"publisher":{"@id":"https:\/\/cleitonpinheiro.com.br\/site\/#organization"},"image":{"@id":"https:\/\/cleitonpinheiro.com.br\/site\/mpto-move-acao-para-obrigar-governo-a-disponibilizar-uti-a-paciente-em-estado-grave\/#primaryimage"},"thumbnailUrl":"","articleSection":["COLUNAS","ESTADO","NOT\u00cdCIAS EM DESTAQUE"],"inLanguage":"pt-BR","potentialAction":[{"@type":"CommentAction","name":"Comment","target":["https:\/\/cleitonpinheiro.com.br\/site\/mpto-move-acao-para-obrigar-governo-a-disponibilizar-uti-a-paciente-em-estado-grave\/#respond"]}]},{"@type":"WebPage","@id":"https:\/\/cleitonpinheiro.com.br\/site\/mpto-move-acao-para-obrigar-governo-a-disponibilizar-uti-a-paciente-em-estado-grave\/","url":"https:\/\/cleitonpinheiro.com.br\/site\/mpto-move-acao-para-obrigar-governo-a-disponibilizar-uti-a-paciente-em-estado-grave\/","name":"MPTO move a\u00e7\u00e3o para garantir leito de UTI a paciente em estado grave - PORTAL DE NOT\u00cdCIAS CLEITON PINHEIRO","isPartOf":{"@id":"https:\/\/cleitonpinheiro.com.br\/site\/#website"},"primaryImageOfPage":{"@id":"https:\/\/cleitonpinheiro.com.br\/site\/mpto-move-acao-para-obrigar-governo-a-disponibilizar-uti-a-paciente-em-estado-grave\/#primaryimage"},"image":{"@id":"https:\/\/cleitonpinheiro.com.br\/site\/mpto-move-acao-para-obrigar-governo-a-disponibilizar-uti-a-paciente-em-estado-grave\/#primaryimage"},"thumbnailUrl":"","datePublished":"2020-07-23T12:41:07+00:00","breadcrumb":{"@id":"https:\/\/cleitonpinheiro.com.br\/site\/mpto-move-acao-para-obrigar-governo-a-disponibilizar-uti-a-paciente-em-estado-grave\/#breadcrumb"},"inLanguage":"pt-BR","potentialAction":[{"@type":"ReadAction","target":["https:\/\/cleitonpinheiro.com.br\/site\/mpto-move-acao-para-obrigar-governo-a-disponibilizar-uti-a-paciente-em-estado-grave\/"]}]},{"@type":"ImageObject","inLanguage":"pt-BR","@id":"https:\/\/cleitonpinheiro.com.br\/site\/mpto-move-acao-para-obrigar-governo-a-disponibilizar-uti-a-paciente-em-estado-grave\/#primaryimage","url":"","contentUrl":""},{"@type":"BreadcrumbList","@id":"https:\/\/cleitonpinheiro.com.br\/site\/mpto-move-acao-para-obrigar-governo-a-disponibilizar-uti-a-paciente-em-estado-grave\/#breadcrumb","itemListElement":[{"@type":"ListItem","position":1,"name":"In\u00edcio","item":"https:\/\/cleitonpinheiro.com.br\/site\/"},{"@type":"ListItem","position":2,"name":"MPTO move a\u00e7\u00e3o para garantir leito de UTI a paciente em estado grave"}]},{"@type":"WebSite","@id":"https:\/\/cleitonpinheiro.com.br\/site\/#website","url":"https:\/\/cleitonpinheiro.com.br\/site\/","name":"PORTAL DE NOT\u00cdCIAS CLEITON PINHEIRO","description":"FALANDO A VERDADE","publisher":{"@id":"https:\/\/cleitonpinheiro.com.br\/site\/#organization"},"potentialAction":[{"@type":"SearchAction","target":{"@type":"EntryPoint","urlTemplate":"https:\/\/cleitonpinheiro.com.br\/site\/?s={search_term_string}"},"query-input":{"@type":"PropertyValueSpecification","valueRequired":true,"valueName":"search_term_string"}}],"inLanguage":"pt-BR"},{"@type":"Organization","@id":"https:\/\/cleitonpinheiro.com.br\/site\/#organization","name":"CPNOT\u00cdCIAS","url":"https:\/\/cleitonpinheiro.com.br\/site\/","logo":{"@type":"ImageObject","inLanguage":"pt-BR","@id":"https:\/\/cleitonpinheiro.com.br\/site\/#\/schema\/logo\/image\/","url":"https:\/\/cleitonpinheiro.com.br\/site\/wp-content\/uploads\/2022\/08\/Logo-pequena-2.png","contentUrl":"https:\/\/cleitonpinheiro.com.br\/site\/wp-content\/uploads\/2022\/08\/Logo-pequena-2.png","width":500,"height":500,"caption":"CPNOT\u00cdCIAS"},"image":{"@id":"https:\/\/cleitonpinheiro.com.br\/site\/#\/schema\/logo\/image\/"},"sameAs":["https:\/\/www.facebook.com\/portalcpnoticias\/"]},{"@type":"Person","@id":"https:\/\/cleitonpinheiro.com.br\/site\/#\/schema\/person\/aac6d7f311e80c43042e98a900b03cd8","name":"Dermival Pereira","image":{"@type":"ImageObject","inLanguage":"pt-BR","@id":"https:\/\/cleitonpinheiro.com.br\/site\/#\/schema\/person\/image\/","url":"https:\/\/secure.gravatar.com\/avatar\/cfaebf3742d6bf8db728bcba3eed6bee37b02337a2e6c822994f20ca72a3784d?s=96&r=g","contentUrl":"https:\/\/secure.gravatar.com\/avatar\/cfaebf3742d6bf8db728bcba3eed6bee37b02337a2e6c822994f20ca72a3784d?s=96&r=g","caption":"Dermival Pereira"},"url":"https:\/\/cleitonpinheiro.com.br\/site\/author\/dermival\/"}]}},"views":117,"_links":{"self":[{"href":"https:\/\/cleitonpinheiro.com.br\/site\/wp-json\/wp\/v2\/posts\/34335","targetHints":{"allow":["GET"]}}],"collection":[{"href":"https:\/\/cleitonpinheiro.com.br\/site\/wp-json\/wp\/v2\/posts"}],"about":[{"href":"https:\/\/cleitonpinheiro.com.br\/site\/wp-json\/wp\/v2\/types\/post"}],"author":[{"embeddable":true,"href":"https:\/\/cleitonpinheiro.com.br\/site\/wp-json\/wp\/v2\/users\/4"}],"replies":[{"embeddable":true,"href":"https:\/\/cleitonpinheiro.com.br\/site\/wp-json\/wp\/v2\/comments?post=34335"}],"version-history":[{"count":0,"href":"https:\/\/cleitonpinheiro.com.br\/site\/wp-json\/wp\/v2\/posts\/34335\/revisions"}],"wp:featuredmedia":[{"embeddable":true,"href":"https:\/\/cleitonpinheiro.com.br\/site\/wp-json\/"}],"wp:attachment":[{"href":"https:\/\/cleitonpinheiro.com.br\/site\/wp-json\/wp\/v2\/media?parent=34335"}],"wp:term":[{"taxonomy":"category","embeddable":true,"href":"https:\/\/cleitonpinheiro.com.br\/site\/wp-json\/wp\/v2\/categories?post=34335"},{"taxonomy":"post_tag","embeddable":true,"href":"https:\/\/cleitonpinheiro.com.br\/site\/wp-json\/wp\/v2\/tags?post=34335"}],"curies":[{"name":"wp","href":"https:\/\/api.w.org\/{rel}","templated":true}]}}