{"id":34338,"date":"2020-07-23T09:49:37","date_gmt":"2020-07-23T12:49:37","guid":{"rendered":"https:\/\/cleitonpinheiro.com.br\/portal\/?p=34338"},"modified":"2020-07-23T09:49:37","modified_gmt":"2020-07-23T12:49:37","slug":"procon-notifica-brk-e-sannorte-por-falta-de-agua-em-palmas-e-esperantina","status":"publish","type":"post","link":"https:\/\/cleitonpinheiro.com.br\/site\/procon-notifica-brk-e-sannorte-por-falta-de-agua-em-palmas-e-esperantina\/","title":{"rendered":"Procon notifica BRK e Sannorte por falta de \u00e1gua em Palmas e Esperantina"},"content":{"rendered":"\n<p><em><strong>Da Reda\u00e7\u00e3o do CP Not\u00edcias<\/strong><\/em><\/p>\n\n\n<p>As concession\u00e1rias de \u00e1gua\u00a0BRK Ambiental e Sannorte Saneamento Ambiental foram notificadas pelo Procon Tocantins na manh\u00e3 dessa quarta-feira, 22. Consumidores denunciaram o desabastecimento de \u00e1gua em algumas quadras nos munic\u00edpios de Palmas e Esperantina.<\/p>\n\n\n<figure class=\"wp-block-image size-large\"><img decoding=\"async\" src=\"https:\/\/cleitonpinheiro.com.br\/portal\/wp-content\/uploads\/2020\/07\/Protocolo-Editadooo.jpg\" alt=\"\" class=\"wp-image-34340\"\/><\/figure>\n\n\n<p>No caso da BRK, os consumidores relataram que o problema j\u00e1 est\u00e1 ocorrendo desde o \u00faltimo s\u00e1bado, 18. As reclama\u00e7\u00f5es do desabastecimento s\u00e3o nas quadras Arno 31, 33, 44, 72 e 73. Todas na regi\u00e3o norte de Palmas.<\/p>\n\n\n<p>J\u00e1 em Esperantina, os moradores denunciaram que o desabastecimento ocorre h\u00e1 cerca de tr\u00eas semanas e que mais de 400 fam\u00edlias ficam sem \u00e1gua. A Sannorte Saneamento Ambiental \u00e9 respons\u00e1vel pela distribui\u00e7\u00e3o de \u00e1gua no munic\u00edpio.<\/p>\n\n\n<p>Ainda segundo as den\u00fancias, em ambos os casos, os consumidores destacaram que o fornecimento da \u00e1gua \u00e9 interrompido por volta das 10 horas&nbsp;e s\u00f3 retorna ap\u00f3s as&nbsp;18 horas. Nenhuma das concession\u00e1rias comunicou os moradores que os servi\u00e7os seriam interrompidos.<\/p>\n\n\n<p>\u201cO C\u00f3digo de Defesa do Consumidor \u00e9 claro quanto \u00e0s atribui\u00e7\u00f5es das concession\u00e1rias de servi\u00e7os p\u00fablicos. As mesmas s\u00e3o obrigadas a fornecer servi\u00e7os adequados, eficientes, seguros e cont\u00ednuos\u201d, explica&nbsp;Walter Viana, superintendente do Procon Tocantins.<\/p>\n\n\n<p>O gerente de Fiscaliza\u00e7\u00e3o do Procon Tocantins, Magno Silva, ressalta&nbsp;que foi dado o prazo de 48 horas para que as empresas justifiquem os referidos problemas e apresentem as a\u00e7\u00f5es preventivas que est\u00e3o sendo tomadas.<\/p>\n\n\n<p><strong>Denuncie<\/strong><\/p>\n\n\n<p>Em caso de den\u00fancias, o consumidor deve entrar em contato por meio do Disque 151 ou utilizar o Whats Den\u00fancia 99216-6840. Para formalizar a reclama\u00e7\u00e3o, o mesmo pode entrar no site&nbsp;<a href=\"http:\/\/www.procon.to.gov.br\/\" target=\"_blank\" rel=\"noreferrer noopener\">www.procon.to.gov.br<\/a>&nbsp;e clicar no banner \u201cFa\u00e7a sua Reclama\u00e7\u00e3o aqui\u201d, preencher todos os campos e anexar os documentos solicitados.<\/p>\n","protected":false},"excerpt":{"rendered":"<p>Da Reda\u00e7\u00e3o do CP Not\u00edcias As concession\u00e1rias de \u00e1gua\u00a0BRK Ambiental e Sannorte Saneamento Ambiental foram notificadas pelo Procon Tocantins na manh\u00e3 dessa quarta-feira, 22. Consumidores denunciaram o desabastecimento de \u00e1gua em algumas quadras nos munic\u00edpios de Palmas e Esperantina. No caso da BRK, os consumidores relataram que o problema j\u00e1 est\u00e1 ocorrendo desde o \u00faltimo [&hellip;]<\/p>\n","protected":false},"author":4,"featured_media":34341,"comment_status":"open","ping_status":"open","sticky":false,"template":"","format":"standard","meta":{"_acf_changed":false,"footnotes":""},"categories":[22,24,20],"tags":[],"class_list":["post-34338","post","type-post","status-publish","format-standard","has-post-thumbnail","hentry","category-cidades","category-colunas","category-noticias-em-destaque"],"acf":[],"yoast_head":"<!-- This site is optimized with the Yoast SEO plugin v24.4 - https:\/\/yoast.com\/wordpress\/plugins\/seo\/ -->\n<title>Procon notifica BRK e Sannorte por falta de \u00e1gua em Palmas e Esperantina - PORTAL DE NOT\u00cdCIAS CLEITON PINHEIRO<\/title>\n<meta name=\"robots\" content=\"index, follow, max-snippet:-1, max-image-preview:large, max-video-preview:-1\" \/>\n<link rel=\"canonical\" href=\"https:\/\/cleitonpinheiro.com.br\/site\/procon-notifica-brk-e-sannorte-por-falta-de-agua-em-palmas-e-esperantina\/\" \/>\n<meta property=\"og:locale\" content=\"pt_BR\" \/>\n<meta property=\"og:type\" content=\"article\" \/>\n<meta property=\"og:title\" content=\"Procon notifica BRK e Sannorte por falta de \u00e1gua em Palmas e Esperantina - PORTAL DE NOT\u00cdCIAS CLEITON PINHEIRO\" \/>\n<meta property=\"og:description\" content=\"Da Reda\u00e7\u00e3o do CP Not\u00edcias As concession\u00e1rias de \u00e1gua\u00a0BRK Ambiental e Sannorte Saneamento Ambiental foram notificadas pelo Procon Tocantins na manh\u00e3 dessa quarta-feira, 22. Consumidores denunciaram o desabastecimento de \u00e1gua em algumas quadras nos munic\u00edpios de Palmas e Esperantina. No caso da BRK, os consumidores relataram que o problema j\u00e1 est\u00e1 ocorrendo desde o \u00faltimo [&hellip;]\" \/>\n<meta property=\"og:url\" content=\"https:\/\/cleitonpinheiro.com.br\/site\/procon-notifica-brk-e-sannorte-por-falta-de-agua-em-palmas-e-esperantina\/\" \/>\n<meta property=\"og:site_name\" content=\"PORTAL DE NOT\u00cdCIAS CLEITON PINHEIRO\" \/>\n<meta property=\"article:publisher\" content=\"https:\/\/www.facebook.com\/portalcpnoticias\/\" \/>\n<meta property=\"article:published_time\" content=\"2020-07-23T12:49:37+00:00\" \/>\n<meta name=\"author\" content=\"Dermival Pereira\" \/>\n<meta name=\"twitter:card\" content=\"summary_large_image\" \/>\n<meta name=\"twitter:label1\" content=\"Escrito por\" \/>\n\t<meta name=\"twitter:data1\" content=\"Dermival Pereira\" \/>\n\t<meta name=\"twitter:label2\" content=\"Est. tempo de leitura\" \/>\n\t<meta name=\"twitter:data2\" content=\"2 minutos\" \/>\n<script type=\"application\/ld+json\" class=\"yoast-schema-graph\">{\"@context\":\"https:\/\/schema.org\",\"@graph\":[{\"@type\":\"Article\",\"@id\":\"https:\/\/cleitonpinheiro.com.br\/site\/procon-notifica-brk-e-sannorte-por-falta-de-agua-em-palmas-e-esperantina\/#article\",\"isPartOf\":{\"@id\":\"https:\/\/cleitonpinheiro.com.br\/site\/procon-notifica-brk-e-sannorte-por-falta-de-agua-em-palmas-e-esperantina\/\"},\"author\":{\"name\":\"Dermival Pereira\",\"@id\":\"https:\/\/cleitonpinheiro.com.br\/site\/#\/schema\/person\/aac6d7f311e80c43042e98a900b03cd8\"},\"headline\":\"Procon notifica BRK e Sannorte por falta de \u00e1gua em Palmas e Esperantina\",\"datePublished\":\"2020-07-23T12:49:37+00:00\",\"mainEntityOfPage\":{\"@id\":\"https:\/\/cleitonpinheiro.com.br\/site\/procon-notifica-brk-e-sannorte-por-falta-de-agua-em-palmas-e-esperantina\/\"},\"wordCount\":316,\"commentCount\":0,\"publisher\":{\"@id\":\"https:\/\/cleitonpinheiro.com.br\/site\/#organization\"},\"image\":{\"@id\":\"https:\/\/cleitonpinheiro.com.br\/site\/procon-notifica-brk-e-sannorte-por-falta-de-agua-em-palmas-e-esperantina\/#primaryimage\"},\"thumbnailUrl\":\"\",\"articleSection\":[\"CIDADES\",\"COLUNAS\",\"NOT\u00cdCIAS EM DESTAQUE\"],\"inLanguage\":\"pt-BR\",\"potentialAction\":[{\"@type\":\"CommentAction\",\"name\":\"Comment\",\"target\":[\"https:\/\/cleitonpinheiro.com.br\/site\/procon-notifica-brk-e-sannorte-por-falta-de-agua-em-palmas-e-esperantina\/#respond\"]}]},{\"@type\":\"WebPage\",\"@id\":\"https:\/\/cleitonpinheiro.com.br\/site\/procon-notifica-brk-e-sannorte-por-falta-de-agua-em-palmas-e-esperantina\/\",\"url\":\"https:\/\/cleitonpinheiro.com.br\/site\/procon-notifica-brk-e-sannorte-por-falta-de-agua-em-palmas-e-esperantina\/\",\"name\":\"Procon notifica BRK e Sannorte por falta de \u00e1gua em Palmas e Esperantina - PORTAL DE NOT\u00cdCIAS CLEITON PINHEIRO\",\"isPartOf\":{\"@id\":\"https:\/\/cleitonpinheiro.com.br\/site\/#website\"},\"primaryImageOfPage\":{\"@id\":\"https:\/\/cleitonpinheiro.com.br\/site\/procon-notifica-brk-e-sannorte-por-falta-de-agua-em-palmas-e-esperantina\/#primaryimage\"},\"image\":{\"@id\":\"https:\/\/cleitonpinheiro.com.br\/site\/procon-notifica-brk-e-sannorte-por-falta-de-agua-em-palmas-e-esperantina\/#primaryimage\"},\"thumbnailUrl\":\"\",\"datePublished\":\"2020-07-23T12:49:37+00:00\",\"breadcrumb\":{\"@id\":\"https:\/\/cleitonpinheiro.com.br\/site\/procon-notifica-brk-e-sannorte-por-falta-de-agua-em-palmas-e-esperantina\/#breadcrumb\"},\"inLanguage\":\"pt-BR\",\"potentialAction\":[{\"@type\":\"ReadAction\",\"target\":[\"https:\/\/cleitonpinheiro.com.br\/site\/procon-notifica-brk-e-sannorte-por-falta-de-agua-em-palmas-e-esperantina\/\"]}]},{\"@type\":\"ImageObject\",\"inLanguage\":\"pt-BR\",\"@id\":\"https:\/\/cleitonpinheiro.com.br\/site\/procon-notifica-brk-e-sannorte-por-falta-de-agua-em-palmas-e-esperantina\/#primaryimage\",\"url\":\"\",\"contentUrl\":\"\"},{\"@type\":\"BreadcrumbList\",\"@id\":\"https:\/\/cleitonpinheiro.com.br\/site\/procon-notifica-brk-e-sannorte-por-falta-de-agua-em-palmas-e-esperantina\/#breadcrumb\",\"itemListElement\":[{\"@type\":\"ListItem\",\"position\":1,\"name\":\"In\u00edcio\",\"item\":\"https:\/\/cleitonpinheiro.com.br\/site\/\"},{\"@type\":\"ListItem\",\"position\":2,\"name\":\"Procon notifica BRK e Sannorte por falta de \u00e1gua em Palmas e Esperantina\"}]},{\"@type\":\"WebSite\",\"@id\":\"https:\/\/cleitonpinheiro.com.br\/site\/#website\",\"url\":\"https:\/\/cleitonpinheiro.com.br\/site\/\",\"name\":\"PORTAL DE NOT\u00cdCIAS CLEITON PINHEIRO\",\"description\":\"FALANDO A VERDADE\",\"publisher\":{\"@id\":\"https:\/\/cleitonpinheiro.com.br\/site\/#organization\"},\"potentialAction\":[{\"@type\":\"SearchAction\",\"target\":{\"@type\":\"EntryPoint\",\"urlTemplate\":\"https:\/\/cleitonpinheiro.com.br\/site\/?s={search_term_string}\"},\"query-input\":{\"@type\":\"PropertyValueSpecification\",\"valueRequired\":true,\"valueName\":\"search_term_string\"}}],\"inLanguage\":\"pt-BR\"},{\"@type\":\"Organization\",\"@id\":\"https:\/\/cleitonpinheiro.com.br\/site\/#organization\",\"name\":\"CPNOT\u00cdCIAS\",\"url\":\"https:\/\/cleitonpinheiro.com.br\/site\/\",\"logo\":{\"@type\":\"ImageObject\",\"inLanguage\":\"pt-BR\",\"@id\":\"https:\/\/cleitonpinheiro.com.br\/site\/#\/schema\/logo\/image\/\",\"url\":\"https:\/\/cleitonpinheiro.com.br\/site\/wp-content\/uploads\/2022\/08\/Logo-pequena-2.png\",\"contentUrl\":\"https:\/\/cleitonpinheiro.com.br\/site\/wp-content\/uploads\/2022\/08\/Logo-pequena-2.png\",\"width\":500,\"height\":500,\"caption\":\"CPNOT\u00cdCIAS\"},\"image\":{\"@id\":\"https:\/\/cleitonpinheiro.com.br\/site\/#\/schema\/logo\/image\/\"},\"sameAs\":[\"https:\/\/www.facebook.com\/portalcpnoticias\/\"]},{\"@type\":\"Person\",\"@id\":\"https:\/\/cleitonpinheiro.com.br\/site\/#\/schema\/person\/aac6d7f311e80c43042e98a900b03cd8\",\"name\":\"Dermival Pereira\",\"image\":{\"@type\":\"ImageObject\",\"inLanguage\":\"pt-BR\",\"@id\":\"https:\/\/cleitonpinheiro.com.br\/site\/#\/schema\/person\/image\/\",\"url\":\"https:\/\/secure.gravatar.com\/avatar\/cfaebf3742d6bf8db728bcba3eed6bee37b02337a2e6c822994f20ca72a3784d?s=96&r=g\",\"contentUrl\":\"https:\/\/secure.gravatar.com\/avatar\/cfaebf3742d6bf8db728bcba3eed6bee37b02337a2e6c822994f20ca72a3784d?s=96&r=g\",\"caption\":\"Dermival Pereira\"},\"url\":\"https:\/\/cleitonpinheiro.com.br\/site\/author\/dermival\/\"}]}<\/script>\n<!-- \/ Yoast SEO plugin. -->","yoast_head_json":{"title":"Procon notifica BRK e Sannorte por falta de \u00e1gua em Palmas e Esperantina - PORTAL DE NOT\u00cdCIAS CLEITON PINHEIRO","robots":{"index":"index","follow":"follow","max-snippet":"max-snippet:-1","max-image-preview":"max-image-preview:large","max-video-preview":"max-video-preview:-1"},"canonical":"https:\/\/cleitonpinheiro.com.br\/site\/procon-notifica-brk-e-sannorte-por-falta-de-agua-em-palmas-e-esperantina\/","og_locale":"pt_BR","og_type":"article","og_title":"Procon notifica BRK e Sannorte por falta de \u00e1gua em Palmas e Esperantina - PORTAL DE NOT\u00cdCIAS CLEITON PINHEIRO","og_description":"Da Reda\u00e7\u00e3o do CP Not\u00edcias As concession\u00e1rias de \u00e1gua\u00a0BRK Ambiental e Sannorte Saneamento Ambiental foram notificadas pelo Procon Tocantins na manh\u00e3 dessa quarta-feira, 22. Consumidores denunciaram o desabastecimento de \u00e1gua em algumas quadras nos munic\u00edpios de Palmas e Esperantina. No caso da BRK, os consumidores relataram que o problema j\u00e1 est\u00e1 ocorrendo desde o \u00faltimo [&hellip;]","og_url":"https:\/\/cleitonpinheiro.com.br\/site\/procon-notifica-brk-e-sannorte-por-falta-de-agua-em-palmas-e-esperantina\/","og_site_name":"PORTAL DE NOT\u00cdCIAS CLEITON PINHEIRO","article_publisher":"https:\/\/www.facebook.com\/portalcpnoticias\/","article_published_time":"2020-07-23T12:49:37+00:00","author":"Dermival Pereira","twitter_card":"summary_large_image","twitter_misc":{"Escrito por":"Dermival Pereira","Est. tempo de leitura":"2 minutos"},"schema":{"@context":"https:\/\/schema.org","@graph":[{"@type":"Article","@id":"https:\/\/cleitonpinheiro.com.br\/site\/procon-notifica-brk-e-sannorte-por-falta-de-agua-em-palmas-e-esperantina\/#article","isPartOf":{"@id":"https:\/\/cleitonpinheiro.com.br\/site\/procon-notifica-brk-e-sannorte-por-falta-de-agua-em-palmas-e-esperantina\/"},"author":{"name":"Dermival Pereira","@id":"https:\/\/cleitonpinheiro.com.br\/site\/#\/schema\/person\/aac6d7f311e80c43042e98a900b03cd8"},"headline":"Procon notifica BRK e Sannorte por falta de \u00e1gua em Palmas e Esperantina","datePublished":"2020-07-23T12:49:37+00:00","mainEntityOfPage":{"@id":"https:\/\/cleitonpinheiro.com.br\/site\/procon-notifica-brk-e-sannorte-por-falta-de-agua-em-palmas-e-esperantina\/"},"wordCount":316,"commentCount":0,"publisher":{"@id":"https:\/\/cleitonpinheiro.com.br\/site\/#organization"},"image":{"@id":"https:\/\/cleitonpinheiro.com.br\/site\/procon-notifica-brk-e-sannorte-por-falta-de-agua-em-palmas-e-esperantina\/#primaryimage"},"thumbnailUrl":"","articleSection":["CIDADES","COLUNAS","NOT\u00cdCIAS EM DESTAQUE"],"inLanguage":"pt-BR","potentialAction":[{"@type":"CommentAction","name":"Comment","target":["https:\/\/cleitonpinheiro.com.br\/site\/procon-notifica-brk-e-sannorte-por-falta-de-agua-em-palmas-e-esperantina\/#respond"]}]},{"@type":"WebPage","@id":"https:\/\/cleitonpinheiro.com.br\/site\/procon-notifica-brk-e-sannorte-por-falta-de-agua-em-palmas-e-esperantina\/","url":"https:\/\/cleitonpinheiro.com.br\/site\/procon-notifica-brk-e-sannorte-por-falta-de-agua-em-palmas-e-esperantina\/","name":"Procon notifica BRK e Sannorte por falta de \u00e1gua em Palmas e Esperantina - PORTAL DE NOT\u00cdCIAS CLEITON PINHEIRO","isPartOf":{"@id":"https:\/\/cleitonpinheiro.com.br\/site\/#website"},"primaryImageOfPage":{"@id":"https:\/\/cleitonpinheiro.com.br\/site\/procon-notifica-brk-e-sannorte-por-falta-de-agua-em-palmas-e-esperantina\/#primaryimage"},"image":{"@id":"https:\/\/cleitonpinheiro.com.br\/site\/procon-notifica-brk-e-sannorte-por-falta-de-agua-em-palmas-e-esperantina\/#primaryimage"},"thumbnailUrl":"","datePublished":"2020-07-23T12:49:37+00:00","breadcrumb":{"@id":"https:\/\/cleitonpinheiro.com.br\/site\/procon-notifica-brk-e-sannorte-por-falta-de-agua-em-palmas-e-esperantina\/#breadcrumb"},"inLanguage":"pt-BR","potentialAction":[{"@type":"ReadAction","target":["https:\/\/cleitonpinheiro.com.br\/site\/procon-notifica-brk-e-sannorte-por-falta-de-agua-em-palmas-e-esperantina\/"]}]},{"@type":"ImageObject","inLanguage":"pt-BR","@id":"https:\/\/cleitonpinheiro.com.br\/site\/procon-notifica-brk-e-sannorte-por-falta-de-agua-em-palmas-e-esperantina\/#primaryimage","url":"","contentUrl":""},{"@type":"BreadcrumbList","@id":"https:\/\/cleitonpinheiro.com.br\/site\/procon-notifica-brk-e-sannorte-por-falta-de-agua-em-palmas-e-esperantina\/#breadcrumb","itemListElement":[{"@type":"ListItem","position":1,"name":"In\u00edcio","item":"https:\/\/cleitonpinheiro.com.br\/site\/"},{"@type":"ListItem","position":2,"name":"Procon notifica BRK e Sannorte por falta de \u00e1gua em Palmas e Esperantina"}]},{"@type":"WebSite","@id":"https:\/\/cleitonpinheiro.com.br\/site\/#website","url":"https:\/\/cleitonpinheiro.com.br\/site\/","name":"PORTAL DE NOT\u00cdCIAS CLEITON PINHEIRO","description":"FALANDO A VERDADE","publisher":{"@id":"https:\/\/cleitonpinheiro.com.br\/site\/#organization"},"potentialAction":[{"@type":"SearchAction","target":{"@type":"EntryPoint","urlTemplate":"https:\/\/cleitonpinheiro.com.br\/site\/?s={search_term_string}"},"query-input":{"@type":"PropertyValueSpecification","valueRequired":true,"valueName":"search_term_string"}}],"inLanguage":"pt-BR"},{"@type":"Organization","@id":"https:\/\/cleitonpinheiro.com.br\/site\/#organization","name":"CPNOT\u00cdCIAS","url":"https:\/\/cleitonpinheiro.com.br\/site\/","logo":{"@type":"ImageObject","inLanguage":"pt-BR","@id":"https:\/\/cleitonpinheiro.com.br\/site\/#\/schema\/logo\/image\/","url":"https:\/\/cleitonpinheiro.com.br\/site\/wp-content\/uploads\/2022\/08\/Logo-pequena-2.png","contentUrl":"https:\/\/cleitonpinheiro.com.br\/site\/wp-content\/uploads\/2022\/08\/Logo-pequena-2.png","width":500,"height":500,"caption":"CPNOT\u00cdCIAS"},"image":{"@id":"https:\/\/cleitonpinheiro.com.br\/site\/#\/schema\/logo\/image\/"},"sameAs":["https:\/\/www.facebook.com\/portalcpnoticias\/"]},{"@type":"Person","@id":"https:\/\/cleitonpinheiro.com.br\/site\/#\/schema\/person\/aac6d7f311e80c43042e98a900b03cd8","name":"Dermival Pereira","image":{"@type":"ImageObject","inLanguage":"pt-BR","@id":"https:\/\/cleitonpinheiro.com.br\/site\/#\/schema\/person\/image\/","url":"https:\/\/secure.gravatar.com\/avatar\/cfaebf3742d6bf8db728bcba3eed6bee37b02337a2e6c822994f20ca72a3784d?s=96&r=g","contentUrl":"https:\/\/secure.gravatar.com\/avatar\/cfaebf3742d6bf8db728bcba3eed6bee37b02337a2e6c822994f20ca72a3784d?s=96&r=g","caption":"Dermival Pereira"},"url":"https:\/\/cleitonpinheiro.com.br\/site\/author\/dermival\/"}]}},"views":114,"_links":{"self":[{"href":"https:\/\/cleitonpinheiro.com.br\/site\/wp-json\/wp\/v2\/posts\/34338","targetHints":{"allow":["GET"]}}],"collection":[{"href":"https:\/\/cleitonpinheiro.com.br\/site\/wp-json\/wp\/v2\/posts"}],"about":[{"href":"https:\/\/cleitonpinheiro.com.br\/site\/wp-json\/wp\/v2\/types\/post"}],"author":[{"embeddable":true,"href":"https:\/\/cleitonpinheiro.com.br\/site\/wp-json\/wp\/v2\/users\/4"}],"replies":[{"embeddable":true,"href":"https:\/\/cleitonpinheiro.com.br\/site\/wp-json\/wp\/v2\/comments?post=34338"}],"version-history":[{"count":0,"href":"https:\/\/cleitonpinheiro.com.br\/site\/wp-json\/wp\/v2\/posts\/34338\/revisions"}],"wp:featuredmedia":[{"embeddable":true,"href":"https:\/\/cleitonpinheiro.com.br\/site\/wp-json\/"}],"wp:attachment":[{"href":"https:\/\/cleitonpinheiro.com.br\/site\/wp-json\/wp\/v2\/media?parent=34338"}],"wp:term":[{"taxonomy":"category","embeddable":true,"href":"https:\/\/cleitonpinheiro.com.br\/site\/wp-json\/wp\/v2\/categories?post=34338"},{"taxonomy":"post_tag","embeddable":true,"href":"https:\/\/cleitonpinheiro.com.br\/site\/wp-json\/wp\/v2\/tags?post=34338"}],"curies":[{"name":"wp","href":"https:\/\/api.w.org\/{rel}","templated":true}]}}