{"id":34352,"date":"2020-07-23T10:20:18","date_gmt":"2020-07-23T13:20:18","guid":{"rendered":"https:\/\/cleitonpinheiro.com.br\/portal\/?p=34352"},"modified":"2023-05-04T22:35:31","modified_gmt":"2023-05-05T01:35:31","slug":"coronavirus-um-ataque-da-terra-contra-nos","status":"publish","type":"post","link":"https:\/\/cleitonpinheiro.com.br\/site\/coronavirus-um-ataque-da-terra-contra-nos\/","title":{"rendered":"Opini\u00e3o: Coronav\u00edrus: um ataque da Terra contra n\u00f3s"},"content":{"rendered":"\n<p><strong>Por Leonardo Boff,<\/strong><br \/>Brasil de Fato<\/p>\n\n\n<p>At\u00e9 a presente data toda a preocupa\u00e7\u00e3o face \u00e0 covid-19 est\u00e1 centrada na medicina, na t\u00e9cnica e em todos os insumos que impedem a contamina\u00e7\u00e3o dos operadores da sa\u00fade. Principalmente, busca-se de forma urgente uma vacina eficaz. Na sociedade, o isolamento social e evitar a conglomera\u00e7\u00e3o de pessoas. Tudo isso \u00e9 fundamental. No entanto, n\u00e3o podemos considerar o coronav\u00edrus como um dado isolado. Ele deve ser visto dentro do contexto que permitiu sua irrup\u00e7\u00e3o.<\/p>\n\n\n<figure class=\"wp-block-image size-large\"><img decoding=\"async\" src=\"https:\/\/cleitonpinheiro.com.br\/portal\/wp-content\/uploads\/2020\/07\/image_processing20200428-7549-6fqfnh.jpeg\" alt=\"\" class=\"wp-image-34355\"\/><\/figure>\n\n\n<p>Ele veio da natureza. Ora, como bem disse o Papa Francisco em sua enc\u00edclica \u201csobre o cuidado da Casa Comum: nunca maltratamos e ferimos nossa Casa Comum como nos dois \u00faltimos s\u00e9culos\u201d (n.53). Quem a feriu foi o processo industrialista: o socialismo real (enquanto existia) e principalmente o sistema capitalista, hoje globalizado. Este \u00e9 o Sat\u00e3 da Terra que a devasta e \u00e0 leva a todo tipo de desequil\u00edbrios.<\/p>\n\n\n<p>Ele \u00e9 o principal (n\u00e3o o \u00fanico) respons\u00e1vel pelas v\u00e1rias amea\u00e7as que pairam sobre o sistema-vida e o sistema-Terra: desde o poss\u00edvel holocausto nuclear, o aquecimento global, a escassez de \u00e1gua pot\u00e1vel at\u00e9 a eros\u00e3o da biodiversidade. Fa\u00e7o minhas as palavras do conhecido ge\u00f3grafo norte-americano David Harvey: &#8220;A COVID-19 \u00e9 a vingan\u00e7a da natureza por mais de quarenta anos de maus-tratos e abuso nas m\u00e3os de um extrativismo neoliberal violento e n\u00e3o regulamentado.&#8221;<\/p>\n\n\n<p>Isabelle Stengers, qu\u00edmica e fil\u00f3sofa da ci\u00eancia que muito trabalhou em parceria com o Nobel Ilya Prigogine, sustenta a mesma tese que eu tamb\u00e9m sustento: \u201co coronav\u00edrus seria uma intrus\u00e3o da Terra-Gaia nas nossas sociedades, uma resposta ao antropoceno\u201d. Conhec\u00edamos outras intrus\u00f5es: a peste negra (peste bub\u00f4nica) que vinda da Eur\u00e1sia dizimou, ao todo, segundo estimativas, entre 75 a 200 milh\u00f5es de pessoas. Na Europa, entre 1346 e 1353, a peste desfalcou a metade de sua popula\u00e7\u00e3o de 475 para 350 milh\u00f5es. Ela precisou de 200 anos para se recompor. Foi a mais devastadora j\u00e1 conhecida na hist\u00f3ria. Not\u00f3ria tamb\u00e9m foi a gripe espanhola. Oriunda possivelmente dos EUA, entre 1918-1920, infectou 500 milh\u00f5es de pessoas e levou 50 milh\u00f5es \u00e0 morte, inclusive o presidente eleito Rodrigues Alves em 1919.<\/p>\n\n\n<blockquote class=\"wp-block-quote is-layout-flow wp-block-quote-is-layout-flow\"><p><strong>Agora, pela primeira vez um v\u00edrus atacou o planeta inteiro, levando milhares \u00e0 morte sem podermos det\u00ea-lo por sua r\u00e1pida propaga\u00e7\u00e3o, j\u00e1 que vivemos numa cultura globalizada com alto deslocamento de pessoas que viajam por todos os continentes e podem ser portadores da epidemia.<\/strong><\/p><\/blockquote>\n\n\n<p>A Terra j\u00e1 perdeu o seu equil\u00edbrio e est\u00e1 buscando um novo. E esse novo poder\u00e1 significar a devasta\u00e7\u00e3o de importantes por\u00e7\u00f5es da biosfera e de parte significativa da esp\u00e9cie humana.Isso vai ocorrer, apenas n\u00e3o sabemos quando nem como, afirmam not\u00e1veis bi\u00f3logos. Se vier a temida NBO (The Next Big One), o pr\u00f3ximo grande e devastador v\u00edrus, poder\u00e1, segundo o pesquisador da Universidade de S\u00e3o Paulo (USP), Eduardo Massad, levar \u00e0 morte cerca de dois bilh\u00f5es de pessoas, diminuindo a expectativa geral de vida de 72 para 58 anos. Outros temem at\u00e9 o fim da esp\u00e9cie humana.<\/p>\n\n\n<p>O fato \u00e9 que j\u00e1 estamos dentro da sexta extin\u00e7\u00e3o em massa. Inauguramos, segundo alguns cientistas, uma nova era geol\u00f3gica, a do antropoceno e sua express\u00e3o mais danosa, a do necroceno. A atividade humana (antropoceno) se revela a respons\u00e1vel pela produ\u00e7\u00e3o em massa da morte (necroceno) de seres vivos.<\/p>\n\n\n<p>Os diferentes centros cient\u00edficos que sistematicamente acompanham o estado da Terra atestam que, de ano para ano, os principais itens que perpetuam a vida (\u00e1gua, solos, ar puro, sementes, fertilidade, climas e outros) est\u00e3o se deteriorando dia a dia. Quando isso vai parar?<br \/>O dia da Sobrecarga da Terra (the Earth Overshoot Day) foi atingido no dia 29 de julho de 2019. Isto significa: at\u00e9 esta data foram consumidos todos os recursos naturais dispon\u00edveis e renov\u00e1veis. Agora a Terra entrou no vermelho e no cheque especial.<\/p>\n\n\n<blockquote class=\"wp-block-quote is-layout-flow wp-block-quote-is-layout-flow\"><p><strong>Como frear esta exaust\u00e3o? Se teimarmos em manter o consumo atual, especialmente o suntuoso, temos que aplicar mais viol\u00eancia contra a Terra for\u00e7ando-a a nos dar o que j\u00e1 n\u00e3o tem ou n\u00e3o pode mais repor. Sua rea\u00e7\u00e3o se expressa pelos eventos extremos, como o vendaval-bomba em Santa Catarina em fins de junho e pelos ataques dos v\u00e1rios tipos de v\u00edrus conhecidos: zika, chicungunya, ebola, Sars, o atual coronav\u00edrus e outros. Devemos incluir o crescimento da viol\u00eancia social j\u00e1 que Terra e Humanidade constituem uma \u00fanica entidade relacional.<\/strong><\/p><\/blockquote>\n\n\n<p>Ou mudamos nossa rela\u00e7\u00e3o para com a Terra viva e para com a natureza ou poderemos contar com novos e mais potentes v\u00edrus que poder\u00e3o dizimar milh\u00f5es de vidas humanas. Nunca o nosso amor \u00e0 vida, a sabedoria humana dos povos e a necessidade do cuidado foram t\u00e3o urgentes.<br \/><\/p>\n\n\n<p><em>*<strong>Leonardo Boff<\/strong> \u00e9 ecote\u00f3logo e escritor. Acaba de escrever um livro: &#8220;O Covid-19: A M\u00e3e Terra contra-ataca a Humanidade\u201d a sair pela Editora Vozes ainda este ano.<\/em><\/p>\n\n\n<figure class=\"wp-block-image size-large\"><a href=\"https:\/\/www.brasildefato.com.br\/\" target=\"_blank\" rel=\"noopener noreferrer\"><img decoding=\"async\" src=\"https:\/\/cleitonpinheiro.com.br\/portal\/wp-content\/uploads\/2020\/07\/Brasil-de-Fato.png\" alt=\"\" class=\"wp-image-34358\"\/><\/a><\/figure>\n","protected":false},"excerpt":{"rendered":"<p>Por Leonardo Boff,Brasil de Fato At\u00e9 a presente data toda a preocupa\u00e7\u00e3o face \u00e0 covid-19 est\u00e1 centrada na medicina, na t\u00e9cnica e em todos os insumos que impedem a contamina\u00e7\u00e3o dos operadores da sa\u00fade. Principalmente, busca-se de forma urgente uma vacina eficaz. Na sociedade, o isolamento social e evitar a conglomera\u00e7\u00e3o de pessoas. Tudo isso [&hellip;]<\/p>\n","protected":false},"author":9,"featured_media":34370,"comment_status":"open","ping_status":"open","sticky":false,"template":"","format":"standard","meta":{"_acf_changed":false,"footnotes":""},"categories":[24],"tags":[],"class_list":["post-34352","post","type-post","status-publish","format-standard","has-post-thumbnail","hentry","category-colunas"],"acf":[],"yoast_head":"<!-- This site is optimized with the Yoast SEO plugin v24.4 - https:\/\/yoast.com\/wordpress\/plugins\/seo\/ -->\n<title>Opini\u00e3o: Coronav\u00edrus: um ataque da Terra contra n\u00f3s - PORTAL DE NOT\u00cdCIAS CLEITON PINHEIRO<\/title>\n<meta name=\"robots\" content=\"index, follow, max-snippet:-1, max-image-preview:large, max-video-preview:-1\" \/>\n<link rel=\"canonical\" href=\"https:\/\/cleitonpinheiro.com.br\/site\/coronavirus-um-ataque-da-terra-contra-nos\/\" \/>\n<meta property=\"og:locale\" content=\"pt_BR\" \/>\n<meta property=\"og:type\" content=\"article\" \/>\n<meta property=\"og:title\" content=\"Opini\u00e3o: Coronav\u00edrus: um ataque da Terra contra n\u00f3s - PORTAL DE NOT\u00cdCIAS CLEITON PINHEIRO\" \/>\n<meta property=\"og:description\" content=\"Por Leonardo Boff,Brasil de Fato At\u00e9 a presente data toda a preocupa\u00e7\u00e3o face \u00e0 covid-19 est\u00e1 centrada na medicina, na t\u00e9cnica e em todos os insumos que impedem a contamina\u00e7\u00e3o dos operadores da sa\u00fade. Principalmente, busca-se de forma urgente uma vacina eficaz. Na sociedade, o isolamento social e evitar a conglomera\u00e7\u00e3o de pessoas. Tudo isso [&hellip;]\" \/>\n<meta property=\"og:url\" content=\"https:\/\/cleitonpinheiro.com.br\/site\/coronavirus-um-ataque-da-terra-contra-nos\/\" \/>\n<meta property=\"og:site_name\" content=\"PORTAL DE NOT\u00cdCIAS CLEITON PINHEIRO\" \/>\n<meta property=\"article:publisher\" content=\"https:\/\/www.facebook.com\/portalcpnoticias\/\" \/>\n<meta property=\"article:published_time\" content=\"2020-07-23T13:20:18+00:00\" \/>\n<meta property=\"article:modified_time\" content=\"2023-05-05T01:35:31+00:00\" \/>\n<meta name=\"author\" content=\"RGF Sistemas\" \/>\n<meta name=\"twitter:card\" content=\"summary_large_image\" \/>\n<meta name=\"twitter:label1\" content=\"Escrito por\" \/>\n\t<meta name=\"twitter:data1\" content=\"RGF Sistemas\" \/>\n\t<meta name=\"twitter:label2\" content=\"Est. tempo de leitura\" \/>\n\t<meta name=\"twitter:data2\" content=\"4 minutos\" \/>\n<script type=\"application\/ld+json\" class=\"yoast-schema-graph\">{\"@context\":\"https:\/\/schema.org\",\"@graph\":[{\"@type\":\"Article\",\"@id\":\"https:\/\/cleitonpinheiro.com.br\/site\/coronavirus-um-ataque-da-terra-contra-nos\/#article\",\"isPartOf\":{\"@id\":\"https:\/\/cleitonpinheiro.com.br\/site\/coronavirus-um-ataque-da-terra-contra-nos\/\"},\"author\":{\"name\":\"RGF Sistemas\",\"@id\":\"https:\/\/cleitonpinheiro.com.br\/site\/#\/schema\/person\/b7621891c193194dd412fdc1ff9b2b41\"},\"headline\":\"Opini\u00e3o: Coronav\u00edrus: um ataque da Terra contra n\u00f3s\",\"datePublished\":\"2020-07-23T13:20:18+00:00\",\"dateModified\":\"2023-05-05T01:35:31+00:00\",\"mainEntityOfPage\":{\"@id\":\"https:\/\/cleitonpinheiro.com.br\/site\/coronavirus-um-ataque-da-terra-contra-nos\/\"},\"wordCount\":860,\"commentCount\":0,\"publisher\":{\"@id\":\"https:\/\/cleitonpinheiro.com.br\/site\/#organization\"},\"image\":{\"@id\":\"https:\/\/cleitonpinheiro.com.br\/site\/coronavirus-um-ataque-da-terra-contra-nos\/#primaryimage\"},\"thumbnailUrl\":\"\",\"articleSection\":[\"COLUNAS\"],\"inLanguage\":\"pt-BR\",\"potentialAction\":[{\"@type\":\"CommentAction\",\"name\":\"Comment\",\"target\":[\"https:\/\/cleitonpinheiro.com.br\/site\/coronavirus-um-ataque-da-terra-contra-nos\/#respond\"]}]},{\"@type\":\"WebPage\",\"@id\":\"https:\/\/cleitonpinheiro.com.br\/site\/coronavirus-um-ataque-da-terra-contra-nos\/\",\"url\":\"https:\/\/cleitonpinheiro.com.br\/site\/coronavirus-um-ataque-da-terra-contra-nos\/\",\"name\":\"Opini\u00e3o: Coronav\u00edrus: um ataque da Terra contra n\u00f3s - PORTAL DE NOT\u00cdCIAS CLEITON PINHEIRO\",\"isPartOf\":{\"@id\":\"https:\/\/cleitonpinheiro.com.br\/site\/#website\"},\"primaryImageOfPage\":{\"@id\":\"https:\/\/cleitonpinheiro.com.br\/site\/coronavirus-um-ataque-da-terra-contra-nos\/#primaryimage\"},\"image\":{\"@id\":\"https:\/\/cleitonpinheiro.com.br\/site\/coronavirus-um-ataque-da-terra-contra-nos\/#primaryimage\"},\"thumbnailUrl\":\"\",\"datePublished\":\"2020-07-23T13:20:18+00:00\",\"dateModified\":\"2023-05-05T01:35:31+00:00\",\"breadcrumb\":{\"@id\":\"https:\/\/cleitonpinheiro.com.br\/site\/coronavirus-um-ataque-da-terra-contra-nos\/#breadcrumb\"},\"inLanguage\":\"pt-BR\",\"potentialAction\":[{\"@type\":\"ReadAction\",\"target\":[\"https:\/\/cleitonpinheiro.com.br\/site\/coronavirus-um-ataque-da-terra-contra-nos\/\"]}]},{\"@type\":\"ImageObject\",\"inLanguage\":\"pt-BR\",\"@id\":\"https:\/\/cleitonpinheiro.com.br\/site\/coronavirus-um-ataque-da-terra-contra-nos\/#primaryimage\",\"url\":\"\",\"contentUrl\":\"\"},{\"@type\":\"BreadcrumbList\",\"@id\":\"https:\/\/cleitonpinheiro.com.br\/site\/coronavirus-um-ataque-da-terra-contra-nos\/#breadcrumb\",\"itemListElement\":[{\"@type\":\"ListItem\",\"position\":1,\"name\":\"In\u00edcio\",\"item\":\"https:\/\/cleitonpinheiro.com.br\/site\/\"},{\"@type\":\"ListItem\",\"position\":2,\"name\":\"Opini\u00e3o: Coronav\u00edrus: um ataque da Terra contra n\u00f3s\"}]},{\"@type\":\"WebSite\",\"@id\":\"https:\/\/cleitonpinheiro.com.br\/site\/#website\",\"url\":\"https:\/\/cleitonpinheiro.com.br\/site\/\",\"name\":\"PORTAL DE NOT\u00cdCIAS CLEITON PINHEIRO\",\"description\":\"FALANDO A VERDADE\",\"publisher\":{\"@id\":\"https:\/\/cleitonpinheiro.com.br\/site\/#organization\"},\"potentialAction\":[{\"@type\":\"SearchAction\",\"target\":{\"@type\":\"EntryPoint\",\"urlTemplate\":\"https:\/\/cleitonpinheiro.com.br\/site\/?s={search_term_string}\"},\"query-input\":{\"@type\":\"PropertyValueSpecification\",\"valueRequired\":true,\"valueName\":\"search_term_string\"}}],\"inLanguage\":\"pt-BR\"},{\"@type\":\"Organization\",\"@id\":\"https:\/\/cleitonpinheiro.com.br\/site\/#organization\",\"name\":\"CPNOT\u00cdCIAS\",\"url\":\"https:\/\/cleitonpinheiro.com.br\/site\/\",\"logo\":{\"@type\":\"ImageObject\",\"inLanguage\":\"pt-BR\",\"@id\":\"https:\/\/cleitonpinheiro.com.br\/site\/#\/schema\/logo\/image\/\",\"url\":\"https:\/\/cleitonpinheiro.com.br\/site\/wp-content\/uploads\/2022\/08\/Logo-pequena-2.png\",\"contentUrl\":\"https:\/\/cleitonpinheiro.com.br\/site\/wp-content\/uploads\/2022\/08\/Logo-pequena-2.png\",\"width\":500,\"height\":500,\"caption\":\"CPNOT\u00cdCIAS\"},\"image\":{\"@id\":\"https:\/\/cleitonpinheiro.com.br\/site\/#\/schema\/logo\/image\/\"},\"sameAs\":[\"https:\/\/www.facebook.com\/portalcpnoticias\/\"]},{\"@type\":\"Person\",\"@id\":\"https:\/\/cleitonpinheiro.com.br\/site\/#\/schema\/person\/b7621891c193194dd412fdc1ff9b2b41\",\"name\":\"RGF Sistemas\",\"image\":{\"@type\":\"ImageObject\",\"inLanguage\":\"pt-BR\",\"@id\":\"https:\/\/cleitonpinheiro.com.br\/site\/#\/schema\/person\/image\/\",\"url\":\"https:\/\/secure.gravatar.com\/avatar\/59e110c11e5eecf4636340abed101b4cddb70ca9f64acab0fe8863bcc0a66b2d?s=96&r=g\",\"contentUrl\":\"https:\/\/secure.gravatar.com\/avatar\/59e110c11e5eecf4636340abed101b4cddb70ca9f64acab0fe8863bcc0a66b2d?s=96&r=g\",\"caption\":\"RGF Sistemas\"},\"url\":\"https:\/\/cleitonpinheiro.com.br\/site\/author\/rgfsite\/\"}]}<\/script>\n<!-- \/ Yoast SEO plugin. -->","yoast_head_json":{"title":"Opini\u00e3o: Coronav\u00edrus: um ataque da Terra contra n\u00f3s - PORTAL DE NOT\u00cdCIAS CLEITON PINHEIRO","robots":{"index":"index","follow":"follow","max-snippet":"max-snippet:-1","max-image-preview":"max-image-preview:large","max-video-preview":"max-video-preview:-1"},"canonical":"https:\/\/cleitonpinheiro.com.br\/site\/coronavirus-um-ataque-da-terra-contra-nos\/","og_locale":"pt_BR","og_type":"article","og_title":"Opini\u00e3o: Coronav\u00edrus: um ataque da Terra contra n\u00f3s - PORTAL DE NOT\u00cdCIAS CLEITON PINHEIRO","og_description":"Por Leonardo Boff,Brasil de Fato At\u00e9 a presente data toda a preocupa\u00e7\u00e3o face \u00e0 covid-19 est\u00e1 centrada na medicina, na t\u00e9cnica e em todos os insumos que impedem a contamina\u00e7\u00e3o dos operadores da sa\u00fade. Principalmente, busca-se de forma urgente uma vacina eficaz. Na sociedade, o isolamento social e evitar a conglomera\u00e7\u00e3o de pessoas. Tudo isso [&hellip;]","og_url":"https:\/\/cleitonpinheiro.com.br\/site\/coronavirus-um-ataque-da-terra-contra-nos\/","og_site_name":"PORTAL DE NOT\u00cdCIAS CLEITON PINHEIRO","article_publisher":"https:\/\/www.facebook.com\/portalcpnoticias\/","article_published_time":"2020-07-23T13:20:18+00:00","article_modified_time":"2023-05-05T01:35:31+00:00","author":"RGF Sistemas","twitter_card":"summary_large_image","twitter_misc":{"Escrito por":"RGF Sistemas","Est. tempo de leitura":"4 minutos"},"schema":{"@context":"https:\/\/schema.org","@graph":[{"@type":"Article","@id":"https:\/\/cleitonpinheiro.com.br\/site\/coronavirus-um-ataque-da-terra-contra-nos\/#article","isPartOf":{"@id":"https:\/\/cleitonpinheiro.com.br\/site\/coronavirus-um-ataque-da-terra-contra-nos\/"},"author":{"name":"RGF Sistemas","@id":"https:\/\/cleitonpinheiro.com.br\/site\/#\/schema\/person\/b7621891c193194dd412fdc1ff9b2b41"},"headline":"Opini\u00e3o: Coronav\u00edrus: um ataque da Terra contra n\u00f3s","datePublished":"2020-07-23T13:20:18+00:00","dateModified":"2023-05-05T01:35:31+00:00","mainEntityOfPage":{"@id":"https:\/\/cleitonpinheiro.com.br\/site\/coronavirus-um-ataque-da-terra-contra-nos\/"},"wordCount":860,"commentCount":0,"publisher":{"@id":"https:\/\/cleitonpinheiro.com.br\/site\/#organization"},"image":{"@id":"https:\/\/cleitonpinheiro.com.br\/site\/coronavirus-um-ataque-da-terra-contra-nos\/#primaryimage"},"thumbnailUrl":"","articleSection":["COLUNAS"],"inLanguage":"pt-BR","potentialAction":[{"@type":"CommentAction","name":"Comment","target":["https:\/\/cleitonpinheiro.com.br\/site\/coronavirus-um-ataque-da-terra-contra-nos\/#respond"]}]},{"@type":"WebPage","@id":"https:\/\/cleitonpinheiro.com.br\/site\/coronavirus-um-ataque-da-terra-contra-nos\/","url":"https:\/\/cleitonpinheiro.com.br\/site\/coronavirus-um-ataque-da-terra-contra-nos\/","name":"Opini\u00e3o: Coronav\u00edrus: um ataque da Terra contra n\u00f3s - PORTAL DE NOT\u00cdCIAS CLEITON PINHEIRO","isPartOf":{"@id":"https:\/\/cleitonpinheiro.com.br\/site\/#website"},"primaryImageOfPage":{"@id":"https:\/\/cleitonpinheiro.com.br\/site\/coronavirus-um-ataque-da-terra-contra-nos\/#primaryimage"},"image":{"@id":"https:\/\/cleitonpinheiro.com.br\/site\/coronavirus-um-ataque-da-terra-contra-nos\/#primaryimage"},"thumbnailUrl":"","datePublished":"2020-07-23T13:20:18+00:00","dateModified":"2023-05-05T01:35:31+00:00","breadcrumb":{"@id":"https:\/\/cleitonpinheiro.com.br\/site\/coronavirus-um-ataque-da-terra-contra-nos\/#breadcrumb"},"inLanguage":"pt-BR","potentialAction":[{"@type":"ReadAction","target":["https:\/\/cleitonpinheiro.com.br\/site\/coronavirus-um-ataque-da-terra-contra-nos\/"]}]},{"@type":"ImageObject","inLanguage":"pt-BR","@id":"https:\/\/cleitonpinheiro.com.br\/site\/coronavirus-um-ataque-da-terra-contra-nos\/#primaryimage","url":"","contentUrl":""},{"@type":"BreadcrumbList","@id":"https:\/\/cleitonpinheiro.com.br\/site\/coronavirus-um-ataque-da-terra-contra-nos\/#breadcrumb","itemListElement":[{"@type":"ListItem","position":1,"name":"In\u00edcio","item":"https:\/\/cleitonpinheiro.com.br\/site\/"},{"@type":"ListItem","position":2,"name":"Opini\u00e3o: Coronav\u00edrus: um ataque da Terra contra n\u00f3s"}]},{"@type":"WebSite","@id":"https:\/\/cleitonpinheiro.com.br\/site\/#website","url":"https:\/\/cleitonpinheiro.com.br\/site\/","name":"PORTAL DE NOT\u00cdCIAS CLEITON PINHEIRO","description":"FALANDO A VERDADE","publisher":{"@id":"https:\/\/cleitonpinheiro.com.br\/site\/#organization"},"potentialAction":[{"@type":"SearchAction","target":{"@type":"EntryPoint","urlTemplate":"https:\/\/cleitonpinheiro.com.br\/site\/?s={search_term_string}"},"query-input":{"@type":"PropertyValueSpecification","valueRequired":true,"valueName":"search_term_string"}}],"inLanguage":"pt-BR"},{"@type":"Organization","@id":"https:\/\/cleitonpinheiro.com.br\/site\/#organization","name":"CPNOT\u00cdCIAS","url":"https:\/\/cleitonpinheiro.com.br\/site\/","logo":{"@type":"ImageObject","inLanguage":"pt-BR","@id":"https:\/\/cleitonpinheiro.com.br\/site\/#\/schema\/logo\/image\/","url":"https:\/\/cleitonpinheiro.com.br\/site\/wp-content\/uploads\/2022\/08\/Logo-pequena-2.png","contentUrl":"https:\/\/cleitonpinheiro.com.br\/site\/wp-content\/uploads\/2022\/08\/Logo-pequena-2.png","width":500,"height":500,"caption":"CPNOT\u00cdCIAS"},"image":{"@id":"https:\/\/cleitonpinheiro.com.br\/site\/#\/schema\/logo\/image\/"},"sameAs":["https:\/\/www.facebook.com\/portalcpnoticias\/"]},{"@type":"Person","@id":"https:\/\/cleitonpinheiro.com.br\/site\/#\/schema\/person\/b7621891c193194dd412fdc1ff9b2b41","name":"RGF Sistemas","image":{"@type":"ImageObject","inLanguage":"pt-BR","@id":"https:\/\/cleitonpinheiro.com.br\/site\/#\/schema\/person\/image\/","url":"https:\/\/secure.gravatar.com\/avatar\/59e110c11e5eecf4636340abed101b4cddb70ca9f64acab0fe8863bcc0a66b2d?s=96&r=g","contentUrl":"https:\/\/secure.gravatar.com\/avatar\/59e110c11e5eecf4636340abed101b4cddb70ca9f64acab0fe8863bcc0a66b2d?s=96&r=g","caption":"RGF Sistemas"},"url":"https:\/\/cleitonpinheiro.com.br\/site\/author\/rgfsite\/"}]}},"views":201,"_links":{"self":[{"href":"https:\/\/cleitonpinheiro.com.br\/site\/wp-json\/wp\/v2\/posts\/34352","targetHints":{"allow":["GET"]}}],"collection":[{"href":"https:\/\/cleitonpinheiro.com.br\/site\/wp-json\/wp\/v2\/posts"}],"about":[{"href":"https:\/\/cleitonpinheiro.com.br\/site\/wp-json\/wp\/v2\/types\/post"}],"author":[{"embeddable":true,"href":"https:\/\/cleitonpinheiro.com.br\/site\/wp-json\/wp\/v2\/users\/9"}],"replies":[{"embeddable":true,"href":"https:\/\/cleitonpinheiro.com.br\/site\/wp-json\/wp\/v2\/comments?post=34352"}],"version-history":[{"count":1,"href":"https:\/\/cleitonpinheiro.com.br\/site\/wp-json\/wp\/v2\/posts\/34352\/revisions"}],"predecessor-version":[{"id":59750,"href":"https:\/\/cleitonpinheiro.com.br\/site\/wp-json\/wp\/v2\/posts\/34352\/revisions\/59750"}],"wp:featuredmedia":[{"embeddable":true,"href":"https:\/\/cleitonpinheiro.com.br\/site\/wp-json\/"}],"wp:attachment":[{"href":"https:\/\/cleitonpinheiro.com.br\/site\/wp-json\/wp\/v2\/media?parent=34352"}],"wp:term":[{"taxonomy":"category","embeddable":true,"href":"https:\/\/cleitonpinheiro.com.br\/site\/wp-json\/wp\/v2\/categories?post=34352"},{"taxonomy":"post_tag","embeddable":true,"href":"https:\/\/cleitonpinheiro.com.br\/site\/wp-json\/wp\/v2\/tags?post=34352"}],"curies":[{"name":"wp","href":"https:\/\/api.w.org\/{rel}","templated":true}]}}