{"id":34354,"date":"2020-07-23T10:12:29","date_gmt":"2020-07-23T13:12:29","guid":{"rendered":"https:\/\/cleitonpinheiro.com.br\/portal\/?p=34354"},"modified":"2020-07-23T10:12:29","modified_gmt":"2020-07-23T13:12:29","slug":"sintras-defende-gratificacao-para-todos-os-servidores-da-saude","status":"publish","type":"post","link":"https:\/\/cleitonpinheiro.com.br\/site\/sintras-defende-gratificacao-para-todos-os-servidores-da-saude\/","title":{"rendered":"Sintras defende gratifica\u00e7\u00e3o para todos os servidores"},"content":{"rendered":"\n<p><strong><em>Da Reda\u00e7\u00e3o do CP Not\u00edcias<\/em><\/strong><\/p>\n\n\n<figure class=\"wp-block-image size-large\"><img decoding=\"async\" src=\"https:\/\/cleitonpinheiro.com.br\/portal\/wp-content\/uploads\/2020\/04\/SintrasEditadoo.jpg\" alt=\"\" class=\"wp-image-28533\"\/><\/figure>\n\n\n<p>O Governo do Tocantins publicou no Di\u00e1rio Oficial do Estado (DOE), na edi\u00e7\u00e3o dessa quarta-feira, 22, a lei 3.705, instituindo a Indeniza\u00e7\u00e3o Extraordin\u00e1ria de combate \u00e0 covid-19 para parte dos servidores que laboram nas unidades hospitalares.<\/p>\n\n\n<p>Conforme a publica\u00e7\u00e3o esta gratifica\u00e7\u00e3o, de natureza tempor\u00e1ria, que ser\u00e1 disposta somente no per\u00edodo da pandemia do coronav\u00edrus, atende os profissionais que executam atividades exclusivamente nas alas de tratamento da doen\u00e7a, abrangendo para motoristas condutores de ambul\u00e2ncias, maqueiro, t\u00e9cnico de radiologia e os auxiliares de higieniza\u00e7\u00e3o. &nbsp;<\/p>\n\n\n<p>Receber\u00e3o tamb\u00e9m a gratifica\u00e7\u00e3o os farmac\u00eauticos, enfermeiros, biom\u00e9dicos, t\u00e9cnicos de enfermagem, t\u00e9cnicos de laborat\u00f3rio, bi\u00f3logos, auxiliares de enfermagem, lotados no Lacen, que atuam na recep\u00e7\u00e3o das amostras e processamento dos exames.<\/p>\n\n\n<p>A lei tamb\u00e9m resguarda que estes profissionais caso forem acometidos pela doen\u00e7a, continuar\u00e3o recebendo essa gratifica\u00e7\u00e3o durante todo o tempo que forem afastados para tratamento da doen\u00e7a.<\/p>\n\n\n<p>E os profissionais do apoio log\u00edstico? Estes correm o risco de serem contaminados tamb\u00e9m. Por isso que o Sintras diz que essa lei \u00e9 desumana e a proposta do sindicato \u00e9 que o Governo institu\u00edsse para todos os profissionais. A entidade destaca que s\u00f3 em estar dentro do ambiente hospitalar j\u00e1 correm o risco de serem acometidos por doen\u00e7as infectocontagiosas, a exemplo da covid-19.<\/p>\n\n\n<p>Com esta vis\u00e3o que a entidade afirma que todos os que est\u00e3o laborando nos setores de apoio cl\u00ednico ou log\u00edstico merecem receber essa gratifica\u00e7\u00e3o, pois est\u00e3o ali no mesmo ambiente dando o seu melhor, cumprindo todos os procedimentos necess\u00e1rios para a recupera\u00e7\u00e3o dos pacientes. &nbsp;<\/p>\n\n\n<p>\u201cA MP \u00e9 desumana. N\u00e3o valoriza todos os profissionais. Ela deixa a desejar e causa insatisfa\u00e7\u00e3o em parte dos servidores. Mais uma vez o governo insiste em desqualificar a import\u00e2ncia dos profissionais e que o princ\u00edpio da isonomia \u00e9 um dos caminhos que prova que a fun\u00e7\u00e3o de todos os profissionais \u00e9 essencial para o resultado de um atendimento de qualidade ofertado a popula\u00e7\u00e3o tocantinense\u201d, defende o presidente Manoel Pereira de Miranda.<\/p>\n\n\n<p>Ainda no entendimento do sindicato, a equipe do apoio log\u00edstico por estar no mesmo ambiente hospitalar, ora tem contato com a equipe de profissionais da ala Covid-19 e o v\u00edrus circula em todos os espa\u00e7os, expondo sim todos em risco de contamina\u00e7\u00e3o.<\/p>\n\n\n<p><a href=\"https:\/\/www.sintras-to.com.br\/site\/wp-content\/uploads\/2020\/07\/Gratifica%C3%A7%C3%A3o-Extraordin%C3%A1ria-de-Combate-%C3%A0-Covid-19-p%C3%A1ginas-1.pdf\">Lei 3.705<\/a> <em>(Fonte: Ascom do Sintras).<\/em><\/p>\n","protected":false},"excerpt":{"rendered":"<p>Da Reda\u00e7\u00e3o do CP Not\u00edcias O Governo do Tocantins publicou no Di\u00e1rio Oficial do Estado (DOE), na edi\u00e7\u00e3o dessa quarta-feira, 22, a lei 3.705, instituindo a Indeniza\u00e7\u00e3o Extraordin\u00e1ria de combate \u00e0 covid-19 para parte dos servidores que laboram nas unidades hospitalares. Conforme a publica\u00e7\u00e3o esta gratifica\u00e7\u00e3o, de natureza tempor\u00e1ria, que ser\u00e1 disposta somente no per\u00edodo [&hellip;]<\/p>\n","protected":false},"author":4,"featured_media":28533,"comment_status":"open","ping_status":"open","sticky":false,"template":"","format":"standard","meta":{"_acf_changed":false,"footnotes":""},"categories":[24,25,20],"tags":[],"class_list":["post-34354","post","type-post","status-publish","format-standard","has-post-thumbnail","hentry","category-colunas","category-funcionalismo","category-noticias-em-destaque"],"acf":[],"yoast_head":"<!-- This site is optimized with the Yoast SEO plugin v24.4 - https:\/\/yoast.com\/wordpress\/plugins\/seo\/ -->\n<title>Sintras defende gratifica\u00e7\u00e3o para todos os servidores - PORTAL DE NOT\u00cdCIAS CLEITON PINHEIRO<\/title>\n<meta name=\"robots\" content=\"index, follow, max-snippet:-1, max-image-preview:large, max-video-preview:-1\" \/>\n<link rel=\"canonical\" href=\"https:\/\/cleitonpinheiro.com.br\/site\/sintras-defende-gratificacao-para-todos-os-servidores-da-saude\/\" \/>\n<meta property=\"og:locale\" content=\"pt_BR\" \/>\n<meta property=\"og:type\" content=\"article\" \/>\n<meta property=\"og:title\" content=\"Sintras defende gratifica\u00e7\u00e3o para todos os servidores - PORTAL DE NOT\u00cdCIAS CLEITON PINHEIRO\" \/>\n<meta property=\"og:description\" content=\"Da Reda\u00e7\u00e3o do CP Not\u00edcias O Governo do Tocantins publicou no Di\u00e1rio Oficial do Estado (DOE), na edi\u00e7\u00e3o dessa quarta-feira, 22, a lei 3.705, instituindo a Indeniza\u00e7\u00e3o Extraordin\u00e1ria de combate \u00e0 covid-19 para parte dos servidores que laboram nas unidades hospitalares. Conforme a publica\u00e7\u00e3o esta gratifica\u00e7\u00e3o, de natureza tempor\u00e1ria, que ser\u00e1 disposta somente no per\u00edodo [&hellip;]\" \/>\n<meta property=\"og:url\" content=\"https:\/\/cleitonpinheiro.com.br\/site\/sintras-defende-gratificacao-para-todos-os-servidores-da-saude\/\" \/>\n<meta property=\"og:site_name\" content=\"PORTAL DE NOT\u00cdCIAS CLEITON PINHEIRO\" \/>\n<meta property=\"article:publisher\" content=\"https:\/\/www.facebook.com\/portalcpnoticias\/\" \/>\n<meta property=\"article:published_time\" content=\"2020-07-23T13:12:29+00:00\" \/>\n<meta name=\"author\" content=\"Dermival Pereira\" \/>\n<meta name=\"twitter:card\" content=\"summary_large_image\" \/>\n<meta name=\"twitter:label1\" content=\"Escrito por\" \/>\n\t<meta name=\"twitter:data1\" content=\"Dermival Pereira\" \/>\n\t<meta name=\"twitter:label2\" content=\"Est. tempo de leitura\" \/>\n\t<meta name=\"twitter:data2\" content=\"2 minutos\" \/>\n<script type=\"application\/ld+json\" class=\"yoast-schema-graph\">{\"@context\":\"https:\/\/schema.org\",\"@graph\":[{\"@type\":\"Article\",\"@id\":\"https:\/\/cleitonpinheiro.com.br\/site\/sintras-defende-gratificacao-para-todos-os-servidores-da-saude\/#article\",\"isPartOf\":{\"@id\":\"https:\/\/cleitonpinheiro.com.br\/site\/sintras-defende-gratificacao-para-todos-os-servidores-da-saude\/\"},\"author\":{\"name\":\"Dermival Pereira\",\"@id\":\"https:\/\/cleitonpinheiro.com.br\/site\/#\/schema\/person\/aac6d7f311e80c43042e98a900b03cd8\"},\"headline\":\"Sintras defende gratifica\u00e7\u00e3o para todos os servidores\",\"datePublished\":\"2020-07-23T13:12:29+00:00\",\"mainEntityOfPage\":{\"@id\":\"https:\/\/cleitonpinheiro.com.br\/site\/sintras-defende-gratificacao-para-todos-os-servidores-da-saude\/\"},\"wordCount\":426,\"commentCount\":0,\"publisher\":{\"@id\":\"https:\/\/cleitonpinheiro.com.br\/site\/#organization\"},\"image\":{\"@id\":\"https:\/\/cleitonpinheiro.com.br\/site\/sintras-defende-gratificacao-para-todos-os-servidores-da-saude\/#primaryimage\"},\"thumbnailUrl\":\"\",\"articleSection\":[\"COLUNAS\",\"FUNCIONALISMO\",\"NOT\u00cdCIAS EM DESTAQUE\"],\"inLanguage\":\"pt-BR\",\"potentialAction\":[{\"@type\":\"CommentAction\",\"name\":\"Comment\",\"target\":[\"https:\/\/cleitonpinheiro.com.br\/site\/sintras-defende-gratificacao-para-todos-os-servidores-da-saude\/#respond\"]}]},{\"@type\":\"WebPage\",\"@id\":\"https:\/\/cleitonpinheiro.com.br\/site\/sintras-defende-gratificacao-para-todos-os-servidores-da-saude\/\",\"url\":\"https:\/\/cleitonpinheiro.com.br\/site\/sintras-defende-gratificacao-para-todos-os-servidores-da-saude\/\",\"name\":\"Sintras defende gratifica\u00e7\u00e3o para todos os servidores - PORTAL DE NOT\u00cdCIAS CLEITON PINHEIRO\",\"isPartOf\":{\"@id\":\"https:\/\/cleitonpinheiro.com.br\/site\/#website\"},\"primaryImageOfPage\":{\"@id\":\"https:\/\/cleitonpinheiro.com.br\/site\/sintras-defende-gratificacao-para-todos-os-servidores-da-saude\/#primaryimage\"},\"image\":{\"@id\":\"https:\/\/cleitonpinheiro.com.br\/site\/sintras-defende-gratificacao-para-todos-os-servidores-da-saude\/#primaryimage\"},\"thumbnailUrl\":\"\",\"datePublished\":\"2020-07-23T13:12:29+00:00\",\"breadcrumb\":{\"@id\":\"https:\/\/cleitonpinheiro.com.br\/site\/sintras-defende-gratificacao-para-todos-os-servidores-da-saude\/#breadcrumb\"},\"inLanguage\":\"pt-BR\",\"potentialAction\":[{\"@type\":\"ReadAction\",\"target\":[\"https:\/\/cleitonpinheiro.com.br\/site\/sintras-defende-gratificacao-para-todos-os-servidores-da-saude\/\"]}]},{\"@type\":\"ImageObject\",\"inLanguage\":\"pt-BR\",\"@id\":\"https:\/\/cleitonpinheiro.com.br\/site\/sintras-defende-gratificacao-para-todos-os-servidores-da-saude\/#primaryimage\",\"url\":\"\",\"contentUrl\":\"\"},{\"@type\":\"BreadcrumbList\",\"@id\":\"https:\/\/cleitonpinheiro.com.br\/site\/sintras-defende-gratificacao-para-todos-os-servidores-da-saude\/#breadcrumb\",\"itemListElement\":[{\"@type\":\"ListItem\",\"position\":1,\"name\":\"In\u00edcio\",\"item\":\"https:\/\/cleitonpinheiro.com.br\/site\/\"},{\"@type\":\"ListItem\",\"position\":2,\"name\":\"Sintras defende gratifica\u00e7\u00e3o para todos os servidores\"}]},{\"@type\":\"WebSite\",\"@id\":\"https:\/\/cleitonpinheiro.com.br\/site\/#website\",\"url\":\"https:\/\/cleitonpinheiro.com.br\/site\/\",\"name\":\"PORTAL DE NOT\u00cdCIAS CLEITON PINHEIRO\",\"description\":\"FALANDO A VERDADE\",\"publisher\":{\"@id\":\"https:\/\/cleitonpinheiro.com.br\/site\/#organization\"},\"potentialAction\":[{\"@type\":\"SearchAction\",\"target\":{\"@type\":\"EntryPoint\",\"urlTemplate\":\"https:\/\/cleitonpinheiro.com.br\/site\/?s={search_term_string}\"},\"query-input\":{\"@type\":\"PropertyValueSpecification\",\"valueRequired\":true,\"valueName\":\"search_term_string\"}}],\"inLanguage\":\"pt-BR\"},{\"@type\":\"Organization\",\"@id\":\"https:\/\/cleitonpinheiro.com.br\/site\/#organization\",\"name\":\"CPNOT\u00cdCIAS\",\"url\":\"https:\/\/cleitonpinheiro.com.br\/site\/\",\"logo\":{\"@type\":\"ImageObject\",\"inLanguage\":\"pt-BR\",\"@id\":\"https:\/\/cleitonpinheiro.com.br\/site\/#\/schema\/logo\/image\/\",\"url\":\"https:\/\/cleitonpinheiro.com.br\/site\/wp-content\/uploads\/2022\/08\/Logo-pequena-2.png\",\"contentUrl\":\"https:\/\/cleitonpinheiro.com.br\/site\/wp-content\/uploads\/2022\/08\/Logo-pequena-2.png\",\"width\":500,\"height\":500,\"caption\":\"CPNOT\u00cdCIAS\"},\"image\":{\"@id\":\"https:\/\/cleitonpinheiro.com.br\/site\/#\/schema\/logo\/image\/\"},\"sameAs\":[\"https:\/\/www.facebook.com\/portalcpnoticias\/\"]},{\"@type\":\"Person\",\"@id\":\"https:\/\/cleitonpinheiro.com.br\/site\/#\/schema\/person\/aac6d7f311e80c43042e98a900b03cd8\",\"name\":\"Dermival Pereira\",\"image\":{\"@type\":\"ImageObject\",\"inLanguage\":\"pt-BR\",\"@id\":\"https:\/\/cleitonpinheiro.com.br\/site\/#\/schema\/person\/image\/\",\"url\":\"https:\/\/secure.gravatar.com\/avatar\/cfaebf3742d6bf8db728bcba3eed6bee37b02337a2e6c822994f20ca72a3784d?s=96&r=g\",\"contentUrl\":\"https:\/\/secure.gravatar.com\/avatar\/cfaebf3742d6bf8db728bcba3eed6bee37b02337a2e6c822994f20ca72a3784d?s=96&r=g\",\"caption\":\"Dermival Pereira\"},\"url\":\"https:\/\/cleitonpinheiro.com.br\/site\/author\/dermival\/\"}]}<\/script>\n<!-- \/ Yoast SEO plugin. -->","yoast_head_json":{"title":"Sintras defende gratifica\u00e7\u00e3o para todos os servidores - PORTAL DE NOT\u00cdCIAS CLEITON PINHEIRO","robots":{"index":"index","follow":"follow","max-snippet":"max-snippet:-1","max-image-preview":"max-image-preview:large","max-video-preview":"max-video-preview:-1"},"canonical":"https:\/\/cleitonpinheiro.com.br\/site\/sintras-defende-gratificacao-para-todos-os-servidores-da-saude\/","og_locale":"pt_BR","og_type":"article","og_title":"Sintras defende gratifica\u00e7\u00e3o para todos os servidores - PORTAL DE NOT\u00cdCIAS CLEITON PINHEIRO","og_description":"Da Reda\u00e7\u00e3o do CP Not\u00edcias O Governo do Tocantins publicou no Di\u00e1rio Oficial do Estado (DOE), na edi\u00e7\u00e3o dessa quarta-feira, 22, a lei 3.705, instituindo a Indeniza\u00e7\u00e3o Extraordin\u00e1ria de combate \u00e0 covid-19 para parte dos servidores que laboram nas unidades hospitalares. Conforme a publica\u00e7\u00e3o esta gratifica\u00e7\u00e3o, de natureza tempor\u00e1ria, que ser\u00e1 disposta somente no per\u00edodo [&hellip;]","og_url":"https:\/\/cleitonpinheiro.com.br\/site\/sintras-defende-gratificacao-para-todos-os-servidores-da-saude\/","og_site_name":"PORTAL DE NOT\u00cdCIAS CLEITON PINHEIRO","article_publisher":"https:\/\/www.facebook.com\/portalcpnoticias\/","article_published_time":"2020-07-23T13:12:29+00:00","author":"Dermival Pereira","twitter_card":"summary_large_image","twitter_misc":{"Escrito por":"Dermival Pereira","Est. tempo de leitura":"2 minutos"},"schema":{"@context":"https:\/\/schema.org","@graph":[{"@type":"Article","@id":"https:\/\/cleitonpinheiro.com.br\/site\/sintras-defende-gratificacao-para-todos-os-servidores-da-saude\/#article","isPartOf":{"@id":"https:\/\/cleitonpinheiro.com.br\/site\/sintras-defende-gratificacao-para-todos-os-servidores-da-saude\/"},"author":{"name":"Dermival Pereira","@id":"https:\/\/cleitonpinheiro.com.br\/site\/#\/schema\/person\/aac6d7f311e80c43042e98a900b03cd8"},"headline":"Sintras defende gratifica\u00e7\u00e3o para todos os servidores","datePublished":"2020-07-23T13:12:29+00:00","mainEntityOfPage":{"@id":"https:\/\/cleitonpinheiro.com.br\/site\/sintras-defende-gratificacao-para-todos-os-servidores-da-saude\/"},"wordCount":426,"commentCount":0,"publisher":{"@id":"https:\/\/cleitonpinheiro.com.br\/site\/#organization"},"image":{"@id":"https:\/\/cleitonpinheiro.com.br\/site\/sintras-defende-gratificacao-para-todos-os-servidores-da-saude\/#primaryimage"},"thumbnailUrl":"","articleSection":["COLUNAS","FUNCIONALISMO","NOT\u00cdCIAS EM DESTAQUE"],"inLanguage":"pt-BR","potentialAction":[{"@type":"CommentAction","name":"Comment","target":["https:\/\/cleitonpinheiro.com.br\/site\/sintras-defende-gratificacao-para-todos-os-servidores-da-saude\/#respond"]}]},{"@type":"WebPage","@id":"https:\/\/cleitonpinheiro.com.br\/site\/sintras-defende-gratificacao-para-todos-os-servidores-da-saude\/","url":"https:\/\/cleitonpinheiro.com.br\/site\/sintras-defende-gratificacao-para-todos-os-servidores-da-saude\/","name":"Sintras defende gratifica\u00e7\u00e3o para todos os servidores - PORTAL DE NOT\u00cdCIAS CLEITON PINHEIRO","isPartOf":{"@id":"https:\/\/cleitonpinheiro.com.br\/site\/#website"},"primaryImageOfPage":{"@id":"https:\/\/cleitonpinheiro.com.br\/site\/sintras-defende-gratificacao-para-todos-os-servidores-da-saude\/#primaryimage"},"image":{"@id":"https:\/\/cleitonpinheiro.com.br\/site\/sintras-defende-gratificacao-para-todos-os-servidores-da-saude\/#primaryimage"},"thumbnailUrl":"","datePublished":"2020-07-23T13:12:29+00:00","breadcrumb":{"@id":"https:\/\/cleitonpinheiro.com.br\/site\/sintras-defende-gratificacao-para-todos-os-servidores-da-saude\/#breadcrumb"},"inLanguage":"pt-BR","potentialAction":[{"@type":"ReadAction","target":["https:\/\/cleitonpinheiro.com.br\/site\/sintras-defende-gratificacao-para-todos-os-servidores-da-saude\/"]}]},{"@type":"ImageObject","inLanguage":"pt-BR","@id":"https:\/\/cleitonpinheiro.com.br\/site\/sintras-defende-gratificacao-para-todos-os-servidores-da-saude\/#primaryimage","url":"","contentUrl":""},{"@type":"BreadcrumbList","@id":"https:\/\/cleitonpinheiro.com.br\/site\/sintras-defende-gratificacao-para-todos-os-servidores-da-saude\/#breadcrumb","itemListElement":[{"@type":"ListItem","position":1,"name":"In\u00edcio","item":"https:\/\/cleitonpinheiro.com.br\/site\/"},{"@type":"ListItem","position":2,"name":"Sintras defende gratifica\u00e7\u00e3o para todos os servidores"}]},{"@type":"WebSite","@id":"https:\/\/cleitonpinheiro.com.br\/site\/#website","url":"https:\/\/cleitonpinheiro.com.br\/site\/","name":"PORTAL DE NOT\u00cdCIAS CLEITON PINHEIRO","description":"FALANDO A VERDADE","publisher":{"@id":"https:\/\/cleitonpinheiro.com.br\/site\/#organization"},"potentialAction":[{"@type":"SearchAction","target":{"@type":"EntryPoint","urlTemplate":"https:\/\/cleitonpinheiro.com.br\/site\/?s={search_term_string}"},"query-input":{"@type":"PropertyValueSpecification","valueRequired":true,"valueName":"search_term_string"}}],"inLanguage":"pt-BR"},{"@type":"Organization","@id":"https:\/\/cleitonpinheiro.com.br\/site\/#organization","name":"CPNOT\u00cdCIAS","url":"https:\/\/cleitonpinheiro.com.br\/site\/","logo":{"@type":"ImageObject","inLanguage":"pt-BR","@id":"https:\/\/cleitonpinheiro.com.br\/site\/#\/schema\/logo\/image\/","url":"https:\/\/cleitonpinheiro.com.br\/site\/wp-content\/uploads\/2022\/08\/Logo-pequena-2.png","contentUrl":"https:\/\/cleitonpinheiro.com.br\/site\/wp-content\/uploads\/2022\/08\/Logo-pequena-2.png","width":500,"height":500,"caption":"CPNOT\u00cdCIAS"},"image":{"@id":"https:\/\/cleitonpinheiro.com.br\/site\/#\/schema\/logo\/image\/"},"sameAs":["https:\/\/www.facebook.com\/portalcpnoticias\/"]},{"@type":"Person","@id":"https:\/\/cleitonpinheiro.com.br\/site\/#\/schema\/person\/aac6d7f311e80c43042e98a900b03cd8","name":"Dermival Pereira","image":{"@type":"ImageObject","inLanguage":"pt-BR","@id":"https:\/\/cleitonpinheiro.com.br\/site\/#\/schema\/person\/image\/","url":"https:\/\/secure.gravatar.com\/avatar\/cfaebf3742d6bf8db728bcba3eed6bee37b02337a2e6c822994f20ca72a3784d?s=96&r=g","contentUrl":"https:\/\/secure.gravatar.com\/avatar\/cfaebf3742d6bf8db728bcba3eed6bee37b02337a2e6c822994f20ca72a3784d?s=96&r=g","caption":"Dermival Pereira"},"url":"https:\/\/cleitonpinheiro.com.br\/site\/author\/dermival\/"}]}},"views":118,"_links":{"self":[{"href":"https:\/\/cleitonpinheiro.com.br\/site\/wp-json\/wp\/v2\/posts\/34354","targetHints":{"allow":["GET"]}}],"collection":[{"href":"https:\/\/cleitonpinheiro.com.br\/site\/wp-json\/wp\/v2\/posts"}],"about":[{"href":"https:\/\/cleitonpinheiro.com.br\/site\/wp-json\/wp\/v2\/types\/post"}],"author":[{"embeddable":true,"href":"https:\/\/cleitonpinheiro.com.br\/site\/wp-json\/wp\/v2\/users\/4"}],"replies":[{"embeddable":true,"href":"https:\/\/cleitonpinheiro.com.br\/site\/wp-json\/wp\/v2\/comments?post=34354"}],"version-history":[{"count":0,"href":"https:\/\/cleitonpinheiro.com.br\/site\/wp-json\/wp\/v2\/posts\/34354\/revisions"}],"wp:featuredmedia":[{"embeddable":true,"href":"https:\/\/cleitonpinheiro.com.br\/site\/wp-json\/"}],"wp:attachment":[{"href":"https:\/\/cleitonpinheiro.com.br\/site\/wp-json\/wp\/v2\/media?parent=34354"}],"wp:term":[{"taxonomy":"category","embeddable":true,"href":"https:\/\/cleitonpinheiro.com.br\/site\/wp-json\/wp\/v2\/categories?post=34354"},{"taxonomy":"post_tag","embeddable":true,"href":"https:\/\/cleitonpinheiro.com.br\/site\/wp-json\/wp\/v2\/tags?post=34354"}],"curies":[{"name":"wp","href":"https:\/\/api.w.org\/{rel}","templated":true}]}}