{"id":34362,"date":"2020-07-23T11:10:37","date_gmt":"2020-07-23T14:10:37","guid":{"rendered":"https:\/\/cleitonpinheiro.com.br\/portal\/?p=34362"},"modified":"2020-07-23T11:10:37","modified_gmt":"2020-07-23T14:10:37","slug":"sisepe-to-sindicalizado-tem-sua-progressao-publicada-por-determinacao-judicial","status":"publish","type":"post","link":"https:\/\/cleitonpinheiro.com.br\/site\/sisepe-to-sindicalizado-tem-sua-progressao-publicada-por-determinacao-judicial\/","title":{"rendered":"Sindicalizado do SISEPE-TO tem progress\u00e3o publicada"},"content":{"rendered":"\n<p><em><strong>Da Reda\u00e7\u00e3o do CP Not\u00edcias<\/strong><\/em><\/p>\n\n\n<p>Por determina\u00e7\u00e3o judicial, em a\u00e7\u00e3o ingressada pelo SISEPE-TO, o governo do Estado concedeu a progress\u00e3o horizontal para o padr\u00e3o\/refer\u00eancia III-J, a partir de 1\u00ba de dezembro de 2016. O extensionista rural teve o seu direito reconhecido em publica\u00e7\u00e3o no Di\u00e1rio Oficial do Estado n\u00ba 5.646, de 20 de julho deste ano.<\/p>\n\n\n<figure class=\"wp-block-image size-large\"><img decoding=\"async\" src=\"https:\/\/cleitonpinheiro.com.br\/portal\/wp-content\/uploads\/2020\/06\/Sisepeeditadooo.jpg\" alt=\"\" class=\"wp-image-31805\"\/><\/figure>\n\n\n<p>O sindicalizado \u00e9 um dos benefici\u00e1rios do Mandado de Seguran\u00e7a Coletivo ingressado pelo SISEPE-TO para garantir as progress\u00f5es horizontal e vertical, publicadas nos anexos I e II, do Ato n\u00ba 1, publicado no Di\u00e1rio Oficial do Estado n\u00ba 5.034, de 18 de janeiro de 2018.<\/p>\n\n\n<p>Al\u00e9m da implementa\u00e7\u00e3o da progress\u00e3o, o servidor p\u00fablico receber\u00e1 cerca de R$ 7,5 mil em retroativo pelo atraso na implementa\u00e7\u00e3o da evolu\u00e7\u00e3o funcional.<\/p>\n\n\n<p>O SISEPE-TO orienta aos sindicalizados que procurem o Sindicato para providenciar os documentos necess\u00e1rios. Vale ressaltar que, em raz\u00e3o da pandemia da Covid-19, os colaboradores do SISEPE-TO est\u00e3o trabalhando em home office, com o atendimento presencial suspenso e os contatos est\u00e3o sendo realizados via e-mail e WhatsApp. Entre em contato pelo e-mail l atendimento@sisepe-to.org.br ou pelo WhatsApp 63 99239-4990. Ou entre no site do SISEPE-TO e veja os demais contatos dispon\u00edveis. <em><strong>(Fonte: Ascom do SISEPE-TO).<\/strong><\/em><\/p>\n","protected":false},"excerpt":{"rendered":"<p>Da Reda\u00e7\u00e3o do CP Not\u00edcias Por determina\u00e7\u00e3o judicial, em a\u00e7\u00e3o ingressada pelo SISEPE-TO, o governo do Estado concedeu a progress\u00e3o horizontal para o padr\u00e3o\/refer\u00eancia III-J, a partir de 1\u00ba de dezembro de 2016. O extensionista rural teve o seu direito reconhecido em publica\u00e7\u00e3o no Di\u00e1rio Oficial do Estado n\u00ba 5.646, de 20 de julho deste [&hellip;]<\/p>\n","protected":false},"author":4,"featured_media":31635,"comment_status":"open","ping_status":"open","sticky":false,"template":"","format":"standard","meta":{"_acf_changed":false,"footnotes":""},"categories":[24,25,20],"tags":[],"class_list":["post-34362","post","type-post","status-publish","format-standard","has-post-thumbnail","hentry","category-colunas","category-funcionalismo","category-noticias-em-destaque"],"acf":[],"yoast_head":"<!-- This site is optimized with the Yoast SEO plugin v24.4 - https:\/\/yoast.com\/wordpress\/plugins\/seo\/ -->\n<title>Sindicalizado do SISEPE-TO tem progress\u00e3o publicada - PORTAL DE NOT\u00cdCIAS CLEITON PINHEIRO<\/title>\n<meta name=\"robots\" content=\"index, follow, max-snippet:-1, max-image-preview:large, max-video-preview:-1\" \/>\n<link rel=\"canonical\" href=\"https:\/\/cleitonpinheiro.com.br\/site\/sisepe-to-sindicalizado-tem-sua-progressao-publicada-por-determinacao-judicial\/\" \/>\n<meta property=\"og:locale\" content=\"pt_BR\" \/>\n<meta property=\"og:type\" content=\"article\" \/>\n<meta property=\"og:title\" content=\"Sindicalizado do SISEPE-TO tem progress\u00e3o publicada - PORTAL DE NOT\u00cdCIAS CLEITON PINHEIRO\" \/>\n<meta property=\"og:description\" content=\"Da Reda\u00e7\u00e3o do CP Not\u00edcias Por determina\u00e7\u00e3o judicial, em a\u00e7\u00e3o ingressada pelo SISEPE-TO, o governo do Estado concedeu a progress\u00e3o horizontal para o padr\u00e3o\/refer\u00eancia III-J, a partir de 1\u00ba de dezembro de 2016. O extensionista rural teve o seu direito reconhecido em publica\u00e7\u00e3o no Di\u00e1rio Oficial do Estado n\u00ba 5.646, de 20 de julho deste [&hellip;]\" \/>\n<meta property=\"og:url\" content=\"https:\/\/cleitonpinheiro.com.br\/site\/sisepe-to-sindicalizado-tem-sua-progressao-publicada-por-determinacao-judicial\/\" \/>\n<meta property=\"og:site_name\" content=\"PORTAL DE NOT\u00cdCIAS CLEITON PINHEIRO\" \/>\n<meta property=\"article:publisher\" content=\"https:\/\/www.facebook.com\/portalcpnoticias\/\" \/>\n<meta property=\"article:published_time\" content=\"2020-07-23T14:10:37+00:00\" \/>\n<meta name=\"author\" content=\"Dermival Pereira\" \/>\n<meta name=\"twitter:card\" content=\"summary_large_image\" \/>\n<meta name=\"twitter:label1\" content=\"Escrito por\" \/>\n\t<meta name=\"twitter:data1\" content=\"Dermival Pereira\" \/>\n\t<meta name=\"twitter:label2\" content=\"Est. tempo de leitura\" \/>\n\t<meta name=\"twitter:data2\" content=\"1 minuto\" \/>\n<script type=\"application\/ld+json\" class=\"yoast-schema-graph\">{\"@context\":\"https:\/\/schema.org\",\"@graph\":[{\"@type\":\"Article\",\"@id\":\"https:\/\/cleitonpinheiro.com.br\/site\/sisepe-to-sindicalizado-tem-sua-progressao-publicada-por-determinacao-judicial\/#article\",\"isPartOf\":{\"@id\":\"https:\/\/cleitonpinheiro.com.br\/site\/sisepe-to-sindicalizado-tem-sua-progressao-publicada-por-determinacao-judicial\/\"},\"author\":{\"name\":\"Dermival Pereira\",\"@id\":\"https:\/\/cleitonpinheiro.com.br\/site\/#\/schema\/person\/aac6d7f311e80c43042e98a900b03cd8\"},\"headline\":\"Sindicalizado do SISEPE-TO tem progress\u00e3o publicada\",\"datePublished\":\"2020-07-23T14:10:37+00:00\",\"mainEntityOfPage\":{\"@id\":\"https:\/\/cleitonpinheiro.com.br\/site\/sisepe-to-sindicalizado-tem-sua-progressao-publicada-por-determinacao-judicial\/\"},\"wordCount\":223,\"commentCount\":0,\"publisher\":{\"@id\":\"https:\/\/cleitonpinheiro.com.br\/site\/#organization\"},\"image\":{\"@id\":\"https:\/\/cleitonpinheiro.com.br\/site\/sisepe-to-sindicalizado-tem-sua-progressao-publicada-por-determinacao-judicial\/#primaryimage\"},\"thumbnailUrl\":\"\",\"articleSection\":[\"COLUNAS\",\"FUNCIONALISMO\",\"NOT\u00cdCIAS EM DESTAQUE\"],\"inLanguage\":\"pt-BR\",\"potentialAction\":[{\"@type\":\"CommentAction\",\"name\":\"Comment\",\"target\":[\"https:\/\/cleitonpinheiro.com.br\/site\/sisepe-to-sindicalizado-tem-sua-progressao-publicada-por-determinacao-judicial\/#respond\"]}]},{\"@type\":\"WebPage\",\"@id\":\"https:\/\/cleitonpinheiro.com.br\/site\/sisepe-to-sindicalizado-tem-sua-progressao-publicada-por-determinacao-judicial\/\",\"url\":\"https:\/\/cleitonpinheiro.com.br\/site\/sisepe-to-sindicalizado-tem-sua-progressao-publicada-por-determinacao-judicial\/\",\"name\":\"Sindicalizado do SISEPE-TO tem progress\u00e3o publicada - PORTAL DE NOT\u00cdCIAS CLEITON PINHEIRO\",\"isPartOf\":{\"@id\":\"https:\/\/cleitonpinheiro.com.br\/site\/#website\"},\"primaryImageOfPage\":{\"@id\":\"https:\/\/cleitonpinheiro.com.br\/site\/sisepe-to-sindicalizado-tem-sua-progressao-publicada-por-determinacao-judicial\/#primaryimage\"},\"image\":{\"@id\":\"https:\/\/cleitonpinheiro.com.br\/site\/sisepe-to-sindicalizado-tem-sua-progressao-publicada-por-determinacao-judicial\/#primaryimage\"},\"thumbnailUrl\":\"\",\"datePublished\":\"2020-07-23T14:10:37+00:00\",\"breadcrumb\":{\"@id\":\"https:\/\/cleitonpinheiro.com.br\/site\/sisepe-to-sindicalizado-tem-sua-progressao-publicada-por-determinacao-judicial\/#breadcrumb\"},\"inLanguage\":\"pt-BR\",\"potentialAction\":[{\"@type\":\"ReadAction\",\"target\":[\"https:\/\/cleitonpinheiro.com.br\/site\/sisepe-to-sindicalizado-tem-sua-progressao-publicada-por-determinacao-judicial\/\"]}]},{\"@type\":\"ImageObject\",\"inLanguage\":\"pt-BR\",\"@id\":\"https:\/\/cleitonpinheiro.com.br\/site\/sisepe-to-sindicalizado-tem-sua-progressao-publicada-por-determinacao-judicial\/#primaryimage\",\"url\":\"\",\"contentUrl\":\"\"},{\"@type\":\"BreadcrumbList\",\"@id\":\"https:\/\/cleitonpinheiro.com.br\/site\/sisepe-to-sindicalizado-tem-sua-progressao-publicada-por-determinacao-judicial\/#breadcrumb\",\"itemListElement\":[{\"@type\":\"ListItem\",\"position\":1,\"name\":\"In\u00edcio\",\"item\":\"https:\/\/cleitonpinheiro.com.br\/site\/\"},{\"@type\":\"ListItem\",\"position\":2,\"name\":\"Sindicalizado do SISEPE-TO tem progress\u00e3o publicada\"}]},{\"@type\":\"WebSite\",\"@id\":\"https:\/\/cleitonpinheiro.com.br\/site\/#website\",\"url\":\"https:\/\/cleitonpinheiro.com.br\/site\/\",\"name\":\"PORTAL DE NOT\u00cdCIAS CLEITON PINHEIRO\",\"description\":\"FALANDO A VERDADE\",\"publisher\":{\"@id\":\"https:\/\/cleitonpinheiro.com.br\/site\/#organization\"},\"potentialAction\":[{\"@type\":\"SearchAction\",\"target\":{\"@type\":\"EntryPoint\",\"urlTemplate\":\"https:\/\/cleitonpinheiro.com.br\/site\/?s={search_term_string}\"},\"query-input\":{\"@type\":\"PropertyValueSpecification\",\"valueRequired\":true,\"valueName\":\"search_term_string\"}}],\"inLanguage\":\"pt-BR\"},{\"@type\":\"Organization\",\"@id\":\"https:\/\/cleitonpinheiro.com.br\/site\/#organization\",\"name\":\"CPNOT\u00cdCIAS\",\"url\":\"https:\/\/cleitonpinheiro.com.br\/site\/\",\"logo\":{\"@type\":\"ImageObject\",\"inLanguage\":\"pt-BR\",\"@id\":\"https:\/\/cleitonpinheiro.com.br\/site\/#\/schema\/logo\/image\/\",\"url\":\"https:\/\/cleitonpinheiro.com.br\/site\/wp-content\/uploads\/2022\/08\/Logo-pequena-2.png\",\"contentUrl\":\"https:\/\/cleitonpinheiro.com.br\/site\/wp-content\/uploads\/2022\/08\/Logo-pequena-2.png\",\"width\":500,\"height\":500,\"caption\":\"CPNOT\u00cdCIAS\"},\"image\":{\"@id\":\"https:\/\/cleitonpinheiro.com.br\/site\/#\/schema\/logo\/image\/\"},\"sameAs\":[\"https:\/\/www.facebook.com\/portalcpnoticias\/\"]},{\"@type\":\"Person\",\"@id\":\"https:\/\/cleitonpinheiro.com.br\/site\/#\/schema\/person\/aac6d7f311e80c43042e98a900b03cd8\",\"name\":\"Dermival Pereira\",\"image\":{\"@type\":\"ImageObject\",\"inLanguage\":\"pt-BR\",\"@id\":\"https:\/\/cleitonpinheiro.com.br\/site\/#\/schema\/person\/image\/\",\"url\":\"https:\/\/secure.gravatar.com\/avatar\/cfaebf3742d6bf8db728bcba3eed6bee37b02337a2e6c822994f20ca72a3784d?s=96&r=g\",\"contentUrl\":\"https:\/\/secure.gravatar.com\/avatar\/cfaebf3742d6bf8db728bcba3eed6bee37b02337a2e6c822994f20ca72a3784d?s=96&r=g\",\"caption\":\"Dermival Pereira\"},\"url\":\"https:\/\/cleitonpinheiro.com.br\/site\/author\/dermival\/\"}]}<\/script>\n<!-- \/ Yoast SEO plugin. -->","yoast_head_json":{"title":"Sindicalizado do SISEPE-TO tem progress\u00e3o publicada - PORTAL DE NOT\u00cdCIAS CLEITON PINHEIRO","robots":{"index":"index","follow":"follow","max-snippet":"max-snippet:-1","max-image-preview":"max-image-preview:large","max-video-preview":"max-video-preview:-1"},"canonical":"https:\/\/cleitonpinheiro.com.br\/site\/sisepe-to-sindicalizado-tem-sua-progressao-publicada-por-determinacao-judicial\/","og_locale":"pt_BR","og_type":"article","og_title":"Sindicalizado do SISEPE-TO tem progress\u00e3o publicada - PORTAL DE NOT\u00cdCIAS CLEITON PINHEIRO","og_description":"Da Reda\u00e7\u00e3o do CP Not\u00edcias Por determina\u00e7\u00e3o judicial, em a\u00e7\u00e3o ingressada pelo SISEPE-TO, o governo do Estado concedeu a progress\u00e3o horizontal para o padr\u00e3o\/refer\u00eancia III-J, a partir de 1\u00ba de dezembro de 2016. O extensionista rural teve o seu direito reconhecido em publica\u00e7\u00e3o no Di\u00e1rio Oficial do Estado n\u00ba 5.646, de 20 de julho deste [&hellip;]","og_url":"https:\/\/cleitonpinheiro.com.br\/site\/sisepe-to-sindicalizado-tem-sua-progressao-publicada-por-determinacao-judicial\/","og_site_name":"PORTAL DE NOT\u00cdCIAS CLEITON PINHEIRO","article_publisher":"https:\/\/www.facebook.com\/portalcpnoticias\/","article_published_time":"2020-07-23T14:10:37+00:00","author":"Dermival Pereira","twitter_card":"summary_large_image","twitter_misc":{"Escrito por":"Dermival Pereira","Est. tempo de leitura":"1 minuto"},"schema":{"@context":"https:\/\/schema.org","@graph":[{"@type":"Article","@id":"https:\/\/cleitonpinheiro.com.br\/site\/sisepe-to-sindicalizado-tem-sua-progressao-publicada-por-determinacao-judicial\/#article","isPartOf":{"@id":"https:\/\/cleitonpinheiro.com.br\/site\/sisepe-to-sindicalizado-tem-sua-progressao-publicada-por-determinacao-judicial\/"},"author":{"name":"Dermival Pereira","@id":"https:\/\/cleitonpinheiro.com.br\/site\/#\/schema\/person\/aac6d7f311e80c43042e98a900b03cd8"},"headline":"Sindicalizado do SISEPE-TO tem progress\u00e3o publicada","datePublished":"2020-07-23T14:10:37+00:00","mainEntityOfPage":{"@id":"https:\/\/cleitonpinheiro.com.br\/site\/sisepe-to-sindicalizado-tem-sua-progressao-publicada-por-determinacao-judicial\/"},"wordCount":223,"commentCount":0,"publisher":{"@id":"https:\/\/cleitonpinheiro.com.br\/site\/#organization"},"image":{"@id":"https:\/\/cleitonpinheiro.com.br\/site\/sisepe-to-sindicalizado-tem-sua-progressao-publicada-por-determinacao-judicial\/#primaryimage"},"thumbnailUrl":"","articleSection":["COLUNAS","FUNCIONALISMO","NOT\u00cdCIAS EM DESTAQUE"],"inLanguage":"pt-BR","potentialAction":[{"@type":"CommentAction","name":"Comment","target":["https:\/\/cleitonpinheiro.com.br\/site\/sisepe-to-sindicalizado-tem-sua-progressao-publicada-por-determinacao-judicial\/#respond"]}]},{"@type":"WebPage","@id":"https:\/\/cleitonpinheiro.com.br\/site\/sisepe-to-sindicalizado-tem-sua-progressao-publicada-por-determinacao-judicial\/","url":"https:\/\/cleitonpinheiro.com.br\/site\/sisepe-to-sindicalizado-tem-sua-progressao-publicada-por-determinacao-judicial\/","name":"Sindicalizado do SISEPE-TO tem progress\u00e3o publicada - PORTAL DE NOT\u00cdCIAS CLEITON PINHEIRO","isPartOf":{"@id":"https:\/\/cleitonpinheiro.com.br\/site\/#website"},"primaryImageOfPage":{"@id":"https:\/\/cleitonpinheiro.com.br\/site\/sisepe-to-sindicalizado-tem-sua-progressao-publicada-por-determinacao-judicial\/#primaryimage"},"image":{"@id":"https:\/\/cleitonpinheiro.com.br\/site\/sisepe-to-sindicalizado-tem-sua-progressao-publicada-por-determinacao-judicial\/#primaryimage"},"thumbnailUrl":"","datePublished":"2020-07-23T14:10:37+00:00","breadcrumb":{"@id":"https:\/\/cleitonpinheiro.com.br\/site\/sisepe-to-sindicalizado-tem-sua-progressao-publicada-por-determinacao-judicial\/#breadcrumb"},"inLanguage":"pt-BR","potentialAction":[{"@type":"ReadAction","target":["https:\/\/cleitonpinheiro.com.br\/site\/sisepe-to-sindicalizado-tem-sua-progressao-publicada-por-determinacao-judicial\/"]}]},{"@type":"ImageObject","inLanguage":"pt-BR","@id":"https:\/\/cleitonpinheiro.com.br\/site\/sisepe-to-sindicalizado-tem-sua-progressao-publicada-por-determinacao-judicial\/#primaryimage","url":"","contentUrl":""},{"@type":"BreadcrumbList","@id":"https:\/\/cleitonpinheiro.com.br\/site\/sisepe-to-sindicalizado-tem-sua-progressao-publicada-por-determinacao-judicial\/#breadcrumb","itemListElement":[{"@type":"ListItem","position":1,"name":"In\u00edcio","item":"https:\/\/cleitonpinheiro.com.br\/site\/"},{"@type":"ListItem","position":2,"name":"Sindicalizado do SISEPE-TO tem progress\u00e3o publicada"}]},{"@type":"WebSite","@id":"https:\/\/cleitonpinheiro.com.br\/site\/#website","url":"https:\/\/cleitonpinheiro.com.br\/site\/","name":"PORTAL DE NOT\u00cdCIAS CLEITON PINHEIRO","description":"FALANDO A VERDADE","publisher":{"@id":"https:\/\/cleitonpinheiro.com.br\/site\/#organization"},"potentialAction":[{"@type":"SearchAction","target":{"@type":"EntryPoint","urlTemplate":"https:\/\/cleitonpinheiro.com.br\/site\/?s={search_term_string}"},"query-input":{"@type":"PropertyValueSpecification","valueRequired":true,"valueName":"search_term_string"}}],"inLanguage":"pt-BR"},{"@type":"Organization","@id":"https:\/\/cleitonpinheiro.com.br\/site\/#organization","name":"CPNOT\u00cdCIAS","url":"https:\/\/cleitonpinheiro.com.br\/site\/","logo":{"@type":"ImageObject","inLanguage":"pt-BR","@id":"https:\/\/cleitonpinheiro.com.br\/site\/#\/schema\/logo\/image\/","url":"https:\/\/cleitonpinheiro.com.br\/site\/wp-content\/uploads\/2022\/08\/Logo-pequena-2.png","contentUrl":"https:\/\/cleitonpinheiro.com.br\/site\/wp-content\/uploads\/2022\/08\/Logo-pequena-2.png","width":500,"height":500,"caption":"CPNOT\u00cdCIAS"},"image":{"@id":"https:\/\/cleitonpinheiro.com.br\/site\/#\/schema\/logo\/image\/"},"sameAs":["https:\/\/www.facebook.com\/portalcpnoticias\/"]},{"@type":"Person","@id":"https:\/\/cleitonpinheiro.com.br\/site\/#\/schema\/person\/aac6d7f311e80c43042e98a900b03cd8","name":"Dermival Pereira","image":{"@type":"ImageObject","inLanguage":"pt-BR","@id":"https:\/\/cleitonpinheiro.com.br\/site\/#\/schema\/person\/image\/","url":"https:\/\/secure.gravatar.com\/avatar\/cfaebf3742d6bf8db728bcba3eed6bee37b02337a2e6c822994f20ca72a3784d?s=96&r=g","contentUrl":"https:\/\/secure.gravatar.com\/avatar\/cfaebf3742d6bf8db728bcba3eed6bee37b02337a2e6c822994f20ca72a3784d?s=96&r=g","caption":"Dermival Pereira"},"url":"https:\/\/cleitonpinheiro.com.br\/site\/author\/dermival\/"}]}},"views":118,"_links":{"self":[{"href":"https:\/\/cleitonpinheiro.com.br\/site\/wp-json\/wp\/v2\/posts\/34362","targetHints":{"allow":["GET"]}}],"collection":[{"href":"https:\/\/cleitonpinheiro.com.br\/site\/wp-json\/wp\/v2\/posts"}],"about":[{"href":"https:\/\/cleitonpinheiro.com.br\/site\/wp-json\/wp\/v2\/types\/post"}],"author":[{"embeddable":true,"href":"https:\/\/cleitonpinheiro.com.br\/site\/wp-json\/wp\/v2\/users\/4"}],"replies":[{"embeddable":true,"href":"https:\/\/cleitonpinheiro.com.br\/site\/wp-json\/wp\/v2\/comments?post=34362"}],"version-history":[{"count":0,"href":"https:\/\/cleitonpinheiro.com.br\/site\/wp-json\/wp\/v2\/posts\/34362\/revisions"}],"wp:featuredmedia":[{"embeddable":true,"href":"https:\/\/cleitonpinheiro.com.br\/site\/wp-json\/"}],"wp:attachment":[{"href":"https:\/\/cleitonpinheiro.com.br\/site\/wp-json\/wp\/v2\/media?parent=34362"}],"wp:term":[{"taxonomy":"category","embeddable":true,"href":"https:\/\/cleitonpinheiro.com.br\/site\/wp-json\/wp\/v2\/categories?post=34362"},{"taxonomy":"post_tag","embeddable":true,"href":"https:\/\/cleitonpinheiro.com.br\/site\/wp-json\/wp\/v2\/tags?post=34362"}],"curies":[{"name":"wp","href":"https:\/\/api.w.org\/{rel}","templated":true}]}}