{"id":34371,"date":"2020-07-23T14:20:25","date_gmt":"2020-07-23T17:20:25","guid":{"rendered":"https:\/\/cleitonpinheiro.com.br\/portal\/?p=34371"},"modified":"2020-07-23T14:20:25","modified_gmt":"2020-07-23T17:20:25","slug":"acusada-de-matar-idoso-de-72-anos-e-presa-pela-policia-civil-na-zona-rural-de-palmas","status":"publish","type":"post","link":"https:\/\/cleitonpinheiro.com.br\/site\/acusada-de-matar-idoso-de-72-anos-e-presa-pela-policia-civil-na-zona-rural-de-palmas\/","title":{"rendered":"Acusada de matar idoso de 72 anos \u00e9 presa em Palmas"},"content":{"rendered":"\n<p><strong><em>Da Reda\u00e7\u00e3o do CP Not\u00edcias<\/em><\/strong><\/p>\n\n\n<figure class=\"wp-block-image size-large\"><img decoding=\"async\" src=\"https:\/\/cleitonpinheiro.com.br\/portal\/wp-content\/uploads\/2020\/07\/Algemas-editadaaa.jpg\" alt=\"\" class=\"wp-image-34374\"\/><\/figure>\n\n\n<p>Policiais Civis da Delegacia Especializada de Pol\u00edcia Interestadual, Capturas e Desaparecidos (Polinter), em parceria com a 41\u00aa Delegacia de Pol\u00edcia de Colinas do Tocantins, efetuaram na manh\u00e3 desta quinta-feira, 23, a pris\u00e3o de uma mulher de 19 anos de idade. Ela \u00e9 apontada como suposta autora do crime de homic\u00eddio qualificado, ocorrido em abril deste ano, naquele munic\u00edpio. A mulher n\u00e3o teve o nome revelado pela Pol\u00edcia Civil. <\/p>\n\n\n<p><em><strong>A mulher foi capturada mediante mandado de pris\u00e3o preventiva expedido pela Comarca de Colinas em uma institui\u00e7\u00e3o feminina que trata depend\u00eancia de drogas, localizada na zona rural de Palmas.<\/strong><\/em><\/p>\n\n\n<p>&nbsp;De acordo com o delegado respons\u00e1vel pelo caso, Rodrigo Saud, da 41\u00aa DP de Colinas, a mulher teria desferido golpes de faca contra um idoso de 72 anos. A v\u00edtima se encontrava no port\u00e3o de entrada da sua resid\u00eancia quando foi atingido por golpes de faca, vindo a falecer dentro do im\u00f3vel momento depois.<\/p>\n\n\n<p>O Delegado informou que a Pol\u00edcia Civil est\u00e1 investigando, por meio de inqu\u00e9rito, a motiva\u00e7\u00e3o do crime. As informa\u00e7\u00f5es preliminares apontam que, em tese, o senhor de 72 anos mantinha relacionamento amorosos com diversas mulheres mais jovens e a mulher de 19 anos seria, supostamente, uma delas.<\/p>\n\n\n<p>&nbsp;A mulher foi conduzida \u00e0 Polinter e, ap\u00f3s os procedimentos legais cab\u00edveis, foi recolhida \u00e0 Unidade Prisional Feminina de Lajeado, onde permanecer\u00e1 \u00e0 disposi\u00e7\u00e3o do Poder Judici\u00e1rio<strong>. <em>(Fonte: Ascom da SSP-TO).<\/em><\/strong><\/p>\n","protected":false},"excerpt":{"rendered":"<p>Da Reda\u00e7\u00e3o do CP Not\u00edcias Policiais Civis da Delegacia Especializada de Pol\u00edcia Interestadual, Capturas e Desaparecidos (Polinter), em parceria com a 41\u00aa Delegacia de Pol\u00edcia de Colinas do Tocantins, efetuaram na manh\u00e3 desta quinta-feira, 23, a pris\u00e3o de uma mulher de 19 anos de idade. Ela \u00e9 apontada como suposta autora do crime de homic\u00eddio [&hellip;]<\/p>\n","protected":false},"author":4,"featured_media":34375,"comment_status":"open","ping_status":"open","sticky":false,"template":"","format":"standard","meta":{"_acf_changed":false,"footnotes":""},"categories":[22,24,20],"tags":[],"class_list":["post-34371","post","type-post","status-publish","format-standard","has-post-thumbnail","hentry","category-cidades","category-colunas","category-noticias-em-destaque"],"acf":[],"yoast_head":"<!-- This site is optimized with the Yoast SEO plugin v24.4 - https:\/\/yoast.com\/wordpress\/plugins\/seo\/ -->\n<title>Acusada de matar idoso de 72 anos \u00e9 presa em Palmas - PORTAL DE NOT\u00cdCIAS CLEITON PINHEIRO<\/title>\n<meta name=\"robots\" content=\"index, follow, max-snippet:-1, max-image-preview:large, max-video-preview:-1\" \/>\n<link rel=\"canonical\" href=\"https:\/\/cleitonpinheiro.com.br\/site\/acusada-de-matar-idoso-de-72-anos-e-presa-pela-policia-civil-na-zona-rural-de-palmas\/\" \/>\n<meta property=\"og:locale\" content=\"pt_BR\" \/>\n<meta property=\"og:type\" content=\"article\" \/>\n<meta property=\"og:title\" content=\"Acusada de matar idoso de 72 anos \u00e9 presa em Palmas - PORTAL DE NOT\u00cdCIAS CLEITON PINHEIRO\" \/>\n<meta property=\"og:description\" content=\"Da Reda\u00e7\u00e3o do CP Not\u00edcias Policiais Civis da Delegacia Especializada de Pol\u00edcia Interestadual, Capturas e Desaparecidos (Polinter), em parceria com a 41\u00aa Delegacia de Pol\u00edcia de Colinas do Tocantins, efetuaram na manh\u00e3 desta quinta-feira, 23, a pris\u00e3o de uma mulher de 19 anos de idade. Ela \u00e9 apontada como suposta autora do crime de homic\u00eddio [&hellip;]\" \/>\n<meta property=\"og:url\" content=\"https:\/\/cleitonpinheiro.com.br\/site\/acusada-de-matar-idoso-de-72-anos-e-presa-pela-policia-civil-na-zona-rural-de-palmas\/\" \/>\n<meta property=\"og:site_name\" content=\"PORTAL DE NOT\u00cdCIAS CLEITON PINHEIRO\" \/>\n<meta property=\"article:publisher\" content=\"https:\/\/www.facebook.com\/portalcpnoticias\/\" \/>\n<meta property=\"article:published_time\" content=\"2020-07-23T17:20:25+00:00\" \/>\n<meta name=\"author\" content=\"Dermival Pereira\" \/>\n<meta name=\"twitter:card\" content=\"summary_large_image\" \/>\n<meta name=\"twitter:label1\" content=\"Escrito por\" \/>\n\t<meta name=\"twitter:data1\" content=\"Dermival Pereira\" \/>\n\t<meta name=\"twitter:label2\" content=\"Est. tempo de leitura\" \/>\n\t<meta name=\"twitter:data2\" content=\"1 minuto\" \/>\n<script type=\"application\/ld+json\" class=\"yoast-schema-graph\">{\"@context\":\"https:\/\/schema.org\",\"@graph\":[{\"@type\":\"Article\",\"@id\":\"https:\/\/cleitonpinheiro.com.br\/site\/acusada-de-matar-idoso-de-72-anos-e-presa-pela-policia-civil-na-zona-rural-de-palmas\/#article\",\"isPartOf\":{\"@id\":\"https:\/\/cleitonpinheiro.com.br\/site\/acusada-de-matar-idoso-de-72-anos-e-presa-pela-policia-civil-na-zona-rural-de-palmas\/\"},\"author\":{\"name\":\"Dermival Pereira\",\"@id\":\"https:\/\/cleitonpinheiro.com.br\/site\/#\/schema\/person\/aac6d7f311e80c43042e98a900b03cd8\"},\"headline\":\"Acusada de matar idoso de 72 anos \u00e9 presa em Palmas\",\"datePublished\":\"2020-07-23T17:20:25+00:00\",\"mainEntityOfPage\":{\"@id\":\"https:\/\/cleitonpinheiro.com.br\/site\/acusada-de-matar-idoso-de-72-anos-e-presa-pela-policia-civil-na-zona-rural-de-palmas\/\"},\"wordCount\":259,\"commentCount\":0,\"publisher\":{\"@id\":\"https:\/\/cleitonpinheiro.com.br\/site\/#organization\"},\"image\":{\"@id\":\"https:\/\/cleitonpinheiro.com.br\/site\/acusada-de-matar-idoso-de-72-anos-e-presa-pela-policia-civil-na-zona-rural-de-palmas\/#primaryimage\"},\"thumbnailUrl\":\"\",\"articleSection\":[\"CIDADES\",\"COLUNAS\",\"NOT\u00cdCIAS EM DESTAQUE\"],\"inLanguage\":\"pt-BR\",\"potentialAction\":[{\"@type\":\"CommentAction\",\"name\":\"Comment\",\"target\":[\"https:\/\/cleitonpinheiro.com.br\/site\/acusada-de-matar-idoso-de-72-anos-e-presa-pela-policia-civil-na-zona-rural-de-palmas\/#respond\"]}]},{\"@type\":\"WebPage\",\"@id\":\"https:\/\/cleitonpinheiro.com.br\/site\/acusada-de-matar-idoso-de-72-anos-e-presa-pela-policia-civil-na-zona-rural-de-palmas\/\",\"url\":\"https:\/\/cleitonpinheiro.com.br\/site\/acusada-de-matar-idoso-de-72-anos-e-presa-pela-policia-civil-na-zona-rural-de-palmas\/\",\"name\":\"Acusada de matar idoso de 72 anos \u00e9 presa em Palmas - PORTAL DE NOT\u00cdCIAS CLEITON PINHEIRO\",\"isPartOf\":{\"@id\":\"https:\/\/cleitonpinheiro.com.br\/site\/#website\"},\"primaryImageOfPage\":{\"@id\":\"https:\/\/cleitonpinheiro.com.br\/site\/acusada-de-matar-idoso-de-72-anos-e-presa-pela-policia-civil-na-zona-rural-de-palmas\/#primaryimage\"},\"image\":{\"@id\":\"https:\/\/cleitonpinheiro.com.br\/site\/acusada-de-matar-idoso-de-72-anos-e-presa-pela-policia-civil-na-zona-rural-de-palmas\/#primaryimage\"},\"thumbnailUrl\":\"\",\"datePublished\":\"2020-07-23T17:20:25+00:00\",\"breadcrumb\":{\"@id\":\"https:\/\/cleitonpinheiro.com.br\/site\/acusada-de-matar-idoso-de-72-anos-e-presa-pela-policia-civil-na-zona-rural-de-palmas\/#breadcrumb\"},\"inLanguage\":\"pt-BR\",\"potentialAction\":[{\"@type\":\"ReadAction\",\"target\":[\"https:\/\/cleitonpinheiro.com.br\/site\/acusada-de-matar-idoso-de-72-anos-e-presa-pela-policia-civil-na-zona-rural-de-palmas\/\"]}]},{\"@type\":\"ImageObject\",\"inLanguage\":\"pt-BR\",\"@id\":\"https:\/\/cleitonpinheiro.com.br\/site\/acusada-de-matar-idoso-de-72-anos-e-presa-pela-policia-civil-na-zona-rural-de-palmas\/#primaryimage\",\"url\":\"\",\"contentUrl\":\"\"},{\"@type\":\"BreadcrumbList\",\"@id\":\"https:\/\/cleitonpinheiro.com.br\/site\/acusada-de-matar-idoso-de-72-anos-e-presa-pela-policia-civil-na-zona-rural-de-palmas\/#breadcrumb\",\"itemListElement\":[{\"@type\":\"ListItem\",\"position\":1,\"name\":\"In\u00edcio\",\"item\":\"https:\/\/cleitonpinheiro.com.br\/site\/\"},{\"@type\":\"ListItem\",\"position\":2,\"name\":\"Acusada de matar idoso de 72 anos \u00e9 presa em Palmas\"}]},{\"@type\":\"WebSite\",\"@id\":\"https:\/\/cleitonpinheiro.com.br\/site\/#website\",\"url\":\"https:\/\/cleitonpinheiro.com.br\/site\/\",\"name\":\"PORTAL DE NOT\u00cdCIAS CLEITON PINHEIRO\",\"description\":\"FALANDO A VERDADE\",\"publisher\":{\"@id\":\"https:\/\/cleitonpinheiro.com.br\/site\/#organization\"},\"potentialAction\":[{\"@type\":\"SearchAction\",\"target\":{\"@type\":\"EntryPoint\",\"urlTemplate\":\"https:\/\/cleitonpinheiro.com.br\/site\/?s={search_term_string}\"},\"query-input\":{\"@type\":\"PropertyValueSpecification\",\"valueRequired\":true,\"valueName\":\"search_term_string\"}}],\"inLanguage\":\"pt-BR\"},{\"@type\":\"Organization\",\"@id\":\"https:\/\/cleitonpinheiro.com.br\/site\/#organization\",\"name\":\"CPNOT\u00cdCIAS\",\"url\":\"https:\/\/cleitonpinheiro.com.br\/site\/\",\"logo\":{\"@type\":\"ImageObject\",\"inLanguage\":\"pt-BR\",\"@id\":\"https:\/\/cleitonpinheiro.com.br\/site\/#\/schema\/logo\/image\/\",\"url\":\"https:\/\/cleitonpinheiro.com.br\/site\/wp-content\/uploads\/2022\/08\/Logo-pequena-2.png\",\"contentUrl\":\"https:\/\/cleitonpinheiro.com.br\/site\/wp-content\/uploads\/2022\/08\/Logo-pequena-2.png\",\"width\":500,\"height\":500,\"caption\":\"CPNOT\u00cdCIAS\"},\"image\":{\"@id\":\"https:\/\/cleitonpinheiro.com.br\/site\/#\/schema\/logo\/image\/\"},\"sameAs\":[\"https:\/\/www.facebook.com\/portalcpnoticias\/\"]},{\"@type\":\"Person\",\"@id\":\"https:\/\/cleitonpinheiro.com.br\/site\/#\/schema\/person\/aac6d7f311e80c43042e98a900b03cd8\",\"name\":\"Dermival Pereira\",\"image\":{\"@type\":\"ImageObject\",\"inLanguage\":\"pt-BR\",\"@id\":\"https:\/\/cleitonpinheiro.com.br\/site\/#\/schema\/person\/image\/\",\"url\":\"https:\/\/secure.gravatar.com\/avatar\/cfaebf3742d6bf8db728bcba3eed6bee37b02337a2e6c822994f20ca72a3784d?s=96&r=g\",\"contentUrl\":\"https:\/\/secure.gravatar.com\/avatar\/cfaebf3742d6bf8db728bcba3eed6bee37b02337a2e6c822994f20ca72a3784d?s=96&r=g\",\"caption\":\"Dermival Pereira\"},\"url\":\"https:\/\/cleitonpinheiro.com.br\/site\/author\/dermival\/\"}]}<\/script>\n<!-- \/ Yoast SEO plugin. -->","yoast_head_json":{"title":"Acusada de matar idoso de 72 anos \u00e9 presa em Palmas - PORTAL DE NOT\u00cdCIAS CLEITON PINHEIRO","robots":{"index":"index","follow":"follow","max-snippet":"max-snippet:-1","max-image-preview":"max-image-preview:large","max-video-preview":"max-video-preview:-1"},"canonical":"https:\/\/cleitonpinheiro.com.br\/site\/acusada-de-matar-idoso-de-72-anos-e-presa-pela-policia-civil-na-zona-rural-de-palmas\/","og_locale":"pt_BR","og_type":"article","og_title":"Acusada de matar idoso de 72 anos \u00e9 presa em Palmas - PORTAL DE NOT\u00cdCIAS CLEITON PINHEIRO","og_description":"Da Reda\u00e7\u00e3o do CP Not\u00edcias Policiais Civis da Delegacia Especializada de Pol\u00edcia Interestadual, Capturas e Desaparecidos (Polinter), em parceria com a 41\u00aa Delegacia de Pol\u00edcia de Colinas do Tocantins, efetuaram na manh\u00e3 desta quinta-feira, 23, a pris\u00e3o de uma mulher de 19 anos de idade. Ela \u00e9 apontada como suposta autora do crime de homic\u00eddio [&hellip;]","og_url":"https:\/\/cleitonpinheiro.com.br\/site\/acusada-de-matar-idoso-de-72-anos-e-presa-pela-policia-civil-na-zona-rural-de-palmas\/","og_site_name":"PORTAL DE NOT\u00cdCIAS CLEITON PINHEIRO","article_publisher":"https:\/\/www.facebook.com\/portalcpnoticias\/","article_published_time":"2020-07-23T17:20:25+00:00","author":"Dermival Pereira","twitter_card":"summary_large_image","twitter_misc":{"Escrito por":"Dermival Pereira","Est. tempo de leitura":"1 minuto"},"schema":{"@context":"https:\/\/schema.org","@graph":[{"@type":"Article","@id":"https:\/\/cleitonpinheiro.com.br\/site\/acusada-de-matar-idoso-de-72-anos-e-presa-pela-policia-civil-na-zona-rural-de-palmas\/#article","isPartOf":{"@id":"https:\/\/cleitonpinheiro.com.br\/site\/acusada-de-matar-idoso-de-72-anos-e-presa-pela-policia-civil-na-zona-rural-de-palmas\/"},"author":{"name":"Dermival Pereira","@id":"https:\/\/cleitonpinheiro.com.br\/site\/#\/schema\/person\/aac6d7f311e80c43042e98a900b03cd8"},"headline":"Acusada de matar idoso de 72 anos \u00e9 presa em Palmas","datePublished":"2020-07-23T17:20:25+00:00","mainEntityOfPage":{"@id":"https:\/\/cleitonpinheiro.com.br\/site\/acusada-de-matar-idoso-de-72-anos-e-presa-pela-policia-civil-na-zona-rural-de-palmas\/"},"wordCount":259,"commentCount":0,"publisher":{"@id":"https:\/\/cleitonpinheiro.com.br\/site\/#organization"},"image":{"@id":"https:\/\/cleitonpinheiro.com.br\/site\/acusada-de-matar-idoso-de-72-anos-e-presa-pela-policia-civil-na-zona-rural-de-palmas\/#primaryimage"},"thumbnailUrl":"","articleSection":["CIDADES","COLUNAS","NOT\u00cdCIAS EM DESTAQUE"],"inLanguage":"pt-BR","potentialAction":[{"@type":"CommentAction","name":"Comment","target":["https:\/\/cleitonpinheiro.com.br\/site\/acusada-de-matar-idoso-de-72-anos-e-presa-pela-policia-civil-na-zona-rural-de-palmas\/#respond"]}]},{"@type":"WebPage","@id":"https:\/\/cleitonpinheiro.com.br\/site\/acusada-de-matar-idoso-de-72-anos-e-presa-pela-policia-civil-na-zona-rural-de-palmas\/","url":"https:\/\/cleitonpinheiro.com.br\/site\/acusada-de-matar-idoso-de-72-anos-e-presa-pela-policia-civil-na-zona-rural-de-palmas\/","name":"Acusada de matar idoso de 72 anos \u00e9 presa em Palmas - PORTAL DE NOT\u00cdCIAS CLEITON PINHEIRO","isPartOf":{"@id":"https:\/\/cleitonpinheiro.com.br\/site\/#website"},"primaryImageOfPage":{"@id":"https:\/\/cleitonpinheiro.com.br\/site\/acusada-de-matar-idoso-de-72-anos-e-presa-pela-policia-civil-na-zona-rural-de-palmas\/#primaryimage"},"image":{"@id":"https:\/\/cleitonpinheiro.com.br\/site\/acusada-de-matar-idoso-de-72-anos-e-presa-pela-policia-civil-na-zona-rural-de-palmas\/#primaryimage"},"thumbnailUrl":"","datePublished":"2020-07-23T17:20:25+00:00","breadcrumb":{"@id":"https:\/\/cleitonpinheiro.com.br\/site\/acusada-de-matar-idoso-de-72-anos-e-presa-pela-policia-civil-na-zona-rural-de-palmas\/#breadcrumb"},"inLanguage":"pt-BR","potentialAction":[{"@type":"ReadAction","target":["https:\/\/cleitonpinheiro.com.br\/site\/acusada-de-matar-idoso-de-72-anos-e-presa-pela-policia-civil-na-zona-rural-de-palmas\/"]}]},{"@type":"ImageObject","inLanguage":"pt-BR","@id":"https:\/\/cleitonpinheiro.com.br\/site\/acusada-de-matar-idoso-de-72-anos-e-presa-pela-policia-civil-na-zona-rural-de-palmas\/#primaryimage","url":"","contentUrl":""},{"@type":"BreadcrumbList","@id":"https:\/\/cleitonpinheiro.com.br\/site\/acusada-de-matar-idoso-de-72-anos-e-presa-pela-policia-civil-na-zona-rural-de-palmas\/#breadcrumb","itemListElement":[{"@type":"ListItem","position":1,"name":"In\u00edcio","item":"https:\/\/cleitonpinheiro.com.br\/site\/"},{"@type":"ListItem","position":2,"name":"Acusada de matar idoso de 72 anos \u00e9 presa em Palmas"}]},{"@type":"WebSite","@id":"https:\/\/cleitonpinheiro.com.br\/site\/#website","url":"https:\/\/cleitonpinheiro.com.br\/site\/","name":"PORTAL DE NOT\u00cdCIAS CLEITON PINHEIRO","description":"FALANDO A VERDADE","publisher":{"@id":"https:\/\/cleitonpinheiro.com.br\/site\/#organization"},"potentialAction":[{"@type":"SearchAction","target":{"@type":"EntryPoint","urlTemplate":"https:\/\/cleitonpinheiro.com.br\/site\/?s={search_term_string}"},"query-input":{"@type":"PropertyValueSpecification","valueRequired":true,"valueName":"search_term_string"}}],"inLanguage":"pt-BR"},{"@type":"Organization","@id":"https:\/\/cleitonpinheiro.com.br\/site\/#organization","name":"CPNOT\u00cdCIAS","url":"https:\/\/cleitonpinheiro.com.br\/site\/","logo":{"@type":"ImageObject","inLanguage":"pt-BR","@id":"https:\/\/cleitonpinheiro.com.br\/site\/#\/schema\/logo\/image\/","url":"https:\/\/cleitonpinheiro.com.br\/site\/wp-content\/uploads\/2022\/08\/Logo-pequena-2.png","contentUrl":"https:\/\/cleitonpinheiro.com.br\/site\/wp-content\/uploads\/2022\/08\/Logo-pequena-2.png","width":500,"height":500,"caption":"CPNOT\u00cdCIAS"},"image":{"@id":"https:\/\/cleitonpinheiro.com.br\/site\/#\/schema\/logo\/image\/"},"sameAs":["https:\/\/www.facebook.com\/portalcpnoticias\/"]},{"@type":"Person","@id":"https:\/\/cleitonpinheiro.com.br\/site\/#\/schema\/person\/aac6d7f311e80c43042e98a900b03cd8","name":"Dermival Pereira","image":{"@type":"ImageObject","inLanguage":"pt-BR","@id":"https:\/\/cleitonpinheiro.com.br\/site\/#\/schema\/person\/image\/","url":"https:\/\/secure.gravatar.com\/avatar\/cfaebf3742d6bf8db728bcba3eed6bee37b02337a2e6c822994f20ca72a3784d?s=96&r=g","contentUrl":"https:\/\/secure.gravatar.com\/avatar\/cfaebf3742d6bf8db728bcba3eed6bee37b02337a2e6c822994f20ca72a3784d?s=96&r=g","caption":"Dermival Pereira"},"url":"https:\/\/cleitonpinheiro.com.br\/site\/author\/dermival\/"}]}},"views":114,"_links":{"self":[{"href":"https:\/\/cleitonpinheiro.com.br\/site\/wp-json\/wp\/v2\/posts\/34371","targetHints":{"allow":["GET"]}}],"collection":[{"href":"https:\/\/cleitonpinheiro.com.br\/site\/wp-json\/wp\/v2\/posts"}],"about":[{"href":"https:\/\/cleitonpinheiro.com.br\/site\/wp-json\/wp\/v2\/types\/post"}],"author":[{"embeddable":true,"href":"https:\/\/cleitonpinheiro.com.br\/site\/wp-json\/wp\/v2\/users\/4"}],"replies":[{"embeddable":true,"href":"https:\/\/cleitonpinheiro.com.br\/site\/wp-json\/wp\/v2\/comments?post=34371"}],"version-history":[{"count":0,"href":"https:\/\/cleitonpinheiro.com.br\/site\/wp-json\/wp\/v2\/posts\/34371\/revisions"}],"wp:featuredmedia":[{"embeddable":true,"href":"https:\/\/cleitonpinheiro.com.br\/site\/wp-json\/"}],"wp:attachment":[{"href":"https:\/\/cleitonpinheiro.com.br\/site\/wp-json\/wp\/v2\/media?parent=34371"}],"wp:term":[{"taxonomy":"category","embeddable":true,"href":"https:\/\/cleitonpinheiro.com.br\/site\/wp-json\/wp\/v2\/categories?post=34371"},{"taxonomy":"post_tag","embeddable":true,"href":"https:\/\/cleitonpinheiro.com.br\/site\/wp-json\/wp\/v2\/tags?post=34371"}],"curies":[{"name":"wp","href":"https:\/\/api.w.org\/{rel}","templated":true}]}}