{"id":34380,"date":"2020-07-23T15:51:51","date_gmt":"2020-07-23T18:51:51","guid":{"rendered":"https:\/\/cleitonpinheiro.com.br\/portal\/?p=34380"},"modified":"2020-07-23T15:51:51","modified_gmt":"2020-07-23T18:51:51","slug":"servidores-da-saude-de-taguatinga-denunciam-reutilizacao-de-epis-descartaveis-usados-por-profissionais-que-atuam-no-combate-ao-coronavirus","status":"publish","type":"post","link":"https:\/\/cleitonpinheiro.com.br\/site\/servidores-da-saude-de-taguatinga-denunciam-reutilizacao-de-epis-descartaveis-usados-por-profissionais-que-atuam-no-combate-ao-coronavirus\/","title":{"rendered":"Servidores denunciam reutiliza\u00e7\u00e3o de EPIs em Taguatinga"},"content":{"rendered":"\n<p><strong><em>Por Dermival Pereira<\/em><\/strong><\/p>\n\n\n<p>A Associa\u00e7\u00e3o dos Servidores P\u00fablicos Municipais do Estado do Tocantins (Aspmet) apresentou den\u00fancia ao Minist\u00e9rio P\u00fablico Estadual (MPTO) contra a Prefeitura de Taguatinga e a Secretaria Municipal de Sa\u00fade, em que acusa a gest\u00e3o de obrigar servidores da sa\u00fade a reutilizarem materiais descart\u00e1veis usados no combate a pandemia do coronav\u00edrus.<\/p>\n\n\n<figure class=\"wp-block-image size-large\"><img decoding=\"async\" src=\"https:\/\/cleitonpinheiro.com.br\/portal\/wp-content\/uploads\/2020\/07\/Roupas-editadaaas-768x1024.jpg\" alt=\"\" class=\"wp-image-34382\"\/><figcaption>Roupas usadas por profissionais de Sa\u00fade no Hospital Municipal de Taquatinga<\/figcaption><\/figure>\n\n\n<p><strong>A pr\u00e1tica estaria ocorrendo no Hospital Municipal da cidade h\u00e1 cerca de duas semanas.<\/strong><\/p>\n\n\n<p>Segundo o of\u00edcio enviado ao MPTO em que a reportagem teve acesso, a Aspmet diz ter recebido diversas reclama\u00e7\u00f5es de servidores do quadro da Sa\u00fade do munic\u00edpio de Taguatinga em decorr\u00eancia da pr\u00e1tica de reutiliza\u00e7\u00e3o dos aventais descart\u00e1veis de prote\u00e7\u00e3o individual dos profissionais de Sa\u00fade envolvidos no combate a covid-19, colocando em risco de contamina\u00e7\u00e3o e de morte os profissionais de Sa\u00fade.<\/p>\n\n\n<p>A reportagem ouviu, na condi\u00e7\u00e3o de anonimato, dois servidores do hospital, que reafirmaram a pr\u00e1tica. \u201cO material \u00e9 totalmente descart\u00e1vel, mas estamos sendo obrigados a reutilizar porque os kits s\u00e3o insuficientes para atender a demanda. Ent\u00e3o a prefeitura manda lavar aqui mesmo no hospital e distribui aos profissionais para que eles usem novamente, um risco para nossa sa\u00fade e de nossas fam\u00edlias\u201d, disse uma servidora do hospital.<\/p>\n\n\n<p>Outro servidor, tamb\u00e9m ligado a Pasta da Sa\u00fade, relatou que \u201cinfelizmente isso est\u00e1 acontecendo e, com os profissionais que atuam na linha de frente ao combate a covid-19. Aqui sequer tem lavanderia adequada para manusear essas roupas. Outro absurdo \u00e9 que as m\u00e1scaras est\u00e3o vindo no mesmo pacote que as roupas j\u00e1 lavadas, o que aumenta ainda mais os riscos de contamina\u00e7\u00e3o. Estamos com medo, espero que o Coren (Conselho Regional de Enfermagem), que j\u00e1 foi acionado e o Minist\u00e9rio P\u00fablico possam tomar as providencias\u201d, finaliza.<\/p>\n\n\n<p><strong>Secret\u00e1ria contesta<\/strong><\/p>\n\n\n<p>A reportagem ouviu a secret\u00e1ria de Sa\u00fade de Taguatinga, Sirlene Pereira dos Santos Farias, que rebateu as acusa\u00e7\u00f5es da associa\u00e7\u00e3o e dos servidores. Segundo relatou a gestora, nunca houve a reutiliza\u00e7\u00e3o de EPIs descart\u00e1veis no munic\u00edpio. \u201cS\u00e3o reclama\u00e7\u00f5es infundadas, feitas por maldades mesmo, pois em momento nenhum deixamos faltar equipamentos de prote\u00e7\u00e3o individual para os profissionais da Sa\u00fade, tivemos dificuldades no in\u00edcio da pandemia como todos os munic\u00edpios tiveram, mas gra\u00e7as a Deus tudo se normalizou e nunca deixamos faltar\u201d, pontuou a secret\u00e1ria.<\/p>\n\n\n<p><strong>A gestora tamb\u00e9m mandou fotos do estoque de EPIs, o que segundo ela, prova que n\u00e3o est\u00e1 faltando os equipamentos no hospital.<\/strong><\/p>\n\n\n<figure class=\"wp-block-image size-large\"><img decoding=\"async\" src=\"https:\/\/cleitonpinheiro.com.br\/portal\/wp-content\/uploads\/2020\/07\/Fotos-secret-tamahoo.png\" alt=\"\" class=\"wp-image-34391\"\/><\/figure>\n\n\n<p>De acordo com a gestora, sua Pasta nunca foi procurada por servidores e nem pela associa\u00e7\u00e3o para reclamar do assunto. \u201cSempre estivemos abertos para ouvir os servidores sobre qualquer demanda e nunca fomos procurados para tratar desse assunto. Ent\u00e3o eu vejo esse tipo de den\u00fancia, feita no anonimato, como maldade mesmo, pois sempre estivemos abertos para ouvir as demandas dos servidores\u201d, disse a gestora, acrescentando que, \u201cn\u00f3s fazemos sim, um controle para a dispensa\u00e7\u00e3o desse material, reutiliza\u00e7\u00e3o nunca, fico at\u00e9 triste, pois tanto cuidado que a gente tem e sair uma mat\u00e9ria dessa\u201d, finalizou a gestora.<\/p>\n\n\n<p>Veja a \u00edntegra do of\u00edcio<\/p>\n\n\n<figure class=\"wp-block-image size-large\"><img decoding=\"async\" src=\"https:\/\/cleitonpinheiro.com.br\/portal\/wp-content\/uploads\/2020\/07\/Oficio-1-576x1024.jpg\" alt=\"\" class=\"wp-image-34387\"\/><\/figure>\n\n\n<figure class=\"wp-block-image size-large\"><img decoding=\"async\" src=\"https:\/\/cleitonpinheiro.com.br\/portal\/wp-content\/uploads\/2020\/07\/Oficio-2-576x1024.jpg\" alt=\"\" class=\"wp-image-34388\"\/><\/figure>\n","protected":false},"excerpt":{"rendered":"<p>Por Dermival Pereira A Associa\u00e7\u00e3o dos Servidores P\u00fablicos Municipais do Estado do Tocantins (Aspmet) apresentou den\u00fancia ao Minist\u00e9rio P\u00fablico Estadual (MPTO) contra a Prefeitura de Taguatinga e a Secretaria Municipal de Sa\u00fade, em que acusa a gest\u00e3o de obrigar servidores da sa\u00fade a reutilizarem materiais descart\u00e1veis usados no combate a pandemia do coronav\u00edrus. A pr\u00e1tica [&hellip;]<\/p>\n","protected":false},"author":4,"featured_media":34386,"comment_status":"open","ping_status":"open","sticky":false,"template":"","format":"standard","meta":{"_acf_changed":false,"footnotes":""},"categories":[22,24,20],"tags":[],"class_list":["post-34380","post","type-post","status-publish","format-standard","has-post-thumbnail","hentry","category-cidades","category-colunas","category-noticias-em-destaque"],"acf":[],"yoast_head":"<!-- This site is optimized with the Yoast SEO plugin v24.4 - https:\/\/yoast.com\/wordpress\/plugins\/seo\/ -->\n<title>Servidores denunciam reutiliza\u00e7\u00e3o de EPIs em Taguatinga - PORTAL DE NOT\u00cdCIAS CLEITON PINHEIRO<\/title>\n<meta name=\"robots\" content=\"index, follow, max-snippet:-1, max-image-preview:large, max-video-preview:-1\" \/>\n<link rel=\"canonical\" href=\"https:\/\/cleitonpinheiro.com.br\/site\/servidores-da-saude-de-taguatinga-denunciam-reutilizacao-de-epis-descartaveis-usados-por-profissionais-que-atuam-no-combate-ao-coronavirus\/\" \/>\n<meta property=\"og:locale\" content=\"pt_BR\" \/>\n<meta property=\"og:type\" content=\"article\" \/>\n<meta property=\"og:title\" content=\"Servidores denunciam reutiliza\u00e7\u00e3o de EPIs em Taguatinga - PORTAL DE NOT\u00cdCIAS CLEITON PINHEIRO\" \/>\n<meta property=\"og:description\" content=\"Por Dermival Pereira A Associa\u00e7\u00e3o dos Servidores P\u00fablicos Municipais do Estado do Tocantins (Aspmet) apresentou den\u00fancia ao Minist\u00e9rio P\u00fablico Estadual (MPTO) contra a Prefeitura de Taguatinga e a Secretaria Municipal de Sa\u00fade, em que acusa a gest\u00e3o de obrigar servidores da sa\u00fade a reutilizarem materiais descart\u00e1veis usados no combate a pandemia do coronav\u00edrus. A pr\u00e1tica [&hellip;]\" \/>\n<meta property=\"og:url\" content=\"https:\/\/cleitonpinheiro.com.br\/site\/servidores-da-saude-de-taguatinga-denunciam-reutilizacao-de-epis-descartaveis-usados-por-profissionais-que-atuam-no-combate-ao-coronavirus\/\" \/>\n<meta property=\"og:site_name\" content=\"PORTAL DE NOT\u00cdCIAS CLEITON PINHEIRO\" \/>\n<meta property=\"article:publisher\" content=\"https:\/\/www.facebook.com\/portalcpnoticias\/\" \/>\n<meta property=\"article:published_time\" content=\"2020-07-23T18:51:51+00:00\" \/>\n<meta name=\"author\" content=\"Dermival Pereira\" \/>\n<meta name=\"twitter:card\" content=\"summary_large_image\" \/>\n<meta name=\"twitter:label1\" content=\"Escrito por\" \/>\n\t<meta name=\"twitter:data1\" content=\"Dermival Pereira\" \/>\n\t<meta name=\"twitter:label2\" content=\"Est. tempo de leitura\" \/>\n\t<meta name=\"twitter:data2\" content=\"3 minutos\" \/>\n<script type=\"application\/ld+json\" class=\"yoast-schema-graph\">{\"@context\":\"https:\/\/schema.org\",\"@graph\":[{\"@type\":\"Article\",\"@id\":\"https:\/\/cleitonpinheiro.com.br\/site\/servidores-da-saude-de-taguatinga-denunciam-reutilizacao-de-epis-descartaveis-usados-por-profissionais-que-atuam-no-combate-ao-coronavirus\/#article\",\"isPartOf\":{\"@id\":\"https:\/\/cleitonpinheiro.com.br\/site\/servidores-da-saude-de-taguatinga-denunciam-reutilizacao-de-epis-descartaveis-usados-por-profissionais-que-atuam-no-combate-ao-coronavirus\/\"},\"author\":{\"name\":\"Dermival Pereira\",\"@id\":\"https:\/\/cleitonpinheiro.com.br\/site\/#\/schema\/person\/aac6d7f311e80c43042e98a900b03cd8\"},\"headline\":\"Servidores denunciam reutiliza\u00e7\u00e3o de EPIs em Taguatinga\",\"datePublished\":\"2020-07-23T18:51:51+00:00\",\"mainEntityOfPage\":{\"@id\":\"https:\/\/cleitonpinheiro.com.br\/site\/servidores-da-saude-de-taguatinga-denunciam-reutilizacao-de-epis-descartaveis-usados-por-profissionais-que-atuam-no-combate-ao-coronavirus\/\"},\"wordCount\":571,\"commentCount\":0,\"publisher\":{\"@id\":\"https:\/\/cleitonpinheiro.com.br\/site\/#organization\"},\"image\":{\"@id\":\"https:\/\/cleitonpinheiro.com.br\/site\/servidores-da-saude-de-taguatinga-denunciam-reutilizacao-de-epis-descartaveis-usados-por-profissionais-que-atuam-no-combate-ao-coronavirus\/#primaryimage\"},\"thumbnailUrl\":\"\",\"articleSection\":[\"CIDADES\",\"COLUNAS\",\"NOT\u00cdCIAS EM DESTAQUE\"],\"inLanguage\":\"pt-BR\",\"potentialAction\":[{\"@type\":\"CommentAction\",\"name\":\"Comment\",\"target\":[\"https:\/\/cleitonpinheiro.com.br\/site\/servidores-da-saude-de-taguatinga-denunciam-reutilizacao-de-epis-descartaveis-usados-por-profissionais-que-atuam-no-combate-ao-coronavirus\/#respond\"]}]},{\"@type\":\"WebPage\",\"@id\":\"https:\/\/cleitonpinheiro.com.br\/site\/servidores-da-saude-de-taguatinga-denunciam-reutilizacao-de-epis-descartaveis-usados-por-profissionais-que-atuam-no-combate-ao-coronavirus\/\",\"url\":\"https:\/\/cleitonpinheiro.com.br\/site\/servidores-da-saude-de-taguatinga-denunciam-reutilizacao-de-epis-descartaveis-usados-por-profissionais-que-atuam-no-combate-ao-coronavirus\/\",\"name\":\"Servidores denunciam reutiliza\u00e7\u00e3o de EPIs em Taguatinga - PORTAL DE NOT\u00cdCIAS CLEITON PINHEIRO\",\"isPartOf\":{\"@id\":\"https:\/\/cleitonpinheiro.com.br\/site\/#website\"},\"primaryImageOfPage\":{\"@id\":\"https:\/\/cleitonpinheiro.com.br\/site\/servidores-da-saude-de-taguatinga-denunciam-reutilizacao-de-epis-descartaveis-usados-por-profissionais-que-atuam-no-combate-ao-coronavirus\/#primaryimage\"},\"image\":{\"@id\":\"https:\/\/cleitonpinheiro.com.br\/site\/servidores-da-saude-de-taguatinga-denunciam-reutilizacao-de-epis-descartaveis-usados-por-profissionais-que-atuam-no-combate-ao-coronavirus\/#primaryimage\"},\"thumbnailUrl\":\"\",\"datePublished\":\"2020-07-23T18:51:51+00:00\",\"breadcrumb\":{\"@id\":\"https:\/\/cleitonpinheiro.com.br\/site\/servidores-da-saude-de-taguatinga-denunciam-reutilizacao-de-epis-descartaveis-usados-por-profissionais-que-atuam-no-combate-ao-coronavirus\/#breadcrumb\"},\"inLanguage\":\"pt-BR\",\"potentialAction\":[{\"@type\":\"ReadAction\",\"target\":[\"https:\/\/cleitonpinheiro.com.br\/site\/servidores-da-saude-de-taguatinga-denunciam-reutilizacao-de-epis-descartaveis-usados-por-profissionais-que-atuam-no-combate-ao-coronavirus\/\"]}]},{\"@type\":\"ImageObject\",\"inLanguage\":\"pt-BR\",\"@id\":\"https:\/\/cleitonpinheiro.com.br\/site\/servidores-da-saude-de-taguatinga-denunciam-reutilizacao-de-epis-descartaveis-usados-por-profissionais-que-atuam-no-combate-ao-coronavirus\/#primaryimage\",\"url\":\"\",\"contentUrl\":\"\"},{\"@type\":\"BreadcrumbList\",\"@id\":\"https:\/\/cleitonpinheiro.com.br\/site\/servidores-da-saude-de-taguatinga-denunciam-reutilizacao-de-epis-descartaveis-usados-por-profissionais-que-atuam-no-combate-ao-coronavirus\/#breadcrumb\",\"itemListElement\":[{\"@type\":\"ListItem\",\"position\":1,\"name\":\"In\u00edcio\",\"item\":\"https:\/\/cleitonpinheiro.com.br\/site\/\"},{\"@type\":\"ListItem\",\"position\":2,\"name\":\"Servidores denunciam reutiliza\u00e7\u00e3o de EPIs em Taguatinga\"}]},{\"@type\":\"WebSite\",\"@id\":\"https:\/\/cleitonpinheiro.com.br\/site\/#website\",\"url\":\"https:\/\/cleitonpinheiro.com.br\/site\/\",\"name\":\"PORTAL DE NOT\u00cdCIAS CLEITON PINHEIRO\",\"description\":\"FALANDO A VERDADE\",\"publisher\":{\"@id\":\"https:\/\/cleitonpinheiro.com.br\/site\/#organization\"},\"potentialAction\":[{\"@type\":\"SearchAction\",\"target\":{\"@type\":\"EntryPoint\",\"urlTemplate\":\"https:\/\/cleitonpinheiro.com.br\/site\/?s={search_term_string}\"},\"query-input\":{\"@type\":\"PropertyValueSpecification\",\"valueRequired\":true,\"valueName\":\"search_term_string\"}}],\"inLanguage\":\"pt-BR\"},{\"@type\":\"Organization\",\"@id\":\"https:\/\/cleitonpinheiro.com.br\/site\/#organization\",\"name\":\"CPNOT\u00cdCIAS\",\"url\":\"https:\/\/cleitonpinheiro.com.br\/site\/\",\"logo\":{\"@type\":\"ImageObject\",\"inLanguage\":\"pt-BR\",\"@id\":\"https:\/\/cleitonpinheiro.com.br\/site\/#\/schema\/logo\/image\/\",\"url\":\"https:\/\/cleitonpinheiro.com.br\/site\/wp-content\/uploads\/2022\/08\/Logo-pequena-2.png\",\"contentUrl\":\"https:\/\/cleitonpinheiro.com.br\/site\/wp-content\/uploads\/2022\/08\/Logo-pequena-2.png\",\"width\":500,\"height\":500,\"caption\":\"CPNOT\u00cdCIAS\"},\"image\":{\"@id\":\"https:\/\/cleitonpinheiro.com.br\/site\/#\/schema\/logo\/image\/\"},\"sameAs\":[\"https:\/\/www.facebook.com\/portalcpnoticias\/\"]},{\"@type\":\"Person\",\"@id\":\"https:\/\/cleitonpinheiro.com.br\/site\/#\/schema\/person\/aac6d7f311e80c43042e98a900b03cd8\",\"name\":\"Dermival Pereira\",\"image\":{\"@type\":\"ImageObject\",\"inLanguage\":\"pt-BR\",\"@id\":\"https:\/\/cleitonpinheiro.com.br\/site\/#\/schema\/person\/image\/\",\"url\":\"https:\/\/secure.gravatar.com\/avatar\/cfaebf3742d6bf8db728bcba3eed6bee37b02337a2e6c822994f20ca72a3784d?s=96&r=g\",\"contentUrl\":\"https:\/\/secure.gravatar.com\/avatar\/cfaebf3742d6bf8db728bcba3eed6bee37b02337a2e6c822994f20ca72a3784d?s=96&r=g\",\"caption\":\"Dermival Pereira\"},\"url\":\"https:\/\/cleitonpinheiro.com.br\/site\/author\/dermival\/\"}]}<\/script>\n<!-- \/ Yoast SEO plugin. -->","yoast_head_json":{"title":"Servidores denunciam reutiliza\u00e7\u00e3o de EPIs em Taguatinga - PORTAL DE NOT\u00cdCIAS CLEITON PINHEIRO","robots":{"index":"index","follow":"follow","max-snippet":"max-snippet:-1","max-image-preview":"max-image-preview:large","max-video-preview":"max-video-preview:-1"},"canonical":"https:\/\/cleitonpinheiro.com.br\/site\/servidores-da-saude-de-taguatinga-denunciam-reutilizacao-de-epis-descartaveis-usados-por-profissionais-que-atuam-no-combate-ao-coronavirus\/","og_locale":"pt_BR","og_type":"article","og_title":"Servidores denunciam reutiliza\u00e7\u00e3o de EPIs em Taguatinga - PORTAL DE NOT\u00cdCIAS CLEITON PINHEIRO","og_description":"Por Dermival Pereira A Associa\u00e7\u00e3o dos Servidores P\u00fablicos Municipais do Estado do Tocantins (Aspmet) apresentou den\u00fancia ao Minist\u00e9rio P\u00fablico Estadual (MPTO) contra a Prefeitura de Taguatinga e a Secretaria Municipal de Sa\u00fade, em que acusa a gest\u00e3o de obrigar servidores da sa\u00fade a reutilizarem materiais descart\u00e1veis usados no combate a pandemia do coronav\u00edrus. A pr\u00e1tica [&hellip;]","og_url":"https:\/\/cleitonpinheiro.com.br\/site\/servidores-da-saude-de-taguatinga-denunciam-reutilizacao-de-epis-descartaveis-usados-por-profissionais-que-atuam-no-combate-ao-coronavirus\/","og_site_name":"PORTAL DE NOT\u00cdCIAS CLEITON PINHEIRO","article_publisher":"https:\/\/www.facebook.com\/portalcpnoticias\/","article_published_time":"2020-07-23T18:51:51+00:00","author":"Dermival Pereira","twitter_card":"summary_large_image","twitter_misc":{"Escrito por":"Dermival Pereira","Est. tempo de leitura":"3 minutos"},"schema":{"@context":"https:\/\/schema.org","@graph":[{"@type":"Article","@id":"https:\/\/cleitonpinheiro.com.br\/site\/servidores-da-saude-de-taguatinga-denunciam-reutilizacao-de-epis-descartaveis-usados-por-profissionais-que-atuam-no-combate-ao-coronavirus\/#article","isPartOf":{"@id":"https:\/\/cleitonpinheiro.com.br\/site\/servidores-da-saude-de-taguatinga-denunciam-reutilizacao-de-epis-descartaveis-usados-por-profissionais-que-atuam-no-combate-ao-coronavirus\/"},"author":{"name":"Dermival Pereira","@id":"https:\/\/cleitonpinheiro.com.br\/site\/#\/schema\/person\/aac6d7f311e80c43042e98a900b03cd8"},"headline":"Servidores denunciam reutiliza\u00e7\u00e3o de EPIs em Taguatinga","datePublished":"2020-07-23T18:51:51+00:00","mainEntityOfPage":{"@id":"https:\/\/cleitonpinheiro.com.br\/site\/servidores-da-saude-de-taguatinga-denunciam-reutilizacao-de-epis-descartaveis-usados-por-profissionais-que-atuam-no-combate-ao-coronavirus\/"},"wordCount":571,"commentCount":0,"publisher":{"@id":"https:\/\/cleitonpinheiro.com.br\/site\/#organization"},"image":{"@id":"https:\/\/cleitonpinheiro.com.br\/site\/servidores-da-saude-de-taguatinga-denunciam-reutilizacao-de-epis-descartaveis-usados-por-profissionais-que-atuam-no-combate-ao-coronavirus\/#primaryimage"},"thumbnailUrl":"","articleSection":["CIDADES","COLUNAS","NOT\u00cdCIAS EM DESTAQUE"],"inLanguage":"pt-BR","potentialAction":[{"@type":"CommentAction","name":"Comment","target":["https:\/\/cleitonpinheiro.com.br\/site\/servidores-da-saude-de-taguatinga-denunciam-reutilizacao-de-epis-descartaveis-usados-por-profissionais-que-atuam-no-combate-ao-coronavirus\/#respond"]}]},{"@type":"WebPage","@id":"https:\/\/cleitonpinheiro.com.br\/site\/servidores-da-saude-de-taguatinga-denunciam-reutilizacao-de-epis-descartaveis-usados-por-profissionais-que-atuam-no-combate-ao-coronavirus\/","url":"https:\/\/cleitonpinheiro.com.br\/site\/servidores-da-saude-de-taguatinga-denunciam-reutilizacao-de-epis-descartaveis-usados-por-profissionais-que-atuam-no-combate-ao-coronavirus\/","name":"Servidores denunciam reutiliza\u00e7\u00e3o de EPIs em Taguatinga - PORTAL DE NOT\u00cdCIAS CLEITON PINHEIRO","isPartOf":{"@id":"https:\/\/cleitonpinheiro.com.br\/site\/#website"},"primaryImageOfPage":{"@id":"https:\/\/cleitonpinheiro.com.br\/site\/servidores-da-saude-de-taguatinga-denunciam-reutilizacao-de-epis-descartaveis-usados-por-profissionais-que-atuam-no-combate-ao-coronavirus\/#primaryimage"},"image":{"@id":"https:\/\/cleitonpinheiro.com.br\/site\/servidores-da-saude-de-taguatinga-denunciam-reutilizacao-de-epis-descartaveis-usados-por-profissionais-que-atuam-no-combate-ao-coronavirus\/#primaryimage"},"thumbnailUrl":"","datePublished":"2020-07-23T18:51:51+00:00","breadcrumb":{"@id":"https:\/\/cleitonpinheiro.com.br\/site\/servidores-da-saude-de-taguatinga-denunciam-reutilizacao-de-epis-descartaveis-usados-por-profissionais-que-atuam-no-combate-ao-coronavirus\/#breadcrumb"},"inLanguage":"pt-BR","potentialAction":[{"@type":"ReadAction","target":["https:\/\/cleitonpinheiro.com.br\/site\/servidores-da-saude-de-taguatinga-denunciam-reutilizacao-de-epis-descartaveis-usados-por-profissionais-que-atuam-no-combate-ao-coronavirus\/"]}]},{"@type":"ImageObject","inLanguage":"pt-BR","@id":"https:\/\/cleitonpinheiro.com.br\/site\/servidores-da-saude-de-taguatinga-denunciam-reutilizacao-de-epis-descartaveis-usados-por-profissionais-que-atuam-no-combate-ao-coronavirus\/#primaryimage","url":"","contentUrl":""},{"@type":"BreadcrumbList","@id":"https:\/\/cleitonpinheiro.com.br\/site\/servidores-da-saude-de-taguatinga-denunciam-reutilizacao-de-epis-descartaveis-usados-por-profissionais-que-atuam-no-combate-ao-coronavirus\/#breadcrumb","itemListElement":[{"@type":"ListItem","position":1,"name":"In\u00edcio","item":"https:\/\/cleitonpinheiro.com.br\/site\/"},{"@type":"ListItem","position":2,"name":"Servidores denunciam reutiliza\u00e7\u00e3o de EPIs em Taguatinga"}]},{"@type":"WebSite","@id":"https:\/\/cleitonpinheiro.com.br\/site\/#website","url":"https:\/\/cleitonpinheiro.com.br\/site\/","name":"PORTAL DE NOT\u00cdCIAS CLEITON PINHEIRO","description":"FALANDO A VERDADE","publisher":{"@id":"https:\/\/cleitonpinheiro.com.br\/site\/#organization"},"potentialAction":[{"@type":"SearchAction","target":{"@type":"EntryPoint","urlTemplate":"https:\/\/cleitonpinheiro.com.br\/site\/?s={search_term_string}"},"query-input":{"@type":"PropertyValueSpecification","valueRequired":true,"valueName":"search_term_string"}}],"inLanguage":"pt-BR"},{"@type":"Organization","@id":"https:\/\/cleitonpinheiro.com.br\/site\/#organization","name":"CPNOT\u00cdCIAS","url":"https:\/\/cleitonpinheiro.com.br\/site\/","logo":{"@type":"ImageObject","inLanguage":"pt-BR","@id":"https:\/\/cleitonpinheiro.com.br\/site\/#\/schema\/logo\/image\/","url":"https:\/\/cleitonpinheiro.com.br\/site\/wp-content\/uploads\/2022\/08\/Logo-pequena-2.png","contentUrl":"https:\/\/cleitonpinheiro.com.br\/site\/wp-content\/uploads\/2022\/08\/Logo-pequena-2.png","width":500,"height":500,"caption":"CPNOT\u00cdCIAS"},"image":{"@id":"https:\/\/cleitonpinheiro.com.br\/site\/#\/schema\/logo\/image\/"},"sameAs":["https:\/\/www.facebook.com\/portalcpnoticias\/"]},{"@type":"Person","@id":"https:\/\/cleitonpinheiro.com.br\/site\/#\/schema\/person\/aac6d7f311e80c43042e98a900b03cd8","name":"Dermival Pereira","image":{"@type":"ImageObject","inLanguage":"pt-BR","@id":"https:\/\/cleitonpinheiro.com.br\/site\/#\/schema\/person\/image\/","url":"https:\/\/secure.gravatar.com\/avatar\/cfaebf3742d6bf8db728bcba3eed6bee37b02337a2e6c822994f20ca72a3784d?s=96&r=g","contentUrl":"https:\/\/secure.gravatar.com\/avatar\/cfaebf3742d6bf8db728bcba3eed6bee37b02337a2e6c822994f20ca72a3784d?s=96&r=g","caption":"Dermival Pereira"},"url":"https:\/\/cleitonpinheiro.com.br\/site\/author\/dermival\/"}]}},"views":138,"_links":{"self":[{"href":"https:\/\/cleitonpinheiro.com.br\/site\/wp-json\/wp\/v2\/posts\/34380","targetHints":{"allow":["GET"]}}],"collection":[{"href":"https:\/\/cleitonpinheiro.com.br\/site\/wp-json\/wp\/v2\/posts"}],"about":[{"href":"https:\/\/cleitonpinheiro.com.br\/site\/wp-json\/wp\/v2\/types\/post"}],"author":[{"embeddable":true,"href":"https:\/\/cleitonpinheiro.com.br\/site\/wp-json\/wp\/v2\/users\/4"}],"replies":[{"embeddable":true,"href":"https:\/\/cleitonpinheiro.com.br\/site\/wp-json\/wp\/v2\/comments?post=34380"}],"version-history":[{"count":0,"href":"https:\/\/cleitonpinheiro.com.br\/site\/wp-json\/wp\/v2\/posts\/34380\/revisions"}],"wp:featuredmedia":[{"embeddable":true,"href":"https:\/\/cleitonpinheiro.com.br\/site\/wp-json\/"}],"wp:attachment":[{"href":"https:\/\/cleitonpinheiro.com.br\/site\/wp-json\/wp\/v2\/media?parent=34380"}],"wp:term":[{"taxonomy":"category","embeddable":true,"href":"https:\/\/cleitonpinheiro.com.br\/site\/wp-json\/wp\/v2\/categories?post=34380"},{"taxonomy":"post_tag","embeddable":true,"href":"https:\/\/cleitonpinheiro.com.br\/site\/wp-json\/wp\/v2\/tags?post=34380"}],"curies":[{"name":"wp","href":"https:\/\/api.w.org\/{rel}","templated":true}]}}