{"id":43093,"date":"2021-02-08T09:02:24","date_gmt":"2021-02-08T12:02:24","guid":{"rendered":"https:\/\/cleitonpinheiro.com.br\/portal\/?p=43093"},"modified":"2021-02-08T09:02:24","modified_gmt":"2021-02-08T12:02:24","slug":"tocantins-recebe-nova-remessa-da-vacina-coronavac","status":"publish","type":"post","link":"https:\/\/cleitonpinheiro.com.br\/site\/tocantins-recebe-nova-remessa-da-vacina-coronavac\/","title":{"rendered":"Tocantins recebe nova remessa da vacina CoronaVac"},"content":{"rendered":"\n<figure class=\"wp-block-image size-large\"><img decoding=\"async\" src=\"https:\/\/cleitonpinheiro.com.br\/portal\/wp-content\/uploads\/2021\/02\/551611_600x450-compressed.jpg\" alt=\"\" class=\"wp-image-43095\"\/><figcaption><em>Cr\u00e9dito: Sa\u00fade\/governo do Tocantins<\/em><\/figcaption><\/figure>\n\n\n<p>O governo do Tocantins recebeu nessa madrugada de domingo, 7, uma nova remessa, com 45.600 doses de vacinas CoronaVac, enviada pelo Minist\u00e9rio da Sa\u00fade. O imunizante ser\u00e1 destinado para vacinar mais\u00a0 6% dos trabalhadores da sa\u00fade, 6% dos idosos de 80 a 89 anos, e 100% dos idosos de 90 anos ou mais, seguindo os crit\u00e9rios do Minist\u00e9rio.\u00a0A opera\u00e7\u00e3o da chegada da vacina no Aeroporto Brigadeiro Lysias contou com o trabalho da equipe da Pol\u00edcia Federal, Pol\u00edcia Militar, MS e Secretaria de Estado da Sa\u00fade (SES).<\/p>\n\n\n<p>Ap\u00f3s o recebimento,\u00a0 a SES realizar\u00e1 a confer\u00eancia e agilizar\u00e1 a retirada pelos munic\u00edpios, provavelmente\u00a0nessa ter\u00e7a-feira, 9,\u00a0 e cobrar\u00e1 celeridade das secretarias municipais de Sa\u00fade, na vacina\u00e7\u00e3o.<\/p>\n\n\n<p>O governo do Tocantins informa que as remessas de vacinas que chegaram anteriormente\u00a0j\u00e1 foram distribu\u00eddas aos munic\u00edpios tocantinenses. (Informa\u00e7\u00f5es do governo do Tocantins)<\/p>\n","protected":false},"excerpt":{"rendered":"<p>O governo do Tocantins recebeu nessa madrugada de domingo, 7, uma nova remessa, com 45.600 doses de vacinas CoronaVac, enviada pelo Minist\u00e9rio da Sa\u00fade. O imunizante ser\u00e1 destinado para vacinar mais\u00a0 6% dos trabalhadores da sa\u00fade, 6% dos idosos de 80 a 89 anos, e 100% dos idosos de 90 anos ou mais, seguindo os [&hellip;]<\/p>\n","protected":false},"author":4,"featured_media":43095,"comment_status":"open","ping_status":"open","sticky":false,"template":"","format":"standard","meta":{"_acf_changed":false,"footnotes":""},"categories":[24,8,20],"tags":[798,799,72,394],"class_list":["post-43093","post","type-post","status-publish","format-standard","has-post-thumbnail","hentry","category-colunas","category-estado","category-noticias-em-destaque","tag-coronavac","tag-covid19","tag-tocantins","tag-vacina"],"acf":[],"yoast_head":"<!-- This site is optimized with the Yoast SEO plugin v24.4 - https:\/\/yoast.com\/wordpress\/plugins\/seo\/ -->\n<title>Tocantins recebe nova remessa da vacina CoronaVac - PORTAL DE NOT\u00cdCIAS CLEITON PINHEIRO<\/title>\n<meta name=\"robots\" content=\"index, follow, max-snippet:-1, max-image-preview:large, max-video-preview:-1\" \/>\n<link rel=\"canonical\" href=\"https:\/\/cleitonpinheiro.com.br\/site\/tocantins-recebe-nova-remessa-da-vacina-coronavac\/\" \/>\n<meta property=\"og:locale\" content=\"pt_BR\" \/>\n<meta property=\"og:type\" content=\"article\" \/>\n<meta property=\"og:title\" content=\"Tocantins recebe nova remessa da vacina CoronaVac - PORTAL DE NOT\u00cdCIAS CLEITON PINHEIRO\" \/>\n<meta property=\"og:description\" content=\"O governo do Tocantins recebeu nessa madrugada de domingo, 7, uma nova remessa, com 45.600 doses de vacinas CoronaVac, enviada pelo Minist\u00e9rio da Sa\u00fade. O imunizante ser\u00e1 destinado para vacinar mais\u00a0 6% dos trabalhadores da sa\u00fade, 6% dos idosos de 80 a 89 anos, e 100% dos idosos de 90 anos ou mais, seguindo os [&hellip;]\" \/>\n<meta property=\"og:url\" content=\"https:\/\/cleitonpinheiro.com.br\/site\/tocantins-recebe-nova-remessa-da-vacina-coronavac\/\" \/>\n<meta property=\"og:site_name\" content=\"PORTAL DE NOT\u00cdCIAS CLEITON PINHEIRO\" \/>\n<meta property=\"article:publisher\" content=\"https:\/\/www.facebook.com\/portalcpnoticias\/\" \/>\n<meta property=\"article:published_time\" content=\"2021-02-08T12:02:24+00:00\" \/>\n<meta name=\"author\" content=\"Dermival Pereira\" \/>\n<meta name=\"twitter:card\" content=\"summary_large_image\" \/>\n<meta name=\"twitter:label1\" content=\"Escrito por\" \/>\n\t<meta name=\"twitter:data1\" content=\"Dermival Pereira\" \/>\n\t<meta name=\"twitter:label2\" content=\"Est. tempo de leitura\" \/>\n\t<meta name=\"twitter:data2\" content=\"1 minuto\" \/>\n<script type=\"application\/ld+json\" class=\"yoast-schema-graph\">{\"@context\":\"https:\/\/schema.org\",\"@graph\":[{\"@type\":\"Article\",\"@id\":\"https:\/\/cleitonpinheiro.com.br\/site\/tocantins-recebe-nova-remessa-da-vacina-coronavac\/#article\",\"isPartOf\":{\"@id\":\"https:\/\/cleitonpinheiro.com.br\/site\/tocantins-recebe-nova-remessa-da-vacina-coronavac\/\"},\"author\":{\"name\":\"Dermival Pereira\",\"@id\":\"https:\/\/cleitonpinheiro.com.br\/site\/#\/schema\/person\/aac6d7f311e80c43042e98a900b03cd8\"},\"headline\":\"Tocantins recebe nova remessa da vacina CoronaVac\",\"datePublished\":\"2021-02-08T12:02:24+00:00\",\"mainEntityOfPage\":{\"@id\":\"https:\/\/cleitonpinheiro.com.br\/site\/tocantins-recebe-nova-remessa-da-vacina-coronavac\/\"},\"wordCount\":162,\"commentCount\":0,\"publisher\":{\"@id\":\"https:\/\/cleitonpinheiro.com.br\/site\/#organization\"},\"image\":{\"@id\":\"https:\/\/cleitonpinheiro.com.br\/site\/tocantins-recebe-nova-remessa-da-vacina-coronavac\/#primaryimage\"},\"thumbnailUrl\":\"\",\"keywords\":[\"CoronaVac\",\"Covid19\",\"tocantins\",\"Vacina\"],\"articleSection\":[\"COLUNAS\",\"ESTADO\",\"NOT\u00cdCIAS EM DESTAQUE\"],\"inLanguage\":\"pt-BR\",\"potentialAction\":[{\"@type\":\"CommentAction\",\"name\":\"Comment\",\"target\":[\"https:\/\/cleitonpinheiro.com.br\/site\/tocantins-recebe-nova-remessa-da-vacina-coronavac\/#respond\"]}]},{\"@type\":\"WebPage\",\"@id\":\"https:\/\/cleitonpinheiro.com.br\/site\/tocantins-recebe-nova-remessa-da-vacina-coronavac\/\",\"url\":\"https:\/\/cleitonpinheiro.com.br\/site\/tocantins-recebe-nova-remessa-da-vacina-coronavac\/\",\"name\":\"Tocantins recebe nova remessa da vacina CoronaVac - PORTAL DE NOT\u00cdCIAS CLEITON PINHEIRO\",\"isPartOf\":{\"@id\":\"https:\/\/cleitonpinheiro.com.br\/site\/#website\"},\"primaryImageOfPage\":{\"@id\":\"https:\/\/cleitonpinheiro.com.br\/site\/tocantins-recebe-nova-remessa-da-vacina-coronavac\/#primaryimage\"},\"image\":{\"@id\":\"https:\/\/cleitonpinheiro.com.br\/site\/tocantins-recebe-nova-remessa-da-vacina-coronavac\/#primaryimage\"},\"thumbnailUrl\":\"\",\"datePublished\":\"2021-02-08T12:02:24+00:00\",\"breadcrumb\":{\"@id\":\"https:\/\/cleitonpinheiro.com.br\/site\/tocantins-recebe-nova-remessa-da-vacina-coronavac\/#breadcrumb\"},\"inLanguage\":\"pt-BR\",\"potentialAction\":[{\"@type\":\"ReadAction\",\"target\":[\"https:\/\/cleitonpinheiro.com.br\/site\/tocantins-recebe-nova-remessa-da-vacina-coronavac\/\"]}]},{\"@type\":\"ImageObject\",\"inLanguage\":\"pt-BR\",\"@id\":\"https:\/\/cleitonpinheiro.com.br\/site\/tocantins-recebe-nova-remessa-da-vacina-coronavac\/#primaryimage\",\"url\":\"\",\"contentUrl\":\"\"},{\"@type\":\"BreadcrumbList\",\"@id\":\"https:\/\/cleitonpinheiro.com.br\/site\/tocantins-recebe-nova-remessa-da-vacina-coronavac\/#breadcrumb\",\"itemListElement\":[{\"@type\":\"ListItem\",\"position\":1,\"name\":\"In\u00edcio\",\"item\":\"https:\/\/cleitonpinheiro.com.br\/site\/\"},{\"@type\":\"ListItem\",\"position\":2,\"name\":\"Tocantins recebe nova remessa da vacina CoronaVac\"}]},{\"@type\":\"WebSite\",\"@id\":\"https:\/\/cleitonpinheiro.com.br\/site\/#website\",\"url\":\"https:\/\/cleitonpinheiro.com.br\/site\/\",\"name\":\"PORTAL DE NOT\u00cdCIAS CLEITON PINHEIRO\",\"description\":\"FALANDO A VERDADE\",\"publisher\":{\"@id\":\"https:\/\/cleitonpinheiro.com.br\/site\/#organization\"},\"potentialAction\":[{\"@type\":\"SearchAction\",\"target\":{\"@type\":\"EntryPoint\",\"urlTemplate\":\"https:\/\/cleitonpinheiro.com.br\/site\/?s={search_term_string}\"},\"query-input\":{\"@type\":\"PropertyValueSpecification\",\"valueRequired\":true,\"valueName\":\"search_term_string\"}}],\"inLanguage\":\"pt-BR\"},{\"@type\":\"Organization\",\"@id\":\"https:\/\/cleitonpinheiro.com.br\/site\/#organization\",\"name\":\"CPNOT\u00cdCIAS\",\"url\":\"https:\/\/cleitonpinheiro.com.br\/site\/\",\"logo\":{\"@type\":\"ImageObject\",\"inLanguage\":\"pt-BR\",\"@id\":\"https:\/\/cleitonpinheiro.com.br\/site\/#\/schema\/logo\/image\/\",\"url\":\"https:\/\/cleitonpinheiro.com.br\/site\/wp-content\/uploads\/2022\/08\/Logo-pequena-2.png\",\"contentUrl\":\"https:\/\/cleitonpinheiro.com.br\/site\/wp-content\/uploads\/2022\/08\/Logo-pequena-2.png\",\"width\":500,\"height\":500,\"caption\":\"CPNOT\u00cdCIAS\"},\"image\":{\"@id\":\"https:\/\/cleitonpinheiro.com.br\/site\/#\/schema\/logo\/image\/\"},\"sameAs\":[\"https:\/\/www.facebook.com\/portalcpnoticias\/\"]},{\"@type\":\"Person\",\"@id\":\"https:\/\/cleitonpinheiro.com.br\/site\/#\/schema\/person\/aac6d7f311e80c43042e98a900b03cd8\",\"name\":\"Dermival Pereira\",\"image\":{\"@type\":\"ImageObject\",\"inLanguage\":\"pt-BR\",\"@id\":\"https:\/\/cleitonpinheiro.com.br\/site\/#\/schema\/person\/image\/\",\"url\":\"https:\/\/secure.gravatar.com\/avatar\/cfaebf3742d6bf8db728bcba3eed6bee37b02337a2e6c822994f20ca72a3784d?s=96&r=g\",\"contentUrl\":\"https:\/\/secure.gravatar.com\/avatar\/cfaebf3742d6bf8db728bcba3eed6bee37b02337a2e6c822994f20ca72a3784d?s=96&r=g\",\"caption\":\"Dermival Pereira\"},\"url\":\"https:\/\/cleitonpinheiro.com.br\/site\/author\/dermival\/\"}]}<\/script>\n<!-- \/ Yoast SEO plugin. -->","yoast_head_json":{"title":"Tocantins recebe nova remessa da vacina CoronaVac - PORTAL DE NOT\u00cdCIAS CLEITON PINHEIRO","robots":{"index":"index","follow":"follow","max-snippet":"max-snippet:-1","max-image-preview":"max-image-preview:large","max-video-preview":"max-video-preview:-1"},"canonical":"https:\/\/cleitonpinheiro.com.br\/site\/tocantins-recebe-nova-remessa-da-vacina-coronavac\/","og_locale":"pt_BR","og_type":"article","og_title":"Tocantins recebe nova remessa da vacina CoronaVac - PORTAL DE NOT\u00cdCIAS CLEITON PINHEIRO","og_description":"O governo do Tocantins recebeu nessa madrugada de domingo, 7, uma nova remessa, com 45.600 doses de vacinas CoronaVac, enviada pelo Minist\u00e9rio da Sa\u00fade. O imunizante ser\u00e1 destinado para vacinar mais\u00a0 6% dos trabalhadores da sa\u00fade, 6% dos idosos de 80 a 89 anos, e 100% dos idosos de 90 anos ou mais, seguindo os [&hellip;]","og_url":"https:\/\/cleitonpinheiro.com.br\/site\/tocantins-recebe-nova-remessa-da-vacina-coronavac\/","og_site_name":"PORTAL DE NOT\u00cdCIAS CLEITON PINHEIRO","article_publisher":"https:\/\/www.facebook.com\/portalcpnoticias\/","article_published_time":"2021-02-08T12:02:24+00:00","author":"Dermival Pereira","twitter_card":"summary_large_image","twitter_misc":{"Escrito por":"Dermival Pereira","Est. tempo de leitura":"1 minuto"},"schema":{"@context":"https:\/\/schema.org","@graph":[{"@type":"Article","@id":"https:\/\/cleitonpinheiro.com.br\/site\/tocantins-recebe-nova-remessa-da-vacina-coronavac\/#article","isPartOf":{"@id":"https:\/\/cleitonpinheiro.com.br\/site\/tocantins-recebe-nova-remessa-da-vacina-coronavac\/"},"author":{"name":"Dermival Pereira","@id":"https:\/\/cleitonpinheiro.com.br\/site\/#\/schema\/person\/aac6d7f311e80c43042e98a900b03cd8"},"headline":"Tocantins recebe nova remessa da vacina CoronaVac","datePublished":"2021-02-08T12:02:24+00:00","mainEntityOfPage":{"@id":"https:\/\/cleitonpinheiro.com.br\/site\/tocantins-recebe-nova-remessa-da-vacina-coronavac\/"},"wordCount":162,"commentCount":0,"publisher":{"@id":"https:\/\/cleitonpinheiro.com.br\/site\/#organization"},"image":{"@id":"https:\/\/cleitonpinheiro.com.br\/site\/tocantins-recebe-nova-remessa-da-vacina-coronavac\/#primaryimage"},"thumbnailUrl":"","keywords":["CoronaVac","Covid19","tocantins","Vacina"],"articleSection":["COLUNAS","ESTADO","NOT\u00cdCIAS EM DESTAQUE"],"inLanguage":"pt-BR","potentialAction":[{"@type":"CommentAction","name":"Comment","target":["https:\/\/cleitonpinheiro.com.br\/site\/tocantins-recebe-nova-remessa-da-vacina-coronavac\/#respond"]}]},{"@type":"WebPage","@id":"https:\/\/cleitonpinheiro.com.br\/site\/tocantins-recebe-nova-remessa-da-vacina-coronavac\/","url":"https:\/\/cleitonpinheiro.com.br\/site\/tocantins-recebe-nova-remessa-da-vacina-coronavac\/","name":"Tocantins recebe nova remessa da vacina CoronaVac - PORTAL DE NOT\u00cdCIAS CLEITON PINHEIRO","isPartOf":{"@id":"https:\/\/cleitonpinheiro.com.br\/site\/#website"},"primaryImageOfPage":{"@id":"https:\/\/cleitonpinheiro.com.br\/site\/tocantins-recebe-nova-remessa-da-vacina-coronavac\/#primaryimage"},"image":{"@id":"https:\/\/cleitonpinheiro.com.br\/site\/tocantins-recebe-nova-remessa-da-vacina-coronavac\/#primaryimage"},"thumbnailUrl":"","datePublished":"2021-02-08T12:02:24+00:00","breadcrumb":{"@id":"https:\/\/cleitonpinheiro.com.br\/site\/tocantins-recebe-nova-remessa-da-vacina-coronavac\/#breadcrumb"},"inLanguage":"pt-BR","potentialAction":[{"@type":"ReadAction","target":["https:\/\/cleitonpinheiro.com.br\/site\/tocantins-recebe-nova-remessa-da-vacina-coronavac\/"]}]},{"@type":"ImageObject","inLanguage":"pt-BR","@id":"https:\/\/cleitonpinheiro.com.br\/site\/tocantins-recebe-nova-remessa-da-vacina-coronavac\/#primaryimage","url":"","contentUrl":""},{"@type":"BreadcrumbList","@id":"https:\/\/cleitonpinheiro.com.br\/site\/tocantins-recebe-nova-remessa-da-vacina-coronavac\/#breadcrumb","itemListElement":[{"@type":"ListItem","position":1,"name":"In\u00edcio","item":"https:\/\/cleitonpinheiro.com.br\/site\/"},{"@type":"ListItem","position":2,"name":"Tocantins recebe nova remessa da vacina CoronaVac"}]},{"@type":"WebSite","@id":"https:\/\/cleitonpinheiro.com.br\/site\/#website","url":"https:\/\/cleitonpinheiro.com.br\/site\/","name":"PORTAL DE NOT\u00cdCIAS CLEITON PINHEIRO","description":"FALANDO A VERDADE","publisher":{"@id":"https:\/\/cleitonpinheiro.com.br\/site\/#organization"},"potentialAction":[{"@type":"SearchAction","target":{"@type":"EntryPoint","urlTemplate":"https:\/\/cleitonpinheiro.com.br\/site\/?s={search_term_string}"},"query-input":{"@type":"PropertyValueSpecification","valueRequired":true,"valueName":"search_term_string"}}],"inLanguage":"pt-BR"},{"@type":"Organization","@id":"https:\/\/cleitonpinheiro.com.br\/site\/#organization","name":"CPNOT\u00cdCIAS","url":"https:\/\/cleitonpinheiro.com.br\/site\/","logo":{"@type":"ImageObject","inLanguage":"pt-BR","@id":"https:\/\/cleitonpinheiro.com.br\/site\/#\/schema\/logo\/image\/","url":"https:\/\/cleitonpinheiro.com.br\/site\/wp-content\/uploads\/2022\/08\/Logo-pequena-2.png","contentUrl":"https:\/\/cleitonpinheiro.com.br\/site\/wp-content\/uploads\/2022\/08\/Logo-pequena-2.png","width":500,"height":500,"caption":"CPNOT\u00cdCIAS"},"image":{"@id":"https:\/\/cleitonpinheiro.com.br\/site\/#\/schema\/logo\/image\/"},"sameAs":["https:\/\/www.facebook.com\/portalcpnoticias\/"]},{"@type":"Person","@id":"https:\/\/cleitonpinheiro.com.br\/site\/#\/schema\/person\/aac6d7f311e80c43042e98a900b03cd8","name":"Dermival Pereira","image":{"@type":"ImageObject","inLanguage":"pt-BR","@id":"https:\/\/cleitonpinheiro.com.br\/site\/#\/schema\/person\/image\/","url":"https:\/\/secure.gravatar.com\/avatar\/cfaebf3742d6bf8db728bcba3eed6bee37b02337a2e6c822994f20ca72a3784d?s=96&r=g","contentUrl":"https:\/\/secure.gravatar.com\/avatar\/cfaebf3742d6bf8db728bcba3eed6bee37b02337a2e6c822994f20ca72a3784d?s=96&r=g","caption":"Dermival Pereira"},"url":"https:\/\/cleitonpinheiro.com.br\/site\/author\/dermival\/"}]}},"views":206,"_links":{"self":[{"href":"https:\/\/cleitonpinheiro.com.br\/site\/wp-json\/wp\/v2\/posts\/43093","targetHints":{"allow":["GET"]}}],"collection":[{"href":"https:\/\/cleitonpinheiro.com.br\/site\/wp-json\/wp\/v2\/posts"}],"about":[{"href":"https:\/\/cleitonpinheiro.com.br\/site\/wp-json\/wp\/v2\/types\/post"}],"author":[{"embeddable":true,"href":"https:\/\/cleitonpinheiro.com.br\/site\/wp-json\/wp\/v2\/users\/4"}],"replies":[{"embeddable":true,"href":"https:\/\/cleitonpinheiro.com.br\/site\/wp-json\/wp\/v2\/comments?post=43093"}],"version-history":[{"count":0,"href":"https:\/\/cleitonpinheiro.com.br\/site\/wp-json\/wp\/v2\/posts\/43093\/revisions"}],"wp:featuredmedia":[{"embeddable":true,"href":"https:\/\/cleitonpinheiro.com.br\/site\/wp-json\/"}],"wp:attachment":[{"href":"https:\/\/cleitonpinheiro.com.br\/site\/wp-json\/wp\/v2\/media?parent=43093"}],"wp:term":[{"taxonomy":"category","embeddable":true,"href":"https:\/\/cleitonpinheiro.com.br\/site\/wp-json\/wp\/v2\/categories?post=43093"},{"taxonomy":"post_tag","embeddable":true,"href":"https:\/\/cleitonpinheiro.com.br\/site\/wp-json\/wp\/v2\/tags?post=43093"}],"curies":[{"name":"wp","href":"https:\/\/api.w.org\/{rel}","templated":true}]}}