{"id":43097,"date":"2021-02-08T09:15:58","date_gmt":"2021-02-08T12:15:58","guid":{"rendered":"https:\/\/cleitonpinheiro.com.br\/portal\/?p=43097"},"modified":"2021-02-08T09:15:58","modified_gmt":"2021-02-08T12:15:58","slug":"agencia-brasil-explica-mudancas-nas-aposentadorias-e-pensoes-em-2021","status":"publish","type":"post","link":"https:\/\/cleitonpinheiro.com.br\/site\/agencia-brasil-explica-mudancas-nas-aposentadorias-e-pensoes-em-2021\/","title":{"rendered":"Ag\u00eancia Brasil explica: mudan\u00e7as nas aposentadorias e pens\u00f5es em 2021"},"content":{"rendered":"\n<p><strong><em>Por Wellton M\u00e1ximo &#8211; Rep\u00f3rter da Ag\u00eancia Brasil<\/em><\/strong><\/p>\n\n\n<p>Quem est\u00e1 prestes a se aposentar ou requerer pens\u00e3o precisa estar atento. A reforma da Previd\u00eancia estabeleceu regras autom\u00e1ticas de transi\u00e7\u00e3o, que mudam a concess\u00e3o de benef\u00edcios a cada ano.<\/p>\n\n\n<figure class=\"wp-block-image size-large\"><img decoding=\"async\" src=\"https:\/\/cleitonpinheiro.com.br\/portal\/wp-content\/uploads\/2021\/02\/mc_21.08.2020_002_previdencia_socialsantos_fc231082200890-1024x613.jpg\" alt=\"\" class=\"wp-image-43099\"\/><figcaption>Reforma da Previd\u00eancia estabelece regras autom\u00e1ticas de transi\u00e7\u00e3o. <em>Cr\u00e9dito: Marcello Casal Jr\/Ag\u00eancia Brasil<\/em><\/figcaption><\/figure>\n\n\n<p>A pontua\u00e7\u00e3o para a aposentadoria por tempo de contribui\u00e7\u00e3o e por idade sofreu altera\u00e7\u00f5es. Regulamentado por uma portaria de 2015, o tempo de recebimento da pens\u00e3o por morte tamb\u00e9m mudou na virada do ano. Confira abaixo as mudan\u00e7as que vigoram desde janeiro.<\/p>\n\n\n<p><strong>Aposentadoria por idade<br \/><\/strong>A regra de transi\u00e7\u00e3o estabelece o acr\u00e9scimo de seis meses a cada ano para as mulheres, at\u00e9 chegar a 62 anos em 2023. Na promulga\u00e7\u00e3o da reforma da Previd\u00eancia, em novembro de 2019, a idade m\u00ednima estava em 60 anos, passando para 60 anos e meio em janeiro de 2020. Em janeiro de 2021, a idade m\u00ednima para aposentadoria das mulheres aumentou para 61 anos.<\/p>\n\n\n<p>Para homens, a idade m\u00ednima est\u00e1 fixada em 65 anos desde 2019. Para ambos os sexos, o tempo m\u00ednimo de contribui\u00e7\u00e3o exigido est\u00e1 em 15 anos.<\/p>\n\n\n<p><strong>Aposentadoria por tempo de contribui\u00e7\u00e3o<br \/><\/strong>A reforma da Previd\u00eancia estabeleceu quatro regras de transi\u00e7\u00e3o, das quais duas previram modifica\u00e7\u00f5es na virada de 2020 para 2021. Na primeira regra, que estabelece um cronograma de transi\u00e7\u00e3o para a regra 86\/96, a pontua\u00e7\u00e3o composta pela soma da idade e dos anos de contribui\u00e7\u00e3o subiu em janeiro: para 88 pontos (mulheres) e 98 pontos (homens).<\/p>\n\n\n<p>Na segunda regra, que prev\u00ea idade m\u00ednima mais baixa para quem tem longo tempo de contribui\u00e7\u00e3o, a idade m\u00ednima para requerer o benef\u00edcio passou para 57 anos (mulheres) e 62 anos (homens). A reforma da Previd\u00eancia acrescenta seis meses \u00e0s idades m\u00ednimas a cada ano at\u00e9 atingirem 62 anos (mulheres) e 65 anos (homens) em 2031. Nos dois casos, o tempo m\u00ednimo de contribui\u00e7\u00e3o exigido \u00e9 de 30 anos para as mulheres e 35 anos para homens.<\/p>\n\n\n<p><strong>Pens\u00e3o por morte<br \/><\/strong>O tempo de recebimento do benef\u00edcio mudou em janeiro, com um ano sendo acrescido nas faixas et\u00e1rias estabelecidas por portaria do governo federal editada em 2015. A partir deste ano, o pensionista com menos de 22 anos de idade receber\u00e1 a pens\u00e3o por at\u00e9 tr\u00eas anos.<\/p>\n\n\n<p>O intervalo sobe para seis anos para pensionistas de 22 a 27 anos, 10 anos para pensionistas de 28 a 30 anos, 15 anos para pensionistas de 31 a 41 anos e 20 anos para pensionistas de 42 a 44 anos. Somente a partir de 45 anos, a pens\u00e3o passa a ser vital\u00edcia. A medida vale para os novos pensionistas. Benefici\u00e1rios antigos est\u00e3o com direito adquirido.<\/p>\n","protected":false},"excerpt":{"rendered":"<p>Por Wellton M\u00e1ximo &#8211; Rep\u00f3rter da Ag\u00eancia Brasil Quem est\u00e1 prestes a se aposentar ou requerer pens\u00e3o precisa estar atento. A reforma da Previd\u00eancia estabeleceu regras autom\u00e1ticas de transi\u00e7\u00e3o, que mudam a concess\u00e3o de benef\u00edcios a cada ano. A pontua\u00e7\u00e3o para a aposentadoria por tempo de contribui\u00e7\u00e3o e por idade sofreu altera\u00e7\u00f5es. Regulamentado por uma [&hellip;]<\/p>\n","protected":false},"author":4,"featured_media":43099,"comment_status":"open","ping_status":"open","sticky":false,"template":"","format":"standard","meta":{"_acf_changed":false,"footnotes":""},"categories":[19,24,20],"tags":[800,426,801],"class_list":["post-43097","post","type-post","status-publish","format-standard","has-post-thumbnail","hentry","category-brasil-mundo","category-colunas","category-noticias-em-destaque","tag-aposentadorias","tag-inss","tag-pensoes"],"acf":[],"yoast_head":"<!-- This site is optimized with the Yoast SEO plugin v24.4 - https:\/\/yoast.com\/wordpress\/plugins\/seo\/ -->\n<title>Ag\u00eancia Brasil explica: mudan\u00e7as nas aposentadorias e pens\u00f5es em 2021 - PORTAL DE NOT\u00cdCIAS CLEITON PINHEIRO<\/title>\n<meta name=\"robots\" content=\"index, follow, max-snippet:-1, max-image-preview:large, max-video-preview:-1\" \/>\n<link rel=\"canonical\" href=\"https:\/\/cleitonpinheiro.com.br\/site\/agencia-brasil-explica-mudancas-nas-aposentadorias-e-pensoes-em-2021\/\" \/>\n<meta property=\"og:locale\" content=\"pt_BR\" \/>\n<meta property=\"og:type\" content=\"article\" \/>\n<meta property=\"og:title\" content=\"Ag\u00eancia Brasil explica: mudan\u00e7as nas aposentadorias e pens\u00f5es em 2021 - PORTAL DE NOT\u00cdCIAS CLEITON PINHEIRO\" \/>\n<meta property=\"og:description\" content=\"Por Wellton M\u00e1ximo &#8211; Rep\u00f3rter da Ag\u00eancia Brasil Quem est\u00e1 prestes a se aposentar ou requerer pens\u00e3o precisa estar atento. A reforma da Previd\u00eancia estabeleceu regras autom\u00e1ticas de transi\u00e7\u00e3o, que mudam a concess\u00e3o de benef\u00edcios a cada ano. A pontua\u00e7\u00e3o para a aposentadoria por tempo de contribui\u00e7\u00e3o e por idade sofreu altera\u00e7\u00f5es. Regulamentado por uma [&hellip;]\" \/>\n<meta property=\"og:url\" content=\"https:\/\/cleitonpinheiro.com.br\/site\/agencia-brasil-explica-mudancas-nas-aposentadorias-e-pensoes-em-2021\/\" \/>\n<meta property=\"og:site_name\" content=\"PORTAL DE NOT\u00cdCIAS CLEITON PINHEIRO\" \/>\n<meta property=\"article:publisher\" content=\"https:\/\/www.facebook.com\/portalcpnoticias\/\" \/>\n<meta property=\"article:published_time\" content=\"2021-02-08T12:15:58+00:00\" \/>\n<meta name=\"author\" content=\"Dermival Pereira\" \/>\n<meta name=\"twitter:card\" content=\"summary_large_image\" \/>\n<meta name=\"twitter:label1\" content=\"Escrito por\" \/>\n\t<meta name=\"twitter:data1\" content=\"Dermival Pereira\" \/>\n\t<meta name=\"twitter:label2\" content=\"Est. tempo de leitura\" \/>\n\t<meta name=\"twitter:data2\" content=\"2 minutos\" \/>\n<script type=\"application\/ld+json\" class=\"yoast-schema-graph\">{\"@context\":\"https:\/\/schema.org\",\"@graph\":[{\"@type\":\"Article\",\"@id\":\"https:\/\/cleitonpinheiro.com.br\/site\/agencia-brasil-explica-mudancas-nas-aposentadorias-e-pensoes-em-2021\/#article\",\"isPartOf\":{\"@id\":\"https:\/\/cleitonpinheiro.com.br\/site\/agencia-brasil-explica-mudancas-nas-aposentadorias-e-pensoes-em-2021\/\"},\"author\":{\"name\":\"Dermival Pereira\",\"@id\":\"https:\/\/cleitonpinheiro.com.br\/site\/#\/schema\/person\/aac6d7f311e80c43042e98a900b03cd8\"},\"headline\":\"Ag\u00eancia Brasil explica: mudan\u00e7as nas aposentadorias e pens\u00f5es em 2021\",\"datePublished\":\"2021-02-08T12:15:58+00:00\",\"mainEntityOfPage\":{\"@id\":\"https:\/\/cleitonpinheiro.com.br\/site\/agencia-brasil-explica-mudancas-nas-aposentadorias-e-pensoes-em-2021\/\"},\"wordCount\":467,\"commentCount\":0,\"publisher\":{\"@id\":\"https:\/\/cleitonpinheiro.com.br\/site\/#organization\"},\"image\":{\"@id\":\"https:\/\/cleitonpinheiro.com.br\/site\/agencia-brasil-explica-mudancas-nas-aposentadorias-e-pensoes-em-2021\/#primaryimage\"},\"thumbnailUrl\":\"\",\"keywords\":[\"aposentadorias\",\"INSS\",\"pens\u00f5es\"],\"articleSection\":[\"BRASIL \/ MUNDO\",\"COLUNAS\",\"NOT\u00cdCIAS EM DESTAQUE\"],\"inLanguage\":\"pt-BR\",\"potentialAction\":[{\"@type\":\"CommentAction\",\"name\":\"Comment\",\"target\":[\"https:\/\/cleitonpinheiro.com.br\/site\/agencia-brasil-explica-mudancas-nas-aposentadorias-e-pensoes-em-2021\/#respond\"]}]},{\"@type\":\"WebPage\",\"@id\":\"https:\/\/cleitonpinheiro.com.br\/site\/agencia-brasil-explica-mudancas-nas-aposentadorias-e-pensoes-em-2021\/\",\"url\":\"https:\/\/cleitonpinheiro.com.br\/site\/agencia-brasil-explica-mudancas-nas-aposentadorias-e-pensoes-em-2021\/\",\"name\":\"Ag\u00eancia Brasil explica: mudan\u00e7as nas aposentadorias e pens\u00f5es em 2021 - PORTAL DE NOT\u00cdCIAS CLEITON PINHEIRO\",\"isPartOf\":{\"@id\":\"https:\/\/cleitonpinheiro.com.br\/site\/#website\"},\"primaryImageOfPage\":{\"@id\":\"https:\/\/cleitonpinheiro.com.br\/site\/agencia-brasil-explica-mudancas-nas-aposentadorias-e-pensoes-em-2021\/#primaryimage\"},\"image\":{\"@id\":\"https:\/\/cleitonpinheiro.com.br\/site\/agencia-brasil-explica-mudancas-nas-aposentadorias-e-pensoes-em-2021\/#primaryimage\"},\"thumbnailUrl\":\"\",\"datePublished\":\"2021-02-08T12:15:58+00:00\",\"breadcrumb\":{\"@id\":\"https:\/\/cleitonpinheiro.com.br\/site\/agencia-brasil-explica-mudancas-nas-aposentadorias-e-pensoes-em-2021\/#breadcrumb\"},\"inLanguage\":\"pt-BR\",\"potentialAction\":[{\"@type\":\"ReadAction\",\"target\":[\"https:\/\/cleitonpinheiro.com.br\/site\/agencia-brasil-explica-mudancas-nas-aposentadorias-e-pensoes-em-2021\/\"]}]},{\"@type\":\"ImageObject\",\"inLanguage\":\"pt-BR\",\"@id\":\"https:\/\/cleitonpinheiro.com.br\/site\/agencia-brasil-explica-mudancas-nas-aposentadorias-e-pensoes-em-2021\/#primaryimage\",\"url\":\"\",\"contentUrl\":\"\"},{\"@type\":\"BreadcrumbList\",\"@id\":\"https:\/\/cleitonpinheiro.com.br\/site\/agencia-brasil-explica-mudancas-nas-aposentadorias-e-pensoes-em-2021\/#breadcrumb\",\"itemListElement\":[{\"@type\":\"ListItem\",\"position\":1,\"name\":\"In\u00edcio\",\"item\":\"https:\/\/cleitonpinheiro.com.br\/site\/\"},{\"@type\":\"ListItem\",\"position\":2,\"name\":\"Ag\u00eancia Brasil explica: mudan\u00e7as nas aposentadorias e pens\u00f5es em 2021\"}]},{\"@type\":\"WebSite\",\"@id\":\"https:\/\/cleitonpinheiro.com.br\/site\/#website\",\"url\":\"https:\/\/cleitonpinheiro.com.br\/site\/\",\"name\":\"PORTAL DE NOT\u00cdCIAS CLEITON PINHEIRO\",\"description\":\"FALANDO A VERDADE\",\"publisher\":{\"@id\":\"https:\/\/cleitonpinheiro.com.br\/site\/#organization\"},\"potentialAction\":[{\"@type\":\"SearchAction\",\"target\":{\"@type\":\"EntryPoint\",\"urlTemplate\":\"https:\/\/cleitonpinheiro.com.br\/site\/?s={search_term_string}\"},\"query-input\":{\"@type\":\"PropertyValueSpecification\",\"valueRequired\":true,\"valueName\":\"search_term_string\"}}],\"inLanguage\":\"pt-BR\"},{\"@type\":\"Organization\",\"@id\":\"https:\/\/cleitonpinheiro.com.br\/site\/#organization\",\"name\":\"CPNOT\u00cdCIAS\",\"url\":\"https:\/\/cleitonpinheiro.com.br\/site\/\",\"logo\":{\"@type\":\"ImageObject\",\"inLanguage\":\"pt-BR\",\"@id\":\"https:\/\/cleitonpinheiro.com.br\/site\/#\/schema\/logo\/image\/\",\"url\":\"https:\/\/cleitonpinheiro.com.br\/site\/wp-content\/uploads\/2022\/08\/Logo-pequena-2.png\",\"contentUrl\":\"https:\/\/cleitonpinheiro.com.br\/site\/wp-content\/uploads\/2022\/08\/Logo-pequena-2.png\",\"width\":500,\"height\":500,\"caption\":\"CPNOT\u00cdCIAS\"},\"image\":{\"@id\":\"https:\/\/cleitonpinheiro.com.br\/site\/#\/schema\/logo\/image\/\"},\"sameAs\":[\"https:\/\/www.facebook.com\/portalcpnoticias\/\"]},{\"@type\":\"Person\",\"@id\":\"https:\/\/cleitonpinheiro.com.br\/site\/#\/schema\/person\/aac6d7f311e80c43042e98a900b03cd8\",\"name\":\"Dermival Pereira\",\"image\":{\"@type\":\"ImageObject\",\"inLanguage\":\"pt-BR\",\"@id\":\"https:\/\/cleitonpinheiro.com.br\/site\/#\/schema\/person\/image\/\",\"url\":\"https:\/\/secure.gravatar.com\/avatar\/cfaebf3742d6bf8db728bcba3eed6bee37b02337a2e6c822994f20ca72a3784d?s=96&r=g\",\"contentUrl\":\"https:\/\/secure.gravatar.com\/avatar\/cfaebf3742d6bf8db728bcba3eed6bee37b02337a2e6c822994f20ca72a3784d?s=96&r=g\",\"caption\":\"Dermival Pereira\"},\"url\":\"https:\/\/cleitonpinheiro.com.br\/site\/author\/dermival\/\"}]}<\/script>\n<!-- \/ Yoast SEO plugin. -->","yoast_head_json":{"title":"Ag\u00eancia Brasil explica: mudan\u00e7as nas aposentadorias e pens\u00f5es em 2021 - PORTAL DE NOT\u00cdCIAS CLEITON PINHEIRO","robots":{"index":"index","follow":"follow","max-snippet":"max-snippet:-1","max-image-preview":"max-image-preview:large","max-video-preview":"max-video-preview:-1"},"canonical":"https:\/\/cleitonpinheiro.com.br\/site\/agencia-brasil-explica-mudancas-nas-aposentadorias-e-pensoes-em-2021\/","og_locale":"pt_BR","og_type":"article","og_title":"Ag\u00eancia Brasil explica: mudan\u00e7as nas aposentadorias e pens\u00f5es em 2021 - PORTAL DE NOT\u00cdCIAS CLEITON PINHEIRO","og_description":"Por Wellton M\u00e1ximo &#8211; Rep\u00f3rter da Ag\u00eancia Brasil Quem est\u00e1 prestes a se aposentar ou requerer pens\u00e3o precisa estar atento. A reforma da Previd\u00eancia estabeleceu regras autom\u00e1ticas de transi\u00e7\u00e3o, que mudam a concess\u00e3o de benef\u00edcios a cada ano. A pontua\u00e7\u00e3o para a aposentadoria por tempo de contribui\u00e7\u00e3o e por idade sofreu altera\u00e7\u00f5es. Regulamentado por uma [&hellip;]","og_url":"https:\/\/cleitonpinheiro.com.br\/site\/agencia-brasil-explica-mudancas-nas-aposentadorias-e-pensoes-em-2021\/","og_site_name":"PORTAL DE NOT\u00cdCIAS CLEITON PINHEIRO","article_publisher":"https:\/\/www.facebook.com\/portalcpnoticias\/","article_published_time":"2021-02-08T12:15:58+00:00","author":"Dermival Pereira","twitter_card":"summary_large_image","twitter_misc":{"Escrito por":"Dermival Pereira","Est. tempo de leitura":"2 minutos"},"schema":{"@context":"https:\/\/schema.org","@graph":[{"@type":"Article","@id":"https:\/\/cleitonpinheiro.com.br\/site\/agencia-brasil-explica-mudancas-nas-aposentadorias-e-pensoes-em-2021\/#article","isPartOf":{"@id":"https:\/\/cleitonpinheiro.com.br\/site\/agencia-brasil-explica-mudancas-nas-aposentadorias-e-pensoes-em-2021\/"},"author":{"name":"Dermival Pereira","@id":"https:\/\/cleitonpinheiro.com.br\/site\/#\/schema\/person\/aac6d7f311e80c43042e98a900b03cd8"},"headline":"Ag\u00eancia Brasil explica: mudan\u00e7as nas aposentadorias e pens\u00f5es em 2021","datePublished":"2021-02-08T12:15:58+00:00","mainEntityOfPage":{"@id":"https:\/\/cleitonpinheiro.com.br\/site\/agencia-brasil-explica-mudancas-nas-aposentadorias-e-pensoes-em-2021\/"},"wordCount":467,"commentCount":0,"publisher":{"@id":"https:\/\/cleitonpinheiro.com.br\/site\/#organization"},"image":{"@id":"https:\/\/cleitonpinheiro.com.br\/site\/agencia-brasil-explica-mudancas-nas-aposentadorias-e-pensoes-em-2021\/#primaryimage"},"thumbnailUrl":"","keywords":["aposentadorias","INSS","pens\u00f5es"],"articleSection":["BRASIL \/ MUNDO","COLUNAS","NOT\u00cdCIAS EM DESTAQUE"],"inLanguage":"pt-BR","potentialAction":[{"@type":"CommentAction","name":"Comment","target":["https:\/\/cleitonpinheiro.com.br\/site\/agencia-brasil-explica-mudancas-nas-aposentadorias-e-pensoes-em-2021\/#respond"]}]},{"@type":"WebPage","@id":"https:\/\/cleitonpinheiro.com.br\/site\/agencia-brasil-explica-mudancas-nas-aposentadorias-e-pensoes-em-2021\/","url":"https:\/\/cleitonpinheiro.com.br\/site\/agencia-brasil-explica-mudancas-nas-aposentadorias-e-pensoes-em-2021\/","name":"Ag\u00eancia Brasil explica: mudan\u00e7as nas aposentadorias e pens\u00f5es em 2021 - PORTAL DE NOT\u00cdCIAS CLEITON PINHEIRO","isPartOf":{"@id":"https:\/\/cleitonpinheiro.com.br\/site\/#website"},"primaryImageOfPage":{"@id":"https:\/\/cleitonpinheiro.com.br\/site\/agencia-brasil-explica-mudancas-nas-aposentadorias-e-pensoes-em-2021\/#primaryimage"},"image":{"@id":"https:\/\/cleitonpinheiro.com.br\/site\/agencia-brasil-explica-mudancas-nas-aposentadorias-e-pensoes-em-2021\/#primaryimage"},"thumbnailUrl":"","datePublished":"2021-02-08T12:15:58+00:00","breadcrumb":{"@id":"https:\/\/cleitonpinheiro.com.br\/site\/agencia-brasil-explica-mudancas-nas-aposentadorias-e-pensoes-em-2021\/#breadcrumb"},"inLanguage":"pt-BR","potentialAction":[{"@type":"ReadAction","target":["https:\/\/cleitonpinheiro.com.br\/site\/agencia-brasil-explica-mudancas-nas-aposentadorias-e-pensoes-em-2021\/"]}]},{"@type":"ImageObject","inLanguage":"pt-BR","@id":"https:\/\/cleitonpinheiro.com.br\/site\/agencia-brasil-explica-mudancas-nas-aposentadorias-e-pensoes-em-2021\/#primaryimage","url":"","contentUrl":""},{"@type":"BreadcrumbList","@id":"https:\/\/cleitonpinheiro.com.br\/site\/agencia-brasil-explica-mudancas-nas-aposentadorias-e-pensoes-em-2021\/#breadcrumb","itemListElement":[{"@type":"ListItem","position":1,"name":"In\u00edcio","item":"https:\/\/cleitonpinheiro.com.br\/site\/"},{"@type":"ListItem","position":2,"name":"Ag\u00eancia Brasil explica: mudan\u00e7as nas aposentadorias e pens\u00f5es em 2021"}]},{"@type":"WebSite","@id":"https:\/\/cleitonpinheiro.com.br\/site\/#website","url":"https:\/\/cleitonpinheiro.com.br\/site\/","name":"PORTAL DE NOT\u00cdCIAS CLEITON PINHEIRO","description":"FALANDO A VERDADE","publisher":{"@id":"https:\/\/cleitonpinheiro.com.br\/site\/#organization"},"potentialAction":[{"@type":"SearchAction","target":{"@type":"EntryPoint","urlTemplate":"https:\/\/cleitonpinheiro.com.br\/site\/?s={search_term_string}"},"query-input":{"@type":"PropertyValueSpecification","valueRequired":true,"valueName":"search_term_string"}}],"inLanguage":"pt-BR"},{"@type":"Organization","@id":"https:\/\/cleitonpinheiro.com.br\/site\/#organization","name":"CPNOT\u00cdCIAS","url":"https:\/\/cleitonpinheiro.com.br\/site\/","logo":{"@type":"ImageObject","inLanguage":"pt-BR","@id":"https:\/\/cleitonpinheiro.com.br\/site\/#\/schema\/logo\/image\/","url":"https:\/\/cleitonpinheiro.com.br\/site\/wp-content\/uploads\/2022\/08\/Logo-pequena-2.png","contentUrl":"https:\/\/cleitonpinheiro.com.br\/site\/wp-content\/uploads\/2022\/08\/Logo-pequena-2.png","width":500,"height":500,"caption":"CPNOT\u00cdCIAS"},"image":{"@id":"https:\/\/cleitonpinheiro.com.br\/site\/#\/schema\/logo\/image\/"},"sameAs":["https:\/\/www.facebook.com\/portalcpnoticias\/"]},{"@type":"Person","@id":"https:\/\/cleitonpinheiro.com.br\/site\/#\/schema\/person\/aac6d7f311e80c43042e98a900b03cd8","name":"Dermival Pereira","image":{"@type":"ImageObject","inLanguage":"pt-BR","@id":"https:\/\/cleitonpinheiro.com.br\/site\/#\/schema\/person\/image\/","url":"https:\/\/secure.gravatar.com\/avatar\/cfaebf3742d6bf8db728bcba3eed6bee37b02337a2e6c822994f20ca72a3784d?s=96&r=g","contentUrl":"https:\/\/secure.gravatar.com\/avatar\/cfaebf3742d6bf8db728bcba3eed6bee37b02337a2e6c822994f20ca72a3784d?s=96&r=g","caption":"Dermival Pereira"},"url":"https:\/\/cleitonpinheiro.com.br\/site\/author\/dermival\/"}]}},"views":141,"_links":{"self":[{"href":"https:\/\/cleitonpinheiro.com.br\/site\/wp-json\/wp\/v2\/posts\/43097","targetHints":{"allow":["GET"]}}],"collection":[{"href":"https:\/\/cleitonpinheiro.com.br\/site\/wp-json\/wp\/v2\/posts"}],"about":[{"href":"https:\/\/cleitonpinheiro.com.br\/site\/wp-json\/wp\/v2\/types\/post"}],"author":[{"embeddable":true,"href":"https:\/\/cleitonpinheiro.com.br\/site\/wp-json\/wp\/v2\/users\/4"}],"replies":[{"embeddable":true,"href":"https:\/\/cleitonpinheiro.com.br\/site\/wp-json\/wp\/v2\/comments?post=43097"}],"version-history":[{"count":0,"href":"https:\/\/cleitonpinheiro.com.br\/site\/wp-json\/wp\/v2\/posts\/43097\/revisions"}],"wp:featuredmedia":[{"embeddable":true,"href":"https:\/\/cleitonpinheiro.com.br\/site\/wp-json\/"}],"wp:attachment":[{"href":"https:\/\/cleitonpinheiro.com.br\/site\/wp-json\/wp\/v2\/media?parent=43097"}],"wp:term":[{"taxonomy":"category","embeddable":true,"href":"https:\/\/cleitonpinheiro.com.br\/site\/wp-json\/wp\/v2\/categories?post=43097"},{"taxonomy":"post_tag","embeddable":true,"href":"https:\/\/cleitonpinheiro.com.br\/site\/wp-json\/wp\/v2\/tags?post=43097"}],"curies":[{"name":"wp","href":"https:\/\/api.w.org\/{rel}","templated":true}]}}