{"id":43101,"date":"2021-02-08T09:25:39","date_gmt":"2021-02-08T12:25:39","guid":{"rendered":"https:\/\/cleitonpinheiro.com.br\/portal\/?p=43101"},"modified":"2021-02-08T09:25:39","modified_gmt":"2021-02-08T12:25:39","slug":"participantes-do-enem-digital-podem-pedir-reaplicacao","status":"publish","type":"post","link":"https:\/\/cleitonpinheiro.com.br\/site\/participantes-do-enem-digital-podem-pedir-reaplicacao\/","title":{"rendered":"Participantes do Enem digital podem pedir reaplica\u00e7\u00e3o"},"content":{"rendered":"\n<figure class=\"wp-block-image size-large\"><img decoding=\"async\" src=\"https:\/\/cleitonpinheiro.com.br\/portal\/wp-content\/uploads\/2021\/02\/enem_2020_prova_mcajr_2401214012236-compressed-1024x613.jpg\" alt=\"\" class=\"wp-image-43102\"\/><figcaption>Prazo para a solicita\u00e7\u00e3o vai at\u00e9 o dia 12, na P\u00e1gina do Participante. <em>Cr\u00e9dito: Marcello Casal Jr\/Ag\u00eancia Brasil<\/em><\/figcaption><\/figure>\n\n\n<p>Candidatos que n\u00e3o puderam participar do Exame Nacional do Ensino M\u00e9dio (Enem) digital por estarem com sintomas de covid-19 ou de outra doen\u00e7a infectocontagiosa e aqueles que n\u00e3o conseguiram fazer as provas por problemas log\u00edsticos podem, a partir de hoje (8), pedir, na <a href=\"https:\/\/enem.inep.gov.br\/participante\/#!\/]\" target=\"_blank\" aria-label=\"undefined (opens in a new tab)\" rel=\"noreferrer noopener\">P\u00e1gina do Participante<\/a>, para participar da reaplica\u00e7\u00e3o do Enem. O prazo para que isso seja feito vai at\u00e9 o pr\u00f3ximo dia 12.<\/p>\n\n\n<p>As provas do Enem digital foram aplicadas nos dias 31 de janeiro e 7 de fevereiro. Nas semanas que antecederam cada uma das aplica\u00e7\u00f5es, os candidatos puderam enviar exames e laudos m\u00e9dicos ao Instituto Nacional de Estudos e Pesquisas Educacionais An\u00edsio Teixeira (Inep). Aqueles que ainda n\u00e3o o fizeram poder\u00e3o, agora, acessar o sistema online. As provas da reaplica\u00e7\u00e3o ser\u00e3o nos dias 23 e 24 de fevereiro, apenas na vers\u00e3o impressa.<\/p>\n\n\n<p>De acordo com balan\u00e7o divulgado pelo Inep, 320 participantes do Enem digital j\u00e1 fizeram os pedidos. Foram aprovadas 194 solicita\u00e7\u00f5es. O prazo para os pedidos de reaplica\u00e7\u00e3o do Enem impresso foi entre os dias 25 e 29 de janeiro. Os resultados das an\u00e1lises dos pedidos, tanto dos participantes do Enem impresso quanto do digital, ser\u00e3o divulgados at\u00e9 dia 15 deste m\u00eas.<\/p>\n\n\n<p>Al\u00e9m da covid-19, podem solicitar a reaplica\u00e7\u00e3o participantes com coqueluche, difteria, doen\u00e7a invasiva por Haemophilus influenza, doen\u00e7a meningoc\u00f3cica e outras meningites, var\u00edola, Influenza humana A e B, poliomielite por poliov\u00edrus selvagem, sarampo, rub\u00e9ola, varicela.<\/p>\n\n\n<p>Segundo o Inep, para a an\u00e1lise da possibilidade de reaplica\u00e7\u00e3o, a pessoa dever\u00e1 inserir, obrigatoriamente, no momento da solicita\u00e7\u00e3o, documento leg\u00edvel que comprove a doen\u00e7a. Na documenta\u00e7\u00e3o, deve constar o nome completo do participante, o diagn\u00f3stico com a descri\u00e7\u00e3o da condi\u00e7\u00e3o, o c\u00f3digo correspondente \u00e0 Classifica\u00e7\u00e3o Internacional de Doen\u00e7a (CID 10), al\u00e9m da assinatura e da identifica\u00e7\u00e3o do profissional competente, com o respectivo registro no Conselho Regional de Medicina (CRM), do Minist\u00e9rio da Sa\u00fade (RMS) ou de \u00f3rg\u00e3o competente, assim como a data do atendimento. O documento deve ser anexado em formato PDF, PNG ou JPG, no tamanho m\u00e1ximo de 2 MB.<\/p>\n\n\n<p>Problemas na aplica\u00e7\u00e3o<\/p>\n\n\n<p>Tamb\u00e9m poder\u00e3o pedir a reaplica\u00e7\u00e3o estudantes que tenham sido prejudicados por problemas log\u00edsticos. De acordo com o edital do Enem, s\u00e3o considerados problemas log\u00edsticos, por exemplo, desastres naturais que prejudiquem a aplica\u00e7\u00e3o do exame devido ao comprometimento da infraestrutura do local, falta de energia el\u00e9trica, falha no dispositivo eletr\u00f4nico fornecido ao participante que solicitou uso de leitor de tela ou erro de execu\u00e7\u00e3o de procedimento de aplica\u00e7\u00e3o que incorra em comprovado preju\u00edzo ao participante.<\/p>\n\n\n<p>No primeiro dia de aplica\u00e7\u00e3o do Enem digital, foi registrado problema em um servidor, o que atrasou o envio das provas para os computadores onde os participantes fariam o exame. Por causa do tempo, eles n\u00e3o puderam fazer as provas. Esses participantes tamb\u00e9m ter\u00e3o direito \u00e0 reaplica\u00e7\u00e3o.<\/p>\n\n\n<p>Tamb\u00e9m ter\u00e3o direito \u00e0 reaplica\u00e7\u00e3o os estudantes que fariam a prova no estado do Amazonas, onde o exame foi suspenso por causa dos impactos da pandemia. As provas do Enem digital foram tamb\u00e9m suspensas em um dos locais de prova em Macap\u00e1 (AP), por conta de problemas de infraestrutura.<\/p>\n\n\n<p>Os pedidos de reaplica\u00e7\u00e3o ser\u00e3o analisados pelo Inep. A aprova\u00e7\u00e3o ou a reprova\u00e7\u00e3o do pedido dever\u00e1 ser consultada tamb\u00e9m na P\u00e1gina do Participante. Os participantes tamb\u00e9m podem entrar em contato com o Inep pelo telefone 0800 616161. O Inep recomenda, no entanto, que os candidatos fa\u00e7am a solicita\u00e7\u00e3o pela internet.<\/p>\n\n\n<p>Cronograma<br \/>O Enem 2020 tem uma vers\u00e3o impressa, aplicada nos dias 17 e 24 de janeiro, e uma digital, realizada nos dias 31 de janeiro e 7 de fevereiro. Ao todo, cerca da metade dos inscritos no Enem impresso e aproximadamente 70% do Enem digital faltaram \u00e0s provas.<\/p>\n\n\n<p>O Inep divulgar\u00e1 na quarta-feira (10) os gabaritos das quest\u00f5es objetivas do Enem digital. Os cadernos de prova j\u00e1 est\u00e3o dispon\u00edveis na p\u00e1gina da autarquia.<\/p>\n\n\n<p>O resultado final, tanto da vers\u00e3o impressa quanto da digital e da reaplica\u00e7\u00e3o, ser\u00e1 divulgado no dia 29 de mar\u00e7o. Os candidatos podem usar as notas para concorrer a vagas no ensino superior, por meio de programas como o Sistema de Sele\u00e7\u00e3o Unificada (Sisu), que oferece vagas em institui\u00e7\u00f5es p\u00fablicas de ensino superior, o Programa Universidade para Todos (ProUni), que oferece bolsas de estudo em institui\u00e7\u00f5es privadas, e o Fundo de Financiamento Estudantil (Fies).<\/p>\n","protected":false},"excerpt":{"rendered":"<p>Candidatos que n\u00e3o puderam participar do Exame Nacional do Ensino M\u00e9dio (Enem) digital por estarem com sintomas de covid-19 ou de outra doen\u00e7a infectocontagiosa e aqueles que n\u00e3o conseguiram fazer as provas por problemas log\u00edsticos podem, a partir de hoje (8), pedir, na P\u00e1gina do Participante, para participar da reaplica\u00e7\u00e3o do Enem. O prazo para [&hellip;]<\/p>\n","protected":false},"author":4,"featured_media":43102,"comment_status":"open","ping_status":"open","sticky":false,"template":"","format":"standard","meta":{"_acf_changed":false,"footnotes":""},"categories":[19,24,20],"tags":[802],"class_list":["post-43101","post","type-post","status-publish","format-standard","has-post-thumbnail","hentry","category-brasil-mundo","category-colunas","category-noticias-em-destaque","tag-enem-2021"],"acf":[],"yoast_head":"<!-- This site is optimized with the Yoast SEO plugin v24.4 - https:\/\/yoast.com\/wordpress\/plugins\/seo\/ -->\n<title>Participantes do Enem digital podem pedir reaplica\u00e7\u00e3o - PORTAL DE NOT\u00cdCIAS CLEITON PINHEIRO<\/title>\n<meta name=\"robots\" content=\"index, follow, max-snippet:-1, max-image-preview:large, max-video-preview:-1\" \/>\n<link rel=\"canonical\" href=\"https:\/\/cleitonpinheiro.com.br\/site\/participantes-do-enem-digital-podem-pedir-reaplicacao\/\" \/>\n<meta property=\"og:locale\" content=\"pt_BR\" \/>\n<meta property=\"og:type\" content=\"article\" \/>\n<meta property=\"og:title\" content=\"Participantes do Enem digital podem pedir reaplica\u00e7\u00e3o - PORTAL DE NOT\u00cdCIAS CLEITON PINHEIRO\" \/>\n<meta property=\"og:description\" content=\"Candidatos que n\u00e3o puderam participar do Exame Nacional do Ensino M\u00e9dio (Enem) digital por estarem com sintomas de covid-19 ou de outra doen\u00e7a infectocontagiosa e aqueles que n\u00e3o conseguiram fazer as provas por problemas log\u00edsticos podem, a partir de hoje (8), pedir, na P\u00e1gina do Participante, para participar da reaplica\u00e7\u00e3o do Enem. O prazo para [&hellip;]\" \/>\n<meta property=\"og:url\" content=\"https:\/\/cleitonpinheiro.com.br\/site\/participantes-do-enem-digital-podem-pedir-reaplicacao\/\" \/>\n<meta property=\"og:site_name\" content=\"PORTAL DE NOT\u00cdCIAS CLEITON PINHEIRO\" \/>\n<meta property=\"article:publisher\" content=\"https:\/\/www.facebook.com\/portalcpnoticias\/\" \/>\n<meta property=\"article:published_time\" content=\"2021-02-08T12:25:39+00:00\" \/>\n<meta name=\"author\" content=\"Dermival Pereira\" \/>\n<meta name=\"twitter:card\" content=\"summary_large_image\" \/>\n<meta name=\"twitter:label1\" content=\"Escrito por\" \/>\n\t<meta name=\"twitter:data1\" content=\"Dermival Pereira\" \/>\n\t<meta name=\"twitter:label2\" content=\"Est. tempo de leitura\" \/>\n\t<meta name=\"twitter:data2\" content=\"4 minutos\" \/>\n<script type=\"application\/ld+json\" class=\"yoast-schema-graph\">{\"@context\":\"https:\/\/schema.org\",\"@graph\":[{\"@type\":\"Article\",\"@id\":\"https:\/\/cleitonpinheiro.com.br\/site\/participantes-do-enem-digital-podem-pedir-reaplicacao\/#article\",\"isPartOf\":{\"@id\":\"https:\/\/cleitonpinheiro.com.br\/site\/participantes-do-enem-digital-podem-pedir-reaplicacao\/\"},\"author\":{\"name\":\"Dermival Pereira\",\"@id\":\"https:\/\/cleitonpinheiro.com.br\/site\/#\/schema\/person\/aac6d7f311e80c43042e98a900b03cd8\"},\"headline\":\"Participantes do Enem digital podem pedir reaplica\u00e7\u00e3o\",\"datePublished\":\"2021-02-08T12:25:39+00:00\",\"mainEntityOfPage\":{\"@id\":\"https:\/\/cleitonpinheiro.com.br\/site\/participantes-do-enem-digital-podem-pedir-reaplicacao\/\"},\"wordCount\":797,\"commentCount\":0,\"publisher\":{\"@id\":\"https:\/\/cleitonpinheiro.com.br\/site\/#organization\"},\"image\":{\"@id\":\"https:\/\/cleitonpinheiro.com.br\/site\/participantes-do-enem-digital-podem-pedir-reaplicacao\/#primaryimage\"},\"thumbnailUrl\":\"\",\"keywords\":[\"enem 2021\"],\"articleSection\":[\"BRASIL \/ MUNDO\",\"COLUNAS\",\"NOT\u00cdCIAS EM DESTAQUE\"],\"inLanguage\":\"pt-BR\",\"potentialAction\":[{\"@type\":\"CommentAction\",\"name\":\"Comment\",\"target\":[\"https:\/\/cleitonpinheiro.com.br\/site\/participantes-do-enem-digital-podem-pedir-reaplicacao\/#respond\"]}]},{\"@type\":\"WebPage\",\"@id\":\"https:\/\/cleitonpinheiro.com.br\/site\/participantes-do-enem-digital-podem-pedir-reaplicacao\/\",\"url\":\"https:\/\/cleitonpinheiro.com.br\/site\/participantes-do-enem-digital-podem-pedir-reaplicacao\/\",\"name\":\"Participantes do Enem digital podem pedir reaplica\u00e7\u00e3o - PORTAL DE NOT\u00cdCIAS CLEITON PINHEIRO\",\"isPartOf\":{\"@id\":\"https:\/\/cleitonpinheiro.com.br\/site\/#website\"},\"primaryImageOfPage\":{\"@id\":\"https:\/\/cleitonpinheiro.com.br\/site\/participantes-do-enem-digital-podem-pedir-reaplicacao\/#primaryimage\"},\"image\":{\"@id\":\"https:\/\/cleitonpinheiro.com.br\/site\/participantes-do-enem-digital-podem-pedir-reaplicacao\/#primaryimage\"},\"thumbnailUrl\":\"\",\"datePublished\":\"2021-02-08T12:25:39+00:00\",\"breadcrumb\":{\"@id\":\"https:\/\/cleitonpinheiro.com.br\/site\/participantes-do-enem-digital-podem-pedir-reaplicacao\/#breadcrumb\"},\"inLanguage\":\"pt-BR\",\"potentialAction\":[{\"@type\":\"ReadAction\",\"target\":[\"https:\/\/cleitonpinheiro.com.br\/site\/participantes-do-enem-digital-podem-pedir-reaplicacao\/\"]}]},{\"@type\":\"ImageObject\",\"inLanguage\":\"pt-BR\",\"@id\":\"https:\/\/cleitonpinheiro.com.br\/site\/participantes-do-enem-digital-podem-pedir-reaplicacao\/#primaryimage\",\"url\":\"\",\"contentUrl\":\"\"},{\"@type\":\"BreadcrumbList\",\"@id\":\"https:\/\/cleitonpinheiro.com.br\/site\/participantes-do-enem-digital-podem-pedir-reaplicacao\/#breadcrumb\",\"itemListElement\":[{\"@type\":\"ListItem\",\"position\":1,\"name\":\"In\u00edcio\",\"item\":\"https:\/\/cleitonpinheiro.com.br\/site\/\"},{\"@type\":\"ListItem\",\"position\":2,\"name\":\"Participantes do Enem digital podem pedir reaplica\u00e7\u00e3o\"}]},{\"@type\":\"WebSite\",\"@id\":\"https:\/\/cleitonpinheiro.com.br\/site\/#website\",\"url\":\"https:\/\/cleitonpinheiro.com.br\/site\/\",\"name\":\"PORTAL DE NOT\u00cdCIAS CLEITON PINHEIRO\",\"description\":\"FALANDO A VERDADE\",\"publisher\":{\"@id\":\"https:\/\/cleitonpinheiro.com.br\/site\/#organization\"},\"potentialAction\":[{\"@type\":\"SearchAction\",\"target\":{\"@type\":\"EntryPoint\",\"urlTemplate\":\"https:\/\/cleitonpinheiro.com.br\/site\/?s={search_term_string}\"},\"query-input\":{\"@type\":\"PropertyValueSpecification\",\"valueRequired\":true,\"valueName\":\"search_term_string\"}}],\"inLanguage\":\"pt-BR\"},{\"@type\":\"Organization\",\"@id\":\"https:\/\/cleitonpinheiro.com.br\/site\/#organization\",\"name\":\"CPNOT\u00cdCIAS\",\"url\":\"https:\/\/cleitonpinheiro.com.br\/site\/\",\"logo\":{\"@type\":\"ImageObject\",\"inLanguage\":\"pt-BR\",\"@id\":\"https:\/\/cleitonpinheiro.com.br\/site\/#\/schema\/logo\/image\/\",\"url\":\"https:\/\/cleitonpinheiro.com.br\/site\/wp-content\/uploads\/2022\/08\/Logo-pequena-2.png\",\"contentUrl\":\"https:\/\/cleitonpinheiro.com.br\/site\/wp-content\/uploads\/2022\/08\/Logo-pequena-2.png\",\"width\":500,\"height\":500,\"caption\":\"CPNOT\u00cdCIAS\"},\"image\":{\"@id\":\"https:\/\/cleitonpinheiro.com.br\/site\/#\/schema\/logo\/image\/\"},\"sameAs\":[\"https:\/\/www.facebook.com\/portalcpnoticias\/\"]},{\"@type\":\"Person\",\"@id\":\"https:\/\/cleitonpinheiro.com.br\/site\/#\/schema\/person\/aac6d7f311e80c43042e98a900b03cd8\",\"name\":\"Dermival Pereira\",\"image\":{\"@type\":\"ImageObject\",\"inLanguage\":\"pt-BR\",\"@id\":\"https:\/\/cleitonpinheiro.com.br\/site\/#\/schema\/person\/image\/\",\"url\":\"https:\/\/secure.gravatar.com\/avatar\/cfaebf3742d6bf8db728bcba3eed6bee37b02337a2e6c822994f20ca72a3784d?s=96&r=g\",\"contentUrl\":\"https:\/\/secure.gravatar.com\/avatar\/cfaebf3742d6bf8db728bcba3eed6bee37b02337a2e6c822994f20ca72a3784d?s=96&r=g\",\"caption\":\"Dermival Pereira\"},\"url\":\"https:\/\/cleitonpinheiro.com.br\/site\/author\/dermival\/\"}]}<\/script>\n<!-- \/ Yoast SEO plugin. -->","yoast_head_json":{"title":"Participantes do Enem digital podem pedir reaplica\u00e7\u00e3o - PORTAL DE NOT\u00cdCIAS CLEITON PINHEIRO","robots":{"index":"index","follow":"follow","max-snippet":"max-snippet:-1","max-image-preview":"max-image-preview:large","max-video-preview":"max-video-preview:-1"},"canonical":"https:\/\/cleitonpinheiro.com.br\/site\/participantes-do-enem-digital-podem-pedir-reaplicacao\/","og_locale":"pt_BR","og_type":"article","og_title":"Participantes do Enem digital podem pedir reaplica\u00e7\u00e3o - PORTAL DE NOT\u00cdCIAS CLEITON PINHEIRO","og_description":"Candidatos que n\u00e3o puderam participar do Exame Nacional do Ensino M\u00e9dio (Enem) digital por estarem com sintomas de covid-19 ou de outra doen\u00e7a infectocontagiosa e aqueles que n\u00e3o conseguiram fazer as provas por problemas log\u00edsticos podem, a partir de hoje (8), pedir, na P\u00e1gina do Participante, para participar da reaplica\u00e7\u00e3o do Enem. O prazo para [&hellip;]","og_url":"https:\/\/cleitonpinheiro.com.br\/site\/participantes-do-enem-digital-podem-pedir-reaplicacao\/","og_site_name":"PORTAL DE NOT\u00cdCIAS CLEITON PINHEIRO","article_publisher":"https:\/\/www.facebook.com\/portalcpnoticias\/","article_published_time":"2021-02-08T12:25:39+00:00","author":"Dermival Pereira","twitter_card":"summary_large_image","twitter_misc":{"Escrito por":"Dermival Pereira","Est. tempo de leitura":"4 minutos"},"schema":{"@context":"https:\/\/schema.org","@graph":[{"@type":"Article","@id":"https:\/\/cleitonpinheiro.com.br\/site\/participantes-do-enem-digital-podem-pedir-reaplicacao\/#article","isPartOf":{"@id":"https:\/\/cleitonpinheiro.com.br\/site\/participantes-do-enem-digital-podem-pedir-reaplicacao\/"},"author":{"name":"Dermival Pereira","@id":"https:\/\/cleitonpinheiro.com.br\/site\/#\/schema\/person\/aac6d7f311e80c43042e98a900b03cd8"},"headline":"Participantes do Enem digital podem pedir reaplica\u00e7\u00e3o","datePublished":"2021-02-08T12:25:39+00:00","mainEntityOfPage":{"@id":"https:\/\/cleitonpinheiro.com.br\/site\/participantes-do-enem-digital-podem-pedir-reaplicacao\/"},"wordCount":797,"commentCount":0,"publisher":{"@id":"https:\/\/cleitonpinheiro.com.br\/site\/#organization"},"image":{"@id":"https:\/\/cleitonpinheiro.com.br\/site\/participantes-do-enem-digital-podem-pedir-reaplicacao\/#primaryimage"},"thumbnailUrl":"","keywords":["enem 2021"],"articleSection":["BRASIL \/ MUNDO","COLUNAS","NOT\u00cdCIAS EM DESTAQUE"],"inLanguage":"pt-BR","potentialAction":[{"@type":"CommentAction","name":"Comment","target":["https:\/\/cleitonpinheiro.com.br\/site\/participantes-do-enem-digital-podem-pedir-reaplicacao\/#respond"]}]},{"@type":"WebPage","@id":"https:\/\/cleitonpinheiro.com.br\/site\/participantes-do-enem-digital-podem-pedir-reaplicacao\/","url":"https:\/\/cleitonpinheiro.com.br\/site\/participantes-do-enem-digital-podem-pedir-reaplicacao\/","name":"Participantes do Enem digital podem pedir reaplica\u00e7\u00e3o - PORTAL DE NOT\u00cdCIAS CLEITON PINHEIRO","isPartOf":{"@id":"https:\/\/cleitonpinheiro.com.br\/site\/#website"},"primaryImageOfPage":{"@id":"https:\/\/cleitonpinheiro.com.br\/site\/participantes-do-enem-digital-podem-pedir-reaplicacao\/#primaryimage"},"image":{"@id":"https:\/\/cleitonpinheiro.com.br\/site\/participantes-do-enem-digital-podem-pedir-reaplicacao\/#primaryimage"},"thumbnailUrl":"","datePublished":"2021-02-08T12:25:39+00:00","breadcrumb":{"@id":"https:\/\/cleitonpinheiro.com.br\/site\/participantes-do-enem-digital-podem-pedir-reaplicacao\/#breadcrumb"},"inLanguage":"pt-BR","potentialAction":[{"@type":"ReadAction","target":["https:\/\/cleitonpinheiro.com.br\/site\/participantes-do-enem-digital-podem-pedir-reaplicacao\/"]}]},{"@type":"ImageObject","inLanguage":"pt-BR","@id":"https:\/\/cleitonpinheiro.com.br\/site\/participantes-do-enem-digital-podem-pedir-reaplicacao\/#primaryimage","url":"","contentUrl":""},{"@type":"BreadcrumbList","@id":"https:\/\/cleitonpinheiro.com.br\/site\/participantes-do-enem-digital-podem-pedir-reaplicacao\/#breadcrumb","itemListElement":[{"@type":"ListItem","position":1,"name":"In\u00edcio","item":"https:\/\/cleitonpinheiro.com.br\/site\/"},{"@type":"ListItem","position":2,"name":"Participantes do Enem digital podem pedir reaplica\u00e7\u00e3o"}]},{"@type":"WebSite","@id":"https:\/\/cleitonpinheiro.com.br\/site\/#website","url":"https:\/\/cleitonpinheiro.com.br\/site\/","name":"PORTAL DE NOT\u00cdCIAS CLEITON PINHEIRO","description":"FALANDO A VERDADE","publisher":{"@id":"https:\/\/cleitonpinheiro.com.br\/site\/#organization"},"potentialAction":[{"@type":"SearchAction","target":{"@type":"EntryPoint","urlTemplate":"https:\/\/cleitonpinheiro.com.br\/site\/?s={search_term_string}"},"query-input":{"@type":"PropertyValueSpecification","valueRequired":true,"valueName":"search_term_string"}}],"inLanguage":"pt-BR"},{"@type":"Organization","@id":"https:\/\/cleitonpinheiro.com.br\/site\/#organization","name":"CPNOT\u00cdCIAS","url":"https:\/\/cleitonpinheiro.com.br\/site\/","logo":{"@type":"ImageObject","inLanguage":"pt-BR","@id":"https:\/\/cleitonpinheiro.com.br\/site\/#\/schema\/logo\/image\/","url":"https:\/\/cleitonpinheiro.com.br\/site\/wp-content\/uploads\/2022\/08\/Logo-pequena-2.png","contentUrl":"https:\/\/cleitonpinheiro.com.br\/site\/wp-content\/uploads\/2022\/08\/Logo-pequena-2.png","width":500,"height":500,"caption":"CPNOT\u00cdCIAS"},"image":{"@id":"https:\/\/cleitonpinheiro.com.br\/site\/#\/schema\/logo\/image\/"},"sameAs":["https:\/\/www.facebook.com\/portalcpnoticias\/"]},{"@type":"Person","@id":"https:\/\/cleitonpinheiro.com.br\/site\/#\/schema\/person\/aac6d7f311e80c43042e98a900b03cd8","name":"Dermival Pereira","image":{"@type":"ImageObject","inLanguage":"pt-BR","@id":"https:\/\/cleitonpinheiro.com.br\/site\/#\/schema\/person\/image\/","url":"https:\/\/secure.gravatar.com\/avatar\/cfaebf3742d6bf8db728bcba3eed6bee37b02337a2e6c822994f20ca72a3784d?s=96&r=g","contentUrl":"https:\/\/secure.gravatar.com\/avatar\/cfaebf3742d6bf8db728bcba3eed6bee37b02337a2e6c822994f20ca72a3784d?s=96&r=g","caption":"Dermival Pereira"},"url":"https:\/\/cleitonpinheiro.com.br\/site\/author\/dermival\/"}]}},"views":153,"_links":{"self":[{"href":"https:\/\/cleitonpinheiro.com.br\/site\/wp-json\/wp\/v2\/posts\/43101","targetHints":{"allow":["GET"]}}],"collection":[{"href":"https:\/\/cleitonpinheiro.com.br\/site\/wp-json\/wp\/v2\/posts"}],"about":[{"href":"https:\/\/cleitonpinheiro.com.br\/site\/wp-json\/wp\/v2\/types\/post"}],"author":[{"embeddable":true,"href":"https:\/\/cleitonpinheiro.com.br\/site\/wp-json\/wp\/v2\/users\/4"}],"replies":[{"embeddable":true,"href":"https:\/\/cleitonpinheiro.com.br\/site\/wp-json\/wp\/v2\/comments?post=43101"}],"version-history":[{"count":0,"href":"https:\/\/cleitonpinheiro.com.br\/site\/wp-json\/wp\/v2\/posts\/43101\/revisions"}],"wp:featuredmedia":[{"embeddable":true,"href":"https:\/\/cleitonpinheiro.com.br\/site\/wp-json\/"}],"wp:attachment":[{"href":"https:\/\/cleitonpinheiro.com.br\/site\/wp-json\/wp\/v2\/media?parent=43101"}],"wp:term":[{"taxonomy":"category","embeddable":true,"href":"https:\/\/cleitonpinheiro.com.br\/site\/wp-json\/wp\/v2\/categories?post=43101"},{"taxonomy":"post_tag","embeddable":true,"href":"https:\/\/cleitonpinheiro.com.br\/site\/wp-json\/wp\/v2\/tags?post=43101"}],"curies":[{"name":"wp","href":"https:\/\/api.w.org\/{rel}","templated":true}]}}