{"id":43104,"date":"2021-02-08T09:59:32","date_gmt":"2021-02-08T12:59:32","guid":{"rendered":"https:\/\/cleitonpinheiro.com.br\/portal\/?p=43104"},"modified":"2021-02-08T09:59:32","modified_gmt":"2021-02-08T12:59:32","slug":"mpto-orienta-prefeitos-para-que-nao-promovam-festa-de-carnaval-e-coibam-eventos-particulares","status":"publish","type":"post","link":"https:\/\/cleitonpinheiro.com.br\/site\/mpto-orienta-prefeitos-para-que-nao-promovam-festa-de-carnaval-e-coibam-eventos-particulares\/","title":{"rendered":"MPTO orienta prefeitos para que n\u00e3o promovam festa de Carnaval"},"content":{"rendered":"\n<figure class=\"wp-block-image size-large\"><img decoding=\"async\" src=\"https:\/\/cleitonpinheiro.com.br\/portal\/wp-content\/uploads\/2021\/02\/Carnaval-folia-festa-festejo-1024x684.jpeg\" alt=\"\" class=\"wp-image-43105\"\/><\/figure>\n\n\n<p>Promotores de Justi\u00e7a de diversas comarcas do Estado j\u00e1 est\u00e3o atuando para conter a realiza\u00e7\u00e3o de festas de Carnaval neste ano de 2021, de modo a impedir aglomera\u00e7\u00f5es e evitar a propaga\u00e7\u00e3o do novo coronav\u00edrus. Para isso, recomenda\u00e7\u00f5es est\u00e3o sendo expedidas aos prefeitos, orientando os gestores a n\u00e3o realizar festejos, n\u00e3o autorizar eventos desta natureza e a promover fiscaliza\u00e7\u00e3o visando impedir a ocorr\u00eancia de festas particulares e de agremia\u00e7\u00f5es.<\/p>\n\n\n<p>As recomenda\u00e7\u00f5es enfatizam que deve ser coibida qualquer manifesta\u00e7\u00e3o carnavalesca, independentemente do n\u00famero de participantes. Em caso de descumprimento, deve ser lavrado auto de infra\u00e7\u00e3o e realizado o encaminhamento \u00e0s autoridades competentes. Nesse sentido, frisa-se que as condutas irregulares infringem o artigo 268 do C\u00f3digo Penal, que caracteriza como crime o desrespeito \u00e0s normas destinadas a inibir propaga\u00e7\u00e3o de doen\u00e7a contagiosa.<\/p>\n\n\n<p>As autoridades das pol\u00edcias Militar e Civil devem ser acionadas antecipadamente pelas gest\u00f5es municipais, para que adotem as provid\u00eancias legais cab\u00edveis junto aos que insistirem em descumprir as normas sanit\u00e1rias.<\/p>\n\n\n<p>As recomenda\u00e7\u00f5es lembram que o pa\u00eds vive situa\u00e7\u00e3o oficial de emerg\u00eancia, que est\u00e3o em vig\u00eancia decretos impondo distanciamento social e que a pandemia ocasionou um impacto humanit\u00e1rio devastador, sem que haja qualquer alternativa terap\u00eautica cientificamente comprovada e dispon\u00edvel para tratar a Covid-19.<\/p>\n\n\n<p>As diversas promotorias de Justi\u00e7a atuam mediante articula\u00e7\u00e3o do Centro de Apoio Operacional da Sa\u00fade (Caosa\u00fade) do Minist\u00e9rio P\u00fablico do Tocantins.  <em>(Por MPTO)<\/em><\/p>\n","protected":false},"excerpt":{"rendered":"<p>Promotores de Justi\u00e7a de diversas comarcas do Estado j\u00e1 est\u00e3o atuando para conter a realiza\u00e7\u00e3o de festas de Carnaval neste ano de 2021, de modo a impedir aglomera\u00e7\u00f5es e evitar a propaga\u00e7\u00e3o do novo coronav\u00edrus. Para isso, recomenda\u00e7\u00f5es est\u00e3o sendo expedidas aos prefeitos, orientando os gestores a n\u00e3o realizar festejos, n\u00e3o autorizar eventos desta natureza [&hellip;]<\/p>\n","protected":false},"author":4,"featured_media":43105,"comment_status":"open","ping_status":"open","sticky":false,"template":"","format":"standard","meta":{"_acf_changed":false,"footnotes":""},"categories":[24,8,20],"tags":[803],"class_list":["post-43104","post","type-post","status-publish","format-standard","has-post-thumbnail","hentry","category-colunas","category-estado","category-noticias-em-destaque","tag-carnaval-2021"],"acf":[],"yoast_head":"<!-- This site is optimized with the Yoast SEO plugin v24.4 - https:\/\/yoast.com\/wordpress\/plugins\/seo\/ -->\n<title>MPTO orienta prefeitos para que n\u00e3o promovam festa de Carnaval - PORTAL DE NOT\u00cdCIAS CLEITON PINHEIRO<\/title>\n<meta name=\"robots\" content=\"index, follow, max-snippet:-1, max-image-preview:large, max-video-preview:-1\" \/>\n<link rel=\"canonical\" href=\"https:\/\/cleitonpinheiro.com.br\/site\/mpto-orienta-prefeitos-para-que-nao-promovam-festa-de-carnaval-e-coibam-eventos-particulares\/\" \/>\n<meta property=\"og:locale\" content=\"pt_BR\" \/>\n<meta property=\"og:type\" content=\"article\" \/>\n<meta property=\"og:title\" content=\"MPTO orienta prefeitos para que n\u00e3o promovam festa de Carnaval - PORTAL DE NOT\u00cdCIAS CLEITON PINHEIRO\" \/>\n<meta property=\"og:description\" content=\"Promotores de Justi\u00e7a de diversas comarcas do Estado j\u00e1 est\u00e3o atuando para conter a realiza\u00e7\u00e3o de festas de Carnaval neste ano de 2021, de modo a impedir aglomera\u00e7\u00f5es e evitar a propaga\u00e7\u00e3o do novo coronav\u00edrus. Para isso, recomenda\u00e7\u00f5es est\u00e3o sendo expedidas aos prefeitos, orientando os gestores a n\u00e3o realizar festejos, n\u00e3o autorizar eventos desta natureza [&hellip;]\" \/>\n<meta property=\"og:url\" content=\"https:\/\/cleitonpinheiro.com.br\/site\/mpto-orienta-prefeitos-para-que-nao-promovam-festa-de-carnaval-e-coibam-eventos-particulares\/\" \/>\n<meta property=\"og:site_name\" content=\"PORTAL DE NOT\u00cdCIAS CLEITON PINHEIRO\" \/>\n<meta property=\"article:publisher\" content=\"https:\/\/www.facebook.com\/portalcpnoticias\/\" \/>\n<meta property=\"article:published_time\" content=\"2021-02-08T12:59:32+00:00\" \/>\n<meta name=\"author\" content=\"Dermival Pereira\" \/>\n<meta name=\"twitter:card\" content=\"summary_large_image\" \/>\n<meta name=\"twitter:label1\" content=\"Escrito por\" \/>\n\t<meta name=\"twitter:data1\" content=\"Dermival Pereira\" \/>\n\t<meta name=\"twitter:label2\" content=\"Est. tempo de leitura\" \/>\n\t<meta name=\"twitter:data2\" content=\"1 minuto\" \/>\n<script type=\"application\/ld+json\" class=\"yoast-schema-graph\">{\"@context\":\"https:\/\/schema.org\",\"@graph\":[{\"@type\":\"Article\",\"@id\":\"https:\/\/cleitonpinheiro.com.br\/site\/mpto-orienta-prefeitos-para-que-nao-promovam-festa-de-carnaval-e-coibam-eventos-particulares\/#article\",\"isPartOf\":{\"@id\":\"https:\/\/cleitonpinheiro.com.br\/site\/mpto-orienta-prefeitos-para-que-nao-promovam-festa-de-carnaval-e-coibam-eventos-particulares\/\"},\"author\":{\"name\":\"Dermival Pereira\",\"@id\":\"https:\/\/cleitonpinheiro.com.br\/site\/#\/schema\/person\/aac6d7f311e80c43042e98a900b03cd8\"},\"headline\":\"MPTO orienta prefeitos para que n\u00e3o promovam festa de Carnaval\",\"datePublished\":\"2021-02-08T12:59:32+00:00\",\"mainEntityOfPage\":{\"@id\":\"https:\/\/cleitonpinheiro.com.br\/site\/mpto-orienta-prefeitos-para-que-nao-promovam-festa-de-carnaval-e-coibam-eventos-particulares\/\"},\"wordCount\":274,\"commentCount\":0,\"publisher\":{\"@id\":\"https:\/\/cleitonpinheiro.com.br\/site\/#organization\"},\"image\":{\"@id\":\"https:\/\/cleitonpinheiro.com.br\/site\/mpto-orienta-prefeitos-para-que-nao-promovam-festa-de-carnaval-e-coibam-eventos-particulares\/#primaryimage\"},\"thumbnailUrl\":\"\",\"keywords\":[\"carnaval 2021\"],\"articleSection\":[\"COLUNAS\",\"ESTADO\",\"NOT\u00cdCIAS EM DESTAQUE\"],\"inLanguage\":\"pt-BR\",\"potentialAction\":[{\"@type\":\"CommentAction\",\"name\":\"Comment\",\"target\":[\"https:\/\/cleitonpinheiro.com.br\/site\/mpto-orienta-prefeitos-para-que-nao-promovam-festa-de-carnaval-e-coibam-eventos-particulares\/#respond\"]}]},{\"@type\":\"WebPage\",\"@id\":\"https:\/\/cleitonpinheiro.com.br\/site\/mpto-orienta-prefeitos-para-que-nao-promovam-festa-de-carnaval-e-coibam-eventos-particulares\/\",\"url\":\"https:\/\/cleitonpinheiro.com.br\/site\/mpto-orienta-prefeitos-para-que-nao-promovam-festa-de-carnaval-e-coibam-eventos-particulares\/\",\"name\":\"MPTO orienta prefeitos para que n\u00e3o promovam festa de Carnaval - PORTAL DE NOT\u00cdCIAS CLEITON PINHEIRO\",\"isPartOf\":{\"@id\":\"https:\/\/cleitonpinheiro.com.br\/site\/#website\"},\"primaryImageOfPage\":{\"@id\":\"https:\/\/cleitonpinheiro.com.br\/site\/mpto-orienta-prefeitos-para-que-nao-promovam-festa-de-carnaval-e-coibam-eventos-particulares\/#primaryimage\"},\"image\":{\"@id\":\"https:\/\/cleitonpinheiro.com.br\/site\/mpto-orienta-prefeitos-para-que-nao-promovam-festa-de-carnaval-e-coibam-eventos-particulares\/#primaryimage\"},\"thumbnailUrl\":\"\",\"datePublished\":\"2021-02-08T12:59:32+00:00\",\"breadcrumb\":{\"@id\":\"https:\/\/cleitonpinheiro.com.br\/site\/mpto-orienta-prefeitos-para-que-nao-promovam-festa-de-carnaval-e-coibam-eventos-particulares\/#breadcrumb\"},\"inLanguage\":\"pt-BR\",\"potentialAction\":[{\"@type\":\"ReadAction\",\"target\":[\"https:\/\/cleitonpinheiro.com.br\/site\/mpto-orienta-prefeitos-para-que-nao-promovam-festa-de-carnaval-e-coibam-eventos-particulares\/\"]}]},{\"@type\":\"ImageObject\",\"inLanguage\":\"pt-BR\",\"@id\":\"https:\/\/cleitonpinheiro.com.br\/site\/mpto-orienta-prefeitos-para-que-nao-promovam-festa-de-carnaval-e-coibam-eventos-particulares\/#primaryimage\",\"url\":\"\",\"contentUrl\":\"\"},{\"@type\":\"BreadcrumbList\",\"@id\":\"https:\/\/cleitonpinheiro.com.br\/site\/mpto-orienta-prefeitos-para-que-nao-promovam-festa-de-carnaval-e-coibam-eventos-particulares\/#breadcrumb\",\"itemListElement\":[{\"@type\":\"ListItem\",\"position\":1,\"name\":\"In\u00edcio\",\"item\":\"https:\/\/cleitonpinheiro.com.br\/site\/\"},{\"@type\":\"ListItem\",\"position\":2,\"name\":\"MPTO orienta prefeitos para que n\u00e3o promovam festa de Carnaval\"}]},{\"@type\":\"WebSite\",\"@id\":\"https:\/\/cleitonpinheiro.com.br\/site\/#website\",\"url\":\"https:\/\/cleitonpinheiro.com.br\/site\/\",\"name\":\"PORTAL DE NOT\u00cdCIAS CLEITON PINHEIRO\",\"description\":\"FALANDO A VERDADE\",\"publisher\":{\"@id\":\"https:\/\/cleitonpinheiro.com.br\/site\/#organization\"},\"potentialAction\":[{\"@type\":\"SearchAction\",\"target\":{\"@type\":\"EntryPoint\",\"urlTemplate\":\"https:\/\/cleitonpinheiro.com.br\/site\/?s={search_term_string}\"},\"query-input\":{\"@type\":\"PropertyValueSpecification\",\"valueRequired\":true,\"valueName\":\"search_term_string\"}}],\"inLanguage\":\"pt-BR\"},{\"@type\":\"Organization\",\"@id\":\"https:\/\/cleitonpinheiro.com.br\/site\/#organization\",\"name\":\"CPNOT\u00cdCIAS\",\"url\":\"https:\/\/cleitonpinheiro.com.br\/site\/\",\"logo\":{\"@type\":\"ImageObject\",\"inLanguage\":\"pt-BR\",\"@id\":\"https:\/\/cleitonpinheiro.com.br\/site\/#\/schema\/logo\/image\/\",\"url\":\"https:\/\/cleitonpinheiro.com.br\/site\/wp-content\/uploads\/2022\/08\/Logo-pequena-2.png\",\"contentUrl\":\"https:\/\/cleitonpinheiro.com.br\/site\/wp-content\/uploads\/2022\/08\/Logo-pequena-2.png\",\"width\":500,\"height\":500,\"caption\":\"CPNOT\u00cdCIAS\"},\"image\":{\"@id\":\"https:\/\/cleitonpinheiro.com.br\/site\/#\/schema\/logo\/image\/\"},\"sameAs\":[\"https:\/\/www.facebook.com\/portalcpnoticias\/\"]},{\"@type\":\"Person\",\"@id\":\"https:\/\/cleitonpinheiro.com.br\/site\/#\/schema\/person\/aac6d7f311e80c43042e98a900b03cd8\",\"name\":\"Dermival Pereira\",\"image\":{\"@type\":\"ImageObject\",\"inLanguage\":\"pt-BR\",\"@id\":\"https:\/\/cleitonpinheiro.com.br\/site\/#\/schema\/person\/image\/\",\"url\":\"https:\/\/secure.gravatar.com\/avatar\/cfaebf3742d6bf8db728bcba3eed6bee37b02337a2e6c822994f20ca72a3784d?s=96&r=g\",\"contentUrl\":\"https:\/\/secure.gravatar.com\/avatar\/cfaebf3742d6bf8db728bcba3eed6bee37b02337a2e6c822994f20ca72a3784d?s=96&r=g\",\"caption\":\"Dermival Pereira\"},\"url\":\"https:\/\/cleitonpinheiro.com.br\/site\/author\/dermival\/\"}]}<\/script>\n<!-- \/ Yoast SEO plugin. -->","yoast_head_json":{"title":"MPTO orienta prefeitos para que n\u00e3o promovam festa de Carnaval - PORTAL DE NOT\u00cdCIAS CLEITON PINHEIRO","robots":{"index":"index","follow":"follow","max-snippet":"max-snippet:-1","max-image-preview":"max-image-preview:large","max-video-preview":"max-video-preview:-1"},"canonical":"https:\/\/cleitonpinheiro.com.br\/site\/mpto-orienta-prefeitos-para-que-nao-promovam-festa-de-carnaval-e-coibam-eventos-particulares\/","og_locale":"pt_BR","og_type":"article","og_title":"MPTO orienta prefeitos para que n\u00e3o promovam festa de Carnaval - PORTAL DE NOT\u00cdCIAS CLEITON PINHEIRO","og_description":"Promotores de Justi\u00e7a de diversas comarcas do Estado j\u00e1 est\u00e3o atuando para conter a realiza\u00e7\u00e3o de festas de Carnaval neste ano de 2021, de modo a impedir aglomera\u00e7\u00f5es e evitar a propaga\u00e7\u00e3o do novo coronav\u00edrus. Para isso, recomenda\u00e7\u00f5es est\u00e3o sendo expedidas aos prefeitos, orientando os gestores a n\u00e3o realizar festejos, n\u00e3o autorizar eventos desta natureza [&hellip;]","og_url":"https:\/\/cleitonpinheiro.com.br\/site\/mpto-orienta-prefeitos-para-que-nao-promovam-festa-de-carnaval-e-coibam-eventos-particulares\/","og_site_name":"PORTAL DE NOT\u00cdCIAS CLEITON PINHEIRO","article_publisher":"https:\/\/www.facebook.com\/portalcpnoticias\/","article_published_time":"2021-02-08T12:59:32+00:00","author":"Dermival Pereira","twitter_card":"summary_large_image","twitter_misc":{"Escrito por":"Dermival Pereira","Est. tempo de leitura":"1 minuto"},"schema":{"@context":"https:\/\/schema.org","@graph":[{"@type":"Article","@id":"https:\/\/cleitonpinheiro.com.br\/site\/mpto-orienta-prefeitos-para-que-nao-promovam-festa-de-carnaval-e-coibam-eventos-particulares\/#article","isPartOf":{"@id":"https:\/\/cleitonpinheiro.com.br\/site\/mpto-orienta-prefeitos-para-que-nao-promovam-festa-de-carnaval-e-coibam-eventos-particulares\/"},"author":{"name":"Dermival Pereira","@id":"https:\/\/cleitonpinheiro.com.br\/site\/#\/schema\/person\/aac6d7f311e80c43042e98a900b03cd8"},"headline":"MPTO orienta prefeitos para que n\u00e3o promovam festa de Carnaval","datePublished":"2021-02-08T12:59:32+00:00","mainEntityOfPage":{"@id":"https:\/\/cleitonpinheiro.com.br\/site\/mpto-orienta-prefeitos-para-que-nao-promovam-festa-de-carnaval-e-coibam-eventos-particulares\/"},"wordCount":274,"commentCount":0,"publisher":{"@id":"https:\/\/cleitonpinheiro.com.br\/site\/#organization"},"image":{"@id":"https:\/\/cleitonpinheiro.com.br\/site\/mpto-orienta-prefeitos-para-que-nao-promovam-festa-de-carnaval-e-coibam-eventos-particulares\/#primaryimage"},"thumbnailUrl":"","keywords":["carnaval 2021"],"articleSection":["COLUNAS","ESTADO","NOT\u00cdCIAS EM DESTAQUE"],"inLanguage":"pt-BR","potentialAction":[{"@type":"CommentAction","name":"Comment","target":["https:\/\/cleitonpinheiro.com.br\/site\/mpto-orienta-prefeitos-para-que-nao-promovam-festa-de-carnaval-e-coibam-eventos-particulares\/#respond"]}]},{"@type":"WebPage","@id":"https:\/\/cleitonpinheiro.com.br\/site\/mpto-orienta-prefeitos-para-que-nao-promovam-festa-de-carnaval-e-coibam-eventos-particulares\/","url":"https:\/\/cleitonpinheiro.com.br\/site\/mpto-orienta-prefeitos-para-que-nao-promovam-festa-de-carnaval-e-coibam-eventos-particulares\/","name":"MPTO orienta prefeitos para que n\u00e3o promovam festa de Carnaval - PORTAL DE NOT\u00cdCIAS CLEITON PINHEIRO","isPartOf":{"@id":"https:\/\/cleitonpinheiro.com.br\/site\/#website"},"primaryImageOfPage":{"@id":"https:\/\/cleitonpinheiro.com.br\/site\/mpto-orienta-prefeitos-para-que-nao-promovam-festa-de-carnaval-e-coibam-eventos-particulares\/#primaryimage"},"image":{"@id":"https:\/\/cleitonpinheiro.com.br\/site\/mpto-orienta-prefeitos-para-que-nao-promovam-festa-de-carnaval-e-coibam-eventos-particulares\/#primaryimage"},"thumbnailUrl":"","datePublished":"2021-02-08T12:59:32+00:00","breadcrumb":{"@id":"https:\/\/cleitonpinheiro.com.br\/site\/mpto-orienta-prefeitos-para-que-nao-promovam-festa-de-carnaval-e-coibam-eventos-particulares\/#breadcrumb"},"inLanguage":"pt-BR","potentialAction":[{"@type":"ReadAction","target":["https:\/\/cleitonpinheiro.com.br\/site\/mpto-orienta-prefeitos-para-que-nao-promovam-festa-de-carnaval-e-coibam-eventos-particulares\/"]}]},{"@type":"ImageObject","inLanguage":"pt-BR","@id":"https:\/\/cleitonpinheiro.com.br\/site\/mpto-orienta-prefeitos-para-que-nao-promovam-festa-de-carnaval-e-coibam-eventos-particulares\/#primaryimage","url":"","contentUrl":""},{"@type":"BreadcrumbList","@id":"https:\/\/cleitonpinheiro.com.br\/site\/mpto-orienta-prefeitos-para-que-nao-promovam-festa-de-carnaval-e-coibam-eventos-particulares\/#breadcrumb","itemListElement":[{"@type":"ListItem","position":1,"name":"In\u00edcio","item":"https:\/\/cleitonpinheiro.com.br\/site\/"},{"@type":"ListItem","position":2,"name":"MPTO orienta prefeitos para que n\u00e3o promovam festa de Carnaval"}]},{"@type":"WebSite","@id":"https:\/\/cleitonpinheiro.com.br\/site\/#website","url":"https:\/\/cleitonpinheiro.com.br\/site\/","name":"PORTAL DE NOT\u00cdCIAS CLEITON PINHEIRO","description":"FALANDO A VERDADE","publisher":{"@id":"https:\/\/cleitonpinheiro.com.br\/site\/#organization"},"potentialAction":[{"@type":"SearchAction","target":{"@type":"EntryPoint","urlTemplate":"https:\/\/cleitonpinheiro.com.br\/site\/?s={search_term_string}"},"query-input":{"@type":"PropertyValueSpecification","valueRequired":true,"valueName":"search_term_string"}}],"inLanguage":"pt-BR"},{"@type":"Organization","@id":"https:\/\/cleitonpinheiro.com.br\/site\/#organization","name":"CPNOT\u00cdCIAS","url":"https:\/\/cleitonpinheiro.com.br\/site\/","logo":{"@type":"ImageObject","inLanguage":"pt-BR","@id":"https:\/\/cleitonpinheiro.com.br\/site\/#\/schema\/logo\/image\/","url":"https:\/\/cleitonpinheiro.com.br\/site\/wp-content\/uploads\/2022\/08\/Logo-pequena-2.png","contentUrl":"https:\/\/cleitonpinheiro.com.br\/site\/wp-content\/uploads\/2022\/08\/Logo-pequena-2.png","width":500,"height":500,"caption":"CPNOT\u00cdCIAS"},"image":{"@id":"https:\/\/cleitonpinheiro.com.br\/site\/#\/schema\/logo\/image\/"},"sameAs":["https:\/\/www.facebook.com\/portalcpnoticias\/"]},{"@type":"Person","@id":"https:\/\/cleitonpinheiro.com.br\/site\/#\/schema\/person\/aac6d7f311e80c43042e98a900b03cd8","name":"Dermival Pereira","image":{"@type":"ImageObject","inLanguage":"pt-BR","@id":"https:\/\/cleitonpinheiro.com.br\/site\/#\/schema\/person\/image\/","url":"https:\/\/secure.gravatar.com\/avatar\/cfaebf3742d6bf8db728bcba3eed6bee37b02337a2e6c822994f20ca72a3784d?s=96&r=g","contentUrl":"https:\/\/secure.gravatar.com\/avatar\/cfaebf3742d6bf8db728bcba3eed6bee37b02337a2e6c822994f20ca72a3784d?s=96&r=g","caption":"Dermival Pereira"},"url":"https:\/\/cleitonpinheiro.com.br\/site\/author\/dermival\/"}]}},"views":150,"_links":{"self":[{"href":"https:\/\/cleitonpinheiro.com.br\/site\/wp-json\/wp\/v2\/posts\/43104","targetHints":{"allow":["GET"]}}],"collection":[{"href":"https:\/\/cleitonpinheiro.com.br\/site\/wp-json\/wp\/v2\/posts"}],"about":[{"href":"https:\/\/cleitonpinheiro.com.br\/site\/wp-json\/wp\/v2\/types\/post"}],"author":[{"embeddable":true,"href":"https:\/\/cleitonpinheiro.com.br\/site\/wp-json\/wp\/v2\/users\/4"}],"replies":[{"embeddable":true,"href":"https:\/\/cleitonpinheiro.com.br\/site\/wp-json\/wp\/v2\/comments?post=43104"}],"version-history":[{"count":0,"href":"https:\/\/cleitonpinheiro.com.br\/site\/wp-json\/wp\/v2\/posts\/43104\/revisions"}],"wp:featuredmedia":[{"embeddable":true,"href":"https:\/\/cleitonpinheiro.com.br\/site\/wp-json\/"}],"wp:attachment":[{"href":"https:\/\/cleitonpinheiro.com.br\/site\/wp-json\/wp\/v2\/media?parent=43104"}],"wp:term":[{"taxonomy":"category","embeddable":true,"href":"https:\/\/cleitonpinheiro.com.br\/site\/wp-json\/wp\/v2\/categories?post=43104"},{"taxonomy":"post_tag","embeddable":true,"href":"https:\/\/cleitonpinheiro.com.br\/site\/wp-json\/wp\/v2\/tags?post=43104"}],"curies":[{"name":"wp","href":"https:\/\/api.w.org\/{rel}","templated":true}]}}