{"id":43109,"date":"2021-02-08T11:51:52","date_gmt":"2021-02-08T14:51:52","guid":{"rendered":"https:\/\/cleitonpinheiro.com.br\/portal\/?p=43109"},"modified":"2021-02-08T11:51:52","modified_gmt":"2021-02-08T14:51:52","slug":"governo-do-tocantins-orienta-retorno-presencial-gradativo-em-escolas-estaduais-a-partir-desta-segunda-feira-8","status":"publish","type":"post","link":"https:\/\/cleitonpinheiro.com.br\/site\/governo-do-tocantins-orienta-retorno-presencial-gradativo-em-escolas-estaduais-a-partir-desta-segunda-feira-8\/","title":{"rendered":"Governo do Tocantins orienta retorno presencial gradativo em escolas estaduais"},"content":{"rendered":"\n<p>O retorno gradativo das atividades presenciais nas escolas da rede estadual de ensino do Tocantins come\u00e7a a partir desta segunda-feira, 8. A orienta\u00e7\u00e3o do Governo do Tocantins, por meio da Secretaria de Estado da Educa\u00e7\u00e3o, Juventude e Esportes (Seduc), \u00e9 para que o in\u00edcio das atividades se d\u00ea pelas escolas das localidades que registraram menor incid\u00eancia de casos de Covid-19 nos \u00faltimos dias, conforme dados da Secretaria de Estado da Sa\u00fade (SES).<\/p>\n\n\n<figure class=\"wp-block-image size-large\"><img decoding=\"async\" src=\"https:\/\/cleitonpinheiro.com.br\/portal\/wp-content\/uploads\/2021\/02\/551612_1000-compressed.jpg\" alt=\"\" class=\"wp-image-43110\"\/><figcaption>In\u00edcio das atividades se dar\u00e1 pelas escolas das localidades que registraram menor incid\u00eancia de casos de Covid-19 nos \u00faltimos dias. <em>Cr\u00e9dito: Marcio Vieira\/Governo do Tocantins<\/em><\/figcaption><\/figure>\n\n\n<p>\u201cFizemos um exerc\u00edcio, de forma respons\u00e1vel, para identificar aqueles munic\u00edpios onde o ambiente est\u00e1 mais favor\u00e1vel. Identificamos 92 localidades, das quais 26 n\u00e3o apresentaram nenhum caso nos \u00faltimos dias; 18 apresentaram um caso cada; 15 registraram dois casos, e assim por diante. Nossa orienta\u00e7\u00e3o \u00e9 que as escolas estaduais destas localidades utilizem esta primeira semana (de 8 a 13 de fevereiro) como per\u00edodo de adapta\u00e7\u00e3o, fortalecendo o di\u00e1logo com pais e estudantes\u201d, frisa a secret\u00e1ria estadual de Educa\u00e7\u00e3o, Adriana Aguiar.<\/p>\n\n\n<p>A gestora tamb\u00e9m destaca que a Seduc est\u00e1 auxiliando as escolas estaduais nestas cidades para que recebam os estudantes com seguran\u00e7a. &#8220;Orientamos que nesta segunda-feira ocorra a abertura das escolas para o acolhimento dos estudantes, com a entrega das m\u00e1scaras, orienta\u00e7\u00f5es sobre os protocolos de seguran\u00e7a, rotinas educacionais e di\u00e1logo com a comunidade escolar&#8221;, frisa.<\/p>\n\n\n<p>Ao todo, 147 escolas da rede estadual estar\u00e3o aptas a iniciar as atividades presenciais nesta primeira semana. &#8220;Neste grupo, temos escolas com diferentes realidades. Parte delas est\u00e1 pronta para iniciar as aulas presencias, outra estar\u00e1 organizando os espa\u00e7os, outra fazendo seu planejamento de retorno\u201d, enfatiza a secret\u00e1ria, lembrando que cada unidade de ensino tem seus canais diretos com pais e alunos e repassar\u00e1 as informa\u00e7\u00f5es sobre o retorno, \u00e0 medida em que estiverem prontas para iniciar as atividades educacionais presenciais.<\/p>\n\n\n<p>As demais escolas da rede seguem ofertando aulas n\u00e3o presenciais aos estudantes e preparando seus planos de retorno presencial. Ap\u00f3s o per\u00edodo de adapta\u00e7\u00e3o deste primeiro grupo de escolas, as demais retornar\u00e3o tamb\u00e9m de forma gradativa.<\/p>\n\n\n<p>\u201cTodos os nossos esfor\u00e7os est\u00e3o centrados em fazer com que este retorno ocorra da forma mais segura poss\u00edvel. J\u00e1 destinamos para estas escolas Equipamentos de Prote\u00e7\u00e3o Individual (EPIs) aos estudantes e servidores, tais como \u00e1lcool em gel, dispenser de \u00e1lcool em gel para parede, \u00e1lcool 70%, term\u00f4metro digital. Elas tamb\u00e9m est\u00e3o recebendo m\u00e1scaras e material de comunica\u00e7\u00e3o visual de orienta\u00e7\u00e3o e demarca\u00e7\u00e3o dos espa\u00e7os escolares. Outros equipamentos, tais como protetor facial, aventais, luvas, tapetes sanitizantes podem ser adquiridos pelas unidades escolares, por meio de recursos oriundos da gest\u00e3o descentralizada ou do aporte recebido por meio do Programa Dinheiro Direto na Escola (PDDE) Emergencial\u201d, frisa a secret\u00e1ria.<\/p>\n\n\n<p>Al\u00e9m dos equipamentos, todas as unidades de ensino da rede estadual receber\u00e3o o Plano de Retomada das Atividades Escolares Presenciais ou H\u00edbridas, elaborado pela equipe t\u00e9cnica da Seduc, que apresenta um conjunto de pr\u00e1ticas pedag\u00f3gicas, de gest\u00e3o e prote\u00e7\u00e3o \u00e0 sa\u00fade, para nortear as escolas p\u00fablicas na condu\u00e7\u00e3o deste processo de implementa\u00e7\u00e3o gradativa de aulas presenciais. <em>(Governo do Tocantins)<\/em><\/p>\n","protected":false},"excerpt":{"rendered":"<p>O retorno gradativo das atividades presenciais nas escolas da rede estadual de ensino do Tocantins come\u00e7a a partir desta segunda-feira, 8. A orienta\u00e7\u00e3o do Governo do Tocantins, por meio da Secretaria de Estado da Educa\u00e7\u00e3o, Juventude e Esportes (Seduc), \u00e9 para que o in\u00edcio das atividades se d\u00ea pelas escolas das localidades que registraram menor [&hellip;]<\/p>\n","protected":false},"author":4,"featured_media":43110,"comment_status":"open","ping_status":"open","sticky":false,"template":"","format":"standard","meta":{"_acf_changed":false,"footnotes":""},"categories":[24,8,20],"tags":[],"class_list":["post-43109","post","type-post","status-publish","format-standard","has-post-thumbnail","hentry","category-colunas","category-estado","category-noticias-em-destaque"],"acf":[],"yoast_head":"<!-- This site is optimized with the Yoast SEO plugin v24.4 - https:\/\/yoast.com\/wordpress\/plugins\/seo\/ -->\n<title>Governo do Tocantins orienta retorno presencial gradativo em escolas estaduais - PORTAL DE NOT\u00cdCIAS CLEITON PINHEIRO<\/title>\n<meta name=\"robots\" content=\"index, follow, max-snippet:-1, max-image-preview:large, max-video-preview:-1\" \/>\n<link rel=\"canonical\" href=\"https:\/\/cleitonpinheiro.com.br\/site\/governo-do-tocantins-orienta-retorno-presencial-gradativo-em-escolas-estaduais-a-partir-desta-segunda-feira-8\/\" \/>\n<meta property=\"og:locale\" content=\"pt_BR\" \/>\n<meta property=\"og:type\" content=\"article\" \/>\n<meta property=\"og:title\" content=\"Governo do Tocantins orienta retorno presencial gradativo em escolas estaduais - PORTAL DE NOT\u00cdCIAS CLEITON PINHEIRO\" \/>\n<meta property=\"og:description\" content=\"O retorno gradativo das atividades presenciais nas escolas da rede estadual de ensino do Tocantins come\u00e7a a partir desta segunda-feira, 8. A orienta\u00e7\u00e3o do Governo do Tocantins, por meio da Secretaria de Estado da Educa\u00e7\u00e3o, Juventude e Esportes (Seduc), \u00e9 para que o in\u00edcio das atividades se d\u00ea pelas escolas das localidades que registraram menor [&hellip;]\" \/>\n<meta property=\"og:url\" content=\"https:\/\/cleitonpinheiro.com.br\/site\/governo-do-tocantins-orienta-retorno-presencial-gradativo-em-escolas-estaduais-a-partir-desta-segunda-feira-8\/\" \/>\n<meta property=\"og:site_name\" content=\"PORTAL DE NOT\u00cdCIAS CLEITON PINHEIRO\" \/>\n<meta property=\"article:publisher\" content=\"https:\/\/www.facebook.com\/portalcpnoticias\/\" \/>\n<meta property=\"article:published_time\" content=\"2021-02-08T14:51:52+00:00\" \/>\n<meta name=\"author\" content=\"Dermival Pereira\" \/>\n<meta name=\"twitter:card\" content=\"summary_large_image\" \/>\n<meta name=\"twitter:label1\" content=\"Escrito por\" \/>\n\t<meta name=\"twitter:data1\" content=\"Dermival Pereira\" \/>\n\t<meta name=\"twitter:label2\" content=\"Est. tempo de leitura\" \/>\n\t<meta name=\"twitter:data2\" content=\"3 minutos\" \/>\n<script type=\"application\/ld+json\" class=\"yoast-schema-graph\">{\"@context\":\"https:\/\/schema.org\",\"@graph\":[{\"@type\":\"Article\",\"@id\":\"https:\/\/cleitonpinheiro.com.br\/site\/governo-do-tocantins-orienta-retorno-presencial-gradativo-em-escolas-estaduais-a-partir-desta-segunda-feira-8\/#article\",\"isPartOf\":{\"@id\":\"https:\/\/cleitonpinheiro.com.br\/site\/governo-do-tocantins-orienta-retorno-presencial-gradativo-em-escolas-estaduais-a-partir-desta-segunda-feira-8\/\"},\"author\":{\"name\":\"Dermival Pereira\",\"@id\":\"https:\/\/cleitonpinheiro.com.br\/site\/#\/schema\/person\/aac6d7f311e80c43042e98a900b03cd8\"},\"headline\":\"Governo do Tocantins orienta retorno presencial gradativo em escolas estaduais\",\"datePublished\":\"2021-02-08T14:51:52+00:00\",\"mainEntityOfPage\":{\"@id\":\"https:\/\/cleitonpinheiro.com.br\/site\/governo-do-tocantins-orienta-retorno-presencial-gradativo-em-escolas-estaduais-a-partir-desta-segunda-feira-8\/\"},\"wordCount\":573,\"commentCount\":0,\"publisher\":{\"@id\":\"https:\/\/cleitonpinheiro.com.br\/site\/#organization\"},\"image\":{\"@id\":\"https:\/\/cleitonpinheiro.com.br\/site\/governo-do-tocantins-orienta-retorno-presencial-gradativo-em-escolas-estaduais-a-partir-desta-segunda-feira-8\/#primaryimage\"},\"thumbnailUrl\":\"\",\"articleSection\":[\"COLUNAS\",\"ESTADO\",\"NOT\u00cdCIAS EM DESTAQUE\"],\"inLanguage\":\"pt-BR\",\"potentialAction\":[{\"@type\":\"CommentAction\",\"name\":\"Comment\",\"target\":[\"https:\/\/cleitonpinheiro.com.br\/site\/governo-do-tocantins-orienta-retorno-presencial-gradativo-em-escolas-estaduais-a-partir-desta-segunda-feira-8\/#respond\"]}]},{\"@type\":\"WebPage\",\"@id\":\"https:\/\/cleitonpinheiro.com.br\/site\/governo-do-tocantins-orienta-retorno-presencial-gradativo-em-escolas-estaduais-a-partir-desta-segunda-feira-8\/\",\"url\":\"https:\/\/cleitonpinheiro.com.br\/site\/governo-do-tocantins-orienta-retorno-presencial-gradativo-em-escolas-estaduais-a-partir-desta-segunda-feira-8\/\",\"name\":\"Governo do Tocantins orienta retorno presencial gradativo em escolas estaduais - PORTAL DE NOT\u00cdCIAS CLEITON PINHEIRO\",\"isPartOf\":{\"@id\":\"https:\/\/cleitonpinheiro.com.br\/site\/#website\"},\"primaryImageOfPage\":{\"@id\":\"https:\/\/cleitonpinheiro.com.br\/site\/governo-do-tocantins-orienta-retorno-presencial-gradativo-em-escolas-estaduais-a-partir-desta-segunda-feira-8\/#primaryimage\"},\"image\":{\"@id\":\"https:\/\/cleitonpinheiro.com.br\/site\/governo-do-tocantins-orienta-retorno-presencial-gradativo-em-escolas-estaduais-a-partir-desta-segunda-feira-8\/#primaryimage\"},\"thumbnailUrl\":\"\",\"datePublished\":\"2021-02-08T14:51:52+00:00\",\"breadcrumb\":{\"@id\":\"https:\/\/cleitonpinheiro.com.br\/site\/governo-do-tocantins-orienta-retorno-presencial-gradativo-em-escolas-estaduais-a-partir-desta-segunda-feira-8\/#breadcrumb\"},\"inLanguage\":\"pt-BR\",\"potentialAction\":[{\"@type\":\"ReadAction\",\"target\":[\"https:\/\/cleitonpinheiro.com.br\/site\/governo-do-tocantins-orienta-retorno-presencial-gradativo-em-escolas-estaduais-a-partir-desta-segunda-feira-8\/\"]}]},{\"@type\":\"ImageObject\",\"inLanguage\":\"pt-BR\",\"@id\":\"https:\/\/cleitonpinheiro.com.br\/site\/governo-do-tocantins-orienta-retorno-presencial-gradativo-em-escolas-estaduais-a-partir-desta-segunda-feira-8\/#primaryimage\",\"url\":\"\",\"contentUrl\":\"\"},{\"@type\":\"BreadcrumbList\",\"@id\":\"https:\/\/cleitonpinheiro.com.br\/site\/governo-do-tocantins-orienta-retorno-presencial-gradativo-em-escolas-estaduais-a-partir-desta-segunda-feira-8\/#breadcrumb\",\"itemListElement\":[{\"@type\":\"ListItem\",\"position\":1,\"name\":\"In\u00edcio\",\"item\":\"https:\/\/cleitonpinheiro.com.br\/site\/\"},{\"@type\":\"ListItem\",\"position\":2,\"name\":\"Governo do Tocantins orienta retorno presencial gradativo em escolas estaduais\"}]},{\"@type\":\"WebSite\",\"@id\":\"https:\/\/cleitonpinheiro.com.br\/site\/#website\",\"url\":\"https:\/\/cleitonpinheiro.com.br\/site\/\",\"name\":\"PORTAL DE NOT\u00cdCIAS CLEITON PINHEIRO\",\"description\":\"FALANDO A VERDADE\",\"publisher\":{\"@id\":\"https:\/\/cleitonpinheiro.com.br\/site\/#organization\"},\"potentialAction\":[{\"@type\":\"SearchAction\",\"target\":{\"@type\":\"EntryPoint\",\"urlTemplate\":\"https:\/\/cleitonpinheiro.com.br\/site\/?s={search_term_string}\"},\"query-input\":{\"@type\":\"PropertyValueSpecification\",\"valueRequired\":true,\"valueName\":\"search_term_string\"}}],\"inLanguage\":\"pt-BR\"},{\"@type\":\"Organization\",\"@id\":\"https:\/\/cleitonpinheiro.com.br\/site\/#organization\",\"name\":\"CPNOT\u00cdCIAS\",\"url\":\"https:\/\/cleitonpinheiro.com.br\/site\/\",\"logo\":{\"@type\":\"ImageObject\",\"inLanguage\":\"pt-BR\",\"@id\":\"https:\/\/cleitonpinheiro.com.br\/site\/#\/schema\/logo\/image\/\",\"url\":\"https:\/\/cleitonpinheiro.com.br\/site\/wp-content\/uploads\/2022\/08\/Logo-pequena-2.png\",\"contentUrl\":\"https:\/\/cleitonpinheiro.com.br\/site\/wp-content\/uploads\/2022\/08\/Logo-pequena-2.png\",\"width\":500,\"height\":500,\"caption\":\"CPNOT\u00cdCIAS\"},\"image\":{\"@id\":\"https:\/\/cleitonpinheiro.com.br\/site\/#\/schema\/logo\/image\/\"},\"sameAs\":[\"https:\/\/www.facebook.com\/portalcpnoticias\/\"]},{\"@type\":\"Person\",\"@id\":\"https:\/\/cleitonpinheiro.com.br\/site\/#\/schema\/person\/aac6d7f311e80c43042e98a900b03cd8\",\"name\":\"Dermival Pereira\",\"image\":{\"@type\":\"ImageObject\",\"inLanguage\":\"pt-BR\",\"@id\":\"https:\/\/cleitonpinheiro.com.br\/site\/#\/schema\/person\/image\/\",\"url\":\"https:\/\/secure.gravatar.com\/avatar\/cfaebf3742d6bf8db728bcba3eed6bee37b02337a2e6c822994f20ca72a3784d?s=96&r=g\",\"contentUrl\":\"https:\/\/secure.gravatar.com\/avatar\/cfaebf3742d6bf8db728bcba3eed6bee37b02337a2e6c822994f20ca72a3784d?s=96&r=g\",\"caption\":\"Dermival Pereira\"},\"url\":\"https:\/\/cleitonpinheiro.com.br\/site\/author\/dermival\/\"}]}<\/script>\n<!-- \/ Yoast SEO plugin. -->","yoast_head_json":{"title":"Governo do Tocantins orienta retorno presencial gradativo em escolas estaduais - PORTAL DE NOT\u00cdCIAS CLEITON PINHEIRO","robots":{"index":"index","follow":"follow","max-snippet":"max-snippet:-1","max-image-preview":"max-image-preview:large","max-video-preview":"max-video-preview:-1"},"canonical":"https:\/\/cleitonpinheiro.com.br\/site\/governo-do-tocantins-orienta-retorno-presencial-gradativo-em-escolas-estaduais-a-partir-desta-segunda-feira-8\/","og_locale":"pt_BR","og_type":"article","og_title":"Governo do Tocantins orienta retorno presencial gradativo em escolas estaduais - PORTAL DE NOT\u00cdCIAS CLEITON PINHEIRO","og_description":"O retorno gradativo das atividades presenciais nas escolas da rede estadual de ensino do Tocantins come\u00e7a a partir desta segunda-feira, 8. A orienta\u00e7\u00e3o do Governo do Tocantins, por meio da Secretaria de Estado da Educa\u00e7\u00e3o, Juventude e Esportes (Seduc), \u00e9 para que o in\u00edcio das atividades se d\u00ea pelas escolas das localidades que registraram menor [&hellip;]","og_url":"https:\/\/cleitonpinheiro.com.br\/site\/governo-do-tocantins-orienta-retorno-presencial-gradativo-em-escolas-estaduais-a-partir-desta-segunda-feira-8\/","og_site_name":"PORTAL DE NOT\u00cdCIAS CLEITON PINHEIRO","article_publisher":"https:\/\/www.facebook.com\/portalcpnoticias\/","article_published_time":"2021-02-08T14:51:52+00:00","author":"Dermival Pereira","twitter_card":"summary_large_image","twitter_misc":{"Escrito por":"Dermival Pereira","Est. tempo de leitura":"3 minutos"},"schema":{"@context":"https:\/\/schema.org","@graph":[{"@type":"Article","@id":"https:\/\/cleitonpinheiro.com.br\/site\/governo-do-tocantins-orienta-retorno-presencial-gradativo-em-escolas-estaduais-a-partir-desta-segunda-feira-8\/#article","isPartOf":{"@id":"https:\/\/cleitonpinheiro.com.br\/site\/governo-do-tocantins-orienta-retorno-presencial-gradativo-em-escolas-estaduais-a-partir-desta-segunda-feira-8\/"},"author":{"name":"Dermival Pereira","@id":"https:\/\/cleitonpinheiro.com.br\/site\/#\/schema\/person\/aac6d7f311e80c43042e98a900b03cd8"},"headline":"Governo do Tocantins orienta retorno presencial gradativo em escolas estaduais","datePublished":"2021-02-08T14:51:52+00:00","mainEntityOfPage":{"@id":"https:\/\/cleitonpinheiro.com.br\/site\/governo-do-tocantins-orienta-retorno-presencial-gradativo-em-escolas-estaduais-a-partir-desta-segunda-feira-8\/"},"wordCount":573,"commentCount":0,"publisher":{"@id":"https:\/\/cleitonpinheiro.com.br\/site\/#organization"},"image":{"@id":"https:\/\/cleitonpinheiro.com.br\/site\/governo-do-tocantins-orienta-retorno-presencial-gradativo-em-escolas-estaduais-a-partir-desta-segunda-feira-8\/#primaryimage"},"thumbnailUrl":"","articleSection":["COLUNAS","ESTADO","NOT\u00cdCIAS EM DESTAQUE"],"inLanguage":"pt-BR","potentialAction":[{"@type":"CommentAction","name":"Comment","target":["https:\/\/cleitonpinheiro.com.br\/site\/governo-do-tocantins-orienta-retorno-presencial-gradativo-em-escolas-estaduais-a-partir-desta-segunda-feira-8\/#respond"]}]},{"@type":"WebPage","@id":"https:\/\/cleitonpinheiro.com.br\/site\/governo-do-tocantins-orienta-retorno-presencial-gradativo-em-escolas-estaduais-a-partir-desta-segunda-feira-8\/","url":"https:\/\/cleitonpinheiro.com.br\/site\/governo-do-tocantins-orienta-retorno-presencial-gradativo-em-escolas-estaduais-a-partir-desta-segunda-feira-8\/","name":"Governo do Tocantins orienta retorno presencial gradativo em escolas estaduais - PORTAL DE NOT\u00cdCIAS CLEITON PINHEIRO","isPartOf":{"@id":"https:\/\/cleitonpinheiro.com.br\/site\/#website"},"primaryImageOfPage":{"@id":"https:\/\/cleitonpinheiro.com.br\/site\/governo-do-tocantins-orienta-retorno-presencial-gradativo-em-escolas-estaduais-a-partir-desta-segunda-feira-8\/#primaryimage"},"image":{"@id":"https:\/\/cleitonpinheiro.com.br\/site\/governo-do-tocantins-orienta-retorno-presencial-gradativo-em-escolas-estaduais-a-partir-desta-segunda-feira-8\/#primaryimage"},"thumbnailUrl":"","datePublished":"2021-02-08T14:51:52+00:00","breadcrumb":{"@id":"https:\/\/cleitonpinheiro.com.br\/site\/governo-do-tocantins-orienta-retorno-presencial-gradativo-em-escolas-estaduais-a-partir-desta-segunda-feira-8\/#breadcrumb"},"inLanguage":"pt-BR","potentialAction":[{"@type":"ReadAction","target":["https:\/\/cleitonpinheiro.com.br\/site\/governo-do-tocantins-orienta-retorno-presencial-gradativo-em-escolas-estaduais-a-partir-desta-segunda-feira-8\/"]}]},{"@type":"ImageObject","inLanguage":"pt-BR","@id":"https:\/\/cleitonpinheiro.com.br\/site\/governo-do-tocantins-orienta-retorno-presencial-gradativo-em-escolas-estaduais-a-partir-desta-segunda-feira-8\/#primaryimage","url":"","contentUrl":""},{"@type":"BreadcrumbList","@id":"https:\/\/cleitonpinheiro.com.br\/site\/governo-do-tocantins-orienta-retorno-presencial-gradativo-em-escolas-estaduais-a-partir-desta-segunda-feira-8\/#breadcrumb","itemListElement":[{"@type":"ListItem","position":1,"name":"In\u00edcio","item":"https:\/\/cleitonpinheiro.com.br\/site\/"},{"@type":"ListItem","position":2,"name":"Governo do Tocantins orienta retorno presencial gradativo em escolas estaduais"}]},{"@type":"WebSite","@id":"https:\/\/cleitonpinheiro.com.br\/site\/#website","url":"https:\/\/cleitonpinheiro.com.br\/site\/","name":"PORTAL DE NOT\u00cdCIAS CLEITON PINHEIRO","description":"FALANDO A VERDADE","publisher":{"@id":"https:\/\/cleitonpinheiro.com.br\/site\/#organization"},"potentialAction":[{"@type":"SearchAction","target":{"@type":"EntryPoint","urlTemplate":"https:\/\/cleitonpinheiro.com.br\/site\/?s={search_term_string}"},"query-input":{"@type":"PropertyValueSpecification","valueRequired":true,"valueName":"search_term_string"}}],"inLanguage":"pt-BR"},{"@type":"Organization","@id":"https:\/\/cleitonpinheiro.com.br\/site\/#organization","name":"CPNOT\u00cdCIAS","url":"https:\/\/cleitonpinheiro.com.br\/site\/","logo":{"@type":"ImageObject","inLanguage":"pt-BR","@id":"https:\/\/cleitonpinheiro.com.br\/site\/#\/schema\/logo\/image\/","url":"https:\/\/cleitonpinheiro.com.br\/site\/wp-content\/uploads\/2022\/08\/Logo-pequena-2.png","contentUrl":"https:\/\/cleitonpinheiro.com.br\/site\/wp-content\/uploads\/2022\/08\/Logo-pequena-2.png","width":500,"height":500,"caption":"CPNOT\u00cdCIAS"},"image":{"@id":"https:\/\/cleitonpinheiro.com.br\/site\/#\/schema\/logo\/image\/"},"sameAs":["https:\/\/www.facebook.com\/portalcpnoticias\/"]},{"@type":"Person","@id":"https:\/\/cleitonpinheiro.com.br\/site\/#\/schema\/person\/aac6d7f311e80c43042e98a900b03cd8","name":"Dermival Pereira","image":{"@type":"ImageObject","inLanguage":"pt-BR","@id":"https:\/\/cleitonpinheiro.com.br\/site\/#\/schema\/person\/image\/","url":"https:\/\/secure.gravatar.com\/avatar\/cfaebf3742d6bf8db728bcba3eed6bee37b02337a2e6c822994f20ca72a3784d?s=96&r=g","contentUrl":"https:\/\/secure.gravatar.com\/avatar\/cfaebf3742d6bf8db728bcba3eed6bee37b02337a2e6c822994f20ca72a3784d?s=96&r=g","caption":"Dermival Pereira"},"url":"https:\/\/cleitonpinheiro.com.br\/site\/author\/dermival\/"}]}},"views":149,"_links":{"self":[{"href":"https:\/\/cleitonpinheiro.com.br\/site\/wp-json\/wp\/v2\/posts\/43109","targetHints":{"allow":["GET"]}}],"collection":[{"href":"https:\/\/cleitonpinheiro.com.br\/site\/wp-json\/wp\/v2\/posts"}],"about":[{"href":"https:\/\/cleitonpinheiro.com.br\/site\/wp-json\/wp\/v2\/types\/post"}],"author":[{"embeddable":true,"href":"https:\/\/cleitonpinheiro.com.br\/site\/wp-json\/wp\/v2\/users\/4"}],"replies":[{"embeddable":true,"href":"https:\/\/cleitonpinheiro.com.br\/site\/wp-json\/wp\/v2\/comments?post=43109"}],"version-history":[{"count":0,"href":"https:\/\/cleitonpinheiro.com.br\/site\/wp-json\/wp\/v2\/posts\/43109\/revisions"}],"wp:featuredmedia":[{"embeddable":true,"href":"https:\/\/cleitonpinheiro.com.br\/site\/wp-json\/"}],"wp:attachment":[{"href":"https:\/\/cleitonpinheiro.com.br\/site\/wp-json\/wp\/v2\/media?parent=43109"}],"wp:term":[{"taxonomy":"category","embeddable":true,"href":"https:\/\/cleitonpinheiro.com.br\/site\/wp-json\/wp\/v2\/categories?post=43109"},{"taxonomy":"post_tag","embeddable":true,"href":"https:\/\/cleitonpinheiro.com.br\/site\/wp-json\/wp\/v2\/tags?post=43109"}],"curies":[{"name":"wp","href":"https:\/\/api.w.org\/{rel}","templated":true}]}}