{"id":43115,"date":"2021-02-08T13:40:01","date_gmt":"2021-02-08T16:40:01","guid":{"rendered":"https:\/\/cleitonpinheiro.com.br\/portal\/?p=43115"},"modified":"2023-05-04T22:35:04","modified_gmt":"2023-05-05T01:35:04","slug":"opiniao-o-brasil-em-primeiro-lugar","status":"publish","type":"post","link":"https:\/\/cleitonpinheiro.com.br\/site\/opiniao-o-brasil-em-primeiro-lugar\/","title":{"rendered":"Opini\u00e3o &#8211; O Brasil em primeiro lugar"},"content":{"rendered":"\n<figure class=\"wp-block-image size-large\"><img decoding=\"async\" src=\"https:\/\/cleitonpinheiro.com.br\/portal\/wp-content\/uploads\/2021\/02\/image_processing20201006-1328-1ouhqqu-compressed.jpg\" alt=\"\" class=\"wp-image-43116\"\/><\/figure>\n\n\n<p><strong><em>Eug\u00eanio Miguel Mancini Scheleder*<\/em><\/strong><\/p>\n\n\n<p>Dirigir um caminh\u00e3o de carga pelas estradas brasileiras n\u00e3o \u00e9 uma tarefa f\u00e1cil. Exige habilidades espec\u00edficas, dedica\u00e7\u00e3o exclusiva, desprendimento pessoal e muita coragem. Ser caminhoneiro significa estar disposto a conviver com longos afastamentos da fam\u00edlia, a enfrentar o risco de acidentes provocados pela m\u00e1 conserva\u00e7\u00e3o das vias e a se expor aos assaltos e roubos de carga que ocorrem, diariamente, no Pa\u00eds. \u00c9 uma vida dura, solit\u00e1ria e sofrida.<\/p>\n\n\n<p>Justamente pelas longas jornadas de trabalho, a escolaridade dos caminhoneiros tende a permanecer baixa. Com base em dados da PNAD-IBGE, a Escola Superior de Agricultura Luiz de Queiroz (Esalq\/USP) aponta que os n\u00edveis de escolaridade e de renda desses profissionais n\u00e3o evolu\u00edram, mesmo ap\u00f3s a promulga\u00e7\u00e3o da Lei dos Caminhoneiros (Lei&nbsp;n\u00ba 13.103, de 02\/03\/2015), que estabeleceu regras para o exerc\u00edcio da profiss\u00e3o. Segundo a pesquisa, apenas 60% dos caminhoneiros completou o ensino fundamental e, destes, somente a metade concluiu, tamb\u00e9m, o ensino m\u00e9dio completo. Essa defici\u00eancia de forma\u00e7\u00e3o, no entanto, n\u00e3o impediu que a categoria desse, em maio de 2018, uma exemplar aula de economia, pol\u00edtica e gest\u00e3o \u00e0s autoridades de Bras\u00edlia e aos gestores da Petrobras. Ao exigir e obter a redu\u00e7\u00e3o do pre\u00e7o do \u00f3leo diesel, os caminhoneiros colocaram em cheque, diante de toda a Na\u00e7\u00e3o, a pol\u00edtica de pre\u00e7os dos combust\u00edveis praticada pela Petrobras.<\/p>\n\n\n<p><a href=\"https:\/\/www.brasildefato.com.br\/2019\/11\/06\/ansiedade-por-recursos-do-pre-sal-fez-governo-errar-no-leilao-explica-especialista\" target=\"_blank\" rel=\"noreferrer noopener\">Ap\u00f3s a descoberta do Pr\u00e9-Sal<\/a>, a Petrobras investiu pesadamente na produ\u00e7\u00e3o de \u00f3leo e g\u00e1s natural e na moderniza\u00e7\u00e3o do seu parque de refino. No ano de&nbsp; 2010, foram investidos US$ 45 bilh\u00f5es e a empresa aprovou a aplica\u00e7\u00e3o de recursos semelhantes nos anos seguintes, at\u00e9 2014. Os resultados desse esfor\u00e7o foram recompensados pela alt\u00edssima produtividade dos po\u00e7os do Pr\u00e9-Sal e, no parque de refino, pela instala\u00e7\u00e3o de unidades modernas, atualizadas tecnologicamente, complexas e flex\u00edveis, compar\u00e1veis, em seu conjunto, ao que h\u00e1 de melhor em todo o mundo. Produzindo petr\u00f3leo a baixo custo e dotada de um parque de refino moderno e eficiente, a Petrobras adquiriu condi\u00e7\u00f5es para fornecer ao consumidor brasileiro combust\u00edveis a pre\u00e7os muito inferiores aos do mercado internacional.<\/p>\n\n\n<p>A partir de 2016, entretanto, o governo obrigou a Petrobras\u00a0 a praticar uma pol\u00edtica de alinhamento dos pre\u00e7os internos dos combust\u00edveis com o c\u00e2mbio e com os pre\u00e7os internacionais. Essa pol\u00edtica de paridade internacional faz com que os consumidores brasileiros paguem muito mais caro pelos combust\u00edveis produzidos no Pa\u00eds, em especial a gasolina, o diesel e o g\u00e1s de cozinha. Pre\u00e7os internos mais altos favorecem a importa\u00e7\u00e3o de produtos j\u00e1 refinados, com maior valor agregado, e elevam o n\u00edvel de\u00a0 exporta\u00e7\u00e3o do petr\u00f3leo produzido no Brasil . O \u201ctrade-off\u201d dessa opera\u00e7\u00e3o \u00e9 prejudicial ao Pa\u00eds, pois, aumenta o gasto com divisas e afeta, negativamente, o saldo da nossa balan\u00e7a comercial. Prejudica, tamb\u00e9m, a Petrobras, uma vez que a importa\u00e7\u00e3o de volumes crescentes de derivados resulta em perda de \u201cmarket-share\u201d, ociosidade do parque de refino e redu\u00e7\u00e3o dos resultados da companhia.<\/p>\n\n\n<p>A pol\u00edtica de paridade internacional atende unicamente aos interesses do ente abstrato que costumamos chamar de Mercado. Internacionalizado e ap\u00e1trida, o Mercado se preocupa unicamente com lucros e preju\u00edzos e n\u00e3o tem qualquer compromisso com o nosso desenvolvimento. Elevar os pre\u00e7os internos dos combust\u00edveis agrada o Mercado porque viabiliza a importa\u00e7\u00e3o de derivados por outros agentes, a maioria estrangeiros, reduz a participa\u00e7\u00e3o da Petrobras no abastecimento nacional, estimula a venda de ativos de refino e de log\u00edstica da estatal e abre oportunidades para que outras empresas, tamb\u00e9m estrangeiras, atuem no setor de \u00f3leo e g\u00e1s brasileiro. Como os principais grupos empresariais nacionais foram impedidos de transacionar com a Petrobras, a partir dos processos movidos pela opera\u00e7\u00e3o Lava Jato, o resultado final dessa pol\u00edtica ser\u00e1 a desnacionaliza\u00e7\u00e3o da ind\u00fastria de petr\u00f3leo brasileira. Processo an\u00e1logo j\u00e1 ocorre no setor el\u00e9trico, onde, nos \u00faltimos quatro anos, 95% do capital comprador de ativos foi de origem estrangeira.<\/p>\n\n\n<p>A mobiliza\u00e7\u00e3o dos caminhoneiros em maio de 2018 paralisou o Pa\u00eds. A principal reivindica\u00e7\u00e3o da categoria atingiu o cora\u00e7\u00e3o da pol\u00edtica de pre\u00e7os praticada pela Petrobras, que resultava em pre\u00e7os cada vez mais elevados e imprevis\u00edveis do \u00f3leo diesel. O governo Temer n\u00e3o resistiu \u00e0 paralisa\u00e7\u00e3o do sistema de transporte rodovi\u00e1rio nacional e terminou por assinar um acordo com as associa\u00e7\u00f5es de caminhoneiros, determinando, entre outras provid\u00eancias, que a Petrobras reduzisse o pre\u00e7o do diesel em 10% e o mantivesse congelado por trinta dias.<\/p>\n\n\n<p>Esse acordo suspendeu a pol\u00edtica de paridade de pre\u00e7os e desarticulou o neg\u00f3cio de importa\u00e7\u00e3o de combust\u00edveis. A consequente recupera\u00e7\u00e3o do \u201cmarket-share\u201d de diesel (15%) e gasolina (6%), em face da redu\u00e7\u00e3o da importa\u00e7\u00e3o de derivados por terceiros, aumentou o lucro da Petrobras no 2\u00ba trimestre de 2018, demonstrando ser poss\u00edvel obter melhores resultados com pre\u00e7os mais baixos.<\/p>\n\n\n<p>Encerrada a greve, no entanto, o governo, em pouco tempo, retomou a pol\u00edtica de paridade internacional, abandonando, na pr\u00e1tica, as promessas feitas \u00e0 categoria. As negocia\u00e7\u00f5es, desde ent\u00e3o, n\u00e3o prosperaram. Insatisfeitas, as lideran\u00e7as dos caminhoneiros sinalizaram, recentemente, uma nova paralisa\u00e7\u00e3o, prevista para o in\u00edcio do pr\u00f3ximo m\u00eas de fevereiro. A principal reivindica\u00e7\u00e3o continua relacionada \u00e0 pol\u00edtica de pre\u00e7os da Petrobras, pois, as despesas com o diesel significam de 50 a 60% do valor da viagem. O presidente da Associa\u00e7\u00e3o Nacional do Transporte Aut\u00f4nomo do Brasil (ANTB), Jos\u00e9 Roberto Stringasci, afirmou que &#8220;A Petrobras n\u00e3o foi criada para gerar riqueza para meia d\u00fazia, a Petrobras \u00e9 nossa e tem que ajudar o povo brasileiro e o Brasil. Queremos&nbsp;pre\u00e7os nacionais&nbsp;para os combust\u00edveis, com reajuste a cada seis meses ou um ano\u201d.<\/p>\n\n\n<p>O patriotismo verdadeiro traz sempre a verdade \u00e0 tona. Deflagrada uma nova greve, in\u00e9rcia e m\u00e1 gest\u00e3o ter\u00e3o um confronto com 2 milh\u00f5es de caminhoneiros, numa parada que pode significar a busca do \u201cBrasil Primeiro!\u201d<\/p>\n\n\n<p><strong><em>*\u00c9 engenheiro e trabalhou na Petrobras. Tamb\u00e9m ocupou cargos de dire\u00e7\u00e3o nos minist\u00e9rios de Minas e Energia e do Planejamento, de 1991 a 2005<\/em><\/strong><\/p>\n","protected":false},"excerpt":{"rendered":"<p>Eug\u00eanio Miguel Mancini Scheleder* Dirigir um caminh\u00e3o de carga pelas estradas brasileiras n\u00e3o \u00e9 uma tarefa f\u00e1cil. Exige habilidades espec\u00edficas, dedica\u00e7\u00e3o exclusiva, desprendimento pessoal e muita coragem. Ser caminhoneiro significa estar disposto a conviver com longos afastamentos da fam\u00edlia, a enfrentar o risco de acidentes provocados pela m\u00e1 conserva\u00e7\u00e3o das vias e a se expor [&hellip;]<\/p>\n","protected":false},"author":9,"featured_media":43116,"comment_status":"open","ping_status":"open","sticky":false,"template":"","format":"standard","meta":{"_acf_changed":false,"footnotes":""},"categories":[24,21],"tags":[],"class_list":["post-43115","post","type-post","status-publish","format-standard","has-post-thumbnail","hentry","category-colunas","category-todas-noticias"],"acf":[],"yoast_head":"<!-- This site is optimized with the Yoast SEO plugin v24.4 - https:\/\/yoast.com\/wordpress\/plugins\/seo\/ -->\n<title>Opini\u00e3o - O Brasil em primeiro lugar - PORTAL DE NOT\u00cdCIAS CLEITON PINHEIRO<\/title>\n<meta name=\"robots\" content=\"index, follow, max-snippet:-1, max-image-preview:large, max-video-preview:-1\" \/>\n<link rel=\"canonical\" href=\"https:\/\/cleitonpinheiro.com.br\/site\/opiniao-o-brasil-em-primeiro-lugar\/\" \/>\n<meta property=\"og:locale\" content=\"pt_BR\" \/>\n<meta property=\"og:type\" content=\"article\" \/>\n<meta property=\"og:title\" content=\"Opini\u00e3o - O Brasil em primeiro lugar - PORTAL DE NOT\u00cdCIAS CLEITON PINHEIRO\" \/>\n<meta property=\"og:description\" content=\"Eug\u00eanio Miguel Mancini Scheleder* Dirigir um caminh\u00e3o de carga pelas estradas brasileiras n\u00e3o \u00e9 uma tarefa f\u00e1cil. Exige habilidades espec\u00edficas, dedica\u00e7\u00e3o exclusiva, desprendimento pessoal e muita coragem. Ser caminhoneiro significa estar disposto a conviver com longos afastamentos da fam\u00edlia, a enfrentar o risco de acidentes provocados pela m\u00e1 conserva\u00e7\u00e3o das vias e a se expor [&hellip;]\" \/>\n<meta property=\"og:url\" content=\"https:\/\/cleitonpinheiro.com.br\/site\/opiniao-o-brasil-em-primeiro-lugar\/\" \/>\n<meta property=\"og:site_name\" content=\"PORTAL DE NOT\u00cdCIAS CLEITON PINHEIRO\" \/>\n<meta property=\"article:publisher\" content=\"https:\/\/www.facebook.com\/portalcpnoticias\/\" \/>\n<meta property=\"article:published_time\" content=\"2021-02-08T16:40:01+00:00\" \/>\n<meta property=\"article:modified_time\" content=\"2023-05-05T01:35:04+00:00\" \/>\n<meta name=\"author\" content=\"RGF Sistemas\" \/>\n<meta name=\"twitter:card\" content=\"summary_large_image\" \/>\n<meta name=\"twitter:label1\" content=\"Escrito por\" \/>\n\t<meta name=\"twitter:data1\" content=\"RGF Sistemas\" \/>\n\t<meta name=\"twitter:label2\" content=\"Est. tempo de leitura\" \/>\n\t<meta name=\"twitter:data2\" content=\"5 minutos\" \/>\n<script type=\"application\/ld+json\" class=\"yoast-schema-graph\">{\"@context\":\"https:\/\/schema.org\",\"@graph\":[{\"@type\":\"Article\",\"@id\":\"https:\/\/cleitonpinheiro.com.br\/site\/opiniao-o-brasil-em-primeiro-lugar\/#article\",\"isPartOf\":{\"@id\":\"https:\/\/cleitonpinheiro.com.br\/site\/opiniao-o-brasil-em-primeiro-lugar\/\"},\"author\":{\"name\":\"RGF Sistemas\",\"@id\":\"https:\/\/cleitonpinheiro.com.br\/site\/#\/schema\/person\/b7621891c193194dd412fdc1ff9b2b41\"},\"headline\":\"Opini\u00e3o &#8211; O Brasil em primeiro lugar\",\"datePublished\":\"2021-02-08T16:40:01+00:00\",\"dateModified\":\"2023-05-05T01:35:04+00:00\",\"mainEntityOfPage\":{\"@id\":\"https:\/\/cleitonpinheiro.com.br\/site\/opiniao-o-brasil-em-primeiro-lugar\/\"},\"wordCount\":1087,\"commentCount\":1,\"publisher\":{\"@id\":\"https:\/\/cleitonpinheiro.com.br\/site\/#organization\"},\"image\":{\"@id\":\"https:\/\/cleitonpinheiro.com.br\/site\/opiniao-o-brasil-em-primeiro-lugar\/#primaryimage\"},\"thumbnailUrl\":\"\",\"articleSection\":[\"COLUNAS\",\"TODAS NOTICIAS\"],\"inLanguage\":\"pt-BR\",\"potentialAction\":[{\"@type\":\"CommentAction\",\"name\":\"Comment\",\"target\":[\"https:\/\/cleitonpinheiro.com.br\/site\/opiniao-o-brasil-em-primeiro-lugar\/#respond\"]}]},{\"@type\":\"WebPage\",\"@id\":\"https:\/\/cleitonpinheiro.com.br\/site\/opiniao-o-brasil-em-primeiro-lugar\/\",\"url\":\"https:\/\/cleitonpinheiro.com.br\/site\/opiniao-o-brasil-em-primeiro-lugar\/\",\"name\":\"Opini\u00e3o - O Brasil em primeiro lugar - PORTAL DE NOT\u00cdCIAS CLEITON PINHEIRO\",\"isPartOf\":{\"@id\":\"https:\/\/cleitonpinheiro.com.br\/site\/#website\"},\"primaryImageOfPage\":{\"@id\":\"https:\/\/cleitonpinheiro.com.br\/site\/opiniao-o-brasil-em-primeiro-lugar\/#primaryimage\"},\"image\":{\"@id\":\"https:\/\/cleitonpinheiro.com.br\/site\/opiniao-o-brasil-em-primeiro-lugar\/#primaryimage\"},\"thumbnailUrl\":\"\",\"datePublished\":\"2021-02-08T16:40:01+00:00\",\"dateModified\":\"2023-05-05T01:35:04+00:00\",\"breadcrumb\":{\"@id\":\"https:\/\/cleitonpinheiro.com.br\/site\/opiniao-o-brasil-em-primeiro-lugar\/#breadcrumb\"},\"inLanguage\":\"pt-BR\",\"potentialAction\":[{\"@type\":\"ReadAction\",\"target\":[\"https:\/\/cleitonpinheiro.com.br\/site\/opiniao-o-brasil-em-primeiro-lugar\/\"]}]},{\"@type\":\"ImageObject\",\"inLanguage\":\"pt-BR\",\"@id\":\"https:\/\/cleitonpinheiro.com.br\/site\/opiniao-o-brasil-em-primeiro-lugar\/#primaryimage\",\"url\":\"\",\"contentUrl\":\"\"},{\"@type\":\"BreadcrumbList\",\"@id\":\"https:\/\/cleitonpinheiro.com.br\/site\/opiniao-o-brasil-em-primeiro-lugar\/#breadcrumb\",\"itemListElement\":[{\"@type\":\"ListItem\",\"position\":1,\"name\":\"In\u00edcio\",\"item\":\"https:\/\/cleitonpinheiro.com.br\/site\/\"},{\"@type\":\"ListItem\",\"position\":2,\"name\":\"Opini\u00e3o &#8211; O Brasil em primeiro lugar\"}]},{\"@type\":\"WebSite\",\"@id\":\"https:\/\/cleitonpinheiro.com.br\/site\/#website\",\"url\":\"https:\/\/cleitonpinheiro.com.br\/site\/\",\"name\":\"PORTAL DE NOT\u00cdCIAS CLEITON PINHEIRO\",\"description\":\"FALANDO A VERDADE\",\"publisher\":{\"@id\":\"https:\/\/cleitonpinheiro.com.br\/site\/#organization\"},\"potentialAction\":[{\"@type\":\"SearchAction\",\"target\":{\"@type\":\"EntryPoint\",\"urlTemplate\":\"https:\/\/cleitonpinheiro.com.br\/site\/?s={search_term_string}\"},\"query-input\":{\"@type\":\"PropertyValueSpecification\",\"valueRequired\":true,\"valueName\":\"search_term_string\"}}],\"inLanguage\":\"pt-BR\"},{\"@type\":\"Organization\",\"@id\":\"https:\/\/cleitonpinheiro.com.br\/site\/#organization\",\"name\":\"CPNOT\u00cdCIAS\",\"url\":\"https:\/\/cleitonpinheiro.com.br\/site\/\",\"logo\":{\"@type\":\"ImageObject\",\"inLanguage\":\"pt-BR\",\"@id\":\"https:\/\/cleitonpinheiro.com.br\/site\/#\/schema\/logo\/image\/\",\"url\":\"https:\/\/cleitonpinheiro.com.br\/site\/wp-content\/uploads\/2022\/08\/Logo-pequena-2.png\",\"contentUrl\":\"https:\/\/cleitonpinheiro.com.br\/site\/wp-content\/uploads\/2022\/08\/Logo-pequena-2.png\",\"width\":500,\"height\":500,\"caption\":\"CPNOT\u00cdCIAS\"},\"image\":{\"@id\":\"https:\/\/cleitonpinheiro.com.br\/site\/#\/schema\/logo\/image\/\"},\"sameAs\":[\"https:\/\/www.facebook.com\/portalcpnoticias\/\"]},{\"@type\":\"Person\",\"@id\":\"https:\/\/cleitonpinheiro.com.br\/site\/#\/schema\/person\/b7621891c193194dd412fdc1ff9b2b41\",\"name\":\"RGF Sistemas\",\"image\":{\"@type\":\"ImageObject\",\"inLanguage\":\"pt-BR\",\"@id\":\"https:\/\/cleitonpinheiro.com.br\/site\/#\/schema\/person\/image\/\",\"url\":\"https:\/\/secure.gravatar.com\/avatar\/59e110c11e5eecf4636340abed101b4cddb70ca9f64acab0fe8863bcc0a66b2d?s=96&r=g\",\"contentUrl\":\"https:\/\/secure.gravatar.com\/avatar\/59e110c11e5eecf4636340abed101b4cddb70ca9f64acab0fe8863bcc0a66b2d?s=96&r=g\",\"caption\":\"RGF Sistemas\"},\"url\":\"https:\/\/cleitonpinheiro.com.br\/site\/author\/rgfsite\/\"}]}<\/script>\n<!-- \/ Yoast SEO plugin. -->","yoast_head_json":{"title":"Opini\u00e3o - O Brasil em primeiro lugar - PORTAL DE NOT\u00cdCIAS CLEITON PINHEIRO","robots":{"index":"index","follow":"follow","max-snippet":"max-snippet:-1","max-image-preview":"max-image-preview:large","max-video-preview":"max-video-preview:-1"},"canonical":"https:\/\/cleitonpinheiro.com.br\/site\/opiniao-o-brasil-em-primeiro-lugar\/","og_locale":"pt_BR","og_type":"article","og_title":"Opini\u00e3o - O Brasil em primeiro lugar - PORTAL DE NOT\u00cdCIAS CLEITON PINHEIRO","og_description":"Eug\u00eanio Miguel Mancini Scheleder* Dirigir um caminh\u00e3o de carga pelas estradas brasileiras n\u00e3o \u00e9 uma tarefa f\u00e1cil. Exige habilidades espec\u00edficas, dedica\u00e7\u00e3o exclusiva, desprendimento pessoal e muita coragem. Ser caminhoneiro significa estar disposto a conviver com longos afastamentos da fam\u00edlia, a enfrentar o risco de acidentes provocados pela m\u00e1 conserva\u00e7\u00e3o das vias e a se expor [&hellip;]","og_url":"https:\/\/cleitonpinheiro.com.br\/site\/opiniao-o-brasil-em-primeiro-lugar\/","og_site_name":"PORTAL DE NOT\u00cdCIAS CLEITON PINHEIRO","article_publisher":"https:\/\/www.facebook.com\/portalcpnoticias\/","article_published_time":"2021-02-08T16:40:01+00:00","article_modified_time":"2023-05-05T01:35:04+00:00","author":"RGF Sistemas","twitter_card":"summary_large_image","twitter_misc":{"Escrito por":"RGF Sistemas","Est. tempo de leitura":"5 minutos"},"schema":{"@context":"https:\/\/schema.org","@graph":[{"@type":"Article","@id":"https:\/\/cleitonpinheiro.com.br\/site\/opiniao-o-brasil-em-primeiro-lugar\/#article","isPartOf":{"@id":"https:\/\/cleitonpinheiro.com.br\/site\/opiniao-o-brasil-em-primeiro-lugar\/"},"author":{"name":"RGF Sistemas","@id":"https:\/\/cleitonpinheiro.com.br\/site\/#\/schema\/person\/b7621891c193194dd412fdc1ff9b2b41"},"headline":"Opini\u00e3o &#8211; O Brasil em primeiro lugar","datePublished":"2021-02-08T16:40:01+00:00","dateModified":"2023-05-05T01:35:04+00:00","mainEntityOfPage":{"@id":"https:\/\/cleitonpinheiro.com.br\/site\/opiniao-o-brasil-em-primeiro-lugar\/"},"wordCount":1087,"commentCount":1,"publisher":{"@id":"https:\/\/cleitonpinheiro.com.br\/site\/#organization"},"image":{"@id":"https:\/\/cleitonpinheiro.com.br\/site\/opiniao-o-brasil-em-primeiro-lugar\/#primaryimage"},"thumbnailUrl":"","articleSection":["COLUNAS","TODAS NOTICIAS"],"inLanguage":"pt-BR","potentialAction":[{"@type":"CommentAction","name":"Comment","target":["https:\/\/cleitonpinheiro.com.br\/site\/opiniao-o-brasil-em-primeiro-lugar\/#respond"]}]},{"@type":"WebPage","@id":"https:\/\/cleitonpinheiro.com.br\/site\/opiniao-o-brasil-em-primeiro-lugar\/","url":"https:\/\/cleitonpinheiro.com.br\/site\/opiniao-o-brasil-em-primeiro-lugar\/","name":"Opini\u00e3o - O Brasil em primeiro lugar - PORTAL DE NOT\u00cdCIAS CLEITON PINHEIRO","isPartOf":{"@id":"https:\/\/cleitonpinheiro.com.br\/site\/#website"},"primaryImageOfPage":{"@id":"https:\/\/cleitonpinheiro.com.br\/site\/opiniao-o-brasil-em-primeiro-lugar\/#primaryimage"},"image":{"@id":"https:\/\/cleitonpinheiro.com.br\/site\/opiniao-o-brasil-em-primeiro-lugar\/#primaryimage"},"thumbnailUrl":"","datePublished":"2021-02-08T16:40:01+00:00","dateModified":"2023-05-05T01:35:04+00:00","breadcrumb":{"@id":"https:\/\/cleitonpinheiro.com.br\/site\/opiniao-o-brasil-em-primeiro-lugar\/#breadcrumb"},"inLanguage":"pt-BR","potentialAction":[{"@type":"ReadAction","target":["https:\/\/cleitonpinheiro.com.br\/site\/opiniao-o-brasil-em-primeiro-lugar\/"]}]},{"@type":"ImageObject","inLanguage":"pt-BR","@id":"https:\/\/cleitonpinheiro.com.br\/site\/opiniao-o-brasil-em-primeiro-lugar\/#primaryimage","url":"","contentUrl":""},{"@type":"BreadcrumbList","@id":"https:\/\/cleitonpinheiro.com.br\/site\/opiniao-o-brasil-em-primeiro-lugar\/#breadcrumb","itemListElement":[{"@type":"ListItem","position":1,"name":"In\u00edcio","item":"https:\/\/cleitonpinheiro.com.br\/site\/"},{"@type":"ListItem","position":2,"name":"Opini\u00e3o &#8211; O Brasil em primeiro lugar"}]},{"@type":"WebSite","@id":"https:\/\/cleitonpinheiro.com.br\/site\/#website","url":"https:\/\/cleitonpinheiro.com.br\/site\/","name":"PORTAL DE NOT\u00cdCIAS CLEITON PINHEIRO","description":"FALANDO A VERDADE","publisher":{"@id":"https:\/\/cleitonpinheiro.com.br\/site\/#organization"},"potentialAction":[{"@type":"SearchAction","target":{"@type":"EntryPoint","urlTemplate":"https:\/\/cleitonpinheiro.com.br\/site\/?s={search_term_string}"},"query-input":{"@type":"PropertyValueSpecification","valueRequired":true,"valueName":"search_term_string"}}],"inLanguage":"pt-BR"},{"@type":"Organization","@id":"https:\/\/cleitonpinheiro.com.br\/site\/#organization","name":"CPNOT\u00cdCIAS","url":"https:\/\/cleitonpinheiro.com.br\/site\/","logo":{"@type":"ImageObject","inLanguage":"pt-BR","@id":"https:\/\/cleitonpinheiro.com.br\/site\/#\/schema\/logo\/image\/","url":"https:\/\/cleitonpinheiro.com.br\/site\/wp-content\/uploads\/2022\/08\/Logo-pequena-2.png","contentUrl":"https:\/\/cleitonpinheiro.com.br\/site\/wp-content\/uploads\/2022\/08\/Logo-pequena-2.png","width":500,"height":500,"caption":"CPNOT\u00cdCIAS"},"image":{"@id":"https:\/\/cleitonpinheiro.com.br\/site\/#\/schema\/logo\/image\/"},"sameAs":["https:\/\/www.facebook.com\/portalcpnoticias\/"]},{"@type":"Person","@id":"https:\/\/cleitonpinheiro.com.br\/site\/#\/schema\/person\/b7621891c193194dd412fdc1ff9b2b41","name":"RGF Sistemas","image":{"@type":"ImageObject","inLanguage":"pt-BR","@id":"https:\/\/cleitonpinheiro.com.br\/site\/#\/schema\/person\/image\/","url":"https:\/\/secure.gravatar.com\/avatar\/59e110c11e5eecf4636340abed101b4cddb70ca9f64acab0fe8863bcc0a66b2d?s=96&r=g","contentUrl":"https:\/\/secure.gravatar.com\/avatar\/59e110c11e5eecf4636340abed101b4cddb70ca9f64acab0fe8863bcc0a66b2d?s=96&r=g","caption":"RGF Sistemas"},"url":"https:\/\/cleitonpinheiro.com.br\/site\/author\/rgfsite\/"}]}},"views":219,"_links":{"self":[{"href":"https:\/\/cleitonpinheiro.com.br\/site\/wp-json\/wp\/v2\/posts\/43115","targetHints":{"allow":["GET"]}}],"collection":[{"href":"https:\/\/cleitonpinheiro.com.br\/site\/wp-json\/wp\/v2\/posts"}],"about":[{"href":"https:\/\/cleitonpinheiro.com.br\/site\/wp-json\/wp\/v2\/types\/post"}],"author":[{"embeddable":true,"href":"https:\/\/cleitonpinheiro.com.br\/site\/wp-json\/wp\/v2\/users\/9"}],"replies":[{"embeddable":true,"href":"https:\/\/cleitonpinheiro.com.br\/site\/wp-json\/wp\/v2\/comments?post=43115"}],"version-history":[{"count":1,"href":"https:\/\/cleitonpinheiro.com.br\/site\/wp-json\/wp\/v2\/posts\/43115\/revisions"}],"predecessor-version":[{"id":59746,"href":"https:\/\/cleitonpinheiro.com.br\/site\/wp-json\/wp\/v2\/posts\/43115\/revisions\/59746"}],"wp:featuredmedia":[{"embeddable":true,"href":"https:\/\/cleitonpinheiro.com.br\/site\/wp-json\/"}],"wp:attachment":[{"href":"https:\/\/cleitonpinheiro.com.br\/site\/wp-json\/wp\/v2\/media?parent=43115"}],"wp:term":[{"taxonomy":"category","embeddable":true,"href":"https:\/\/cleitonpinheiro.com.br\/site\/wp-json\/wp\/v2\/categories?post=43115"},{"taxonomy":"post_tag","embeddable":true,"href":"https:\/\/cleitonpinheiro.com.br\/site\/wp-json\/wp\/v2\/tags?post=43115"}],"curies":[{"name":"wp","href":"https:\/\/api.w.org\/{rel}","templated":true}]}}