{"id":43118,"date":"2021-02-08T13:50:15","date_gmt":"2021-02-08T16:50:15","guid":{"rendered":"https:\/\/cleitonpinheiro.com.br\/portal\/?p=43118"},"modified":"2021-02-08T13:50:15","modified_gmt":"2021-02-08T16:50:15","slug":"mercado-financeiro-aumenta-projecao-da-inflacao-para-360","status":"publish","type":"post","link":"https:\/\/cleitonpinheiro.com.br\/site\/mercado-financeiro-aumenta-projecao-da-inflacao-para-360\/","title":{"rendered":"Mercado financeiro aumenta proje\u00e7\u00e3o da infla\u00e7\u00e3o para 3,60%"},"content":{"rendered":"\n<figure class=\"wp-block-image size-large\"><img decoding=\"async\" src=\"https:\/\/cleitonpinheiro.com.br\/portal\/wp-content\/uploads\/2021\/02\/banco_central_economia_0413202012-compressed-1024x613.jpg\" alt=\"\" class=\"wp-image-43119\"\/><figcaption>Previs\u00e3o para a cota\u00e7\u00e3o do d\u00f3lar permanece em R$ 5,01 ao fim deste ano. Cr\u00e9dito: Marcello Casal Jr\/Ag\u1ebdncia Brasil<\/figcaption><\/figure>\n\n\n<p><strong><em>Por Andreia Verd\u00e9lio \u2013 Rep\u00f3rter da Ag\u00eancia Brasil<\/em><\/strong><\/p>\n\n\n<p>A previs\u00e3o do mercado financeiro para o \u00cdndice Nacional de Pre\u00e7os ao Consumidor Amplo (IPCA &#8211; a infla\u00e7\u00e3o oficial do pa\u00eds) deste ano subiu de 3,53% para 3,60%. A estimativa est\u00e1 no boletim Focus de hoje (8), pesquisa divulgada semanalmente, em Bras\u00edlia, pelo Banco Central (BC), com a proje\u00e7\u00e3o para os principais indicadores econ\u00f4micos.<\/p>\n\n\n<p>Para 2022, a estimativa de infla\u00e7\u00e3o \u00e9 de 3,49%. Tanto para 2023 como para 2024 as previs\u00f5es s\u00e3o de 3,25%.<\/p>\n\n\n<p>O c\u00e1lculo para 2021 est\u00e1 abaixo da meta de infla\u00e7\u00e3o que deve ser perseguida pelo BC. A meta, definida pelo Conselho Monet\u00e1rio Nacional, \u00e9 de 3,75% para este ano, com intervalo de toler\u00e2ncia de 1,5 ponto percentual para cima ou para baixo. Ou seja, o limite inferior \u00e9 2,25% e o superior, 5,25%.<\/p>\n\n\n<p><strong>Taxa de juros<br \/><\/strong>Para alcan\u00e7ar a meta de infla\u00e7\u00e3o, o Banco Central usa como principal instrumento a taxa b\u00e1sica de juros, a Selic, estabelecida atualmente em 2% ao ano pelo Comit\u00ea de Pol\u00edtica Monet\u00e1ria (Copom).<\/p>\n\n\n<p>Para o mercado financeiro, a expectativa \u00e9 que a Selic encerre 2021 em 3,50% ao ano. Para o fim de 2022, a estimativa \u00e9 que a taxa b\u00e1sica fique nesse mesmo patamar. E para o fim de 2023 e 2024, a previs\u00e3o \u00e9 6% ao ano.<\/p>\n\n\n<p>Quando o Copom aumenta a taxa b\u00e1sica de juros, a finalidade \u00e9 conter a demanda aquecida, e isso causa reflexos nos pre\u00e7os porque os juros mais altos encarecem o cr\u00e9dito e estimulam a poupan\u00e7a. Entretanto, os bancos consideram outros fatores na hora de definir os juros cobrados dos consumidores, como risco de inadimpl\u00eancia, lucro e despesas administrativas.<\/p>\n\n\n<p>Quando o Copom reduz a Selic, a tend\u00eancia \u00e9 que o cr\u00e9dito fique mais barato, com incentivo \u00e0 produ\u00e7\u00e3o e ao consumo, reduzindo o controle da infla\u00e7\u00e3o e estimulando a atividade econ\u00f4mica.<\/p>\n\n\n<p><strong>PIB e c\u00e2mbio<br \/><\/strong>As institui\u00e7\u00f5es financeiras consultadas pelo BC reduziram a proje\u00e7\u00e3o para o crescimento da economia brasileira este ano de 3,50% para 3,47%. Para o pr\u00f3ximo ano, a expectativa para Produto Interno Bruto (PIB) &#8211; a soma de todos os bens e servi\u00e7os produzidos no pa\u00eds &#8211; \u00e9 de crescimento de 2,50%, a mesma previs\u00e3o h\u00e1 146 semanas consecutivas. Em 2023 e 2024, o mercado financeiro tamb\u00e9m continua projetando expans\u00e3o do PIB em 2,50%.<\/p>\n\n\n<p>A expectativa para a cota\u00e7\u00e3o do d\u00f3lar permanece em R$ 5,01, ao final deste ano. Para o fim de 2022, a previs\u00e3o \u00e9 que a moeda americana fique em R$ 5.<\/p>\n","protected":false},"excerpt":{"rendered":"<p>Por Andreia Verd\u00e9lio \u2013 Rep\u00f3rter da Ag\u00eancia Brasil A previs\u00e3o do mercado financeiro para o \u00cdndice Nacional de Pre\u00e7os ao Consumidor Amplo (IPCA &#8211; a infla\u00e7\u00e3o oficial do pa\u00eds) deste ano subiu de 3,53% para 3,60%. A estimativa est\u00e1 no boletim Focus de hoje (8), pesquisa divulgada semanalmente, em Bras\u00edlia, pelo Banco Central (BC), com [&hellip;]<\/p>\n","protected":false},"author":4,"featured_media":43119,"comment_status":"open","ping_status":"open","sticky":false,"template":"","format":"standard","meta":{"_acf_changed":false,"footnotes":""},"categories":[19,24,20],"tags":[],"class_list":["post-43118","post","type-post","status-publish","format-standard","has-post-thumbnail","hentry","category-brasil-mundo","category-colunas","category-noticias-em-destaque"],"acf":[],"yoast_head":"<!-- This site is optimized with the Yoast SEO plugin v24.4 - https:\/\/yoast.com\/wordpress\/plugins\/seo\/ -->\n<title>Mercado financeiro aumenta proje\u00e7\u00e3o da infla\u00e7\u00e3o para 3,60% - PORTAL DE NOT\u00cdCIAS CLEITON PINHEIRO<\/title>\n<meta name=\"robots\" content=\"index, follow, max-snippet:-1, max-image-preview:large, max-video-preview:-1\" \/>\n<link rel=\"canonical\" href=\"https:\/\/cleitonpinheiro.com.br\/site\/mercado-financeiro-aumenta-projecao-da-inflacao-para-360\/\" \/>\n<meta property=\"og:locale\" content=\"pt_BR\" \/>\n<meta property=\"og:type\" content=\"article\" \/>\n<meta property=\"og:title\" content=\"Mercado financeiro aumenta proje\u00e7\u00e3o da infla\u00e7\u00e3o para 3,60% - PORTAL DE NOT\u00cdCIAS CLEITON PINHEIRO\" \/>\n<meta property=\"og:description\" content=\"Por Andreia Verd\u00e9lio \u2013 Rep\u00f3rter da Ag\u00eancia Brasil A previs\u00e3o do mercado financeiro para o \u00cdndice Nacional de Pre\u00e7os ao Consumidor Amplo (IPCA &#8211; a infla\u00e7\u00e3o oficial do pa\u00eds) deste ano subiu de 3,53% para 3,60%. A estimativa est\u00e1 no boletim Focus de hoje (8), pesquisa divulgada semanalmente, em Bras\u00edlia, pelo Banco Central (BC), com [&hellip;]\" \/>\n<meta property=\"og:url\" content=\"https:\/\/cleitonpinheiro.com.br\/site\/mercado-financeiro-aumenta-projecao-da-inflacao-para-360\/\" \/>\n<meta property=\"og:site_name\" content=\"PORTAL DE NOT\u00cdCIAS CLEITON PINHEIRO\" \/>\n<meta property=\"article:publisher\" content=\"https:\/\/www.facebook.com\/portalcpnoticias\/\" \/>\n<meta property=\"article:published_time\" content=\"2021-02-08T16:50:15+00:00\" \/>\n<meta name=\"author\" content=\"Dermival Pereira\" \/>\n<meta name=\"twitter:card\" content=\"summary_large_image\" \/>\n<meta name=\"twitter:label1\" content=\"Escrito por\" \/>\n\t<meta name=\"twitter:data1\" content=\"Dermival Pereira\" \/>\n\t<meta name=\"twitter:label2\" content=\"Est. tempo de leitura\" \/>\n\t<meta name=\"twitter:data2\" content=\"2 minutos\" \/>\n<script type=\"application\/ld+json\" class=\"yoast-schema-graph\">{\"@context\":\"https:\/\/schema.org\",\"@graph\":[{\"@type\":\"Article\",\"@id\":\"https:\/\/cleitonpinheiro.com.br\/site\/mercado-financeiro-aumenta-projecao-da-inflacao-para-360\/#article\",\"isPartOf\":{\"@id\":\"https:\/\/cleitonpinheiro.com.br\/site\/mercado-financeiro-aumenta-projecao-da-inflacao-para-360\/\"},\"author\":{\"name\":\"Dermival Pereira\",\"@id\":\"https:\/\/cleitonpinheiro.com.br\/site\/#\/schema\/person\/aac6d7f311e80c43042e98a900b03cd8\"},\"headline\":\"Mercado financeiro aumenta proje\u00e7\u00e3o da infla\u00e7\u00e3o para 3,60%\",\"datePublished\":\"2021-02-08T16:50:15+00:00\",\"mainEntityOfPage\":{\"@id\":\"https:\/\/cleitonpinheiro.com.br\/site\/mercado-financeiro-aumenta-projecao-da-inflacao-para-360\/\"},\"wordCount\":448,\"commentCount\":0,\"publisher\":{\"@id\":\"https:\/\/cleitonpinheiro.com.br\/site\/#organization\"},\"image\":{\"@id\":\"https:\/\/cleitonpinheiro.com.br\/site\/mercado-financeiro-aumenta-projecao-da-inflacao-para-360\/#primaryimage\"},\"thumbnailUrl\":\"\",\"articleSection\":[\"BRASIL \/ MUNDO\",\"COLUNAS\",\"NOT\u00cdCIAS EM DESTAQUE\"],\"inLanguage\":\"pt-BR\",\"potentialAction\":[{\"@type\":\"CommentAction\",\"name\":\"Comment\",\"target\":[\"https:\/\/cleitonpinheiro.com.br\/site\/mercado-financeiro-aumenta-projecao-da-inflacao-para-360\/#respond\"]}]},{\"@type\":\"WebPage\",\"@id\":\"https:\/\/cleitonpinheiro.com.br\/site\/mercado-financeiro-aumenta-projecao-da-inflacao-para-360\/\",\"url\":\"https:\/\/cleitonpinheiro.com.br\/site\/mercado-financeiro-aumenta-projecao-da-inflacao-para-360\/\",\"name\":\"Mercado financeiro aumenta proje\u00e7\u00e3o da infla\u00e7\u00e3o para 3,60% - PORTAL DE NOT\u00cdCIAS CLEITON PINHEIRO\",\"isPartOf\":{\"@id\":\"https:\/\/cleitonpinheiro.com.br\/site\/#website\"},\"primaryImageOfPage\":{\"@id\":\"https:\/\/cleitonpinheiro.com.br\/site\/mercado-financeiro-aumenta-projecao-da-inflacao-para-360\/#primaryimage\"},\"image\":{\"@id\":\"https:\/\/cleitonpinheiro.com.br\/site\/mercado-financeiro-aumenta-projecao-da-inflacao-para-360\/#primaryimage\"},\"thumbnailUrl\":\"\",\"datePublished\":\"2021-02-08T16:50:15+00:00\",\"breadcrumb\":{\"@id\":\"https:\/\/cleitonpinheiro.com.br\/site\/mercado-financeiro-aumenta-projecao-da-inflacao-para-360\/#breadcrumb\"},\"inLanguage\":\"pt-BR\",\"potentialAction\":[{\"@type\":\"ReadAction\",\"target\":[\"https:\/\/cleitonpinheiro.com.br\/site\/mercado-financeiro-aumenta-projecao-da-inflacao-para-360\/\"]}]},{\"@type\":\"ImageObject\",\"inLanguage\":\"pt-BR\",\"@id\":\"https:\/\/cleitonpinheiro.com.br\/site\/mercado-financeiro-aumenta-projecao-da-inflacao-para-360\/#primaryimage\",\"url\":\"\",\"contentUrl\":\"\"},{\"@type\":\"BreadcrumbList\",\"@id\":\"https:\/\/cleitonpinheiro.com.br\/site\/mercado-financeiro-aumenta-projecao-da-inflacao-para-360\/#breadcrumb\",\"itemListElement\":[{\"@type\":\"ListItem\",\"position\":1,\"name\":\"In\u00edcio\",\"item\":\"https:\/\/cleitonpinheiro.com.br\/site\/\"},{\"@type\":\"ListItem\",\"position\":2,\"name\":\"Mercado financeiro aumenta proje\u00e7\u00e3o da infla\u00e7\u00e3o para 3,60%\"}]},{\"@type\":\"WebSite\",\"@id\":\"https:\/\/cleitonpinheiro.com.br\/site\/#website\",\"url\":\"https:\/\/cleitonpinheiro.com.br\/site\/\",\"name\":\"PORTAL DE NOT\u00cdCIAS CLEITON PINHEIRO\",\"description\":\"FALANDO A VERDADE\",\"publisher\":{\"@id\":\"https:\/\/cleitonpinheiro.com.br\/site\/#organization\"},\"potentialAction\":[{\"@type\":\"SearchAction\",\"target\":{\"@type\":\"EntryPoint\",\"urlTemplate\":\"https:\/\/cleitonpinheiro.com.br\/site\/?s={search_term_string}\"},\"query-input\":{\"@type\":\"PropertyValueSpecification\",\"valueRequired\":true,\"valueName\":\"search_term_string\"}}],\"inLanguage\":\"pt-BR\"},{\"@type\":\"Organization\",\"@id\":\"https:\/\/cleitonpinheiro.com.br\/site\/#organization\",\"name\":\"CPNOT\u00cdCIAS\",\"url\":\"https:\/\/cleitonpinheiro.com.br\/site\/\",\"logo\":{\"@type\":\"ImageObject\",\"inLanguage\":\"pt-BR\",\"@id\":\"https:\/\/cleitonpinheiro.com.br\/site\/#\/schema\/logo\/image\/\",\"url\":\"https:\/\/cleitonpinheiro.com.br\/site\/wp-content\/uploads\/2022\/08\/Logo-pequena-2.png\",\"contentUrl\":\"https:\/\/cleitonpinheiro.com.br\/site\/wp-content\/uploads\/2022\/08\/Logo-pequena-2.png\",\"width\":500,\"height\":500,\"caption\":\"CPNOT\u00cdCIAS\"},\"image\":{\"@id\":\"https:\/\/cleitonpinheiro.com.br\/site\/#\/schema\/logo\/image\/\"},\"sameAs\":[\"https:\/\/www.facebook.com\/portalcpnoticias\/\"]},{\"@type\":\"Person\",\"@id\":\"https:\/\/cleitonpinheiro.com.br\/site\/#\/schema\/person\/aac6d7f311e80c43042e98a900b03cd8\",\"name\":\"Dermival Pereira\",\"image\":{\"@type\":\"ImageObject\",\"inLanguage\":\"pt-BR\",\"@id\":\"https:\/\/cleitonpinheiro.com.br\/site\/#\/schema\/person\/image\/\",\"url\":\"https:\/\/secure.gravatar.com\/avatar\/cfaebf3742d6bf8db728bcba3eed6bee37b02337a2e6c822994f20ca72a3784d?s=96&r=g\",\"contentUrl\":\"https:\/\/secure.gravatar.com\/avatar\/cfaebf3742d6bf8db728bcba3eed6bee37b02337a2e6c822994f20ca72a3784d?s=96&r=g\",\"caption\":\"Dermival Pereira\"},\"url\":\"https:\/\/cleitonpinheiro.com.br\/site\/author\/dermival\/\"}]}<\/script>\n<!-- \/ Yoast SEO plugin. -->","yoast_head_json":{"title":"Mercado financeiro aumenta proje\u00e7\u00e3o da infla\u00e7\u00e3o para 3,60% - PORTAL DE NOT\u00cdCIAS CLEITON PINHEIRO","robots":{"index":"index","follow":"follow","max-snippet":"max-snippet:-1","max-image-preview":"max-image-preview:large","max-video-preview":"max-video-preview:-1"},"canonical":"https:\/\/cleitonpinheiro.com.br\/site\/mercado-financeiro-aumenta-projecao-da-inflacao-para-360\/","og_locale":"pt_BR","og_type":"article","og_title":"Mercado financeiro aumenta proje\u00e7\u00e3o da infla\u00e7\u00e3o para 3,60% - PORTAL DE NOT\u00cdCIAS CLEITON PINHEIRO","og_description":"Por Andreia Verd\u00e9lio \u2013 Rep\u00f3rter da Ag\u00eancia Brasil A previs\u00e3o do mercado financeiro para o \u00cdndice Nacional de Pre\u00e7os ao Consumidor Amplo (IPCA &#8211; a infla\u00e7\u00e3o oficial do pa\u00eds) deste ano subiu de 3,53% para 3,60%. A estimativa est\u00e1 no boletim Focus de hoje (8), pesquisa divulgada semanalmente, em Bras\u00edlia, pelo Banco Central (BC), com [&hellip;]","og_url":"https:\/\/cleitonpinheiro.com.br\/site\/mercado-financeiro-aumenta-projecao-da-inflacao-para-360\/","og_site_name":"PORTAL DE NOT\u00cdCIAS CLEITON PINHEIRO","article_publisher":"https:\/\/www.facebook.com\/portalcpnoticias\/","article_published_time":"2021-02-08T16:50:15+00:00","author":"Dermival Pereira","twitter_card":"summary_large_image","twitter_misc":{"Escrito por":"Dermival Pereira","Est. tempo de leitura":"2 minutos"},"schema":{"@context":"https:\/\/schema.org","@graph":[{"@type":"Article","@id":"https:\/\/cleitonpinheiro.com.br\/site\/mercado-financeiro-aumenta-projecao-da-inflacao-para-360\/#article","isPartOf":{"@id":"https:\/\/cleitonpinheiro.com.br\/site\/mercado-financeiro-aumenta-projecao-da-inflacao-para-360\/"},"author":{"name":"Dermival Pereira","@id":"https:\/\/cleitonpinheiro.com.br\/site\/#\/schema\/person\/aac6d7f311e80c43042e98a900b03cd8"},"headline":"Mercado financeiro aumenta proje\u00e7\u00e3o da infla\u00e7\u00e3o para 3,60%","datePublished":"2021-02-08T16:50:15+00:00","mainEntityOfPage":{"@id":"https:\/\/cleitonpinheiro.com.br\/site\/mercado-financeiro-aumenta-projecao-da-inflacao-para-360\/"},"wordCount":448,"commentCount":0,"publisher":{"@id":"https:\/\/cleitonpinheiro.com.br\/site\/#organization"},"image":{"@id":"https:\/\/cleitonpinheiro.com.br\/site\/mercado-financeiro-aumenta-projecao-da-inflacao-para-360\/#primaryimage"},"thumbnailUrl":"","articleSection":["BRASIL \/ MUNDO","COLUNAS","NOT\u00cdCIAS EM DESTAQUE"],"inLanguage":"pt-BR","potentialAction":[{"@type":"CommentAction","name":"Comment","target":["https:\/\/cleitonpinheiro.com.br\/site\/mercado-financeiro-aumenta-projecao-da-inflacao-para-360\/#respond"]}]},{"@type":"WebPage","@id":"https:\/\/cleitonpinheiro.com.br\/site\/mercado-financeiro-aumenta-projecao-da-inflacao-para-360\/","url":"https:\/\/cleitonpinheiro.com.br\/site\/mercado-financeiro-aumenta-projecao-da-inflacao-para-360\/","name":"Mercado financeiro aumenta proje\u00e7\u00e3o da infla\u00e7\u00e3o para 3,60% - PORTAL DE NOT\u00cdCIAS CLEITON PINHEIRO","isPartOf":{"@id":"https:\/\/cleitonpinheiro.com.br\/site\/#website"},"primaryImageOfPage":{"@id":"https:\/\/cleitonpinheiro.com.br\/site\/mercado-financeiro-aumenta-projecao-da-inflacao-para-360\/#primaryimage"},"image":{"@id":"https:\/\/cleitonpinheiro.com.br\/site\/mercado-financeiro-aumenta-projecao-da-inflacao-para-360\/#primaryimage"},"thumbnailUrl":"","datePublished":"2021-02-08T16:50:15+00:00","breadcrumb":{"@id":"https:\/\/cleitonpinheiro.com.br\/site\/mercado-financeiro-aumenta-projecao-da-inflacao-para-360\/#breadcrumb"},"inLanguage":"pt-BR","potentialAction":[{"@type":"ReadAction","target":["https:\/\/cleitonpinheiro.com.br\/site\/mercado-financeiro-aumenta-projecao-da-inflacao-para-360\/"]}]},{"@type":"ImageObject","inLanguage":"pt-BR","@id":"https:\/\/cleitonpinheiro.com.br\/site\/mercado-financeiro-aumenta-projecao-da-inflacao-para-360\/#primaryimage","url":"","contentUrl":""},{"@type":"BreadcrumbList","@id":"https:\/\/cleitonpinheiro.com.br\/site\/mercado-financeiro-aumenta-projecao-da-inflacao-para-360\/#breadcrumb","itemListElement":[{"@type":"ListItem","position":1,"name":"In\u00edcio","item":"https:\/\/cleitonpinheiro.com.br\/site\/"},{"@type":"ListItem","position":2,"name":"Mercado financeiro aumenta proje\u00e7\u00e3o da infla\u00e7\u00e3o para 3,60%"}]},{"@type":"WebSite","@id":"https:\/\/cleitonpinheiro.com.br\/site\/#website","url":"https:\/\/cleitonpinheiro.com.br\/site\/","name":"PORTAL DE NOT\u00cdCIAS CLEITON PINHEIRO","description":"FALANDO A VERDADE","publisher":{"@id":"https:\/\/cleitonpinheiro.com.br\/site\/#organization"},"potentialAction":[{"@type":"SearchAction","target":{"@type":"EntryPoint","urlTemplate":"https:\/\/cleitonpinheiro.com.br\/site\/?s={search_term_string}"},"query-input":{"@type":"PropertyValueSpecification","valueRequired":true,"valueName":"search_term_string"}}],"inLanguage":"pt-BR"},{"@type":"Organization","@id":"https:\/\/cleitonpinheiro.com.br\/site\/#organization","name":"CPNOT\u00cdCIAS","url":"https:\/\/cleitonpinheiro.com.br\/site\/","logo":{"@type":"ImageObject","inLanguage":"pt-BR","@id":"https:\/\/cleitonpinheiro.com.br\/site\/#\/schema\/logo\/image\/","url":"https:\/\/cleitonpinheiro.com.br\/site\/wp-content\/uploads\/2022\/08\/Logo-pequena-2.png","contentUrl":"https:\/\/cleitonpinheiro.com.br\/site\/wp-content\/uploads\/2022\/08\/Logo-pequena-2.png","width":500,"height":500,"caption":"CPNOT\u00cdCIAS"},"image":{"@id":"https:\/\/cleitonpinheiro.com.br\/site\/#\/schema\/logo\/image\/"},"sameAs":["https:\/\/www.facebook.com\/portalcpnoticias\/"]},{"@type":"Person","@id":"https:\/\/cleitonpinheiro.com.br\/site\/#\/schema\/person\/aac6d7f311e80c43042e98a900b03cd8","name":"Dermival Pereira","image":{"@type":"ImageObject","inLanguage":"pt-BR","@id":"https:\/\/cleitonpinheiro.com.br\/site\/#\/schema\/person\/image\/","url":"https:\/\/secure.gravatar.com\/avatar\/cfaebf3742d6bf8db728bcba3eed6bee37b02337a2e6c822994f20ca72a3784d?s=96&r=g","contentUrl":"https:\/\/secure.gravatar.com\/avatar\/cfaebf3742d6bf8db728bcba3eed6bee37b02337a2e6c822994f20ca72a3784d?s=96&r=g","caption":"Dermival Pereira"},"url":"https:\/\/cleitonpinheiro.com.br\/site\/author\/dermival\/"}]}},"views":156,"_links":{"self":[{"href":"https:\/\/cleitonpinheiro.com.br\/site\/wp-json\/wp\/v2\/posts\/43118","targetHints":{"allow":["GET"]}}],"collection":[{"href":"https:\/\/cleitonpinheiro.com.br\/site\/wp-json\/wp\/v2\/posts"}],"about":[{"href":"https:\/\/cleitonpinheiro.com.br\/site\/wp-json\/wp\/v2\/types\/post"}],"author":[{"embeddable":true,"href":"https:\/\/cleitonpinheiro.com.br\/site\/wp-json\/wp\/v2\/users\/4"}],"replies":[{"embeddable":true,"href":"https:\/\/cleitonpinheiro.com.br\/site\/wp-json\/wp\/v2\/comments?post=43118"}],"version-history":[{"count":0,"href":"https:\/\/cleitonpinheiro.com.br\/site\/wp-json\/wp\/v2\/posts\/43118\/revisions"}],"wp:featuredmedia":[{"embeddable":true,"href":"https:\/\/cleitonpinheiro.com.br\/site\/wp-json\/"}],"wp:attachment":[{"href":"https:\/\/cleitonpinheiro.com.br\/site\/wp-json\/wp\/v2\/media?parent=43118"}],"wp:term":[{"taxonomy":"category","embeddable":true,"href":"https:\/\/cleitonpinheiro.com.br\/site\/wp-json\/wp\/v2\/categories?post=43118"},{"taxonomy":"post_tag","embeddable":true,"href":"https:\/\/cleitonpinheiro.com.br\/site\/wp-json\/wp\/v2\/tags?post=43118"}],"curies":[{"name":"wp","href":"https:\/\/api.w.org\/{rel}","templated":true}]}}