{"id":5590,"date":"2018-12-12T12:12:10","date_gmt":"2018-12-12T14:12:10","guid":{"rendered":"http:\/\/cleitonpinheiro.com.br\/portal\/?p=5590"},"modified":"2022-08-12T15:01:23","modified_gmt":"2022-08-12T18:01:23","slug":"policia-civil-conclui-investigacao-e-indicia-suspeito-de-homicidio-em-pedro-afonso","status":"publish","type":"post","link":"https:\/\/cleitonpinheiro.com.br\/site\/policia-civil-conclui-investigacao-e-indicia-suspeito-de-homicidio-em-pedro-afonso\/","title":{"rendered":"Pol\u00edcia Civil conclui investiga\u00e7\u00e3o e indicia suspeito de homic\u00eddio em Pedro Afonso"},"content":{"rendered":"\n<figure class=\"wp-block-image\"><img decoding=\"async\" src=\"http:\/\/cleitonpinheiro.com.br\/portal\/wp-content\/uploads\/2018\/12\/Adelmar-Ribeiro_governo-do-TO.jpg\" alt=\"\" class=\"wp-image-5591\"\/><figcaption>Adelmar Ribeiro\/governo do TO<\/figcaption><\/figure>\n\n\n<p>A Pol\u00edcia Civil do Tocantins, por interm\u00e9dio da Delegacia de Pedro Afonso, concluiu, nessa ter\u00e7a-feira, 11, o inqu\u00e9rito que apurava um crime ocorrido em abril de 2016. Conforme o delegado Bernardo Jos\u00e9 Rocha Pinto, as investiga\u00e7\u00f5es da Pol\u00edcia Civil apontaram que o assassinato foi praticado pelo suspeito conhecido como Chibiu.<\/p>\n\n\n<p>Ainda segundo o delegado, o homic\u00eddio teria sido motivado por uma briga entre a v\u00edtima e o suspeito, em um bar que funcionava no Setor Aeroporto II, na cidade de Pedro Afonso. Nos depoimentos colhidos, ficou demonstrado que, ap\u00f3s a briga, o suspeito e mais tr\u00eas comparsas cometeram o crime. O sucesso nas investiga\u00e7\u00f5es deu-se, em especial, pelo comprometimento do agente de pol\u00edcia Domingos Gomes dos Santos Neto, que investigou por dois anos o caso.<\/p>\n\n\n<p>Chibiu j\u00e1 se encontra preso preventivamente por outro homic\u00eddio cometido em 2018. O indiciamento do autor, contudo, foi seguido de nova representa\u00e7\u00e3o da autoridade policial pela pris\u00e3o preventiva.<\/p>\n\n\n<p>De acordo com o delegado Bernardo, t\u00e3o logo o mandado judicial seja expedido pelo Poder Judici\u00e1rio, ele ser\u00e1 cumprido na Cadeia P\u00fablica onde o suspeito encontra-se recolhido. <em>(Rog\u00e9rio de Oliveira\/Governo do Tocantins)<\/em><\/p>\n","protected":false},"excerpt":{"rendered":"<p>A Pol\u00edcia Civil do Tocantins, por interm\u00e9dio da Delegacia de Pedro Afonso, concluiu, nessa ter\u00e7a-feira, 11, o inqu\u00e9rito que apurava um crime ocorrido em abril de 2016. Conforme o delegado Bernardo Jos\u00e9 Rocha Pinto, as investiga\u00e7\u00f5es da Pol\u00edcia Civil apontaram que o assassinato foi praticado pelo suspeito conhecido como Chibiu. Ainda segundo o delegado, o [&hellip;]<\/p>\n","protected":false},"author":9,"featured_media":5591,"comment_status":"open","ping_status":"open","sticky":false,"template":"","format":"standard","meta":{"_acf_changed":false,"footnotes":""},"categories":[22,21],"tags":[],"class_list":["post-5590","post","type-post","status-publish","format-standard","has-post-thumbnail","hentry","category-cidades","category-todas-noticias"],"acf":[],"yoast_head":"<!-- This site is optimized with the Yoast SEO plugin v24.4 - https:\/\/yoast.com\/wordpress\/plugins\/seo\/ -->\n<title>Pol\u00edcia Civil conclui investiga\u00e7\u00e3o e indicia suspeito de homic\u00eddio em Pedro Afonso - PORTAL DE NOT\u00cdCIAS CLEITON PINHEIRO<\/title>\n<meta name=\"robots\" content=\"index, follow, max-snippet:-1, max-image-preview:large, max-video-preview:-1\" \/>\n<link rel=\"canonical\" href=\"https:\/\/cleitonpinheiro.com.br\/site\/policia-civil-conclui-investigacao-e-indicia-suspeito-de-homicidio-em-pedro-afonso\/\" \/>\n<meta property=\"og:locale\" content=\"pt_BR\" \/>\n<meta property=\"og:type\" content=\"article\" \/>\n<meta property=\"og:title\" content=\"Pol\u00edcia Civil conclui investiga\u00e7\u00e3o e indicia suspeito de homic\u00eddio em Pedro Afonso - PORTAL DE NOT\u00cdCIAS CLEITON PINHEIRO\" \/>\n<meta property=\"og:description\" content=\"A Pol\u00edcia Civil do Tocantins, por interm\u00e9dio da Delegacia de Pedro Afonso, concluiu, nessa ter\u00e7a-feira, 11, o inqu\u00e9rito que apurava um crime ocorrido em abril de 2016. Conforme o delegado Bernardo Jos\u00e9 Rocha Pinto, as investiga\u00e7\u00f5es da Pol\u00edcia Civil apontaram que o assassinato foi praticado pelo suspeito conhecido como Chibiu. Ainda segundo o delegado, o [&hellip;]\" \/>\n<meta property=\"og:url\" content=\"https:\/\/cleitonpinheiro.com.br\/site\/policia-civil-conclui-investigacao-e-indicia-suspeito-de-homicidio-em-pedro-afonso\/\" \/>\n<meta property=\"og:site_name\" content=\"PORTAL DE NOT\u00cdCIAS CLEITON PINHEIRO\" \/>\n<meta property=\"article:publisher\" content=\"https:\/\/www.facebook.com\/portalcpnoticias\/\" \/>\n<meta property=\"article:published_time\" content=\"2018-12-12T14:12:10+00:00\" \/>\n<meta property=\"article:modified_time\" content=\"2022-08-12T18:01:23+00:00\" \/>\n<meta name=\"author\" content=\"RGF Sistemas\" \/>\n<meta name=\"twitter:card\" content=\"summary_large_image\" \/>\n<meta name=\"twitter:label1\" content=\"Escrito por\" \/>\n\t<meta name=\"twitter:data1\" content=\"RGF Sistemas\" \/>\n\t<meta name=\"twitter:label2\" content=\"Est. tempo de leitura\" \/>\n\t<meta name=\"twitter:data2\" content=\"1 minuto\" \/>\n<script type=\"application\/ld+json\" class=\"yoast-schema-graph\">{\"@context\":\"https:\/\/schema.org\",\"@graph\":[{\"@type\":\"Article\",\"@id\":\"https:\/\/cleitonpinheiro.com.br\/site\/policia-civil-conclui-investigacao-e-indicia-suspeito-de-homicidio-em-pedro-afonso\/#article\",\"isPartOf\":{\"@id\":\"https:\/\/cleitonpinheiro.com.br\/site\/policia-civil-conclui-investigacao-e-indicia-suspeito-de-homicidio-em-pedro-afonso\/\"},\"author\":{\"name\":\"RGF Sistemas\",\"@id\":\"https:\/\/cleitonpinheiro.com.br\/site\/#\/schema\/person\/b7621891c193194dd412fdc1ff9b2b41\"},\"headline\":\"Pol\u00edcia Civil conclui investiga\u00e7\u00e3o e indicia suspeito de homic\u00eddio em Pedro Afonso\",\"datePublished\":\"2018-12-12T14:12:10+00:00\",\"dateModified\":\"2022-08-12T18:01:23+00:00\",\"mainEntityOfPage\":{\"@id\":\"https:\/\/cleitonpinheiro.com.br\/site\/policia-civil-conclui-investigacao-e-indicia-suspeito-de-homicidio-em-pedro-afonso\/\"},\"wordCount\":222,\"commentCount\":0,\"publisher\":{\"@id\":\"https:\/\/cleitonpinheiro.com.br\/site\/#organization\"},\"image\":{\"@id\":\"https:\/\/cleitonpinheiro.com.br\/site\/policia-civil-conclui-investigacao-e-indicia-suspeito-de-homicidio-em-pedro-afonso\/#primaryimage\"},\"thumbnailUrl\":\"\",\"articleSection\":[\"CIDADES\",\"TODAS NOTICIAS\"],\"inLanguage\":\"pt-BR\",\"potentialAction\":[{\"@type\":\"CommentAction\",\"name\":\"Comment\",\"target\":[\"https:\/\/cleitonpinheiro.com.br\/site\/policia-civil-conclui-investigacao-e-indicia-suspeito-de-homicidio-em-pedro-afonso\/#respond\"]}]},{\"@type\":\"WebPage\",\"@id\":\"https:\/\/cleitonpinheiro.com.br\/site\/policia-civil-conclui-investigacao-e-indicia-suspeito-de-homicidio-em-pedro-afonso\/\",\"url\":\"https:\/\/cleitonpinheiro.com.br\/site\/policia-civil-conclui-investigacao-e-indicia-suspeito-de-homicidio-em-pedro-afonso\/\",\"name\":\"Pol\u00edcia Civil conclui investiga\u00e7\u00e3o e indicia suspeito de homic\u00eddio em Pedro Afonso - PORTAL DE NOT\u00cdCIAS CLEITON PINHEIRO\",\"isPartOf\":{\"@id\":\"https:\/\/cleitonpinheiro.com.br\/site\/#website\"},\"primaryImageOfPage\":{\"@id\":\"https:\/\/cleitonpinheiro.com.br\/site\/policia-civil-conclui-investigacao-e-indicia-suspeito-de-homicidio-em-pedro-afonso\/#primaryimage\"},\"image\":{\"@id\":\"https:\/\/cleitonpinheiro.com.br\/site\/policia-civil-conclui-investigacao-e-indicia-suspeito-de-homicidio-em-pedro-afonso\/#primaryimage\"},\"thumbnailUrl\":\"\",\"datePublished\":\"2018-12-12T14:12:10+00:00\",\"dateModified\":\"2022-08-12T18:01:23+00:00\",\"breadcrumb\":{\"@id\":\"https:\/\/cleitonpinheiro.com.br\/site\/policia-civil-conclui-investigacao-e-indicia-suspeito-de-homicidio-em-pedro-afonso\/#breadcrumb\"},\"inLanguage\":\"pt-BR\",\"potentialAction\":[{\"@type\":\"ReadAction\",\"target\":[\"https:\/\/cleitonpinheiro.com.br\/site\/policia-civil-conclui-investigacao-e-indicia-suspeito-de-homicidio-em-pedro-afonso\/\"]}]},{\"@type\":\"ImageObject\",\"inLanguage\":\"pt-BR\",\"@id\":\"https:\/\/cleitonpinheiro.com.br\/site\/policia-civil-conclui-investigacao-e-indicia-suspeito-de-homicidio-em-pedro-afonso\/#primaryimage\",\"url\":\"\",\"contentUrl\":\"\"},{\"@type\":\"BreadcrumbList\",\"@id\":\"https:\/\/cleitonpinheiro.com.br\/site\/policia-civil-conclui-investigacao-e-indicia-suspeito-de-homicidio-em-pedro-afonso\/#breadcrumb\",\"itemListElement\":[{\"@type\":\"ListItem\",\"position\":1,\"name\":\"In\u00edcio\",\"item\":\"https:\/\/cleitonpinheiro.com.br\/site\/\"},{\"@type\":\"ListItem\",\"position\":2,\"name\":\"Pol\u00edcia Civil conclui investiga\u00e7\u00e3o e indicia suspeito de homic\u00eddio em Pedro Afonso\"}]},{\"@type\":\"WebSite\",\"@id\":\"https:\/\/cleitonpinheiro.com.br\/site\/#website\",\"url\":\"https:\/\/cleitonpinheiro.com.br\/site\/\",\"name\":\"PORTAL DE NOT\u00cdCIAS CLEITON PINHEIRO\",\"description\":\"FALANDO A VERDADE\",\"publisher\":{\"@id\":\"https:\/\/cleitonpinheiro.com.br\/site\/#organization\"},\"potentialAction\":[{\"@type\":\"SearchAction\",\"target\":{\"@type\":\"EntryPoint\",\"urlTemplate\":\"https:\/\/cleitonpinheiro.com.br\/site\/?s={search_term_string}\"},\"query-input\":{\"@type\":\"PropertyValueSpecification\",\"valueRequired\":true,\"valueName\":\"search_term_string\"}}],\"inLanguage\":\"pt-BR\"},{\"@type\":\"Organization\",\"@id\":\"https:\/\/cleitonpinheiro.com.br\/site\/#organization\",\"name\":\"CPNOT\u00cdCIAS\",\"url\":\"https:\/\/cleitonpinheiro.com.br\/site\/\",\"logo\":{\"@type\":\"ImageObject\",\"inLanguage\":\"pt-BR\",\"@id\":\"https:\/\/cleitonpinheiro.com.br\/site\/#\/schema\/logo\/image\/\",\"url\":\"https:\/\/cleitonpinheiro.com.br\/site\/wp-content\/uploads\/2022\/08\/Logo-pequena-2.png\",\"contentUrl\":\"https:\/\/cleitonpinheiro.com.br\/site\/wp-content\/uploads\/2022\/08\/Logo-pequena-2.png\",\"width\":500,\"height\":500,\"caption\":\"CPNOT\u00cdCIAS\"},\"image\":{\"@id\":\"https:\/\/cleitonpinheiro.com.br\/site\/#\/schema\/logo\/image\/\"},\"sameAs\":[\"https:\/\/www.facebook.com\/portalcpnoticias\/\"]},{\"@type\":\"Person\",\"@id\":\"https:\/\/cleitonpinheiro.com.br\/site\/#\/schema\/person\/b7621891c193194dd412fdc1ff9b2b41\",\"name\":\"RGF Sistemas\",\"image\":{\"@type\":\"ImageObject\",\"inLanguage\":\"pt-BR\",\"@id\":\"https:\/\/cleitonpinheiro.com.br\/site\/#\/schema\/person\/image\/\",\"url\":\"https:\/\/secure.gravatar.com\/avatar\/59e110c11e5eecf4636340abed101b4cddb70ca9f64acab0fe8863bcc0a66b2d?s=96&r=g\",\"contentUrl\":\"https:\/\/secure.gravatar.com\/avatar\/59e110c11e5eecf4636340abed101b4cddb70ca9f64acab0fe8863bcc0a66b2d?s=96&r=g\",\"caption\":\"RGF Sistemas\"},\"url\":\"https:\/\/cleitonpinheiro.com.br\/site\/author\/rgfsite\/\"}]}<\/script>\n<!-- \/ Yoast SEO plugin. -->","yoast_head_json":{"title":"Pol\u00edcia Civil conclui investiga\u00e7\u00e3o e indicia suspeito de homic\u00eddio em Pedro Afonso - PORTAL DE NOT\u00cdCIAS CLEITON PINHEIRO","robots":{"index":"index","follow":"follow","max-snippet":"max-snippet:-1","max-image-preview":"max-image-preview:large","max-video-preview":"max-video-preview:-1"},"canonical":"https:\/\/cleitonpinheiro.com.br\/site\/policia-civil-conclui-investigacao-e-indicia-suspeito-de-homicidio-em-pedro-afonso\/","og_locale":"pt_BR","og_type":"article","og_title":"Pol\u00edcia Civil conclui investiga\u00e7\u00e3o e indicia suspeito de homic\u00eddio em Pedro Afonso - PORTAL DE NOT\u00cdCIAS CLEITON PINHEIRO","og_description":"A Pol\u00edcia Civil do Tocantins, por interm\u00e9dio da Delegacia de Pedro Afonso, concluiu, nessa ter\u00e7a-feira, 11, o inqu\u00e9rito que apurava um crime ocorrido em abril de 2016. Conforme o delegado Bernardo Jos\u00e9 Rocha Pinto, as investiga\u00e7\u00f5es da Pol\u00edcia Civil apontaram que o assassinato foi praticado pelo suspeito conhecido como Chibiu. Ainda segundo o delegado, o [&hellip;]","og_url":"https:\/\/cleitonpinheiro.com.br\/site\/policia-civil-conclui-investigacao-e-indicia-suspeito-de-homicidio-em-pedro-afonso\/","og_site_name":"PORTAL DE NOT\u00cdCIAS CLEITON PINHEIRO","article_publisher":"https:\/\/www.facebook.com\/portalcpnoticias\/","article_published_time":"2018-12-12T14:12:10+00:00","article_modified_time":"2022-08-12T18:01:23+00:00","author":"RGF Sistemas","twitter_card":"summary_large_image","twitter_misc":{"Escrito por":"RGF Sistemas","Est. tempo de leitura":"1 minuto"},"schema":{"@context":"https:\/\/schema.org","@graph":[{"@type":"Article","@id":"https:\/\/cleitonpinheiro.com.br\/site\/policia-civil-conclui-investigacao-e-indicia-suspeito-de-homicidio-em-pedro-afonso\/#article","isPartOf":{"@id":"https:\/\/cleitonpinheiro.com.br\/site\/policia-civil-conclui-investigacao-e-indicia-suspeito-de-homicidio-em-pedro-afonso\/"},"author":{"name":"RGF Sistemas","@id":"https:\/\/cleitonpinheiro.com.br\/site\/#\/schema\/person\/b7621891c193194dd412fdc1ff9b2b41"},"headline":"Pol\u00edcia Civil conclui investiga\u00e7\u00e3o e indicia suspeito de homic\u00eddio em Pedro Afonso","datePublished":"2018-12-12T14:12:10+00:00","dateModified":"2022-08-12T18:01:23+00:00","mainEntityOfPage":{"@id":"https:\/\/cleitonpinheiro.com.br\/site\/policia-civil-conclui-investigacao-e-indicia-suspeito-de-homicidio-em-pedro-afonso\/"},"wordCount":222,"commentCount":0,"publisher":{"@id":"https:\/\/cleitonpinheiro.com.br\/site\/#organization"},"image":{"@id":"https:\/\/cleitonpinheiro.com.br\/site\/policia-civil-conclui-investigacao-e-indicia-suspeito-de-homicidio-em-pedro-afonso\/#primaryimage"},"thumbnailUrl":"","articleSection":["CIDADES","TODAS NOTICIAS"],"inLanguage":"pt-BR","potentialAction":[{"@type":"CommentAction","name":"Comment","target":["https:\/\/cleitonpinheiro.com.br\/site\/policia-civil-conclui-investigacao-e-indicia-suspeito-de-homicidio-em-pedro-afonso\/#respond"]}]},{"@type":"WebPage","@id":"https:\/\/cleitonpinheiro.com.br\/site\/policia-civil-conclui-investigacao-e-indicia-suspeito-de-homicidio-em-pedro-afonso\/","url":"https:\/\/cleitonpinheiro.com.br\/site\/policia-civil-conclui-investigacao-e-indicia-suspeito-de-homicidio-em-pedro-afonso\/","name":"Pol\u00edcia Civil conclui investiga\u00e7\u00e3o e indicia suspeito de homic\u00eddio em Pedro Afonso - PORTAL DE NOT\u00cdCIAS CLEITON PINHEIRO","isPartOf":{"@id":"https:\/\/cleitonpinheiro.com.br\/site\/#website"},"primaryImageOfPage":{"@id":"https:\/\/cleitonpinheiro.com.br\/site\/policia-civil-conclui-investigacao-e-indicia-suspeito-de-homicidio-em-pedro-afonso\/#primaryimage"},"image":{"@id":"https:\/\/cleitonpinheiro.com.br\/site\/policia-civil-conclui-investigacao-e-indicia-suspeito-de-homicidio-em-pedro-afonso\/#primaryimage"},"thumbnailUrl":"","datePublished":"2018-12-12T14:12:10+00:00","dateModified":"2022-08-12T18:01:23+00:00","breadcrumb":{"@id":"https:\/\/cleitonpinheiro.com.br\/site\/policia-civil-conclui-investigacao-e-indicia-suspeito-de-homicidio-em-pedro-afonso\/#breadcrumb"},"inLanguage":"pt-BR","potentialAction":[{"@type":"ReadAction","target":["https:\/\/cleitonpinheiro.com.br\/site\/policia-civil-conclui-investigacao-e-indicia-suspeito-de-homicidio-em-pedro-afonso\/"]}]},{"@type":"ImageObject","inLanguage":"pt-BR","@id":"https:\/\/cleitonpinheiro.com.br\/site\/policia-civil-conclui-investigacao-e-indicia-suspeito-de-homicidio-em-pedro-afonso\/#primaryimage","url":"","contentUrl":""},{"@type":"BreadcrumbList","@id":"https:\/\/cleitonpinheiro.com.br\/site\/policia-civil-conclui-investigacao-e-indicia-suspeito-de-homicidio-em-pedro-afonso\/#breadcrumb","itemListElement":[{"@type":"ListItem","position":1,"name":"In\u00edcio","item":"https:\/\/cleitonpinheiro.com.br\/site\/"},{"@type":"ListItem","position":2,"name":"Pol\u00edcia Civil conclui investiga\u00e7\u00e3o e indicia suspeito de homic\u00eddio em Pedro Afonso"}]},{"@type":"WebSite","@id":"https:\/\/cleitonpinheiro.com.br\/site\/#website","url":"https:\/\/cleitonpinheiro.com.br\/site\/","name":"PORTAL DE NOT\u00cdCIAS CLEITON PINHEIRO","description":"FALANDO A VERDADE","publisher":{"@id":"https:\/\/cleitonpinheiro.com.br\/site\/#organization"},"potentialAction":[{"@type":"SearchAction","target":{"@type":"EntryPoint","urlTemplate":"https:\/\/cleitonpinheiro.com.br\/site\/?s={search_term_string}"},"query-input":{"@type":"PropertyValueSpecification","valueRequired":true,"valueName":"search_term_string"}}],"inLanguage":"pt-BR"},{"@type":"Organization","@id":"https:\/\/cleitonpinheiro.com.br\/site\/#organization","name":"CPNOT\u00cdCIAS","url":"https:\/\/cleitonpinheiro.com.br\/site\/","logo":{"@type":"ImageObject","inLanguage":"pt-BR","@id":"https:\/\/cleitonpinheiro.com.br\/site\/#\/schema\/logo\/image\/","url":"https:\/\/cleitonpinheiro.com.br\/site\/wp-content\/uploads\/2022\/08\/Logo-pequena-2.png","contentUrl":"https:\/\/cleitonpinheiro.com.br\/site\/wp-content\/uploads\/2022\/08\/Logo-pequena-2.png","width":500,"height":500,"caption":"CPNOT\u00cdCIAS"},"image":{"@id":"https:\/\/cleitonpinheiro.com.br\/site\/#\/schema\/logo\/image\/"},"sameAs":["https:\/\/www.facebook.com\/portalcpnoticias\/"]},{"@type":"Person","@id":"https:\/\/cleitonpinheiro.com.br\/site\/#\/schema\/person\/b7621891c193194dd412fdc1ff9b2b41","name":"RGF Sistemas","image":{"@type":"ImageObject","inLanguage":"pt-BR","@id":"https:\/\/cleitonpinheiro.com.br\/site\/#\/schema\/person\/image\/","url":"https:\/\/secure.gravatar.com\/avatar\/59e110c11e5eecf4636340abed101b4cddb70ca9f64acab0fe8863bcc0a66b2d?s=96&r=g","contentUrl":"https:\/\/secure.gravatar.com\/avatar\/59e110c11e5eecf4636340abed101b4cddb70ca9f64acab0fe8863bcc0a66b2d?s=96&r=g","caption":"RGF Sistemas"},"url":"https:\/\/cleitonpinheiro.com.br\/site\/author\/rgfsite\/"}]}},"views":316,"_links":{"self":[{"href":"https:\/\/cleitonpinheiro.com.br\/site\/wp-json\/wp\/v2\/posts\/5590","targetHints":{"allow":["GET"]}}],"collection":[{"href":"https:\/\/cleitonpinheiro.com.br\/site\/wp-json\/wp\/v2\/posts"}],"about":[{"href":"https:\/\/cleitonpinheiro.com.br\/site\/wp-json\/wp\/v2\/types\/post"}],"author":[{"embeddable":true,"href":"https:\/\/cleitonpinheiro.com.br\/site\/wp-json\/wp\/v2\/users\/9"}],"replies":[{"embeddable":true,"href":"https:\/\/cleitonpinheiro.com.br\/site\/wp-json\/wp\/v2\/comments?post=5590"}],"version-history":[{"count":1,"href":"https:\/\/cleitonpinheiro.com.br\/site\/wp-json\/wp\/v2\/posts\/5590\/revisions"}],"predecessor-version":[{"id":61799,"href":"https:\/\/cleitonpinheiro.com.br\/site\/wp-json\/wp\/v2\/posts\/5590\/revisions\/61799"}],"wp:featuredmedia":[{"embeddable":true,"href":"https:\/\/cleitonpinheiro.com.br\/site\/wp-json\/"}],"wp:attachment":[{"href":"https:\/\/cleitonpinheiro.com.br\/site\/wp-json\/wp\/v2\/media?parent=5590"}],"wp:term":[{"taxonomy":"category","embeddable":true,"href":"https:\/\/cleitonpinheiro.com.br\/site\/wp-json\/wp\/v2\/categories?post=5590"},{"taxonomy":"post_tag","embeddable":true,"href":"https:\/\/cleitonpinheiro.com.br\/site\/wp-json\/wp\/v2\/tags?post=5590"}],"curies":[{"name":"wp","href":"https:\/\/api.w.org\/{rel}","templated":true}]}}