{"id":5597,"date":"2018-12-12T12:27:43","date_gmt":"2018-12-12T14:27:43","guid":{"rendered":"http:\/\/cleitonpinheiro.com.br\/portal\/?p=5597"},"modified":"2022-08-12T15:00:55","modified_gmt":"2022-08-12T18:00:55","slug":"brasil-amplia-area-agricola-que-usa-tecnicas-sustentaveis","status":"publish","type":"post","link":"https:\/\/cleitonpinheiro.com.br\/site\/brasil-amplia-area-agricola-que-usa-tecnicas-sustentaveis\/","title":{"rendered":"Brasil amplia \u00e1rea agr\u00edcola com t\u00e9cnicas sustent\u00e1veis"},"content":{"rendered":"\n<p>Nos \u00faltimos oito anos, o Brasil ampliou em 27 milh\u00f5es de hectares a \u00e1rea de plantio que utiliza pr\u00e1ticas agr\u00edcolas sustent\u00e1veis e emitem menos gases de efeito estufa. A \u00e1rea equivale \u00e0 extens\u00e3o territorial da Nova Zel\u00e2ndia e contribui para que o pa\u00eds atingisse 80% do seu compromisso volunt\u00e1rio de redu\u00e7\u00e3o de emiss\u00f5es de carbono na \u00e1rea da agricultura.<\/p>\n\n\n<figure class=\"wp-block-image\"><img decoding=\"async\" src=\"http:\/\/cleitonpinheiro.com.br\/portal\/wp-content\/uploads\/2018\/12\/Jonas-Oliveira_Fotos-P\u00fablicas.jpg\" alt=\"\" class=\"wp-image-5598\"\/><figcaption>Foto: Jonas Oliveira\/Fotos P\u00fablicas<\/figcaption><\/figure>\n\n\n<p>A informa\u00e7\u00e3o foi dada pelo engenheiro agr\u00f4nomo Sidney Medeiros, que integra a delega\u00e7\u00e3o brasileira do Minist\u00e9rio da Agricultura na Confer\u00eancia das Na\u00e7\u00f5es Unidas sobre Mudan\u00e7as Clim\u00e1ticas (COP 24). O evento est\u00e1 sendo realizado em Katowice, Pol\u00f4nia, desde o \u00faltimo dia 3.<\/p>\n\n\n<p>Segundo Medeiros, o aumento da \u00e1rea sustent\u00e1vel ocorreu a partir de 2010, quando foi lan\u00e7ado o programa \u201cAgricultura de Baixo Carbono\u201d (ABC), que corresponde a uma das a\u00e7\u00f5es de incentivo ao produtor rural para adotar pr\u00e1ticas de produ\u00e7\u00e3o combinadas \u00e0 preserva\u00e7\u00e3o ambiental ou recupera\u00e7\u00e3o do solo degradado.<\/p>\n\n\n<p>Por meio do programa ABC, os propriet\u00e1rios rurais tem acesso a uma linha de cr\u00e9dito espec\u00edfica para iniciativas de plantio sustent\u00e1vel e adapta\u00e7\u00e3o a efeitos das mudan\u00e7as clim\u00e1ticas. Desde 2010, o programa j\u00e1 liberou cerca de US$ 4,4 bilh\u00f5es. Para este ano, foram disponibilizados US$ 2 bilh\u00f5es, dos quais mais da metade j\u00e1 foi captada pelos produtores.<\/p>\n\n\n<p>\u201cOs produtores emprestaram dos bancos 4,4 bilh\u00f5es de d\u00f3lares para ado\u00e7\u00e3o de tecnologias climaticamente inteligentes, basicamente recupera\u00e7\u00e3o de pastagens degradadas; integra\u00e7\u00e3o lavoura, pecu\u00e1ria, florestas; sistema de plantio direto; plantio de florestas comerciais; fixa\u00e7\u00e3o biol\u00f3gica de nitrog\u00eanio e tratamento de dejetos e res\u00edduos da produ\u00e7\u00e3o animal\u201d, explicou.<\/p>\n\n\n<p>Medeiros esclareceu que para promover a produ\u00e7\u00e3o de baixo carbono os produtores tamb\u00e9m tem acesso a outras fontes de recursos, inclusive internacionais, ou utilizam recursos pr\u00f3prios, como ocorre com mais frequ\u00eancia na pecu\u00e1ria, que \u00e9 menos dependente de cr\u00e9dito do que a agricultura.<\/p>\n\n\n<p>A agropecu\u00e1ria brasileira ocupa 30% do territ\u00f3rio nacional e \u00e9 respons\u00e1vel hoje pela alimenta\u00e7\u00e3o de mais de um bilh\u00e3o de pessoas em todo o mundo. O setor \u00e9 um dos principais respons\u00e1veis pela maior parte das emiss\u00f5es de carbono do pa\u00eds.<\/p>\n\n\n<p>O engenheiro ressaltou que a pol\u00edtica de cr\u00e9dito como um todo incentiva para a diminui\u00e7\u00e3o da press\u00e3o do setor sobre o remanescente de florestas nativas no pa\u00eds e estimular o plantio de florestas comerciais em \u00e1reas degradadas.<\/p>\n\n\n<p>Os recursos dos programas de cr\u00e9ditos tamb\u00e9m podem ser utilizados pelos produtores para quitar passivos ambientais das propriedades, j\u00e1 que a legisla\u00e7\u00e3o ambiental brasileira obriga que as propriedades privadas mantenham uma parte com vegeta\u00e7\u00e3o nativa. Ate 2030, o Brasil deve replantar pelo menos 12 milh\u00f5es de hectares de vegeta\u00e7\u00e3o nativa, conforme meta prevista no \u00e2mbito do Acordo de Paris.<\/p>\n\n\n<p>\u201cIsso tamb\u00e9m vem possibilitando que os produtores tomem cr\u00e9dito para se adequar \u00e0 legisla\u00e7\u00e3o e, consequentemente, contribuir para essa meta brasileira de restaura\u00e7\u00e3o. Como tamb\u00e9m \u00e9 poss\u00edvel financiar florestas comerciais, e no caso da linha de cr\u00e9dito programa abc, essas florestas comerciais obrigatoriamente tem que ser implantadas em \u00e1reas degradadas, de 2010 at\u00e9 hoje forma plantados mais de 1 milh\u00e3o de hectares de floresta. Ent\u00e3o, possivelmente esse n\u00famero vai contribuir para aquela meta de 12 milh\u00f5es de hectares\u201d, comentou Medeiros.<\/p>\n\n\n<p>O programa ABC integra o plano Safra, que disp\u00f5e em torno de US$ de 50 bilh\u00f5es de cr\u00e9dito por ano para investimento, custeio (compra de materiais, insumos, fertilizantes, sementes por exemplo) e apoio \u00e0 comercializa\u00e7\u00e3o da produ\u00e7\u00e3o. Esse volume, segundo o engenheiro, corresponde a apenas 30% de tudo o que \u00e9 investido na agropecu\u00e1ria brasileira.<\/p>\n\n\n<p>Durante a programa\u00e7\u00e3o do Espa\u00e7o Brasil, a equipe do Minist\u00e9rio apresentou o programa Fip Paisagem, que disponibilizar\u00e1 US$ 21 milh\u00f5es para cerca de 4 mil produtores rurais do Cerrado para que eles adotem t\u00e9cnicas de restaura\u00e7\u00e3o de pastagem degradada e de recupera\u00e7\u00e3o de passivos ambientais.<\/p>\n\n\n<p>O programa \u00e9 financiado pelo Banco Mundial e ser\u00e1 executado pelo Minist\u00e9rio da Agricultura em parceria com o Servi\u00e7o Florestal a partir de janeiro de 2019.<\/p>\n\n\n<p>Outras linhas de financiamento<br \/>\nTamb\u00e9m durante a programa\u00e7\u00e3o do Espa\u00e7o Brasil na COP 24, foram apresentadas algumas linhas de financiamento do Banco Nacional de Desenvolvimento Econ\u00f4mico e Social (BNDES) espec\u00edficas para a recupera\u00e7\u00e3o florestal e ecol\u00f3gica. Atualmente, o banco oferece diferentes linhas de cr\u00e9dito para empres\u00e1rios ou propriet\u00e1rios rurais que promovem a restaura\u00e7\u00e3o de \u00e1reas desmatadas.<\/p>\n\n\n<p>Em uma das modalidades, o banco selecionou 24 projetos em 2009 com um edital que disponibiliza cerca de R$ 70 milh\u00f5es. Em 2015, foi aberta uma segunda chamada p\u00fablica com a disponibiliza\u00e7\u00e3o de R$ 200 milh\u00f5es para projetos que abrangem uma \u00e1rea de tr\u00eas mil hectares. O processo, que conta com a participa\u00e7\u00e3o do Servi\u00e7o Florestal, est\u00e1 em fase de an\u00e1lise de documentos dos inscritos.<\/p>\n\n\n<p>A chefe do departamento de meio ambiente do BNDES, Daniela Baccas, ressaltou que o banco tem interesse em ampliar a participa\u00e7\u00e3o dos empreendedores nos produtos voltados para atividades ecol\u00f3gicas.<\/p>\n\n\n<p>Atualmente, o banco tem uma linha de cr\u00e9dito reembols\u00e1vel para empresas e propriet\u00e1rios rurais a partir do Fundo do Clima e outra n\u00e3o reembols\u00e1vel para institui\u00e7\u00f5es sem fins lucrativos que atuam em unidades de conserva\u00e7\u00e3o e preserva\u00e7\u00e3o permanente, reservas legais em assentamentos rurais, terras ind\u00edgenas ou reservas particulares de patrim\u00f4nio natural. No caso de iniciativas de restaura\u00e7\u00e3o na Amaz\u00f4nia, o apoio do banco ocorre por meio do Fundo Amaz\u00f4nia.<\/p>\n\n\n<p>Segundo Daniela, o objetivo do banco \u00e9 destacar o vi\u00e9s econ\u00f4mico e estrat\u00e9gico por tr\u00e1s da promo\u00e7\u00e3o da restaura\u00e7\u00e3o ecol\u00f3gica. A ideia \u00e9 que o setor empresarial fomente essa agenda a partir de uma vis\u00e3o de desenvolvimento, gera\u00e7\u00e3o de empregos e forma\u00e7\u00e3o de cadeias de valor associadas \u00e0 restaura\u00e7\u00e3o. \u201cA gente precisa dar escala a esses projetos, pra que eles formem corredores ecol\u00f3gicos, pra que eles n\u00e3o fiquem iniciativas isoladas\u201d, comentou.<\/p>\n\n\n<p>Um dos principais desafios \u00e9 convencer o setor dos benef\u00edcios econ\u00f4micos e afastar o risco de ter a imagem associada a desmatamento e outras pr\u00e1ticas n\u00e3o sustent\u00e1veis.<\/p>\n\n\n<p>\u201cUm primeiro aspecto \u00e9 comprovar que tem valor econ\u00f4mico na restaura\u00e7\u00e3o florestal. Tem v\u00e1rios mecanismos no C\u00f3digo Florestal que permitem fazer intercala\u00e7\u00e3o, a combina\u00e7\u00e3o de vegeta\u00e7\u00e3o nativas com outras esp\u00e9cies que possam gerar rendimento econ\u00f4mico. Existem algumas iniciativas bastante positivas que j\u00e1 mostram isso, mas precisa ser mais disseminado para que as empresas possam ter vis\u00e3o de neg\u00f3cio da floresta\u201d, acrescentou Daniela.<\/p>\n","protected":false},"excerpt":{"rendered":"<p>Nos \u00faltimos oito anos, o Brasil ampliou em 27 milh\u00f5es de hectares a \u00e1rea de plantio que utiliza pr\u00e1ticas agr\u00edcolas sustent\u00e1veis e emitem menos gases de efeito estufa. A \u00e1rea equivale \u00e0 extens\u00e3o territorial da Nova Zel\u00e2ndia e contribui para que o pa\u00eds atingisse 80% do seu compromisso volunt\u00e1rio de redu\u00e7\u00e3o de emiss\u00f5es de carbono [&hellip;]<\/p>\n","protected":false},"author":9,"featured_media":5598,"comment_status":"open","ping_status":"open","sticky":false,"template":"","format":"standard","meta":{"_acf_changed":false,"footnotes":""},"categories":[19,21],"tags":[],"class_list":["post-5597","post","type-post","status-publish","format-standard","has-post-thumbnail","hentry","category-brasil-mundo","category-todas-noticias"],"acf":[],"yoast_head":"<!-- This site is optimized with the Yoast SEO plugin v24.4 - https:\/\/yoast.com\/wordpress\/plugins\/seo\/ -->\n<title>Brasil amplia \u00e1rea agr\u00edcola com t\u00e9cnicas sustent\u00e1veis - PORTAL DE NOT\u00cdCIAS CLEITON PINHEIRO<\/title>\n<meta name=\"robots\" content=\"index, follow, max-snippet:-1, max-image-preview:large, max-video-preview:-1\" \/>\n<link rel=\"canonical\" href=\"https:\/\/cleitonpinheiro.com.br\/site\/brasil-amplia-area-agricola-que-usa-tecnicas-sustentaveis\/\" \/>\n<meta property=\"og:locale\" content=\"pt_BR\" \/>\n<meta property=\"og:type\" content=\"article\" \/>\n<meta property=\"og:title\" content=\"Brasil amplia \u00e1rea agr\u00edcola com t\u00e9cnicas sustent\u00e1veis - PORTAL DE NOT\u00cdCIAS CLEITON PINHEIRO\" \/>\n<meta property=\"og:description\" content=\"Nos \u00faltimos oito anos, o Brasil ampliou em 27 milh\u00f5es de hectares a \u00e1rea de plantio que utiliza pr\u00e1ticas agr\u00edcolas sustent\u00e1veis e emitem menos gases de efeito estufa. A \u00e1rea equivale \u00e0 extens\u00e3o territorial da Nova Zel\u00e2ndia e contribui para que o pa\u00eds atingisse 80% do seu compromisso volunt\u00e1rio de redu\u00e7\u00e3o de emiss\u00f5es de carbono [&hellip;]\" \/>\n<meta property=\"og:url\" content=\"https:\/\/cleitonpinheiro.com.br\/site\/brasil-amplia-area-agricola-que-usa-tecnicas-sustentaveis\/\" \/>\n<meta property=\"og:site_name\" content=\"PORTAL DE NOT\u00cdCIAS CLEITON PINHEIRO\" \/>\n<meta property=\"article:publisher\" content=\"https:\/\/www.facebook.com\/portalcpnoticias\/\" \/>\n<meta property=\"article:published_time\" content=\"2018-12-12T14:27:43+00:00\" \/>\n<meta property=\"article:modified_time\" content=\"2022-08-12T18:00:55+00:00\" \/>\n<meta name=\"author\" content=\"RGF Sistemas\" \/>\n<meta name=\"twitter:card\" content=\"summary_large_image\" \/>\n<meta name=\"twitter:label1\" content=\"Escrito por\" \/>\n\t<meta name=\"twitter:data1\" content=\"RGF Sistemas\" \/>\n\t<meta name=\"twitter:label2\" content=\"Est. tempo de leitura\" \/>\n\t<meta name=\"twitter:data2\" content=\"6 minutos\" \/>\n<script type=\"application\/ld+json\" class=\"yoast-schema-graph\">{\"@context\":\"https:\/\/schema.org\",\"@graph\":[{\"@type\":\"Article\",\"@id\":\"https:\/\/cleitonpinheiro.com.br\/site\/brasil-amplia-area-agricola-que-usa-tecnicas-sustentaveis\/#article\",\"isPartOf\":{\"@id\":\"https:\/\/cleitonpinheiro.com.br\/site\/brasil-amplia-area-agricola-que-usa-tecnicas-sustentaveis\/\"},\"author\":{\"name\":\"RGF Sistemas\",\"@id\":\"https:\/\/cleitonpinheiro.com.br\/site\/#\/schema\/person\/b7621891c193194dd412fdc1ff9b2b41\"},\"headline\":\"Brasil amplia \u00e1rea agr\u00edcola com t\u00e9cnicas sustent\u00e1veis\",\"datePublished\":\"2018-12-12T14:27:43+00:00\",\"dateModified\":\"2022-08-12T18:00:55+00:00\",\"mainEntityOfPage\":{\"@id\":\"https:\/\/cleitonpinheiro.com.br\/site\/brasil-amplia-area-agricola-que-usa-tecnicas-sustentaveis\/\"},\"wordCount\":1150,\"commentCount\":0,\"publisher\":{\"@id\":\"https:\/\/cleitonpinheiro.com.br\/site\/#organization\"},\"image\":{\"@id\":\"https:\/\/cleitonpinheiro.com.br\/site\/brasil-amplia-area-agricola-que-usa-tecnicas-sustentaveis\/#primaryimage\"},\"thumbnailUrl\":\"\",\"articleSection\":[\"BRASIL \/ MUNDO\",\"TODAS NOTICIAS\"],\"inLanguage\":\"pt-BR\",\"potentialAction\":[{\"@type\":\"CommentAction\",\"name\":\"Comment\",\"target\":[\"https:\/\/cleitonpinheiro.com.br\/site\/brasil-amplia-area-agricola-que-usa-tecnicas-sustentaveis\/#respond\"]}]},{\"@type\":\"WebPage\",\"@id\":\"https:\/\/cleitonpinheiro.com.br\/site\/brasil-amplia-area-agricola-que-usa-tecnicas-sustentaveis\/\",\"url\":\"https:\/\/cleitonpinheiro.com.br\/site\/brasil-amplia-area-agricola-que-usa-tecnicas-sustentaveis\/\",\"name\":\"Brasil amplia \u00e1rea agr\u00edcola com t\u00e9cnicas sustent\u00e1veis - PORTAL DE NOT\u00cdCIAS CLEITON PINHEIRO\",\"isPartOf\":{\"@id\":\"https:\/\/cleitonpinheiro.com.br\/site\/#website\"},\"primaryImageOfPage\":{\"@id\":\"https:\/\/cleitonpinheiro.com.br\/site\/brasil-amplia-area-agricola-que-usa-tecnicas-sustentaveis\/#primaryimage\"},\"image\":{\"@id\":\"https:\/\/cleitonpinheiro.com.br\/site\/brasil-amplia-area-agricola-que-usa-tecnicas-sustentaveis\/#primaryimage\"},\"thumbnailUrl\":\"\",\"datePublished\":\"2018-12-12T14:27:43+00:00\",\"dateModified\":\"2022-08-12T18:00:55+00:00\",\"breadcrumb\":{\"@id\":\"https:\/\/cleitonpinheiro.com.br\/site\/brasil-amplia-area-agricola-que-usa-tecnicas-sustentaveis\/#breadcrumb\"},\"inLanguage\":\"pt-BR\",\"potentialAction\":[{\"@type\":\"ReadAction\",\"target\":[\"https:\/\/cleitonpinheiro.com.br\/site\/brasil-amplia-area-agricola-que-usa-tecnicas-sustentaveis\/\"]}]},{\"@type\":\"ImageObject\",\"inLanguage\":\"pt-BR\",\"@id\":\"https:\/\/cleitonpinheiro.com.br\/site\/brasil-amplia-area-agricola-que-usa-tecnicas-sustentaveis\/#primaryimage\",\"url\":\"\",\"contentUrl\":\"\"},{\"@type\":\"BreadcrumbList\",\"@id\":\"https:\/\/cleitonpinheiro.com.br\/site\/brasil-amplia-area-agricola-que-usa-tecnicas-sustentaveis\/#breadcrumb\",\"itemListElement\":[{\"@type\":\"ListItem\",\"position\":1,\"name\":\"In\u00edcio\",\"item\":\"https:\/\/cleitonpinheiro.com.br\/site\/\"},{\"@type\":\"ListItem\",\"position\":2,\"name\":\"Brasil amplia \u00e1rea agr\u00edcola com t\u00e9cnicas sustent\u00e1veis\"}]},{\"@type\":\"WebSite\",\"@id\":\"https:\/\/cleitonpinheiro.com.br\/site\/#website\",\"url\":\"https:\/\/cleitonpinheiro.com.br\/site\/\",\"name\":\"PORTAL DE NOT\u00cdCIAS CLEITON PINHEIRO\",\"description\":\"FALANDO A VERDADE\",\"publisher\":{\"@id\":\"https:\/\/cleitonpinheiro.com.br\/site\/#organization\"},\"potentialAction\":[{\"@type\":\"SearchAction\",\"target\":{\"@type\":\"EntryPoint\",\"urlTemplate\":\"https:\/\/cleitonpinheiro.com.br\/site\/?s={search_term_string}\"},\"query-input\":{\"@type\":\"PropertyValueSpecification\",\"valueRequired\":true,\"valueName\":\"search_term_string\"}}],\"inLanguage\":\"pt-BR\"},{\"@type\":\"Organization\",\"@id\":\"https:\/\/cleitonpinheiro.com.br\/site\/#organization\",\"name\":\"CPNOT\u00cdCIAS\",\"url\":\"https:\/\/cleitonpinheiro.com.br\/site\/\",\"logo\":{\"@type\":\"ImageObject\",\"inLanguage\":\"pt-BR\",\"@id\":\"https:\/\/cleitonpinheiro.com.br\/site\/#\/schema\/logo\/image\/\",\"url\":\"https:\/\/cleitonpinheiro.com.br\/site\/wp-content\/uploads\/2022\/08\/Logo-pequena-2.png\",\"contentUrl\":\"https:\/\/cleitonpinheiro.com.br\/site\/wp-content\/uploads\/2022\/08\/Logo-pequena-2.png\",\"width\":500,\"height\":500,\"caption\":\"CPNOT\u00cdCIAS\"},\"image\":{\"@id\":\"https:\/\/cleitonpinheiro.com.br\/site\/#\/schema\/logo\/image\/\"},\"sameAs\":[\"https:\/\/www.facebook.com\/portalcpnoticias\/\"]},{\"@type\":\"Person\",\"@id\":\"https:\/\/cleitonpinheiro.com.br\/site\/#\/schema\/person\/b7621891c193194dd412fdc1ff9b2b41\",\"name\":\"RGF Sistemas\",\"image\":{\"@type\":\"ImageObject\",\"inLanguage\":\"pt-BR\",\"@id\":\"https:\/\/cleitonpinheiro.com.br\/site\/#\/schema\/person\/image\/\",\"url\":\"https:\/\/secure.gravatar.com\/avatar\/59e110c11e5eecf4636340abed101b4cddb70ca9f64acab0fe8863bcc0a66b2d?s=96&r=g\",\"contentUrl\":\"https:\/\/secure.gravatar.com\/avatar\/59e110c11e5eecf4636340abed101b4cddb70ca9f64acab0fe8863bcc0a66b2d?s=96&r=g\",\"caption\":\"RGF Sistemas\"},\"url\":\"https:\/\/cleitonpinheiro.com.br\/site\/author\/rgfsite\/\"}]}<\/script>\n<!-- \/ Yoast SEO plugin. -->","yoast_head_json":{"title":"Brasil amplia \u00e1rea agr\u00edcola com t\u00e9cnicas sustent\u00e1veis - PORTAL DE NOT\u00cdCIAS CLEITON PINHEIRO","robots":{"index":"index","follow":"follow","max-snippet":"max-snippet:-1","max-image-preview":"max-image-preview:large","max-video-preview":"max-video-preview:-1"},"canonical":"https:\/\/cleitonpinheiro.com.br\/site\/brasil-amplia-area-agricola-que-usa-tecnicas-sustentaveis\/","og_locale":"pt_BR","og_type":"article","og_title":"Brasil amplia \u00e1rea agr\u00edcola com t\u00e9cnicas sustent\u00e1veis - PORTAL DE NOT\u00cdCIAS CLEITON PINHEIRO","og_description":"Nos \u00faltimos oito anos, o Brasil ampliou em 27 milh\u00f5es de hectares a \u00e1rea de plantio que utiliza pr\u00e1ticas agr\u00edcolas sustent\u00e1veis e emitem menos gases de efeito estufa. A \u00e1rea equivale \u00e0 extens\u00e3o territorial da Nova Zel\u00e2ndia e contribui para que o pa\u00eds atingisse 80% do seu compromisso volunt\u00e1rio de redu\u00e7\u00e3o de emiss\u00f5es de carbono [&hellip;]","og_url":"https:\/\/cleitonpinheiro.com.br\/site\/brasil-amplia-area-agricola-que-usa-tecnicas-sustentaveis\/","og_site_name":"PORTAL DE NOT\u00cdCIAS CLEITON PINHEIRO","article_publisher":"https:\/\/www.facebook.com\/portalcpnoticias\/","article_published_time":"2018-12-12T14:27:43+00:00","article_modified_time":"2022-08-12T18:00:55+00:00","author":"RGF Sistemas","twitter_card":"summary_large_image","twitter_misc":{"Escrito por":"RGF Sistemas","Est. tempo de leitura":"6 minutos"},"schema":{"@context":"https:\/\/schema.org","@graph":[{"@type":"Article","@id":"https:\/\/cleitonpinheiro.com.br\/site\/brasil-amplia-area-agricola-que-usa-tecnicas-sustentaveis\/#article","isPartOf":{"@id":"https:\/\/cleitonpinheiro.com.br\/site\/brasil-amplia-area-agricola-que-usa-tecnicas-sustentaveis\/"},"author":{"name":"RGF Sistemas","@id":"https:\/\/cleitonpinheiro.com.br\/site\/#\/schema\/person\/b7621891c193194dd412fdc1ff9b2b41"},"headline":"Brasil amplia \u00e1rea agr\u00edcola com t\u00e9cnicas sustent\u00e1veis","datePublished":"2018-12-12T14:27:43+00:00","dateModified":"2022-08-12T18:00:55+00:00","mainEntityOfPage":{"@id":"https:\/\/cleitonpinheiro.com.br\/site\/brasil-amplia-area-agricola-que-usa-tecnicas-sustentaveis\/"},"wordCount":1150,"commentCount":0,"publisher":{"@id":"https:\/\/cleitonpinheiro.com.br\/site\/#organization"},"image":{"@id":"https:\/\/cleitonpinheiro.com.br\/site\/brasil-amplia-area-agricola-que-usa-tecnicas-sustentaveis\/#primaryimage"},"thumbnailUrl":"","articleSection":["BRASIL \/ MUNDO","TODAS NOTICIAS"],"inLanguage":"pt-BR","potentialAction":[{"@type":"CommentAction","name":"Comment","target":["https:\/\/cleitonpinheiro.com.br\/site\/brasil-amplia-area-agricola-que-usa-tecnicas-sustentaveis\/#respond"]}]},{"@type":"WebPage","@id":"https:\/\/cleitonpinheiro.com.br\/site\/brasil-amplia-area-agricola-que-usa-tecnicas-sustentaveis\/","url":"https:\/\/cleitonpinheiro.com.br\/site\/brasil-amplia-area-agricola-que-usa-tecnicas-sustentaveis\/","name":"Brasil amplia \u00e1rea agr\u00edcola com t\u00e9cnicas sustent\u00e1veis - PORTAL DE NOT\u00cdCIAS CLEITON PINHEIRO","isPartOf":{"@id":"https:\/\/cleitonpinheiro.com.br\/site\/#website"},"primaryImageOfPage":{"@id":"https:\/\/cleitonpinheiro.com.br\/site\/brasil-amplia-area-agricola-que-usa-tecnicas-sustentaveis\/#primaryimage"},"image":{"@id":"https:\/\/cleitonpinheiro.com.br\/site\/brasil-amplia-area-agricola-que-usa-tecnicas-sustentaveis\/#primaryimage"},"thumbnailUrl":"","datePublished":"2018-12-12T14:27:43+00:00","dateModified":"2022-08-12T18:00:55+00:00","breadcrumb":{"@id":"https:\/\/cleitonpinheiro.com.br\/site\/brasil-amplia-area-agricola-que-usa-tecnicas-sustentaveis\/#breadcrumb"},"inLanguage":"pt-BR","potentialAction":[{"@type":"ReadAction","target":["https:\/\/cleitonpinheiro.com.br\/site\/brasil-amplia-area-agricola-que-usa-tecnicas-sustentaveis\/"]}]},{"@type":"ImageObject","inLanguage":"pt-BR","@id":"https:\/\/cleitonpinheiro.com.br\/site\/brasil-amplia-area-agricola-que-usa-tecnicas-sustentaveis\/#primaryimage","url":"","contentUrl":""},{"@type":"BreadcrumbList","@id":"https:\/\/cleitonpinheiro.com.br\/site\/brasil-amplia-area-agricola-que-usa-tecnicas-sustentaveis\/#breadcrumb","itemListElement":[{"@type":"ListItem","position":1,"name":"In\u00edcio","item":"https:\/\/cleitonpinheiro.com.br\/site\/"},{"@type":"ListItem","position":2,"name":"Brasil amplia \u00e1rea agr\u00edcola com t\u00e9cnicas sustent\u00e1veis"}]},{"@type":"WebSite","@id":"https:\/\/cleitonpinheiro.com.br\/site\/#website","url":"https:\/\/cleitonpinheiro.com.br\/site\/","name":"PORTAL DE NOT\u00cdCIAS CLEITON PINHEIRO","description":"FALANDO A VERDADE","publisher":{"@id":"https:\/\/cleitonpinheiro.com.br\/site\/#organization"},"potentialAction":[{"@type":"SearchAction","target":{"@type":"EntryPoint","urlTemplate":"https:\/\/cleitonpinheiro.com.br\/site\/?s={search_term_string}"},"query-input":{"@type":"PropertyValueSpecification","valueRequired":true,"valueName":"search_term_string"}}],"inLanguage":"pt-BR"},{"@type":"Organization","@id":"https:\/\/cleitonpinheiro.com.br\/site\/#organization","name":"CPNOT\u00cdCIAS","url":"https:\/\/cleitonpinheiro.com.br\/site\/","logo":{"@type":"ImageObject","inLanguage":"pt-BR","@id":"https:\/\/cleitonpinheiro.com.br\/site\/#\/schema\/logo\/image\/","url":"https:\/\/cleitonpinheiro.com.br\/site\/wp-content\/uploads\/2022\/08\/Logo-pequena-2.png","contentUrl":"https:\/\/cleitonpinheiro.com.br\/site\/wp-content\/uploads\/2022\/08\/Logo-pequena-2.png","width":500,"height":500,"caption":"CPNOT\u00cdCIAS"},"image":{"@id":"https:\/\/cleitonpinheiro.com.br\/site\/#\/schema\/logo\/image\/"},"sameAs":["https:\/\/www.facebook.com\/portalcpnoticias\/"]},{"@type":"Person","@id":"https:\/\/cleitonpinheiro.com.br\/site\/#\/schema\/person\/b7621891c193194dd412fdc1ff9b2b41","name":"RGF Sistemas","image":{"@type":"ImageObject","inLanguage":"pt-BR","@id":"https:\/\/cleitonpinheiro.com.br\/site\/#\/schema\/person\/image\/","url":"https:\/\/secure.gravatar.com\/avatar\/59e110c11e5eecf4636340abed101b4cddb70ca9f64acab0fe8863bcc0a66b2d?s=96&r=g","contentUrl":"https:\/\/secure.gravatar.com\/avatar\/59e110c11e5eecf4636340abed101b4cddb70ca9f64acab0fe8863bcc0a66b2d?s=96&r=g","caption":"RGF Sistemas"},"url":"https:\/\/cleitonpinheiro.com.br\/site\/author\/rgfsite\/"}]}},"views":284,"_links":{"self":[{"href":"https:\/\/cleitonpinheiro.com.br\/site\/wp-json\/wp\/v2\/posts\/5597","targetHints":{"allow":["GET"]}}],"collection":[{"href":"https:\/\/cleitonpinheiro.com.br\/site\/wp-json\/wp\/v2\/posts"}],"about":[{"href":"https:\/\/cleitonpinheiro.com.br\/site\/wp-json\/wp\/v2\/types\/post"}],"author":[{"embeddable":true,"href":"https:\/\/cleitonpinheiro.com.br\/site\/wp-json\/wp\/v2\/users\/9"}],"replies":[{"embeddable":true,"href":"https:\/\/cleitonpinheiro.com.br\/site\/wp-json\/wp\/v2\/comments?post=5597"}],"version-history":[{"count":1,"href":"https:\/\/cleitonpinheiro.com.br\/site\/wp-json\/wp\/v2\/posts\/5597\/revisions"}],"predecessor-version":[{"id":61797,"href":"https:\/\/cleitonpinheiro.com.br\/site\/wp-json\/wp\/v2\/posts\/5597\/revisions\/61797"}],"wp:featuredmedia":[{"embeddable":true,"href":"https:\/\/cleitonpinheiro.com.br\/site\/wp-json\/"}],"wp:attachment":[{"href":"https:\/\/cleitonpinheiro.com.br\/site\/wp-json\/wp\/v2\/media?parent=5597"}],"wp:term":[{"taxonomy":"category","embeddable":true,"href":"https:\/\/cleitonpinheiro.com.br\/site\/wp-json\/wp\/v2\/categories?post=5597"},{"taxonomy":"post_tag","embeddable":true,"href":"https:\/\/cleitonpinheiro.com.br\/site\/wp-json\/wp\/v2\/tags?post=5597"}],"curies":[{"name":"wp","href":"https:\/\/api.w.org\/{rel}","templated":true}]}}