{"id":5600,"date":"2018-12-12T13:34:36","date_gmt":"2018-12-12T15:34:36","guid":{"rendered":"http:\/\/cleitonpinheiro.com.br\/portal\/?p=5600"},"modified":"2022-08-12T15:00:37","modified_gmt":"2022-08-12T18:00:37","slug":"catedral-de-campinas-recebe-flores-em-homenagem-a-vitimas-de-atirador","status":"publish","type":"post","link":"https:\/\/cleitonpinheiro.com.br\/site\/catedral-de-campinas-recebe-flores-em-homenagem-a-vitimas-de-atirador\/","title":{"rendered":"Catedral de Campinas recebe flores em homenagem a v\u00edtimas de atirador"},"content":{"rendered":"\n<figure class=\"wp-block-image\"><img decoding=\"async\" src=\"http:\/\/cleitonpinheiro.com.br\/portal\/wp-content\/uploads\/2018\/12\/Flores-s\u00e3o-colocadas-em-frente-\u00e0-Catedral-Metropolitana-de-Campinas-em-homenagens-\u00e0s-v\u00edtimas-mortas-ap\u00f3s-ataque-ocorrido-ontem_-Rovena-Rosa-Ag\u00eancia-Brasil-1.jpg\" alt=\"\" class=\"wp-image-5602\"\/><figcaption><br \/>Flores s\u00e3o colocadas em frente \u00e0 Catedral Metropolitana de Campinas em homenagens \u00e0s v\u00edtimas mortas ap\u00f3s ataque ocorrido ontem (11). Foto: Rovena Rosa\/Ag\u00eancia Brasil<\/figcaption><\/figure>\n\n\n<p>A Catedral Metropolitana de Campinas permaneceu fechada na manh\u00e3 de hoje (12), ap\u00f3s a trag\u00e9dia envolvendo Euler Grandolpho, de 49 anos, que entrou ontem na igreja e matou quatro pessoas a tiros, antes de tirar a pr\u00f3pria vida. Ainda n\u00e3o foram esclarecidas as raz\u00f5es do ataque. Foram colocadas flores em homenagem aos mortos no port\u00e3o principal da catedral.<\/p>\n\n\n<p>A igreja deve ser reaberta no in\u00edcio da tarde para a celebra\u00e7\u00e3o da primeira missa desde o ataque.<\/p>\n\n\n<p>Na Pra\u00e7a Jos\u00e9 Bonif\u00e1cio, em frente ao templo, um grupo de curiosos e jornalistas se aglomeram no local. Uma viatura da Guarda Civil Metropolitana est\u00e1 pr\u00f3xima \u00e0 escadaria da catedral. O caso virou destaque na imprensa internacional.<\/p>\n\n\n<p>No centro de Campinas, no entanto, o com\u00e9rcio funciona normalmente, sem sinais da trag\u00e9dia do dia anterior. O prefeito Jonas Donizette (PSB) decretou ainda ontem luto oficial de tr\u00eas dias. A expectativa \u00e9 que os vel\u00f3rios das v\u00edtimas ocorram a partir desta quarta-feira (12).<\/p>\n\n\n<p>O atentado<br \/>\nRegistros das c\u00e2meras de seguran\u00e7a da Central de Monitoramento de Campinas (CinCamp) mostram o momento em que o agressor se levanta de um dos bancos, nas \u00faltimas fileiras da igreja, vira-se em dire\u00e7\u00e3o \u00e0s pessoas e come\u00e7a a atirar. Em seguida, dois agentes da Guarda Municipal entram na igreja e perseguem o atirador. As imagens n\u00e3o mostram o que ocorre depois deste momento.<\/p>\n\n\n<p>A identidade das v\u00edtimas do atirador foi confirmada: Sidnei Vitor Monteiro, Jos\u00e9 Eudes Gonzaga, Cristofer Gon\u00e7alves dos Santos e Elp\u00eddio Alves Coutinho foram mortos dentro da igreja.<\/p>\n\n\n<p>Euler Fernando Grandolpho, de 49 anos, autor dos disparos, tirou a pr\u00f3pria vida depois de balear os fi\u00e9is que estavam rezando.<\/p>\n","protected":false},"excerpt":{"rendered":"<p>A Catedral Metropolitana de Campinas permaneceu fechada na manh\u00e3 de hoje (12), ap\u00f3s a trag\u00e9dia envolvendo Euler Grandolpho, de 49 anos, que entrou ontem na igreja e matou quatro pessoas a tiros, antes de tirar a pr\u00f3pria vida. Ainda n\u00e3o foram esclarecidas as raz\u00f5es do ataque. Foram colocadas flores em homenagem aos mortos no port\u00e3o [&hellip;]<\/p>\n","protected":false},"author":9,"featured_media":5602,"comment_status":"open","ping_status":"open","sticky":false,"template":"","format":"standard","meta":{"_acf_changed":false,"footnotes":""},"categories":[19,21],"tags":[],"class_list":["post-5600","post","type-post","status-publish","format-standard","has-post-thumbnail","hentry","category-brasil-mundo","category-todas-noticias"],"acf":[],"yoast_head":"<!-- This site is optimized with the Yoast SEO plugin v24.4 - https:\/\/yoast.com\/wordpress\/plugins\/seo\/ -->\n<title>Catedral de Campinas recebe flores em homenagem a v\u00edtimas de atirador - PORTAL DE NOT\u00cdCIAS CLEITON PINHEIRO<\/title>\n<meta name=\"robots\" content=\"index, follow, max-snippet:-1, max-image-preview:large, max-video-preview:-1\" \/>\n<link rel=\"canonical\" href=\"https:\/\/cleitonpinheiro.com.br\/site\/catedral-de-campinas-recebe-flores-em-homenagem-a-vitimas-de-atirador\/\" \/>\n<meta property=\"og:locale\" content=\"pt_BR\" \/>\n<meta property=\"og:type\" content=\"article\" \/>\n<meta property=\"og:title\" content=\"Catedral de Campinas recebe flores em homenagem a v\u00edtimas de atirador - PORTAL DE NOT\u00cdCIAS CLEITON PINHEIRO\" \/>\n<meta property=\"og:description\" content=\"A Catedral Metropolitana de Campinas permaneceu fechada na manh\u00e3 de hoje (12), ap\u00f3s a trag\u00e9dia envolvendo Euler Grandolpho, de 49 anos, que entrou ontem na igreja e matou quatro pessoas a tiros, antes de tirar a pr\u00f3pria vida. Ainda n\u00e3o foram esclarecidas as raz\u00f5es do ataque. Foram colocadas flores em homenagem aos mortos no port\u00e3o [&hellip;]\" \/>\n<meta property=\"og:url\" content=\"https:\/\/cleitonpinheiro.com.br\/site\/catedral-de-campinas-recebe-flores-em-homenagem-a-vitimas-de-atirador\/\" \/>\n<meta property=\"og:site_name\" content=\"PORTAL DE NOT\u00cdCIAS CLEITON PINHEIRO\" \/>\n<meta property=\"article:publisher\" content=\"https:\/\/www.facebook.com\/portalcpnoticias\/\" \/>\n<meta property=\"article:published_time\" content=\"2018-12-12T15:34:36+00:00\" \/>\n<meta property=\"article:modified_time\" content=\"2022-08-12T18:00:37+00:00\" \/>\n<meta name=\"author\" content=\"RGF Sistemas\" \/>\n<meta name=\"twitter:card\" content=\"summary_large_image\" \/>\n<meta name=\"twitter:label1\" content=\"Escrito por\" \/>\n\t<meta name=\"twitter:data1\" content=\"RGF Sistemas\" \/>\n\t<meta name=\"twitter:label2\" content=\"Est. tempo de leitura\" \/>\n\t<meta name=\"twitter:data2\" content=\"2 minutos\" \/>\n<script type=\"application\/ld+json\" class=\"yoast-schema-graph\">{\"@context\":\"https:\/\/schema.org\",\"@graph\":[{\"@type\":\"Article\",\"@id\":\"https:\/\/cleitonpinheiro.com.br\/site\/catedral-de-campinas-recebe-flores-em-homenagem-a-vitimas-de-atirador\/#article\",\"isPartOf\":{\"@id\":\"https:\/\/cleitonpinheiro.com.br\/site\/catedral-de-campinas-recebe-flores-em-homenagem-a-vitimas-de-atirador\/\"},\"author\":{\"name\":\"RGF Sistemas\",\"@id\":\"https:\/\/cleitonpinheiro.com.br\/site\/#\/schema\/person\/b7621891c193194dd412fdc1ff9b2b41\"},\"headline\":\"Catedral de Campinas recebe flores em homenagem a v\u00edtimas de atirador\",\"datePublished\":\"2018-12-12T15:34:36+00:00\",\"dateModified\":\"2022-08-12T18:00:37+00:00\",\"mainEntityOfPage\":{\"@id\":\"https:\/\/cleitonpinheiro.com.br\/site\/catedral-de-campinas-recebe-flores-em-homenagem-a-vitimas-de-atirador\/\"},\"wordCount\":329,\"commentCount\":0,\"publisher\":{\"@id\":\"https:\/\/cleitonpinheiro.com.br\/site\/#organization\"},\"image\":{\"@id\":\"https:\/\/cleitonpinheiro.com.br\/site\/catedral-de-campinas-recebe-flores-em-homenagem-a-vitimas-de-atirador\/#primaryimage\"},\"thumbnailUrl\":\"\",\"articleSection\":[\"BRASIL \/ MUNDO\",\"TODAS NOTICIAS\"],\"inLanguage\":\"pt-BR\",\"potentialAction\":[{\"@type\":\"CommentAction\",\"name\":\"Comment\",\"target\":[\"https:\/\/cleitonpinheiro.com.br\/site\/catedral-de-campinas-recebe-flores-em-homenagem-a-vitimas-de-atirador\/#respond\"]}]},{\"@type\":\"WebPage\",\"@id\":\"https:\/\/cleitonpinheiro.com.br\/site\/catedral-de-campinas-recebe-flores-em-homenagem-a-vitimas-de-atirador\/\",\"url\":\"https:\/\/cleitonpinheiro.com.br\/site\/catedral-de-campinas-recebe-flores-em-homenagem-a-vitimas-de-atirador\/\",\"name\":\"Catedral de Campinas recebe flores em homenagem a v\u00edtimas de atirador - PORTAL DE NOT\u00cdCIAS CLEITON PINHEIRO\",\"isPartOf\":{\"@id\":\"https:\/\/cleitonpinheiro.com.br\/site\/#website\"},\"primaryImageOfPage\":{\"@id\":\"https:\/\/cleitonpinheiro.com.br\/site\/catedral-de-campinas-recebe-flores-em-homenagem-a-vitimas-de-atirador\/#primaryimage\"},\"image\":{\"@id\":\"https:\/\/cleitonpinheiro.com.br\/site\/catedral-de-campinas-recebe-flores-em-homenagem-a-vitimas-de-atirador\/#primaryimage\"},\"thumbnailUrl\":\"\",\"datePublished\":\"2018-12-12T15:34:36+00:00\",\"dateModified\":\"2022-08-12T18:00:37+00:00\",\"breadcrumb\":{\"@id\":\"https:\/\/cleitonpinheiro.com.br\/site\/catedral-de-campinas-recebe-flores-em-homenagem-a-vitimas-de-atirador\/#breadcrumb\"},\"inLanguage\":\"pt-BR\",\"potentialAction\":[{\"@type\":\"ReadAction\",\"target\":[\"https:\/\/cleitonpinheiro.com.br\/site\/catedral-de-campinas-recebe-flores-em-homenagem-a-vitimas-de-atirador\/\"]}]},{\"@type\":\"ImageObject\",\"inLanguage\":\"pt-BR\",\"@id\":\"https:\/\/cleitonpinheiro.com.br\/site\/catedral-de-campinas-recebe-flores-em-homenagem-a-vitimas-de-atirador\/#primaryimage\",\"url\":\"\",\"contentUrl\":\"\"},{\"@type\":\"BreadcrumbList\",\"@id\":\"https:\/\/cleitonpinheiro.com.br\/site\/catedral-de-campinas-recebe-flores-em-homenagem-a-vitimas-de-atirador\/#breadcrumb\",\"itemListElement\":[{\"@type\":\"ListItem\",\"position\":1,\"name\":\"In\u00edcio\",\"item\":\"https:\/\/cleitonpinheiro.com.br\/site\/\"},{\"@type\":\"ListItem\",\"position\":2,\"name\":\"Catedral de Campinas recebe flores em homenagem a v\u00edtimas de atirador\"}]},{\"@type\":\"WebSite\",\"@id\":\"https:\/\/cleitonpinheiro.com.br\/site\/#website\",\"url\":\"https:\/\/cleitonpinheiro.com.br\/site\/\",\"name\":\"PORTAL DE NOT\u00cdCIAS CLEITON PINHEIRO\",\"description\":\"FALANDO A VERDADE\",\"publisher\":{\"@id\":\"https:\/\/cleitonpinheiro.com.br\/site\/#organization\"},\"potentialAction\":[{\"@type\":\"SearchAction\",\"target\":{\"@type\":\"EntryPoint\",\"urlTemplate\":\"https:\/\/cleitonpinheiro.com.br\/site\/?s={search_term_string}\"},\"query-input\":{\"@type\":\"PropertyValueSpecification\",\"valueRequired\":true,\"valueName\":\"search_term_string\"}}],\"inLanguage\":\"pt-BR\"},{\"@type\":\"Organization\",\"@id\":\"https:\/\/cleitonpinheiro.com.br\/site\/#organization\",\"name\":\"CPNOT\u00cdCIAS\",\"url\":\"https:\/\/cleitonpinheiro.com.br\/site\/\",\"logo\":{\"@type\":\"ImageObject\",\"inLanguage\":\"pt-BR\",\"@id\":\"https:\/\/cleitonpinheiro.com.br\/site\/#\/schema\/logo\/image\/\",\"url\":\"https:\/\/cleitonpinheiro.com.br\/site\/wp-content\/uploads\/2022\/08\/Logo-pequena-2.png\",\"contentUrl\":\"https:\/\/cleitonpinheiro.com.br\/site\/wp-content\/uploads\/2022\/08\/Logo-pequena-2.png\",\"width\":500,\"height\":500,\"caption\":\"CPNOT\u00cdCIAS\"},\"image\":{\"@id\":\"https:\/\/cleitonpinheiro.com.br\/site\/#\/schema\/logo\/image\/\"},\"sameAs\":[\"https:\/\/www.facebook.com\/portalcpnoticias\/\"]},{\"@type\":\"Person\",\"@id\":\"https:\/\/cleitonpinheiro.com.br\/site\/#\/schema\/person\/b7621891c193194dd412fdc1ff9b2b41\",\"name\":\"RGF Sistemas\",\"image\":{\"@type\":\"ImageObject\",\"inLanguage\":\"pt-BR\",\"@id\":\"https:\/\/cleitonpinheiro.com.br\/site\/#\/schema\/person\/image\/\",\"url\":\"https:\/\/secure.gravatar.com\/avatar\/59e110c11e5eecf4636340abed101b4cddb70ca9f64acab0fe8863bcc0a66b2d?s=96&r=g\",\"contentUrl\":\"https:\/\/secure.gravatar.com\/avatar\/59e110c11e5eecf4636340abed101b4cddb70ca9f64acab0fe8863bcc0a66b2d?s=96&r=g\",\"caption\":\"RGF Sistemas\"},\"url\":\"https:\/\/cleitonpinheiro.com.br\/site\/author\/rgfsite\/\"}]}<\/script>\n<!-- \/ Yoast SEO plugin. -->","yoast_head_json":{"title":"Catedral de Campinas recebe flores em homenagem a v\u00edtimas de atirador - PORTAL DE NOT\u00cdCIAS CLEITON PINHEIRO","robots":{"index":"index","follow":"follow","max-snippet":"max-snippet:-1","max-image-preview":"max-image-preview:large","max-video-preview":"max-video-preview:-1"},"canonical":"https:\/\/cleitonpinheiro.com.br\/site\/catedral-de-campinas-recebe-flores-em-homenagem-a-vitimas-de-atirador\/","og_locale":"pt_BR","og_type":"article","og_title":"Catedral de Campinas recebe flores em homenagem a v\u00edtimas de atirador - PORTAL DE NOT\u00cdCIAS CLEITON PINHEIRO","og_description":"A Catedral Metropolitana de Campinas permaneceu fechada na manh\u00e3 de hoje (12), ap\u00f3s a trag\u00e9dia envolvendo Euler Grandolpho, de 49 anos, que entrou ontem na igreja e matou quatro pessoas a tiros, antes de tirar a pr\u00f3pria vida. Ainda n\u00e3o foram esclarecidas as raz\u00f5es do ataque. Foram colocadas flores em homenagem aos mortos no port\u00e3o [&hellip;]","og_url":"https:\/\/cleitonpinheiro.com.br\/site\/catedral-de-campinas-recebe-flores-em-homenagem-a-vitimas-de-atirador\/","og_site_name":"PORTAL DE NOT\u00cdCIAS CLEITON PINHEIRO","article_publisher":"https:\/\/www.facebook.com\/portalcpnoticias\/","article_published_time":"2018-12-12T15:34:36+00:00","article_modified_time":"2022-08-12T18:00:37+00:00","author":"RGF Sistemas","twitter_card":"summary_large_image","twitter_misc":{"Escrito por":"RGF Sistemas","Est. tempo de leitura":"2 minutos"},"schema":{"@context":"https:\/\/schema.org","@graph":[{"@type":"Article","@id":"https:\/\/cleitonpinheiro.com.br\/site\/catedral-de-campinas-recebe-flores-em-homenagem-a-vitimas-de-atirador\/#article","isPartOf":{"@id":"https:\/\/cleitonpinheiro.com.br\/site\/catedral-de-campinas-recebe-flores-em-homenagem-a-vitimas-de-atirador\/"},"author":{"name":"RGF Sistemas","@id":"https:\/\/cleitonpinheiro.com.br\/site\/#\/schema\/person\/b7621891c193194dd412fdc1ff9b2b41"},"headline":"Catedral de Campinas recebe flores em homenagem a v\u00edtimas de atirador","datePublished":"2018-12-12T15:34:36+00:00","dateModified":"2022-08-12T18:00:37+00:00","mainEntityOfPage":{"@id":"https:\/\/cleitonpinheiro.com.br\/site\/catedral-de-campinas-recebe-flores-em-homenagem-a-vitimas-de-atirador\/"},"wordCount":329,"commentCount":0,"publisher":{"@id":"https:\/\/cleitonpinheiro.com.br\/site\/#organization"},"image":{"@id":"https:\/\/cleitonpinheiro.com.br\/site\/catedral-de-campinas-recebe-flores-em-homenagem-a-vitimas-de-atirador\/#primaryimage"},"thumbnailUrl":"","articleSection":["BRASIL \/ MUNDO","TODAS NOTICIAS"],"inLanguage":"pt-BR","potentialAction":[{"@type":"CommentAction","name":"Comment","target":["https:\/\/cleitonpinheiro.com.br\/site\/catedral-de-campinas-recebe-flores-em-homenagem-a-vitimas-de-atirador\/#respond"]}]},{"@type":"WebPage","@id":"https:\/\/cleitonpinheiro.com.br\/site\/catedral-de-campinas-recebe-flores-em-homenagem-a-vitimas-de-atirador\/","url":"https:\/\/cleitonpinheiro.com.br\/site\/catedral-de-campinas-recebe-flores-em-homenagem-a-vitimas-de-atirador\/","name":"Catedral de Campinas recebe flores em homenagem a v\u00edtimas de atirador - PORTAL DE NOT\u00cdCIAS CLEITON PINHEIRO","isPartOf":{"@id":"https:\/\/cleitonpinheiro.com.br\/site\/#website"},"primaryImageOfPage":{"@id":"https:\/\/cleitonpinheiro.com.br\/site\/catedral-de-campinas-recebe-flores-em-homenagem-a-vitimas-de-atirador\/#primaryimage"},"image":{"@id":"https:\/\/cleitonpinheiro.com.br\/site\/catedral-de-campinas-recebe-flores-em-homenagem-a-vitimas-de-atirador\/#primaryimage"},"thumbnailUrl":"","datePublished":"2018-12-12T15:34:36+00:00","dateModified":"2022-08-12T18:00:37+00:00","breadcrumb":{"@id":"https:\/\/cleitonpinheiro.com.br\/site\/catedral-de-campinas-recebe-flores-em-homenagem-a-vitimas-de-atirador\/#breadcrumb"},"inLanguage":"pt-BR","potentialAction":[{"@type":"ReadAction","target":["https:\/\/cleitonpinheiro.com.br\/site\/catedral-de-campinas-recebe-flores-em-homenagem-a-vitimas-de-atirador\/"]}]},{"@type":"ImageObject","inLanguage":"pt-BR","@id":"https:\/\/cleitonpinheiro.com.br\/site\/catedral-de-campinas-recebe-flores-em-homenagem-a-vitimas-de-atirador\/#primaryimage","url":"","contentUrl":""},{"@type":"BreadcrumbList","@id":"https:\/\/cleitonpinheiro.com.br\/site\/catedral-de-campinas-recebe-flores-em-homenagem-a-vitimas-de-atirador\/#breadcrumb","itemListElement":[{"@type":"ListItem","position":1,"name":"In\u00edcio","item":"https:\/\/cleitonpinheiro.com.br\/site\/"},{"@type":"ListItem","position":2,"name":"Catedral de Campinas recebe flores em homenagem a v\u00edtimas de atirador"}]},{"@type":"WebSite","@id":"https:\/\/cleitonpinheiro.com.br\/site\/#website","url":"https:\/\/cleitonpinheiro.com.br\/site\/","name":"PORTAL DE NOT\u00cdCIAS CLEITON PINHEIRO","description":"FALANDO A VERDADE","publisher":{"@id":"https:\/\/cleitonpinheiro.com.br\/site\/#organization"},"potentialAction":[{"@type":"SearchAction","target":{"@type":"EntryPoint","urlTemplate":"https:\/\/cleitonpinheiro.com.br\/site\/?s={search_term_string}"},"query-input":{"@type":"PropertyValueSpecification","valueRequired":true,"valueName":"search_term_string"}}],"inLanguage":"pt-BR"},{"@type":"Organization","@id":"https:\/\/cleitonpinheiro.com.br\/site\/#organization","name":"CPNOT\u00cdCIAS","url":"https:\/\/cleitonpinheiro.com.br\/site\/","logo":{"@type":"ImageObject","inLanguage":"pt-BR","@id":"https:\/\/cleitonpinheiro.com.br\/site\/#\/schema\/logo\/image\/","url":"https:\/\/cleitonpinheiro.com.br\/site\/wp-content\/uploads\/2022\/08\/Logo-pequena-2.png","contentUrl":"https:\/\/cleitonpinheiro.com.br\/site\/wp-content\/uploads\/2022\/08\/Logo-pequena-2.png","width":500,"height":500,"caption":"CPNOT\u00cdCIAS"},"image":{"@id":"https:\/\/cleitonpinheiro.com.br\/site\/#\/schema\/logo\/image\/"},"sameAs":["https:\/\/www.facebook.com\/portalcpnoticias\/"]},{"@type":"Person","@id":"https:\/\/cleitonpinheiro.com.br\/site\/#\/schema\/person\/b7621891c193194dd412fdc1ff9b2b41","name":"RGF Sistemas","image":{"@type":"ImageObject","inLanguage":"pt-BR","@id":"https:\/\/cleitonpinheiro.com.br\/site\/#\/schema\/person\/image\/","url":"https:\/\/secure.gravatar.com\/avatar\/59e110c11e5eecf4636340abed101b4cddb70ca9f64acab0fe8863bcc0a66b2d?s=96&r=g","contentUrl":"https:\/\/secure.gravatar.com\/avatar\/59e110c11e5eecf4636340abed101b4cddb70ca9f64acab0fe8863bcc0a66b2d?s=96&r=g","caption":"RGF Sistemas"},"url":"https:\/\/cleitonpinheiro.com.br\/site\/author\/rgfsite\/"}]}},"views":255,"_links":{"self":[{"href":"https:\/\/cleitonpinheiro.com.br\/site\/wp-json\/wp\/v2\/posts\/5600","targetHints":{"allow":["GET"]}}],"collection":[{"href":"https:\/\/cleitonpinheiro.com.br\/site\/wp-json\/wp\/v2\/posts"}],"about":[{"href":"https:\/\/cleitonpinheiro.com.br\/site\/wp-json\/wp\/v2\/types\/post"}],"author":[{"embeddable":true,"href":"https:\/\/cleitonpinheiro.com.br\/site\/wp-json\/wp\/v2\/users\/9"}],"replies":[{"embeddable":true,"href":"https:\/\/cleitonpinheiro.com.br\/site\/wp-json\/wp\/v2\/comments?post=5600"}],"version-history":[{"count":1,"href":"https:\/\/cleitonpinheiro.com.br\/site\/wp-json\/wp\/v2\/posts\/5600\/revisions"}],"predecessor-version":[{"id":61796,"href":"https:\/\/cleitonpinheiro.com.br\/site\/wp-json\/wp\/v2\/posts\/5600\/revisions\/61796"}],"wp:featuredmedia":[{"embeddable":true,"href":"https:\/\/cleitonpinheiro.com.br\/site\/wp-json\/"}],"wp:attachment":[{"href":"https:\/\/cleitonpinheiro.com.br\/site\/wp-json\/wp\/v2\/media?parent=5600"}],"wp:term":[{"taxonomy":"category","embeddable":true,"href":"https:\/\/cleitonpinheiro.com.br\/site\/wp-json\/wp\/v2\/categories?post=5600"},{"taxonomy":"post_tag","embeddable":true,"href":"https:\/\/cleitonpinheiro.com.br\/site\/wp-json\/wp\/v2\/tags?post=5600"}],"curies":[{"name":"wp","href":"https:\/\/api.w.org\/{rel}","templated":true}]}}