{"id":5605,"date":"2018-12-12T13:42:06","date_gmt":"2018-12-12T15:42:06","guid":{"rendered":"http:\/\/cleitonpinheiro.com.br\/portal\/?p=5605"},"modified":"2022-09-24T09:00:28","modified_gmt":"2022-09-24T12:00:28","slug":"juiz-nao-deve-expressar-opiniao-pessoal-em-redes-sociais-diz-toffoli","status":"publish","type":"post","link":"https:\/\/cleitonpinheiro.com.br\/site\/juiz-nao-deve-expressar-opiniao-pessoal-em-redes-sociais-diz-toffoli\/","title":{"rendered":"Juiz n\u00e3o deve expressar opini\u00e3o pessoal em redes"},"content":{"rendered":"\n<figure class=\"wp-block-image\"><img decoding=\"async\" src=\"http:\/\/cleitonpinheiro.com.br\/portal\/wp-content\/uploads\/2018\/12\/Dias-Toffoli_Antnio-Cruz-ABr-1024x683.jpg\" alt=\"\" class=\"wp-image-5606\"\/><figcaption>Toffoli:\u00a0<br \/>&#8220;N\u00f3s temos que nos resguardar, n\u00f3s temos que nos preservar, sen\u00e3o perdemos nossa autoridade, simples assim&#8221;. Foto: Ant\u00f4nio Cruz\/ABr<\/figcaption><\/figure>\n\n\n<p>O presidente do Supremo Tribunal Federal (STF), ministro Dias Toffoli, disse hoje (12) que, em sua avalia\u00e7\u00e3o, os magistrados brasileiros precisam se resguardar e n\u00e3o devem expressar opini\u00f5es e desejos pessoais publicamente, em especial nas redes sociais.<\/p>\n\n\n<p>\u201cEu n\u00e3o me sinto, nem agora como presidente do Supremo, autorizado para falar em nome pessoal [sobre] quest\u00f5es relativas a opini\u00f5es que possa ter, desejos que possa ter. Porque o juiz n\u00e3o pode, \u00e9 um encargo, \u00e9 um \u00f4nus que n\u00f3s temos\u201d, afirmou. \u201cN\u00f3s temos que nos resguardar, n\u00f3s temos que nos preservar, sen\u00e3o perdemos nossa autoridade, simples assim.\u201d<\/p>\n\n\n<p>Toffoli acrescentou que por pensar assim n\u00e3o possui nenhum perfil em redes sociais. \u201cEu at\u00e9 hoje nunca o fiz em respeito \u00e0 institui\u00e7\u00e3o que eu integro\u201d, disse. Ao menos dois ministros do Supremo \u2013 Gilmar Mendes e Alexandre de Moraes \u2013 mant\u00eam contas ativas no Twitter.<\/p>\n\n\n<p>A manifesta\u00e7\u00e3o do ministro ocorre um dia depois de o Conselho Nacional de Justi\u00e7a (CNJ), presidido por Toffoli, ter arquivado, por unanimidade, 12 procedimentos que apuravam manifesta\u00e7\u00f5es feitas em redes sociais por magistrados durante as elei\u00e7\u00f5es de outubro.<\/p>\n\n\n<p>O arquivamento foi realizado sob a justificativa de que a norma que disciplina a manifesta\u00e7\u00e3o de magistrados nas redes sociais (provimento 71\/2018), publicada em junho, \u00e9 muito recente, motivo pelo qual seria &#8220;poss\u00edvel que no pleito eleitoral do ano em curso alguns ju\u00edzes n\u00e3o tenham compreendido o alcance das suas limita\u00e7\u00f5es quanto a manifesta\u00e7\u00f5es em redes sociais&#8221;, disse o corregedor-nacional de Justi\u00e7a, Humberto Martins, em seu voto.<\/p>\n\n\n<p>Nesta quarta-feira, em evento sobre o tema na Escola Nacional de Forma\u00e7\u00e3o e Aperfei\u00e7oamento de Magistrados do Trabalho (Enamat), Toffoli anunciou que um semin\u00e1rio deve ser realizado no in\u00edcio de 2019 para orientar os magistrados sobre a conduta em redes sociais.<\/p>\n","protected":false},"excerpt":{"rendered":"<p>O presidente do Supremo Tribunal Federal (STF), ministro Dias Toffoli, disse hoje (12) que, em sua avalia\u00e7\u00e3o, os magistrados brasileiros precisam se resguardar e n\u00e3o devem expressar opini\u00f5es e desejos pessoais publicamente, em especial nas redes sociais. \u201cEu n\u00e3o me sinto, nem agora como presidente do Supremo, autorizado para falar em nome pessoal [sobre] quest\u00f5es [&hellip;]<\/p>\n","protected":false},"author":9,"featured_media":5606,"comment_status":"open","ping_status":"open","sticky":false,"template":"","format":"standard","meta":{"_acf_changed":false,"footnotes":""},"categories":[19,21],"tags":[],"class_list":["post-5605","post","type-post","status-publish","format-standard","has-post-thumbnail","hentry","category-brasil-mundo","category-todas-noticias"],"acf":[],"yoast_head":"<!-- This site is optimized with the Yoast SEO plugin v24.4 - https:\/\/yoast.com\/wordpress\/plugins\/seo\/ -->\n<title>Juiz n\u00e3o deve expressar opini\u00e3o pessoal em redes - PORTAL DE NOT\u00cdCIAS CLEITON PINHEIRO<\/title>\n<meta name=\"robots\" content=\"index, follow, max-snippet:-1, max-image-preview:large, max-video-preview:-1\" \/>\n<link rel=\"canonical\" href=\"https:\/\/cleitonpinheiro.com.br\/site\/juiz-nao-deve-expressar-opiniao-pessoal-em-redes-sociais-diz-toffoli\/\" \/>\n<meta property=\"og:locale\" content=\"pt_BR\" \/>\n<meta property=\"og:type\" content=\"article\" \/>\n<meta property=\"og:title\" content=\"Juiz n\u00e3o deve expressar opini\u00e3o pessoal em redes - PORTAL DE NOT\u00cdCIAS CLEITON PINHEIRO\" \/>\n<meta property=\"og:description\" content=\"O presidente do Supremo Tribunal Federal (STF), ministro Dias Toffoli, disse hoje (12) que, em sua avalia\u00e7\u00e3o, os magistrados brasileiros precisam se resguardar e n\u00e3o devem expressar opini\u00f5es e desejos pessoais publicamente, em especial nas redes sociais. \u201cEu n\u00e3o me sinto, nem agora como presidente do Supremo, autorizado para falar em nome pessoal [sobre] quest\u00f5es [&hellip;]\" \/>\n<meta property=\"og:url\" content=\"https:\/\/cleitonpinheiro.com.br\/site\/juiz-nao-deve-expressar-opiniao-pessoal-em-redes-sociais-diz-toffoli\/\" \/>\n<meta property=\"og:site_name\" content=\"PORTAL DE NOT\u00cdCIAS CLEITON PINHEIRO\" \/>\n<meta property=\"article:publisher\" content=\"https:\/\/www.facebook.com\/portalcpnoticias\/\" \/>\n<meta property=\"article:published_time\" content=\"2018-12-12T15:42:06+00:00\" \/>\n<meta property=\"article:modified_time\" content=\"2022-09-24T12:00:28+00:00\" \/>\n<meta name=\"author\" content=\"RGF Sistemas\" \/>\n<meta name=\"twitter:card\" content=\"summary_large_image\" \/>\n<meta name=\"twitter:label1\" content=\"Escrito por\" \/>\n\t<meta name=\"twitter:data1\" content=\"RGF Sistemas\" \/>\n\t<meta name=\"twitter:label2\" content=\"Est. tempo de leitura\" \/>\n\t<meta name=\"twitter:data2\" content=\"2 minutos\" \/>\n<script type=\"application\/ld+json\" class=\"yoast-schema-graph\">{\"@context\":\"https:\/\/schema.org\",\"@graph\":[{\"@type\":\"Article\",\"@id\":\"https:\/\/cleitonpinheiro.com.br\/site\/juiz-nao-deve-expressar-opiniao-pessoal-em-redes-sociais-diz-toffoli\/#article\",\"isPartOf\":{\"@id\":\"https:\/\/cleitonpinheiro.com.br\/site\/juiz-nao-deve-expressar-opiniao-pessoal-em-redes-sociais-diz-toffoli\/\"},\"author\":{\"name\":\"RGF Sistemas\",\"@id\":\"https:\/\/cleitonpinheiro.com.br\/site\/#\/schema\/person\/b7621891c193194dd412fdc1ff9b2b41\"},\"headline\":\"Juiz n\u00e3o deve expressar opini\u00e3o pessoal em redes\",\"datePublished\":\"2018-12-12T15:42:06+00:00\",\"dateModified\":\"2022-09-24T12:00:28+00:00\",\"mainEntityOfPage\":{\"@id\":\"https:\/\/cleitonpinheiro.com.br\/site\/juiz-nao-deve-expressar-opiniao-pessoal-em-redes-sociais-diz-toffoli\/\"},\"wordCount\":342,\"commentCount\":0,\"publisher\":{\"@id\":\"https:\/\/cleitonpinheiro.com.br\/site\/#organization\"},\"image\":{\"@id\":\"https:\/\/cleitonpinheiro.com.br\/site\/juiz-nao-deve-expressar-opiniao-pessoal-em-redes-sociais-diz-toffoli\/#primaryimage\"},\"thumbnailUrl\":\"\",\"articleSection\":[\"BRASIL \/ MUNDO\",\"TODAS NOTICIAS\"],\"inLanguage\":\"pt-BR\",\"potentialAction\":[{\"@type\":\"CommentAction\",\"name\":\"Comment\",\"target\":[\"https:\/\/cleitonpinheiro.com.br\/site\/juiz-nao-deve-expressar-opiniao-pessoal-em-redes-sociais-diz-toffoli\/#respond\"]}]},{\"@type\":\"WebPage\",\"@id\":\"https:\/\/cleitonpinheiro.com.br\/site\/juiz-nao-deve-expressar-opiniao-pessoal-em-redes-sociais-diz-toffoli\/\",\"url\":\"https:\/\/cleitonpinheiro.com.br\/site\/juiz-nao-deve-expressar-opiniao-pessoal-em-redes-sociais-diz-toffoli\/\",\"name\":\"Juiz n\u00e3o deve expressar opini\u00e3o pessoal em redes - PORTAL DE NOT\u00cdCIAS CLEITON PINHEIRO\",\"isPartOf\":{\"@id\":\"https:\/\/cleitonpinheiro.com.br\/site\/#website\"},\"primaryImageOfPage\":{\"@id\":\"https:\/\/cleitonpinheiro.com.br\/site\/juiz-nao-deve-expressar-opiniao-pessoal-em-redes-sociais-diz-toffoli\/#primaryimage\"},\"image\":{\"@id\":\"https:\/\/cleitonpinheiro.com.br\/site\/juiz-nao-deve-expressar-opiniao-pessoal-em-redes-sociais-diz-toffoli\/#primaryimage\"},\"thumbnailUrl\":\"\",\"datePublished\":\"2018-12-12T15:42:06+00:00\",\"dateModified\":\"2022-09-24T12:00:28+00:00\",\"breadcrumb\":{\"@id\":\"https:\/\/cleitonpinheiro.com.br\/site\/juiz-nao-deve-expressar-opiniao-pessoal-em-redes-sociais-diz-toffoli\/#breadcrumb\"},\"inLanguage\":\"pt-BR\",\"potentialAction\":[{\"@type\":\"ReadAction\",\"target\":[\"https:\/\/cleitonpinheiro.com.br\/site\/juiz-nao-deve-expressar-opiniao-pessoal-em-redes-sociais-diz-toffoli\/\"]}]},{\"@type\":\"ImageObject\",\"inLanguage\":\"pt-BR\",\"@id\":\"https:\/\/cleitonpinheiro.com.br\/site\/juiz-nao-deve-expressar-opiniao-pessoal-em-redes-sociais-diz-toffoli\/#primaryimage\",\"url\":\"\",\"contentUrl\":\"\"},{\"@type\":\"BreadcrumbList\",\"@id\":\"https:\/\/cleitonpinheiro.com.br\/site\/juiz-nao-deve-expressar-opiniao-pessoal-em-redes-sociais-diz-toffoli\/#breadcrumb\",\"itemListElement\":[{\"@type\":\"ListItem\",\"position\":1,\"name\":\"In\u00edcio\",\"item\":\"https:\/\/cleitonpinheiro.com.br\/site\/\"},{\"@type\":\"ListItem\",\"position\":2,\"name\":\"Juiz n\u00e3o deve expressar opini\u00e3o pessoal em redes\"}]},{\"@type\":\"WebSite\",\"@id\":\"https:\/\/cleitonpinheiro.com.br\/site\/#website\",\"url\":\"https:\/\/cleitonpinheiro.com.br\/site\/\",\"name\":\"PORTAL DE NOT\u00cdCIAS CLEITON PINHEIRO\",\"description\":\"FALANDO A VERDADE\",\"publisher\":{\"@id\":\"https:\/\/cleitonpinheiro.com.br\/site\/#organization\"},\"potentialAction\":[{\"@type\":\"SearchAction\",\"target\":{\"@type\":\"EntryPoint\",\"urlTemplate\":\"https:\/\/cleitonpinheiro.com.br\/site\/?s={search_term_string}\"},\"query-input\":{\"@type\":\"PropertyValueSpecification\",\"valueRequired\":true,\"valueName\":\"search_term_string\"}}],\"inLanguage\":\"pt-BR\"},{\"@type\":\"Organization\",\"@id\":\"https:\/\/cleitonpinheiro.com.br\/site\/#organization\",\"name\":\"CPNOT\u00cdCIAS\",\"url\":\"https:\/\/cleitonpinheiro.com.br\/site\/\",\"logo\":{\"@type\":\"ImageObject\",\"inLanguage\":\"pt-BR\",\"@id\":\"https:\/\/cleitonpinheiro.com.br\/site\/#\/schema\/logo\/image\/\",\"url\":\"https:\/\/cleitonpinheiro.com.br\/site\/wp-content\/uploads\/2022\/08\/Logo-pequena-2.png\",\"contentUrl\":\"https:\/\/cleitonpinheiro.com.br\/site\/wp-content\/uploads\/2022\/08\/Logo-pequena-2.png\",\"width\":500,\"height\":500,\"caption\":\"CPNOT\u00cdCIAS\"},\"image\":{\"@id\":\"https:\/\/cleitonpinheiro.com.br\/site\/#\/schema\/logo\/image\/\"},\"sameAs\":[\"https:\/\/www.facebook.com\/portalcpnoticias\/\"]},{\"@type\":\"Person\",\"@id\":\"https:\/\/cleitonpinheiro.com.br\/site\/#\/schema\/person\/b7621891c193194dd412fdc1ff9b2b41\",\"name\":\"RGF Sistemas\",\"image\":{\"@type\":\"ImageObject\",\"inLanguage\":\"pt-BR\",\"@id\":\"https:\/\/cleitonpinheiro.com.br\/site\/#\/schema\/person\/image\/\",\"url\":\"https:\/\/secure.gravatar.com\/avatar\/59e110c11e5eecf4636340abed101b4cddb70ca9f64acab0fe8863bcc0a66b2d?s=96&r=g\",\"contentUrl\":\"https:\/\/secure.gravatar.com\/avatar\/59e110c11e5eecf4636340abed101b4cddb70ca9f64acab0fe8863bcc0a66b2d?s=96&r=g\",\"caption\":\"RGF Sistemas\"},\"url\":\"https:\/\/cleitonpinheiro.com.br\/site\/author\/rgfsite\/\"}]}<\/script>\n<!-- \/ Yoast SEO plugin. -->","yoast_head_json":{"title":"Juiz n\u00e3o deve expressar opini\u00e3o pessoal em redes - PORTAL DE NOT\u00cdCIAS CLEITON PINHEIRO","robots":{"index":"index","follow":"follow","max-snippet":"max-snippet:-1","max-image-preview":"max-image-preview:large","max-video-preview":"max-video-preview:-1"},"canonical":"https:\/\/cleitonpinheiro.com.br\/site\/juiz-nao-deve-expressar-opiniao-pessoal-em-redes-sociais-diz-toffoli\/","og_locale":"pt_BR","og_type":"article","og_title":"Juiz n\u00e3o deve expressar opini\u00e3o pessoal em redes - PORTAL DE NOT\u00cdCIAS CLEITON PINHEIRO","og_description":"O presidente do Supremo Tribunal Federal (STF), ministro Dias Toffoli, disse hoje (12) que, em sua avalia\u00e7\u00e3o, os magistrados brasileiros precisam se resguardar e n\u00e3o devem expressar opini\u00f5es e desejos pessoais publicamente, em especial nas redes sociais. \u201cEu n\u00e3o me sinto, nem agora como presidente do Supremo, autorizado para falar em nome pessoal [sobre] quest\u00f5es [&hellip;]","og_url":"https:\/\/cleitonpinheiro.com.br\/site\/juiz-nao-deve-expressar-opiniao-pessoal-em-redes-sociais-diz-toffoli\/","og_site_name":"PORTAL DE NOT\u00cdCIAS CLEITON PINHEIRO","article_publisher":"https:\/\/www.facebook.com\/portalcpnoticias\/","article_published_time":"2018-12-12T15:42:06+00:00","article_modified_time":"2022-09-24T12:00:28+00:00","author":"RGF Sistemas","twitter_card":"summary_large_image","twitter_misc":{"Escrito por":"RGF Sistemas","Est. tempo de leitura":"2 minutos"},"schema":{"@context":"https:\/\/schema.org","@graph":[{"@type":"Article","@id":"https:\/\/cleitonpinheiro.com.br\/site\/juiz-nao-deve-expressar-opiniao-pessoal-em-redes-sociais-diz-toffoli\/#article","isPartOf":{"@id":"https:\/\/cleitonpinheiro.com.br\/site\/juiz-nao-deve-expressar-opiniao-pessoal-em-redes-sociais-diz-toffoli\/"},"author":{"name":"RGF Sistemas","@id":"https:\/\/cleitonpinheiro.com.br\/site\/#\/schema\/person\/b7621891c193194dd412fdc1ff9b2b41"},"headline":"Juiz n\u00e3o deve expressar opini\u00e3o pessoal em redes","datePublished":"2018-12-12T15:42:06+00:00","dateModified":"2022-09-24T12:00:28+00:00","mainEntityOfPage":{"@id":"https:\/\/cleitonpinheiro.com.br\/site\/juiz-nao-deve-expressar-opiniao-pessoal-em-redes-sociais-diz-toffoli\/"},"wordCount":342,"commentCount":0,"publisher":{"@id":"https:\/\/cleitonpinheiro.com.br\/site\/#organization"},"image":{"@id":"https:\/\/cleitonpinheiro.com.br\/site\/juiz-nao-deve-expressar-opiniao-pessoal-em-redes-sociais-diz-toffoli\/#primaryimage"},"thumbnailUrl":"","articleSection":["BRASIL \/ MUNDO","TODAS NOTICIAS"],"inLanguage":"pt-BR","potentialAction":[{"@type":"CommentAction","name":"Comment","target":["https:\/\/cleitonpinheiro.com.br\/site\/juiz-nao-deve-expressar-opiniao-pessoal-em-redes-sociais-diz-toffoli\/#respond"]}]},{"@type":"WebPage","@id":"https:\/\/cleitonpinheiro.com.br\/site\/juiz-nao-deve-expressar-opiniao-pessoal-em-redes-sociais-diz-toffoli\/","url":"https:\/\/cleitonpinheiro.com.br\/site\/juiz-nao-deve-expressar-opiniao-pessoal-em-redes-sociais-diz-toffoli\/","name":"Juiz n\u00e3o deve expressar opini\u00e3o pessoal em redes - PORTAL DE NOT\u00cdCIAS CLEITON PINHEIRO","isPartOf":{"@id":"https:\/\/cleitonpinheiro.com.br\/site\/#website"},"primaryImageOfPage":{"@id":"https:\/\/cleitonpinheiro.com.br\/site\/juiz-nao-deve-expressar-opiniao-pessoal-em-redes-sociais-diz-toffoli\/#primaryimage"},"image":{"@id":"https:\/\/cleitonpinheiro.com.br\/site\/juiz-nao-deve-expressar-opiniao-pessoal-em-redes-sociais-diz-toffoli\/#primaryimage"},"thumbnailUrl":"","datePublished":"2018-12-12T15:42:06+00:00","dateModified":"2022-09-24T12:00:28+00:00","breadcrumb":{"@id":"https:\/\/cleitonpinheiro.com.br\/site\/juiz-nao-deve-expressar-opiniao-pessoal-em-redes-sociais-diz-toffoli\/#breadcrumb"},"inLanguage":"pt-BR","potentialAction":[{"@type":"ReadAction","target":["https:\/\/cleitonpinheiro.com.br\/site\/juiz-nao-deve-expressar-opiniao-pessoal-em-redes-sociais-diz-toffoli\/"]}]},{"@type":"ImageObject","inLanguage":"pt-BR","@id":"https:\/\/cleitonpinheiro.com.br\/site\/juiz-nao-deve-expressar-opiniao-pessoal-em-redes-sociais-diz-toffoli\/#primaryimage","url":"","contentUrl":""},{"@type":"BreadcrumbList","@id":"https:\/\/cleitonpinheiro.com.br\/site\/juiz-nao-deve-expressar-opiniao-pessoal-em-redes-sociais-diz-toffoli\/#breadcrumb","itemListElement":[{"@type":"ListItem","position":1,"name":"In\u00edcio","item":"https:\/\/cleitonpinheiro.com.br\/site\/"},{"@type":"ListItem","position":2,"name":"Juiz n\u00e3o deve expressar opini\u00e3o pessoal em redes"}]},{"@type":"WebSite","@id":"https:\/\/cleitonpinheiro.com.br\/site\/#website","url":"https:\/\/cleitonpinheiro.com.br\/site\/","name":"PORTAL DE NOT\u00cdCIAS CLEITON PINHEIRO","description":"FALANDO A VERDADE","publisher":{"@id":"https:\/\/cleitonpinheiro.com.br\/site\/#organization"},"potentialAction":[{"@type":"SearchAction","target":{"@type":"EntryPoint","urlTemplate":"https:\/\/cleitonpinheiro.com.br\/site\/?s={search_term_string}"},"query-input":{"@type":"PropertyValueSpecification","valueRequired":true,"valueName":"search_term_string"}}],"inLanguage":"pt-BR"},{"@type":"Organization","@id":"https:\/\/cleitonpinheiro.com.br\/site\/#organization","name":"CPNOT\u00cdCIAS","url":"https:\/\/cleitonpinheiro.com.br\/site\/","logo":{"@type":"ImageObject","inLanguage":"pt-BR","@id":"https:\/\/cleitonpinheiro.com.br\/site\/#\/schema\/logo\/image\/","url":"https:\/\/cleitonpinheiro.com.br\/site\/wp-content\/uploads\/2022\/08\/Logo-pequena-2.png","contentUrl":"https:\/\/cleitonpinheiro.com.br\/site\/wp-content\/uploads\/2022\/08\/Logo-pequena-2.png","width":500,"height":500,"caption":"CPNOT\u00cdCIAS"},"image":{"@id":"https:\/\/cleitonpinheiro.com.br\/site\/#\/schema\/logo\/image\/"},"sameAs":["https:\/\/www.facebook.com\/portalcpnoticias\/"]},{"@type":"Person","@id":"https:\/\/cleitonpinheiro.com.br\/site\/#\/schema\/person\/b7621891c193194dd412fdc1ff9b2b41","name":"RGF Sistemas","image":{"@type":"ImageObject","inLanguage":"pt-BR","@id":"https:\/\/cleitonpinheiro.com.br\/site\/#\/schema\/person\/image\/","url":"https:\/\/secure.gravatar.com\/avatar\/59e110c11e5eecf4636340abed101b4cddb70ca9f64acab0fe8863bcc0a66b2d?s=96&r=g","contentUrl":"https:\/\/secure.gravatar.com\/avatar\/59e110c11e5eecf4636340abed101b4cddb70ca9f64acab0fe8863bcc0a66b2d?s=96&r=g","caption":"RGF Sistemas"},"url":"https:\/\/cleitonpinheiro.com.br\/site\/author\/rgfsite\/"}]}},"views":259,"_links":{"self":[{"href":"https:\/\/cleitonpinheiro.com.br\/site\/wp-json\/wp\/v2\/posts\/5605","targetHints":{"allow":["GET"]}}],"collection":[{"href":"https:\/\/cleitonpinheiro.com.br\/site\/wp-json\/wp\/v2\/posts"}],"about":[{"href":"https:\/\/cleitonpinheiro.com.br\/site\/wp-json\/wp\/v2\/types\/post"}],"author":[{"embeddable":true,"href":"https:\/\/cleitonpinheiro.com.br\/site\/wp-json\/wp\/v2\/users\/9"}],"replies":[{"embeddable":true,"href":"https:\/\/cleitonpinheiro.com.br\/site\/wp-json\/wp\/v2\/comments?post=5605"}],"version-history":[{"count":1,"href":"https:\/\/cleitonpinheiro.com.br\/site\/wp-json\/wp\/v2\/posts\/5605\/revisions"}],"predecessor-version":[{"id":63260,"href":"https:\/\/cleitonpinheiro.com.br\/site\/wp-json\/wp\/v2\/posts\/5605\/revisions\/63260"}],"wp:featuredmedia":[{"embeddable":true,"href":"https:\/\/cleitonpinheiro.com.br\/site\/wp-json\/"}],"wp:attachment":[{"href":"https:\/\/cleitonpinheiro.com.br\/site\/wp-json\/wp\/v2\/media?parent=5605"}],"wp:term":[{"taxonomy":"category","embeddable":true,"href":"https:\/\/cleitonpinheiro.com.br\/site\/wp-json\/wp\/v2\/categories?post=5605"},{"taxonomy":"post_tag","embeddable":true,"href":"https:\/\/cleitonpinheiro.com.br\/site\/wp-json\/wp\/v2\/tags?post=5605"}],"curies":[{"name":"wp","href":"https:\/\/api.w.org\/{rel}","templated":true}]}}