{"id":5608,"date":"2018-12-12T13:47:01","date_gmt":"2018-12-12T15:47:01","guid":{"rendered":"http:\/\/cleitonpinheiro.com.br\/portal\/?p=5608"},"modified":"2022-08-12T15:00:19","modified_gmt":"2022-08-12T18:00:19","slug":"moro-congresso-e-executivo-nao-foram-audaciosos-contra-corrupcao","status":"publish","type":"post","link":"https:\/\/cleitonpinheiro.com.br\/site\/moro-congresso-e-executivo-nao-foram-audaciosos-contra-corrupcao\/","title":{"rendered":"Moro: n\u00e3o foram &#8220;audaciosos&#8221; contra corrup\u00e7\u00e3o"},"content":{"rendered":"\n<div class=\"wp-block-image\"><figure class=\"alignright is-resized\"><img fetchpriority=\"high\" decoding=\"async\" src=\"http:\/\/cleitonpinheiro.com.br\/portal\/wp-content\/uploads\/2018\/12\/moro.jpg\" alt=\"\" class=\"wp-image-5609\" width=\"337\" height=\"225\"\/><figcaption>Sergio Moro disse que governo eleito apresentar\u00e1 projeto contra crime organizado &#8211; Valter Campanato\/Ag\u00eancia Brasil<\/figcaption><\/figure><\/div>\n\n\n<p>O futuro ministro da Justi\u00e7a e Seguran\u00e7a P\u00fablica, Sergio Moro, disse que Executivo e Legislativo n\u00e3o atuaram de forma \u201caudaciosa\u201d no combate \u00e0 corrup\u00e7\u00e3o. Para ele, faltou uma \u201crea\u00e7\u00e3o robusta\u201d dos dois Poderes. Essa rea\u00e7\u00e3o, segundo Moro, poderia ter vindo em forma de projetos de lei.<\/p>\n\n\n<p>\u201cFaltou, com todo o respeito, da parte dos demais poderes constitu\u00eddos, Executivo e Congresso, a\u00e7\u00f5es mais audaciosas em rela\u00e7\u00e3o \u00e0 grande corrup\u00e7\u00e3o. Projetos de lei que enfrentassem o problema. Faltou uma rea\u00e7\u00e3o institucional, da parte do Executivo e do Congresso, mais robusta em rela\u00e7\u00e3o \u00e0 grande corrup\u00e7\u00e3o\u201d, disse o futuro ministro em palestra realizada na tarde de hoje (11) no Minist\u00e9rio P\u00fablico do Distrito Federal e Territ\u00f3rios (MPDFT).<\/p>\n\n\n<p>Ele afirmou que houve avan\u00e7os no Brasil nesse sentido, mas movido principalmente pelas Cortes de Justi\u00e7a e pelos \u00f3rg\u00e3os que trabalham em conjunto com elas, como as pol\u00edcias, Receita Federal e Conselho de Controle de Atividades Financeiras (Coaf). Al\u00e9m disso, teceu elogios ao Supremo Tribunal Federal (STF), por ter revisado a decis\u00e3o da pris\u00e3o em segunda inst\u00e2ncia e reduzido o alcance do foro privilegiado.<br \/>\nO ex-juiz afirmou que o governo eleito apresentar\u00e1 um projeto de lei para enfrentar a corrup\u00e7\u00e3o, o crime organizado e os crimes violentos. Segundo ele, o texto ser\u00e1 entregue no come\u00e7o do ano que vem, com altera\u00e7\u00f5es pontuais na legisla\u00e7\u00e3o.<\/p>\n\n\n<p>\u201cS\u00e3o, nesse primeiro momento, medidas de altera\u00e7\u00e3o da legisla\u00e7\u00e3o muito pontuais. Visando enfrentar aqueles pontos de estrangulamento da nossa legisla\u00e7\u00e3o ou trazendo medidas simples, mas que podem ser muito efetivas em rela\u00e7\u00e3o ao enfrentamento desses tr\u00eas fen\u00f4menos\u201d.<\/p>\n\n\n<p>Uma das propostas ser\u00e1 deixar mais clara a previs\u00e3o de execu\u00e7\u00e3o de uma condena\u00e7\u00e3o criminal a partir da condena\u00e7\u00e3o em segunda inst\u00e2ncia. \u201cAfinal de contas, a presun\u00e7\u00e3o de inoc\u00eancia tem muito mais a ver com a quest\u00e3o da prova do que propriamente para efeito de recursos\u201d.<\/p>\n","protected":false},"excerpt":{"rendered":"<p>O futuro ministro da Justi\u00e7a e Seguran\u00e7a P\u00fablica, Sergio Moro, disse que Executivo e Legislativo n\u00e3o atuaram de forma \u201caudaciosa\u201d no combate \u00e0 corrup\u00e7\u00e3o. Para ele, faltou uma \u201crea\u00e7\u00e3o robusta\u201d dos dois Poderes. Essa rea\u00e7\u00e3o, segundo Moro, poderia ter vindo em forma de projetos de lei. \u201cFaltou, com todo o respeito, da parte dos demais [&hellip;]<\/p>\n","protected":false},"author":9,"featured_media":5609,"comment_status":"open","ping_status":"open","sticky":false,"template":"","format":"standard","meta":{"_acf_changed":false,"footnotes":""},"categories":[19,21],"tags":[],"class_list":["post-5608","post","type-post","status-publish","format-standard","has-post-thumbnail","hentry","category-brasil-mundo","category-todas-noticias"],"acf":[],"yoast_head":"<!-- This site is optimized with the Yoast SEO plugin v24.4 - https:\/\/yoast.com\/wordpress\/plugins\/seo\/ -->\n<title>Moro: n\u00e3o foram &quot;audaciosos&quot; contra corrup\u00e7\u00e3o - PORTAL DE NOT\u00cdCIAS CLEITON PINHEIRO<\/title>\n<meta name=\"robots\" content=\"index, follow, max-snippet:-1, max-image-preview:large, max-video-preview:-1\" \/>\n<link rel=\"canonical\" href=\"https:\/\/cleitonpinheiro.com.br\/site\/moro-congresso-e-executivo-nao-foram-audaciosos-contra-corrupcao\/\" \/>\n<meta property=\"og:locale\" content=\"pt_BR\" \/>\n<meta property=\"og:type\" content=\"article\" \/>\n<meta property=\"og:title\" content=\"Moro: n\u00e3o foram &quot;audaciosos&quot; contra corrup\u00e7\u00e3o - PORTAL DE NOT\u00cdCIAS CLEITON PINHEIRO\" \/>\n<meta property=\"og:description\" content=\"O futuro ministro da Justi\u00e7a e Seguran\u00e7a P\u00fablica, Sergio Moro, disse que Executivo e Legislativo n\u00e3o atuaram de forma \u201caudaciosa\u201d no combate \u00e0 corrup\u00e7\u00e3o. Para ele, faltou uma \u201crea\u00e7\u00e3o robusta\u201d dos dois Poderes. Essa rea\u00e7\u00e3o, segundo Moro, poderia ter vindo em forma de projetos de lei. \u201cFaltou, com todo o respeito, da parte dos demais [&hellip;]\" \/>\n<meta property=\"og:url\" content=\"https:\/\/cleitonpinheiro.com.br\/site\/moro-congresso-e-executivo-nao-foram-audaciosos-contra-corrupcao\/\" \/>\n<meta property=\"og:site_name\" content=\"PORTAL DE NOT\u00cdCIAS CLEITON PINHEIRO\" \/>\n<meta property=\"article:publisher\" content=\"https:\/\/www.facebook.com\/portalcpnoticias\/\" \/>\n<meta property=\"article:published_time\" content=\"2018-12-12T15:47:01+00:00\" \/>\n<meta property=\"article:modified_time\" content=\"2022-08-12T18:00:19+00:00\" \/>\n<meta name=\"author\" content=\"RGF Sistemas\" \/>\n<meta name=\"twitter:card\" content=\"summary_large_image\" \/>\n<meta name=\"twitter:label1\" content=\"Escrito por\" \/>\n\t<meta name=\"twitter:data1\" content=\"RGF Sistemas\" \/>\n\t<meta name=\"twitter:label2\" content=\"Est. tempo de leitura\" \/>\n\t<meta name=\"twitter:data2\" content=\"2 minutos\" \/>\n<script type=\"application\/ld+json\" class=\"yoast-schema-graph\">{\"@context\":\"https:\/\/schema.org\",\"@graph\":[{\"@type\":\"Article\",\"@id\":\"https:\/\/cleitonpinheiro.com.br\/site\/moro-congresso-e-executivo-nao-foram-audaciosos-contra-corrupcao\/#article\",\"isPartOf\":{\"@id\":\"https:\/\/cleitonpinheiro.com.br\/site\/moro-congresso-e-executivo-nao-foram-audaciosos-contra-corrupcao\/\"},\"author\":{\"name\":\"RGF Sistemas\",\"@id\":\"https:\/\/cleitonpinheiro.com.br\/site\/#\/schema\/person\/b7621891c193194dd412fdc1ff9b2b41\"},\"headline\":\"Moro: n\u00e3o foram &#8220;audaciosos&#8221; contra corrup\u00e7\u00e3o\",\"datePublished\":\"2018-12-12T15:47:01+00:00\",\"dateModified\":\"2022-08-12T18:00:19+00:00\",\"mainEntityOfPage\":{\"@id\":\"https:\/\/cleitonpinheiro.com.br\/site\/moro-congresso-e-executivo-nao-foram-audaciosos-contra-corrupcao\/\"},\"wordCount\":366,\"commentCount\":0,\"publisher\":{\"@id\":\"https:\/\/cleitonpinheiro.com.br\/site\/#organization\"},\"image\":{\"@id\":\"https:\/\/cleitonpinheiro.com.br\/site\/moro-congresso-e-executivo-nao-foram-audaciosos-contra-corrupcao\/#primaryimage\"},\"thumbnailUrl\":\"\",\"articleSection\":[\"BRASIL \/ MUNDO\",\"TODAS NOTICIAS\"],\"inLanguage\":\"pt-BR\",\"potentialAction\":[{\"@type\":\"CommentAction\",\"name\":\"Comment\",\"target\":[\"https:\/\/cleitonpinheiro.com.br\/site\/moro-congresso-e-executivo-nao-foram-audaciosos-contra-corrupcao\/#respond\"]}]},{\"@type\":\"WebPage\",\"@id\":\"https:\/\/cleitonpinheiro.com.br\/site\/moro-congresso-e-executivo-nao-foram-audaciosos-contra-corrupcao\/\",\"url\":\"https:\/\/cleitonpinheiro.com.br\/site\/moro-congresso-e-executivo-nao-foram-audaciosos-contra-corrupcao\/\",\"name\":\"Moro: n\u00e3o foram \\\"audaciosos\\\" contra corrup\u00e7\u00e3o - PORTAL DE NOT\u00cdCIAS CLEITON PINHEIRO\",\"isPartOf\":{\"@id\":\"https:\/\/cleitonpinheiro.com.br\/site\/#website\"},\"primaryImageOfPage\":{\"@id\":\"https:\/\/cleitonpinheiro.com.br\/site\/moro-congresso-e-executivo-nao-foram-audaciosos-contra-corrupcao\/#primaryimage\"},\"image\":{\"@id\":\"https:\/\/cleitonpinheiro.com.br\/site\/moro-congresso-e-executivo-nao-foram-audaciosos-contra-corrupcao\/#primaryimage\"},\"thumbnailUrl\":\"\",\"datePublished\":\"2018-12-12T15:47:01+00:00\",\"dateModified\":\"2022-08-12T18:00:19+00:00\",\"breadcrumb\":{\"@id\":\"https:\/\/cleitonpinheiro.com.br\/site\/moro-congresso-e-executivo-nao-foram-audaciosos-contra-corrupcao\/#breadcrumb\"},\"inLanguage\":\"pt-BR\",\"potentialAction\":[{\"@type\":\"ReadAction\",\"target\":[\"https:\/\/cleitonpinheiro.com.br\/site\/moro-congresso-e-executivo-nao-foram-audaciosos-contra-corrupcao\/\"]}]},{\"@type\":\"ImageObject\",\"inLanguage\":\"pt-BR\",\"@id\":\"https:\/\/cleitonpinheiro.com.br\/site\/moro-congresso-e-executivo-nao-foram-audaciosos-contra-corrupcao\/#primaryimage\",\"url\":\"\",\"contentUrl\":\"\"},{\"@type\":\"BreadcrumbList\",\"@id\":\"https:\/\/cleitonpinheiro.com.br\/site\/moro-congresso-e-executivo-nao-foram-audaciosos-contra-corrupcao\/#breadcrumb\",\"itemListElement\":[{\"@type\":\"ListItem\",\"position\":1,\"name\":\"In\u00edcio\",\"item\":\"https:\/\/cleitonpinheiro.com.br\/site\/\"},{\"@type\":\"ListItem\",\"position\":2,\"name\":\"Moro: n\u00e3o foram &#8220;audaciosos&#8221; contra corrup\u00e7\u00e3o\"}]},{\"@type\":\"WebSite\",\"@id\":\"https:\/\/cleitonpinheiro.com.br\/site\/#website\",\"url\":\"https:\/\/cleitonpinheiro.com.br\/site\/\",\"name\":\"PORTAL DE NOT\u00cdCIAS CLEITON PINHEIRO\",\"description\":\"FALANDO A VERDADE\",\"publisher\":{\"@id\":\"https:\/\/cleitonpinheiro.com.br\/site\/#organization\"},\"potentialAction\":[{\"@type\":\"SearchAction\",\"target\":{\"@type\":\"EntryPoint\",\"urlTemplate\":\"https:\/\/cleitonpinheiro.com.br\/site\/?s={search_term_string}\"},\"query-input\":{\"@type\":\"PropertyValueSpecification\",\"valueRequired\":true,\"valueName\":\"search_term_string\"}}],\"inLanguage\":\"pt-BR\"},{\"@type\":\"Organization\",\"@id\":\"https:\/\/cleitonpinheiro.com.br\/site\/#organization\",\"name\":\"CPNOT\u00cdCIAS\",\"url\":\"https:\/\/cleitonpinheiro.com.br\/site\/\",\"logo\":{\"@type\":\"ImageObject\",\"inLanguage\":\"pt-BR\",\"@id\":\"https:\/\/cleitonpinheiro.com.br\/site\/#\/schema\/logo\/image\/\",\"url\":\"https:\/\/cleitonpinheiro.com.br\/site\/wp-content\/uploads\/2022\/08\/Logo-pequena-2.png\",\"contentUrl\":\"https:\/\/cleitonpinheiro.com.br\/site\/wp-content\/uploads\/2022\/08\/Logo-pequena-2.png\",\"width\":500,\"height\":500,\"caption\":\"CPNOT\u00cdCIAS\"},\"image\":{\"@id\":\"https:\/\/cleitonpinheiro.com.br\/site\/#\/schema\/logo\/image\/\"},\"sameAs\":[\"https:\/\/www.facebook.com\/portalcpnoticias\/\"]},{\"@type\":\"Person\",\"@id\":\"https:\/\/cleitonpinheiro.com.br\/site\/#\/schema\/person\/b7621891c193194dd412fdc1ff9b2b41\",\"name\":\"RGF Sistemas\",\"image\":{\"@type\":\"ImageObject\",\"inLanguage\":\"pt-BR\",\"@id\":\"https:\/\/cleitonpinheiro.com.br\/site\/#\/schema\/person\/image\/\",\"url\":\"https:\/\/secure.gravatar.com\/avatar\/59e110c11e5eecf4636340abed101b4cddb70ca9f64acab0fe8863bcc0a66b2d?s=96&r=g\",\"contentUrl\":\"https:\/\/secure.gravatar.com\/avatar\/59e110c11e5eecf4636340abed101b4cddb70ca9f64acab0fe8863bcc0a66b2d?s=96&r=g\",\"caption\":\"RGF Sistemas\"},\"url\":\"https:\/\/cleitonpinheiro.com.br\/site\/author\/rgfsite\/\"}]}<\/script>\n<!-- \/ Yoast SEO plugin. -->","yoast_head_json":{"title":"Moro: n\u00e3o foram \"audaciosos\" contra corrup\u00e7\u00e3o - PORTAL DE NOT\u00cdCIAS CLEITON PINHEIRO","robots":{"index":"index","follow":"follow","max-snippet":"max-snippet:-1","max-image-preview":"max-image-preview:large","max-video-preview":"max-video-preview:-1"},"canonical":"https:\/\/cleitonpinheiro.com.br\/site\/moro-congresso-e-executivo-nao-foram-audaciosos-contra-corrupcao\/","og_locale":"pt_BR","og_type":"article","og_title":"Moro: n\u00e3o foram \"audaciosos\" contra corrup\u00e7\u00e3o - PORTAL DE NOT\u00cdCIAS CLEITON PINHEIRO","og_description":"O futuro ministro da Justi\u00e7a e Seguran\u00e7a P\u00fablica, Sergio Moro, disse que Executivo e Legislativo n\u00e3o atuaram de forma \u201caudaciosa\u201d no combate \u00e0 corrup\u00e7\u00e3o. Para ele, faltou uma \u201crea\u00e7\u00e3o robusta\u201d dos dois Poderes. Essa rea\u00e7\u00e3o, segundo Moro, poderia ter vindo em forma de projetos de lei. \u201cFaltou, com todo o respeito, da parte dos demais [&hellip;]","og_url":"https:\/\/cleitonpinheiro.com.br\/site\/moro-congresso-e-executivo-nao-foram-audaciosos-contra-corrupcao\/","og_site_name":"PORTAL DE NOT\u00cdCIAS CLEITON PINHEIRO","article_publisher":"https:\/\/www.facebook.com\/portalcpnoticias\/","article_published_time":"2018-12-12T15:47:01+00:00","article_modified_time":"2022-08-12T18:00:19+00:00","author":"RGF Sistemas","twitter_card":"summary_large_image","twitter_misc":{"Escrito por":"RGF Sistemas","Est. tempo de leitura":"2 minutos"},"schema":{"@context":"https:\/\/schema.org","@graph":[{"@type":"Article","@id":"https:\/\/cleitonpinheiro.com.br\/site\/moro-congresso-e-executivo-nao-foram-audaciosos-contra-corrupcao\/#article","isPartOf":{"@id":"https:\/\/cleitonpinheiro.com.br\/site\/moro-congresso-e-executivo-nao-foram-audaciosos-contra-corrupcao\/"},"author":{"name":"RGF Sistemas","@id":"https:\/\/cleitonpinheiro.com.br\/site\/#\/schema\/person\/b7621891c193194dd412fdc1ff9b2b41"},"headline":"Moro: n\u00e3o foram &#8220;audaciosos&#8221; contra corrup\u00e7\u00e3o","datePublished":"2018-12-12T15:47:01+00:00","dateModified":"2022-08-12T18:00:19+00:00","mainEntityOfPage":{"@id":"https:\/\/cleitonpinheiro.com.br\/site\/moro-congresso-e-executivo-nao-foram-audaciosos-contra-corrupcao\/"},"wordCount":366,"commentCount":0,"publisher":{"@id":"https:\/\/cleitonpinheiro.com.br\/site\/#organization"},"image":{"@id":"https:\/\/cleitonpinheiro.com.br\/site\/moro-congresso-e-executivo-nao-foram-audaciosos-contra-corrupcao\/#primaryimage"},"thumbnailUrl":"","articleSection":["BRASIL \/ MUNDO","TODAS NOTICIAS"],"inLanguage":"pt-BR","potentialAction":[{"@type":"CommentAction","name":"Comment","target":["https:\/\/cleitonpinheiro.com.br\/site\/moro-congresso-e-executivo-nao-foram-audaciosos-contra-corrupcao\/#respond"]}]},{"@type":"WebPage","@id":"https:\/\/cleitonpinheiro.com.br\/site\/moro-congresso-e-executivo-nao-foram-audaciosos-contra-corrupcao\/","url":"https:\/\/cleitonpinheiro.com.br\/site\/moro-congresso-e-executivo-nao-foram-audaciosos-contra-corrupcao\/","name":"Moro: n\u00e3o foram \"audaciosos\" contra corrup\u00e7\u00e3o - PORTAL DE NOT\u00cdCIAS CLEITON PINHEIRO","isPartOf":{"@id":"https:\/\/cleitonpinheiro.com.br\/site\/#website"},"primaryImageOfPage":{"@id":"https:\/\/cleitonpinheiro.com.br\/site\/moro-congresso-e-executivo-nao-foram-audaciosos-contra-corrupcao\/#primaryimage"},"image":{"@id":"https:\/\/cleitonpinheiro.com.br\/site\/moro-congresso-e-executivo-nao-foram-audaciosos-contra-corrupcao\/#primaryimage"},"thumbnailUrl":"","datePublished":"2018-12-12T15:47:01+00:00","dateModified":"2022-08-12T18:00:19+00:00","breadcrumb":{"@id":"https:\/\/cleitonpinheiro.com.br\/site\/moro-congresso-e-executivo-nao-foram-audaciosos-contra-corrupcao\/#breadcrumb"},"inLanguage":"pt-BR","potentialAction":[{"@type":"ReadAction","target":["https:\/\/cleitonpinheiro.com.br\/site\/moro-congresso-e-executivo-nao-foram-audaciosos-contra-corrupcao\/"]}]},{"@type":"ImageObject","inLanguage":"pt-BR","@id":"https:\/\/cleitonpinheiro.com.br\/site\/moro-congresso-e-executivo-nao-foram-audaciosos-contra-corrupcao\/#primaryimage","url":"","contentUrl":""},{"@type":"BreadcrumbList","@id":"https:\/\/cleitonpinheiro.com.br\/site\/moro-congresso-e-executivo-nao-foram-audaciosos-contra-corrupcao\/#breadcrumb","itemListElement":[{"@type":"ListItem","position":1,"name":"In\u00edcio","item":"https:\/\/cleitonpinheiro.com.br\/site\/"},{"@type":"ListItem","position":2,"name":"Moro: n\u00e3o foram &#8220;audaciosos&#8221; contra corrup\u00e7\u00e3o"}]},{"@type":"WebSite","@id":"https:\/\/cleitonpinheiro.com.br\/site\/#website","url":"https:\/\/cleitonpinheiro.com.br\/site\/","name":"PORTAL DE NOT\u00cdCIAS CLEITON PINHEIRO","description":"FALANDO A VERDADE","publisher":{"@id":"https:\/\/cleitonpinheiro.com.br\/site\/#organization"},"potentialAction":[{"@type":"SearchAction","target":{"@type":"EntryPoint","urlTemplate":"https:\/\/cleitonpinheiro.com.br\/site\/?s={search_term_string}"},"query-input":{"@type":"PropertyValueSpecification","valueRequired":true,"valueName":"search_term_string"}}],"inLanguage":"pt-BR"},{"@type":"Organization","@id":"https:\/\/cleitonpinheiro.com.br\/site\/#organization","name":"CPNOT\u00cdCIAS","url":"https:\/\/cleitonpinheiro.com.br\/site\/","logo":{"@type":"ImageObject","inLanguage":"pt-BR","@id":"https:\/\/cleitonpinheiro.com.br\/site\/#\/schema\/logo\/image\/","url":"https:\/\/cleitonpinheiro.com.br\/site\/wp-content\/uploads\/2022\/08\/Logo-pequena-2.png","contentUrl":"https:\/\/cleitonpinheiro.com.br\/site\/wp-content\/uploads\/2022\/08\/Logo-pequena-2.png","width":500,"height":500,"caption":"CPNOT\u00cdCIAS"},"image":{"@id":"https:\/\/cleitonpinheiro.com.br\/site\/#\/schema\/logo\/image\/"},"sameAs":["https:\/\/www.facebook.com\/portalcpnoticias\/"]},{"@type":"Person","@id":"https:\/\/cleitonpinheiro.com.br\/site\/#\/schema\/person\/b7621891c193194dd412fdc1ff9b2b41","name":"RGF Sistemas","image":{"@type":"ImageObject","inLanguage":"pt-BR","@id":"https:\/\/cleitonpinheiro.com.br\/site\/#\/schema\/person\/image\/","url":"https:\/\/secure.gravatar.com\/avatar\/59e110c11e5eecf4636340abed101b4cddb70ca9f64acab0fe8863bcc0a66b2d?s=96&r=g","contentUrl":"https:\/\/secure.gravatar.com\/avatar\/59e110c11e5eecf4636340abed101b4cddb70ca9f64acab0fe8863bcc0a66b2d?s=96&r=g","caption":"RGF Sistemas"},"url":"https:\/\/cleitonpinheiro.com.br\/site\/author\/rgfsite\/"}]}},"views":262,"_links":{"self":[{"href":"https:\/\/cleitonpinheiro.com.br\/site\/wp-json\/wp\/v2\/posts\/5608","targetHints":{"allow":["GET"]}}],"collection":[{"href":"https:\/\/cleitonpinheiro.com.br\/site\/wp-json\/wp\/v2\/posts"}],"about":[{"href":"https:\/\/cleitonpinheiro.com.br\/site\/wp-json\/wp\/v2\/types\/post"}],"author":[{"embeddable":true,"href":"https:\/\/cleitonpinheiro.com.br\/site\/wp-json\/wp\/v2\/users\/9"}],"replies":[{"embeddable":true,"href":"https:\/\/cleitonpinheiro.com.br\/site\/wp-json\/wp\/v2\/comments?post=5608"}],"version-history":[{"count":1,"href":"https:\/\/cleitonpinheiro.com.br\/site\/wp-json\/wp\/v2\/posts\/5608\/revisions"}],"predecessor-version":[{"id":61795,"href":"https:\/\/cleitonpinheiro.com.br\/site\/wp-json\/wp\/v2\/posts\/5608\/revisions\/61795"}],"wp:featuredmedia":[{"embeddable":true,"href":"https:\/\/cleitonpinheiro.com.br\/site\/wp-json\/"}],"wp:attachment":[{"href":"https:\/\/cleitonpinheiro.com.br\/site\/wp-json\/wp\/v2\/media?parent=5608"}],"wp:term":[{"taxonomy":"category","embeddable":true,"href":"https:\/\/cleitonpinheiro.com.br\/site\/wp-json\/wp\/v2\/categories?post=5608"},{"taxonomy":"post_tag","embeddable":true,"href":"https:\/\/cleitonpinheiro.com.br\/site\/wp-json\/wp\/v2\/tags?post=5608"}],"curies":[{"name":"wp","href":"https:\/\/api.w.org\/{rel}","templated":true}]}}