{"id":5611,"date":"2018-12-12T13:50:50","date_gmt":"2018-12-12T15:50:50","guid":{"rendered":"http:\/\/cleitonpinheiro.com.br\/portal\/?p=5611"},"modified":"2022-08-12T14:59:50","modified_gmt":"2022-08-12T17:59:50","slug":"cni-preve-crescimento-de-27-da-economia-em-2019","status":"publish","type":"post","link":"https:\/\/cleitonpinheiro.com.br\/site\/cni-preve-crescimento-de-27-da-economia-em-2019\/","title":{"rendered":"CNI prev\u00ea crescimento de 2,7% da economia em 2019"},"content":{"rendered":"\n<p>A economia brasileira crescer\u00e1 2,7% no pr\u00f3ximo ano, de acordo com estimativa da edi\u00e7\u00e3o especial do Informe Conjuntural \u2013 Economia Brasileira, que a Confedera\u00e7\u00e3o Nacional da Ind\u00fastria (CNI) divulgou hoje (12).<\/p>\n\n\n<figure class=\"wp-block-image\"><img decoding=\"async\" src=\"http:\/\/cleitonpinheiro.com.br\/portal\/wp-content\/uploads\/2018\/12\/arquivo-ABr-1024x683.jpeg\" alt=\"\" class=\"wp-image-5612\"\/><figcaption>Foto: arquivo ABr<\/figcaption><\/figure>\n\n\n<p>Segundo a CNI, essa expans\u00e3o ser\u00e1 impulsionada pelo crescimento de 3% da ind\u00fastria e de 6,5% do investimento. O consumo das fam\u00edlias aumentar\u00e1 2,9% em 2019.<\/p>\n\n\n<p>No entanto, diz a confedera\u00e7\u00e3o, esse cen\u00e1rio s\u00f3 se confirmar\u00e1 se o governo eleito fizer o ajuste duradouro nas contas p\u00fablicas, avan\u00e7ar nas reformas estruturantes, como a previdenci\u00e1ria e a tribut\u00e1ria, e adotar medidas para melhorar o ambiente de neg\u00f3cios, entre as quais est\u00e3o a desburocratiza\u00e7\u00e3o.<\/p>\n\n\n<h2 class=\"wp-block-heading\">Desemprego e infla\u00e7\u00e3o<\/h2>\n\n\n<p>A previs\u00e3o da CNI indica que a taxa de desemprego do pa\u00eds cair\u00e1 para 11,4%, a infla\u00e7\u00e3o ficar\u00e1 em 4,1%, a taxa b\u00e1sica de juros, a Selic, alcan\u00e7ar\u00e1 7,5% ao ano no fim de 2019 e a cota\u00e7\u00e3o m\u00e9dia do d\u00f3lar ser\u00e1 de R$ 3,78. A balan\u00e7a comercial fechar\u00e1 2019 com um saldo positivo de US$ 45 bilh\u00f5es. A d\u00edvida p\u00fablica continuar\u00e1 subindo e alcan\u00e7ar\u00e1 79,5% do Produto Interno Bruto (PIB, soma das riquezas produzidas no pa\u00eds).<\/p>\n\n\n<p>A CNI aponta que um risco \u00e9 se o pa\u00eds optar por reformas limitadas ou incompletas, o que levar\u00e1 a redu\u00e7\u00e3o da confian\u00e7a dos empres\u00e1rios e consumidores. Segundo a confedera\u00e7\u00e3o, o pior, no entanto, \u00e9 o adiamento ou a op\u00e7\u00e3o por n\u00e3o fazer as reformas. \u201cEssa situa\u00e7\u00e3o poder\u00e1 ter um afeito devastador na confian\u00e7a dos agentes, causando r\u00e1pida deteriora\u00e7\u00e3o dos indicadores de risco-pa\u00eds, ativos financeiros e taxa de c\u00e2mbio, com reflexos na taxa de juros dom\u00e9stica. Nesta situa\u00e7\u00e3o, seria poss\u00edvel at\u00e9 mesmo o retorno do quadro de recess\u00e3o que marcou o meio da d\u00e9cada atual\u201d.<\/p>\n\n\n<p>Para a CNI, o adiamento das reformas foi um dos fatores que prejudicou o desempenho da economia e da ind\u00fastria neste ano. O Informe Conjuntural lembra que o crescimento de 2018 ficou aqu\u00e9m do estimado no fim de 2017. O PIB do pa\u00eds deve fechar o ano com crescimento de 1,3%, abaixo dos 2,6% previstos inicialmente. O PIB da ind\u00fastria deve crescer 1,3%, menos do que os 3% estimados no in\u00edcio do ano.<\/p>\n\n\n<p>Al\u00e9m do adiamento das reformas, sobretudo a da Previd\u00eancia, o estudo lembra que as incertezas sobre as elei\u00e7\u00f5es, a greve que paralisou os transportes no pa\u00eds e o desemprego elevado prejudicaram a recupera\u00e7\u00e3o da atividade econ\u00f4mica em 2018. Esses fatos impediram que a infla\u00e7\u00e3o baixa e a queda dos juros tivessem um efeito mais positivo sobre a economia, diz a CNI.<\/p>\n","protected":false},"excerpt":{"rendered":"<p>A economia brasileira crescer\u00e1 2,7% no pr\u00f3ximo ano, de acordo com estimativa da edi\u00e7\u00e3o especial do Informe Conjuntural \u2013 Economia Brasileira, que a Confedera\u00e7\u00e3o Nacional da Ind\u00fastria (CNI) divulgou hoje (12). Segundo a CNI, essa expans\u00e3o ser\u00e1 impulsionada pelo crescimento de 3% da ind\u00fastria e de 6,5% do investimento. O consumo das fam\u00edlias aumentar\u00e1 2,9% [&hellip;]<\/p>\n","protected":false},"author":9,"featured_media":5612,"comment_status":"open","ping_status":"open","sticky":false,"template":"","format":"standard","meta":{"_acf_changed":false,"footnotes":""},"categories":[19,21],"tags":[],"class_list":["post-5611","post","type-post","status-publish","format-standard","has-post-thumbnail","hentry","category-brasil-mundo","category-todas-noticias"],"acf":[],"yoast_head":"<!-- This site is optimized with the Yoast SEO plugin v24.4 - https:\/\/yoast.com\/wordpress\/plugins\/seo\/ -->\n<title>CNI prev\u00ea crescimento de 2,7% da economia em 2019 - PORTAL DE NOT\u00cdCIAS CLEITON PINHEIRO<\/title>\n<meta name=\"robots\" content=\"index, follow, max-snippet:-1, max-image-preview:large, max-video-preview:-1\" \/>\n<link rel=\"canonical\" href=\"https:\/\/cleitonpinheiro.com.br\/site\/cni-preve-crescimento-de-27-da-economia-em-2019\/\" \/>\n<meta property=\"og:locale\" content=\"pt_BR\" \/>\n<meta property=\"og:type\" content=\"article\" \/>\n<meta property=\"og:title\" content=\"CNI prev\u00ea crescimento de 2,7% da economia em 2019 - PORTAL DE NOT\u00cdCIAS CLEITON PINHEIRO\" \/>\n<meta property=\"og:description\" content=\"A economia brasileira crescer\u00e1 2,7% no pr\u00f3ximo ano, de acordo com estimativa da edi\u00e7\u00e3o especial do Informe Conjuntural \u2013 Economia Brasileira, que a Confedera\u00e7\u00e3o Nacional da Ind\u00fastria (CNI) divulgou hoje (12). Segundo a CNI, essa expans\u00e3o ser\u00e1 impulsionada pelo crescimento de 3% da ind\u00fastria e de 6,5% do investimento. O consumo das fam\u00edlias aumentar\u00e1 2,9% [&hellip;]\" \/>\n<meta property=\"og:url\" content=\"https:\/\/cleitonpinheiro.com.br\/site\/cni-preve-crescimento-de-27-da-economia-em-2019\/\" \/>\n<meta property=\"og:site_name\" content=\"PORTAL DE NOT\u00cdCIAS CLEITON PINHEIRO\" \/>\n<meta property=\"article:publisher\" content=\"https:\/\/www.facebook.com\/portalcpnoticias\/\" \/>\n<meta property=\"article:published_time\" content=\"2018-12-12T15:50:50+00:00\" \/>\n<meta property=\"article:modified_time\" content=\"2022-08-12T17:59:50+00:00\" \/>\n<meta name=\"author\" content=\"RGF Sistemas\" \/>\n<meta name=\"twitter:card\" content=\"summary_large_image\" \/>\n<meta name=\"twitter:label1\" content=\"Escrito por\" \/>\n\t<meta name=\"twitter:data1\" content=\"RGF Sistemas\" \/>\n\t<meta name=\"twitter:label2\" content=\"Est. tempo de leitura\" \/>\n\t<meta name=\"twitter:data2\" content=\"2 minutos\" \/>\n<script type=\"application\/ld+json\" class=\"yoast-schema-graph\">{\"@context\":\"https:\/\/schema.org\",\"@graph\":[{\"@type\":\"Article\",\"@id\":\"https:\/\/cleitonpinheiro.com.br\/site\/cni-preve-crescimento-de-27-da-economia-em-2019\/#article\",\"isPartOf\":{\"@id\":\"https:\/\/cleitonpinheiro.com.br\/site\/cni-preve-crescimento-de-27-da-economia-em-2019\/\"},\"author\":{\"name\":\"RGF Sistemas\",\"@id\":\"https:\/\/cleitonpinheiro.com.br\/site\/#\/schema\/person\/b7621891c193194dd412fdc1ff9b2b41\"},\"headline\":\"CNI prev\u00ea crescimento de 2,7% da economia em 2019\",\"datePublished\":\"2018-12-12T15:50:50+00:00\",\"dateModified\":\"2022-08-12T17:59:50+00:00\",\"mainEntityOfPage\":{\"@id\":\"https:\/\/cleitonpinheiro.com.br\/site\/cni-preve-crescimento-de-27-da-economia-em-2019\/\"},\"wordCount\":459,\"commentCount\":0,\"publisher\":{\"@id\":\"https:\/\/cleitonpinheiro.com.br\/site\/#organization\"},\"image\":{\"@id\":\"https:\/\/cleitonpinheiro.com.br\/site\/cni-preve-crescimento-de-27-da-economia-em-2019\/#primaryimage\"},\"thumbnailUrl\":\"\",\"articleSection\":[\"BRASIL \/ MUNDO\",\"TODAS NOTICIAS\"],\"inLanguage\":\"pt-BR\",\"potentialAction\":[{\"@type\":\"CommentAction\",\"name\":\"Comment\",\"target\":[\"https:\/\/cleitonpinheiro.com.br\/site\/cni-preve-crescimento-de-27-da-economia-em-2019\/#respond\"]}]},{\"@type\":\"WebPage\",\"@id\":\"https:\/\/cleitonpinheiro.com.br\/site\/cni-preve-crescimento-de-27-da-economia-em-2019\/\",\"url\":\"https:\/\/cleitonpinheiro.com.br\/site\/cni-preve-crescimento-de-27-da-economia-em-2019\/\",\"name\":\"CNI prev\u00ea crescimento de 2,7% da economia em 2019 - PORTAL DE NOT\u00cdCIAS CLEITON PINHEIRO\",\"isPartOf\":{\"@id\":\"https:\/\/cleitonpinheiro.com.br\/site\/#website\"},\"primaryImageOfPage\":{\"@id\":\"https:\/\/cleitonpinheiro.com.br\/site\/cni-preve-crescimento-de-27-da-economia-em-2019\/#primaryimage\"},\"image\":{\"@id\":\"https:\/\/cleitonpinheiro.com.br\/site\/cni-preve-crescimento-de-27-da-economia-em-2019\/#primaryimage\"},\"thumbnailUrl\":\"\",\"datePublished\":\"2018-12-12T15:50:50+00:00\",\"dateModified\":\"2022-08-12T17:59:50+00:00\",\"breadcrumb\":{\"@id\":\"https:\/\/cleitonpinheiro.com.br\/site\/cni-preve-crescimento-de-27-da-economia-em-2019\/#breadcrumb\"},\"inLanguage\":\"pt-BR\",\"potentialAction\":[{\"@type\":\"ReadAction\",\"target\":[\"https:\/\/cleitonpinheiro.com.br\/site\/cni-preve-crescimento-de-27-da-economia-em-2019\/\"]}]},{\"@type\":\"ImageObject\",\"inLanguage\":\"pt-BR\",\"@id\":\"https:\/\/cleitonpinheiro.com.br\/site\/cni-preve-crescimento-de-27-da-economia-em-2019\/#primaryimage\",\"url\":\"\",\"contentUrl\":\"\"},{\"@type\":\"BreadcrumbList\",\"@id\":\"https:\/\/cleitonpinheiro.com.br\/site\/cni-preve-crescimento-de-27-da-economia-em-2019\/#breadcrumb\",\"itemListElement\":[{\"@type\":\"ListItem\",\"position\":1,\"name\":\"In\u00edcio\",\"item\":\"https:\/\/cleitonpinheiro.com.br\/site\/\"},{\"@type\":\"ListItem\",\"position\":2,\"name\":\"CNI prev\u00ea crescimento de 2,7% da economia em 2019\"}]},{\"@type\":\"WebSite\",\"@id\":\"https:\/\/cleitonpinheiro.com.br\/site\/#website\",\"url\":\"https:\/\/cleitonpinheiro.com.br\/site\/\",\"name\":\"PORTAL DE NOT\u00cdCIAS CLEITON PINHEIRO\",\"description\":\"FALANDO A VERDADE\",\"publisher\":{\"@id\":\"https:\/\/cleitonpinheiro.com.br\/site\/#organization\"},\"potentialAction\":[{\"@type\":\"SearchAction\",\"target\":{\"@type\":\"EntryPoint\",\"urlTemplate\":\"https:\/\/cleitonpinheiro.com.br\/site\/?s={search_term_string}\"},\"query-input\":{\"@type\":\"PropertyValueSpecification\",\"valueRequired\":true,\"valueName\":\"search_term_string\"}}],\"inLanguage\":\"pt-BR\"},{\"@type\":\"Organization\",\"@id\":\"https:\/\/cleitonpinheiro.com.br\/site\/#organization\",\"name\":\"CPNOT\u00cdCIAS\",\"url\":\"https:\/\/cleitonpinheiro.com.br\/site\/\",\"logo\":{\"@type\":\"ImageObject\",\"inLanguage\":\"pt-BR\",\"@id\":\"https:\/\/cleitonpinheiro.com.br\/site\/#\/schema\/logo\/image\/\",\"url\":\"https:\/\/cleitonpinheiro.com.br\/site\/wp-content\/uploads\/2022\/08\/Logo-pequena-2.png\",\"contentUrl\":\"https:\/\/cleitonpinheiro.com.br\/site\/wp-content\/uploads\/2022\/08\/Logo-pequena-2.png\",\"width\":500,\"height\":500,\"caption\":\"CPNOT\u00cdCIAS\"},\"image\":{\"@id\":\"https:\/\/cleitonpinheiro.com.br\/site\/#\/schema\/logo\/image\/\"},\"sameAs\":[\"https:\/\/www.facebook.com\/portalcpnoticias\/\"]},{\"@type\":\"Person\",\"@id\":\"https:\/\/cleitonpinheiro.com.br\/site\/#\/schema\/person\/b7621891c193194dd412fdc1ff9b2b41\",\"name\":\"RGF Sistemas\",\"image\":{\"@type\":\"ImageObject\",\"inLanguage\":\"pt-BR\",\"@id\":\"https:\/\/cleitonpinheiro.com.br\/site\/#\/schema\/person\/image\/\",\"url\":\"https:\/\/secure.gravatar.com\/avatar\/59e110c11e5eecf4636340abed101b4cddb70ca9f64acab0fe8863bcc0a66b2d?s=96&r=g\",\"contentUrl\":\"https:\/\/secure.gravatar.com\/avatar\/59e110c11e5eecf4636340abed101b4cddb70ca9f64acab0fe8863bcc0a66b2d?s=96&r=g\",\"caption\":\"RGF Sistemas\"},\"url\":\"https:\/\/cleitonpinheiro.com.br\/site\/author\/rgfsite\/\"}]}<\/script>\n<!-- \/ Yoast SEO plugin. -->","yoast_head_json":{"title":"CNI prev\u00ea crescimento de 2,7% da economia em 2019 - PORTAL DE NOT\u00cdCIAS CLEITON PINHEIRO","robots":{"index":"index","follow":"follow","max-snippet":"max-snippet:-1","max-image-preview":"max-image-preview:large","max-video-preview":"max-video-preview:-1"},"canonical":"https:\/\/cleitonpinheiro.com.br\/site\/cni-preve-crescimento-de-27-da-economia-em-2019\/","og_locale":"pt_BR","og_type":"article","og_title":"CNI prev\u00ea crescimento de 2,7% da economia em 2019 - PORTAL DE NOT\u00cdCIAS CLEITON PINHEIRO","og_description":"A economia brasileira crescer\u00e1 2,7% no pr\u00f3ximo ano, de acordo com estimativa da edi\u00e7\u00e3o especial do Informe Conjuntural \u2013 Economia Brasileira, que a Confedera\u00e7\u00e3o Nacional da Ind\u00fastria (CNI) divulgou hoje (12). Segundo a CNI, essa expans\u00e3o ser\u00e1 impulsionada pelo crescimento de 3% da ind\u00fastria e de 6,5% do investimento. O consumo das fam\u00edlias aumentar\u00e1 2,9% [&hellip;]","og_url":"https:\/\/cleitonpinheiro.com.br\/site\/cni-preve-crescimento-de-27-da-economia-em-2019\/","og_site_name":"PORTAL DE NOT\u00cdCIAS CLEITON PINHEIRO","article_publisher":"https:\/\/www.facebook.com\/portalcpnoticias\/","article_published_time":"2018-12-12T15:50:50+00:00","article_modified_time":"2022-08-12T17:59:50+00:00","author":"RGF Sistemas","twitter_card":"summary_large_image","twitter_misc":{"Escrito por":"RGF Sistemas","Est. tempo de leitura":"2 minutos"},"schema":{"@context":"https:\/\/schema.org","@graph":[{"@type":"Article","@id":"https:\/\/cleitonpinheiro.com.br\/site\/cni-preve-crescimento-de-27-da-economia-em-2019\/#article","isPartOf":{"@id":"https:\/\/cleitonpinheiro.com.br\/site\/cni-preve-crescimento-de-27-da-economia-em-2019\/"},"author":{"name":"RGF Sistemas","@id":"https:\/\/cleitonpinheiro.com.br\/site\/#\/schema\/person\/b7621891c193194dd412fdc1ff9b2b41"},"headline":"CNI prev\u00ea crescimento de 2,7% da economia em 2019","datePublished":"2018-12-12T15:50:50+00:00","dateModified":"2022-08-12T17:59:50+00:00","mainEntityOfPage":{"@id":"https:\/\/cleitonpinheiro.com.br\/site\/cni-preve-crescimento-de-27-da-economia-em-2019\/"},"wordCount":459,"commentCount":0,"publisher":{"@id":"https:\/\/cleitonpinheiro.com.br\/site\/#organization"},"image":{"@id":"https:\/\/cleitonpinheiro.com.br\/site\/cni-preve-crescimento-de-27-da-economia-em-2019\/#primaryimage"},"thumbnailUrl":"","articleSection":["BRASIL \/ MUNDO","TODAS NOTICIAS"],"inLanguage":"pt-BR","potentialAction":[{"@type":"CommentAction","name":"Comment","target":["https:\/\/cleitonpinheiro.com.br\/site\/cni-preve-crescimento-de-27-da-economia-em-2019\/#respond"]}]},{"@type":"WebPage","@id":"https:\/\/cleitonpinheiro.com.br\/site\/cni-preve-crescimento-de-27-da-economia-em-2019\/","url":"https:\/\/cleitonpinheiro.com.br\/site\/cni-preve-crescimento-de-27-da-economia-em-2019\/","name":"CNI prev\u00ea crescimento de 2,7% da economia em 2019 - PORTAL DE NOT\u00cdCIAS CLEITON PINHEIRO","isPartOf":{"@id":"https:\/\/cleitonpinheiro.com.br\/site\/#website"},"primaryImageOfPage":{"@id":"https:\/\/cleitonpinheiro.com.br\/site\/cni-preve-crescimento-de-27-da-economia-em-2019\/#primaryimage"},"image":{"@id":"https:\/\/cleitonpinheiro.com.br\/site\/cni-preve-crescimento-de-27-da-economia-em-2019\/#primaryimage"},"thumbnailUrl":"","datePublished":"2018-12-12T15:50:50+00:00","dateModified":"2022-08-12T17:59:50+00:00","breadcrumb":{"@id":"https:\/\/cleitonpinheiro.com.br\/site\/cni-preve-crescimento-de-27-da-economia-em-2019\/#breadcrumb"},"inLanguage":"pt-BR","potentialAction":[{"@type":"ReadAction","target":["https:\/\/cleitonpinheiro.com.br\/site\/cni-preve-crescimento-de-27-da-economia-em-2019\/"]}]},{"@type":"ImageObject","inLanguage":"pt-BR","@id":"https:\/\/cleitonpinheiro.com.br\/site\/cni-preve-crescimento-de-27-da-economia-em-2019\/#primaryimage","url":"","contentUrl":""},{"@type":"BreadcrumbList","@id":"https:\/\/cleitonpinheiro.com.br\/site\/cni-preve-crescimento-de-27-da-economia-em-2019\/#breadcrumb","itemListElement":[{"@type":"ListItem","position":1,"name":"In\u00edcio","item":"https:\/\/cleitonpinheiro.com.br\/site\/"},{"@type":"ListItem","position":2,"name":"CNI prev\u00ea crescimento de 2,7% da economia em 2019"}]},{"@type":"WebSite","@id":"https:\/\/cleitonpinheiro.com.br\/site\/#website","url":"https:\/\/cleitonpinheiro.com.br\/site\/","name":"PORTAL DE NOT\u00cdCIAS CLEITON PINHEIRO","description":"FALANDO A VERDADE","publisher":{"@id":"https:\/\/cleitonpinheiro.com.br\/site\/#organization"},"potentialAction":[{"@type":"SearchAction","target":{"@type":"EntryPoint","urlTemplate":"https:\/\/cleitonpinheiro.com.br\/site\/?s={search_term_string}"},"query-input":{"@type":"PropertyValueSpecification","valueRequired":true,"valueName":"search_term_string"}}],"inLanguage":"pt-BR"},{"@type":"Organization","@id":"https:\/\/cleitonpinheiro.com.br\/site\/#organization","name":"CPNOT\u00cdCIAS","url":"https:\/\/cleitonpinheiro.com.br\/site\/","logo":{"@type":"ImageObject","inLanguage":"pt-BR","@id":"https:\/\/cleitonpinheiro.com.br\/site\/#\/schema\/logo\/image\/","url":"https:\/\/cleitonpinheiro.com.br\/site\/wp-content\/uploads\/2022\/08\/Logo-pequena-2.png","contentUrl":"https:\/\/cleitonpinheiro.com.br\/site\/wp-content\/uploads\/2022\/08\/Logo-pequena-2.png","width":500,"height":500,"caption":"CPNOT\u00cdCIAS"},"image":{"@id":"https:\/\/cleitonpinheiro.com.br\/site\/#\/schema\/logo\/image\/"},"sameAs":["https:\/\/www.facebook.com\/portalcpnoticias\/"]},{"@type":"Person","@id":"https:\/\/cleitonpinheiro.com.br\/site\/#\/schema\/person\/b7621891c193194dd412fdc1ff9b2b41","name":"RGF Sistemas","image":{"@type":"ImageObject","inLanguage":"pt-BR","@id":"https:\/\/cleitonpinheiro.com.br\/site\/#\/schema\/person\/image\/","url":"https:\/\/secure.gravatar.com\/avatar\/59e110c11e5eecf4636340abed101b4cddb70ca9f64acab0fe8863bcc0a66b2d?s=96&r=g","contentUrl":"https:\/\/secure.gravatar.com\/avatar\/59e110c11e5eecf4636340abed101b4cddb70ca9f64acab0fe8863bcc0a66b2d?s=96&r=g","caption":"RGF Sistemas"},"url":"https:\/\/cleitonpinheiro.com.br\/site\/author\/rgfsite\/"}]}},"views":274,"_links":{"self":[{"href":"https:\/\/cleitonpinheiro.com.br\/site\/wp-json\/wp\/v2\/posts\/5611","targetHints":{"allow":["GET"]}}],"collection":[{"href":"https:\/\/cleitonpinheiro.com.br\/site\/wp-json\/wp\/v2\/posts"}],"about":[{"href":"https:\/\/cleitonpinheiro.com.br\/site\/wp-json\/wp\/v2\/types\/post"}],"author":[{"embeddable":true,"href":"https:\/\/cleitonpinheiro.com.br\/site\/wp-json\/wp\/v2\/users\/9"}],"replies":[{"embeddable":true,"href":"https:\/\/cleitonpinheiro.com.br\/site\/wp-json\/wp\/v2\/comments?post=5611"}],"version-history":[{"count":1,"href":"https:\/\/cleitonpinheiro.com.br\/site\/wp-json\/wp\/v2\/posts\/5611\/revisions"}],"predecessor-version":[{"id":61793,"href":"https:\/\/cleitonpinheiro.com.br\/site\/wp-json\/wp\/v2\/posts\/5611\/revisions\/61793"}],"wp:featuredmedia":[{"embeddable":true,"href":"https:\/\/cleitonpinheiro.com.br\/site\/wp-json\/"}],"wp:attachment":[{"href":"https:\/\/cleitonpinheiro.com.br\/site\/wp-json\/wp\/v2\/media?parent=5611"}],"wp:term":[{"taxonomy":"category","embeddable":true,"href":"https:\/\/cleitonpinheiro.com.br\/site\/wp-json\/wp\/v2\/categories?post=5611"},{"taxonomy":"post_tag","embeddable":true,"href":"https:\/\/cleitonpinheiro.com.br\/site\/wp-json\/wp\/v2\/tags?post=5611"}],"curies":[{"name":"wp","href":"https:\/\/api.w.org\/{rel}","templated":true}]}}