{"id":57998,"date":"2022-05-09T08:35:57","date_gmt":"2022-05-09T11:35:57","guid":{"rendered":"http:\/\/cleitonpinheiro.com.br\/portal\/?p=57998"},"modified":"2022-05-09T08:35:57","modified_gmt":"2022-05-09T11:35:57","slug":"policia-civil-prende-no-to-chefe-de-faccao-criminosa-que-atuava-em-todo-o-pais","status":"publish","type":"post","link":"https:\/\/cleitonpinheiro.com.br\/site\/policia-civil-prende-no-to-chefe-de-faccao-criminosa-que-atuava-em-todo-o-pais\/","title":{"rendered":"Pol\u00edcia Civil prende chefe de  fac\u00e7\u00e3o criminosa que atuava em todo o Pa\u00eds"},"content":{"rendered":"\n<p><em><strong>Da Reda\u00e7\u00e3o do CP Not\u00edcias<\/strong><\/em><\/p>\n\n\n<figure class=\"wp-block-image size-large\"><img decoding=\"async\" src=\"https:\/\/cleitonpinheiro.com.br\/portal\/wp-content\/uploads\/2022\/05\/Design-sem-nome-2022-05-09T083006-compressed.jpg\" alt=\"\" class=\"wp-image-57999\"\/><\/figure>\n\n\n<p>Um homem de 23 anos, tamb\u00e9m conhecido como \u201cJamaica\u201d, considerado um dos chefes de uma fac\u00e7\u00e3o criminosa que atua em todo o territ\u00f3rio nacional, foi preso pela Pol\u00edcia Civil do Tocantins (PC-TO), na tarde deste s\u00e1bado, 7, em Aragua\u00edna.<\/p>\n\n\n<p>A a\u00e7\u00e3o conjunta que foi realizada por policiais civis da 2\u00aa Divis\u00e3o de Repress\u00e3o a Narc\u00f3ticos (2\u00aa DENARC), e agentes da 3\u00aa Divis\u00e3o de Combate ao Crime Organizado (3\u00aa DEIC), ocorreu no Bairro S\u00e3o Jo\u00e3o e tamb\u00e9m resultou na pris\u00e3o de uma mulher de 28 anos, que \u00e9 companheira do suspeito e responde por tr\u00e1fico de drogas.<\/p>\n\n\n<p>A opera\u00e7\u00e3o foi coordenada pelo delegado Jos\u00e9 Anchieta de Menezes Filho e foi deflagrada depois que investiga\u00e7\u00f5es das equipes da 2\u00aa Denarc e tamb\u00e9m da 3\u00aa Deic apontaram que o indiv\u00edduo, que \u00e9 considerado de alt\u00edssima periculosidade, estaria em uma resid\u00eancia no Bairro S\u00e3o Jo\u00e3o em Aragua\u00edna.<\/p>\n\n\n<p>\u201cDe posse das informa\u00e7\u00f5es, as equipes da Pol\u00edcia Civil foram at\u00e9 o im\u00f3vel e efetuaram a pris\u00e3o do indiv\u00edduo, que tinha dois mandados de pris\u00e3o em aberto, sendo um por tr\u00e1fico e outro por organiza\u00e7\u00e3o criminosa\u201d, disse o delegado Anchieta.<\/p>\n\n\n<p>No momento da abordagem, o homem tentou fugir, mas foi contido e preso pelos policiais civis. Na ocasi\u00e3o, o foragido da justi\u00e7a estava com sua companheira que tamb\u00e9m j\u00e1 responde processo por tr\u00e1fico na comarca de Anan\u00e1s, sendo que a mesma&nbsp; acabou danificando o celular de seu esposo no intuito de destruir provas.<\/p>\n\n\n<p>Presos, os dois foram conduzidos at\u00e9 a Central de Atendimento da Pol\u00edcia Civil, em Aragua\u00edna e ap\u00f3s a realiza\u00e7\u00e3o das provid\u00eancias legais cab\u00edveis, o homem foi recolhido \u00e0 Casa de Pris\u00e3o Provis\u00f3ria da cidade, onde permanecer\u00e1 \u00e0 disposi\u00e7\u00e3o do Poder Judici\u00e1rio.<\/p>\n\n\n<p>Segundo o delegado Jos\u00e9 Anchieta, a pris\u00e3o do investigado \u00e9 de suma import\u00e2ncia, haja vista que ele \u00e9 considerado uma forte lideran\u00e7a da fac\u00e7\u00e3o criminosa, onde j\u00e1 exerceu v\u00e1rios cargos de chefia, mesmo tendo apenas 23 anos. \u201cTrata-se de um indiv\u00edduo que j\u00e1 possui uma extensa ficha criminal e tinha dois mandados de pris\u00e3o em aberto pela pr\u00e1tica de crimes de tr\u00e1fico de drogas e organiza\u00e7\u00e3o criminosa. Portanto, a pris\u00e3o do mesmo \u00e9 um duro golpe contra a criminalidade na cidade de Aragua\u00edna\u201d, disse a autoridade policial. <em><strong>(Fonte: Pol\u00edcia Civil).<\/strong><\/em><\/p>\n","protected":false},"excerpt":{"rendered":"<p>Da Reda\u00e7\u00e3o do CP Not\u00edcias Um homem de 23 anos, tamb\u00e9m conhecido como \u201cJamaica\u201d, considerado um dos chefes de uma fac\u00e7\u00e3o criminosa que atua em todo o territ\u00f3rio nacional, foi preso pela Pol\u00edcia Civil do Tocantins (PC-TO), na tarde deste s\u00e1bado, 7, em Aragua\u00edna. A a\u00e7\u00e3o conjunta que foi realizada por policiais civis da 2\u00aa [&hellip;]<\/p>\n","protected":false},"author":4,"featured_media":57999,"comment_status":"open","ping_status":"open","sticky":false,"template":"","format":"standard","meta":{"_acf_changed":false,"footnotes":""},"categories":[22,20,21],"tags":[],"class_list":["post-57998","post","type-post","status-publish","format-standard","has-post-thumbnail","hentry","category-cidades","category-noticias-em-destaque","category-todas-noticias"],"acf":[],"yoast_head":"<!-- This site is optimized with the Yoast SEO plugin v24.4 - https:\/\/yoast.com\/wordpress\/plugins\/seo\/ -->\n<title>Pol\u00edcia Civil prende chefe de fac\u00e7\u00e3o criminosa que atuava em todo o Pa\u00eds - PORTAL DE NOT\u00cdCIAS CLEITON PINHEIRO<\/title>\n<meta name=\"robots\" content=\"index, follow, max-snippet:-1, max-image-preview:large, max-video-preview:-1\" \/>\n<link rel=\"canonical\" href=\"https:\/\/cleitonpinheiro.com.br\/site\/policia-civil-prende-no-to-chefe-de-faccao-criminosa-que-atuava-em-todo-o-pais\/\" \/>\n<meta property=\"og:locale\" content=\"pt_BR\" \/>\n<meta property=\"og:type\" content=\"article\" \/>\n<meta property=\"og:title\" content=\"Pol\u00edcia Civil prende chefe de fac\u00e7\u00e3o criminosa que atuava em todo o Pa\u00eds - PORTAL DE NOT\u00cdCIAS CLEITON PINHEIRO\" \/>\n<meta property=\"og:description\" content=\"Da Reda\u00e7\u00e3o do CP Not\u00edcias Um homem de 23 anos, tamb\u00e9m conhecido como \u201cJamaica\u201d, considerado um dos chefes de uma fac\u00e7\u00e3o criminosa que atua em todo o territ\u00f3rio nacional, foi preso pela Pol\u00edcia Civil do Tocantins (PC-TO), na tarde deste s\u00e1bado, 7, em Aragua\u00edna. A a\u00e7\u00e3o conjunta que foi realizada por policiais civis da 2\u00aa [&hellip;]\" \/>\n<meta property=\"og:url\" content=\"https:\/\/cleitonpinheiro.com.br\/site\/policia-civil-prende-no-to-chefe-de-faccao-criminosa-que-atuava-em-todo-o-pais\/\" \/>\n<meta property=\"og:site_name\" content=\"PORTAL DE NOT\u00cdCIAS CLEITON PINHEIRO\" \/>\n<meta property=\"article:publisher\" content=\"https:\/\/www.facebook.com\/portalcpnoticias\/\" \/>\n<meta property=\"article:published_time\" content=\"2022-05-09T11:35:57+00:00\" \/>\n<meta name=\"author\" content=\"Dermival Pereira\" \/>\n<meta name=\"twitter:card\" content=\"summary_large_image\" \/>\n<meta name=\"twitter:label1\" content=\"Escrito por\" \/>\n\t<meta name=\"twitter:data1\" content=\"Dermival Pereira\" \/>\n\t<meta name=\"twitter:label2\" content=\"Est. tempo de leitura\" \/>\n\t<meta name=\"twitter:data2\" content=\"2 minutos\" \/>\n<script type=\"application\/ld+json\" class=\"yoast-schema-graph\">{\"@context\":\"https:\/\/schema.org\",\"@graph\":[{\"@type\":\"Article\",\"@id\":\"https:\/\/cleitonpinheiro.com.br\/site\/policia-civil-prende-no-to-chefe-de-faccao-criminosa-que-atuava-em-todo-o-pais\/#article\",\"isPartOf\":{\"@id\":\"https:\/\/cleitonpinheiro.com.br\/site\/policia-civil-prende-no-to-chefe-de-faccao-criminosa-que-atuava-em-todo-o-pais\/\"},\"author\":{\"name\":\"Dermival Pereira\",\"@id\":\"https:\/\/cleitonpinheiro.com.br\/site\/#\/schema\/person\/aac6d7f311e80c43042e98a900b03cd8\"},\"headline\":\"Pol\u00edcia Civil prende chefe de fac\u00e7\u00e3o criminosa que atuava em todo o Pa\u00eds\",\"datePublished\":\"2022-05-09T11:35:57+00:00\",\"mainEntityOfPage\":{\"@id\":\"https:\/\/cleitonpinheiro.com.br\/site\/policia-civil-prende-no-to-chefe-de-faccao-criminosa-que-atuava-em-todo-o-pais\/\"},\"wordCount\":435,\"commentCount\":0,\"publisher\":{\"@id\":\"https:\/\/cleitonpinheiro.com.br\/site\/#organization\"},\"image\":{\"@id\":\"https:\/\/cleitonpinheiro.com.br\/site\/policia-civil-prende-no-to-chefe-de-faccao-criminosa-que-atuava-em-todo-o-pais\/#primaryimage\"},\"thumbnailUrl\":\"\",\"articleSection\":[\"CIDADES\",\"NOT\u00cdCIAS EM DESTAQUE\",\"TODAS NOTICIAS\"],\"inLanguage\":\"pt-BR\",\"potentialAction\":[{\"@type\":\"CommentAction\",\"name\":\"Comment\",\"target\":[\"https:\/\/cleitonpinheiro.com.br\/site\/policia-civil-prende-no-to-chefe-de-faccao-criminosa-que-atuava-em-todo-o-pais\/#respond\"]}]},{\"@type\":\"WebPage\",\"@id\":\"https:\/\/cleitonpinheiro.com.br\/site\/policia-civil-prende-no-to-chefe-de-faccao-criminosa-que-atuava-em-todo-o-pais\/\",\"url\":\"https:\/\/cleitonpinheiro.com.br\/site\/policia-civil-prende-no-to-chefe-de-faccao-criminosa-que-atuava-em-todo-o-pais\/\",\"name\":\"Pol\u00edcia Civil prende chefe de fac\u00e7\u00e3o criminosa que atuava em todo o Pa\u00eds - PORTAL DE NOT\u00cdCIAS CLEITON PINHEIRO\",\"isPartOf\":{\"@id\":\"https:\/\/cleitonpinheiro.com.br\/site\/#website\"},\"primaryImageOfPage\":{\"@id\":\"https:\/\/cleitonpinheiro.com.br\/site\/policia-civil-prende-no-to-chefe-de-faccao-criminosa-que-atuava-em-todo-o-pais\/#primaryimage\"},\"image\":{\"@id\":\"https:\/\/cleitonpinheiro.com.br\/site\/policia-civil-prende-no-to-chefe-de-faccao-criminosa-que-atuava-em-todo-o-pais\/#primaryimage\"},\"thumbnailUrl\":\"\",\"datePublished\":\"2022-05-09T11:35:57+00:00\",\"breadcrumb\":{\"@id\":\"https:\/\/cleitonpinheiro.com.br\/site\/policia-civil-prende-no-to-chefe-de-faccao-criminosa-que-atuava-em-todo-o-pais\/#breadcrumb\"},\"inLanguage\":\"pt-BR\",\"potentialAction\":[{\"@type\":\"ReadAction\",\"target\":[\"https:\/\/cleitonpinheiro.com.br\/site\/policia-civil-prende-no-to-chefe-de-faccao-criminosa-que-atuava-em-todo-o-pais\/\"]}]},{\"@type\":\"ImageObject\",\"inLanguage\":\"pt-BR\",\"@id\":\"https:\/\/cleitonpinheiro.com.br\/site\/policia-civil-prende-no-to-chefe-de-faccao-criminosa-que-atuava-em-todo-o-pais\/#primaryimage\",\"url\":\"\",\"contentUrl\":\"\"},{\"@type\":\"BreadcrumbList\",\"@id\":\"https:\/\/cleitonpinheiro.com.br\/site\/policia-civil-prende-no-to-chefe-de-faccao-criminosa-que-atuava-em-todo-o-pais\/#breadcrumb\",\"itemListElement\":[{\"@type\":\"ListItem\",\"position\":1,\"name\":\"In\u00edcio\",\"item\":\"https:\/\/cleitonpinheiro.com.br\/site\/\"},{\"@type\":\"ListItem\",\"position\":2,\"name\":\"Pol\u00edcia Civil prende chefe de fac\u00e7\u00e3o criminosa que atuava em todo o Pa\u00eds\"}]},{\"@type\":\"WebSite\",\"@id\":\"https:\/\/cleitonpinheiro.com.br\/site\/#website\",\"url\":\"https:\/\/cleitonpinheiro.com.br\/site\/\",\"name\":\"PORTAL DE NOT\u00cdCIAS CLEITON PINHEIRO\",\"description\":\"FALANDO A VERDADE\",\"publisher\":{\"@id\":\"https:\/\/cleitonpinheiro.com.br\/site\/#organization\"},\"potentialAction\":[{\"@type\":\"SearchAction\",\"target\":{\"@type\":\"EntryPoint\",\"urlTemplate\":\"https:\/\/cleitonpinheiro.com.br\/site\/?s={search_term_string}\"},\"query-input\":{\"@type\":\"PropertyValueSpecification\",\"valueRequired\":true,\"valueName\":\"search_term_string\"}}],\"inLanguage\":\"pt-BR\"},{\"@type\":\"Organization\",\"@id\":\"https:\/\/cleitonpinheiro.com.br\/site\/#organization\",\"name\":\"CPNOT\u00cdCIAS\",\"url\":\"https:\/\/cleitonpinheiro.com.br\/site\/\",\"logo\":{\"@type\":\"ImageObject\",\"inLanguage\":\"pt-BR\",\"@id\":\"https:\/\/cleitonpinheiro.com.br\/site\/#\/schema\/logo\/image\/\",\"url\":\"https:\/\/cleitonpinheiro.com.br\/site\/wp-content\/uploads\/2022\/08\/Logo-pequena-2.png\",\"contentUrl\":\"https:\/\/cleitonpinheiro.com.br\/site\/wp-content\/uploads\/2022\/08\/Logo-pequena-2.png\",\"width\":500,\"height\":500,\"caption\":\"CPNOT\u00cdCIAS\"},\"image\":{\"@id\":\"https:\/\/cleitonpinheiro.com.br\/site\/#\/schema\/logo\/image\/\"},\"sameAs\":[\"https:\/\/www.facebook.com\/portalcpnoticias\/\"]},{\"@type\":\"Person\",\"@id\":\"https:\/\/cleitonpinheiro.com.br\/site\/#\/schema\/person\/aac6d7f311e80c43042e98a900b03cd8\",\"name\":\"Dermival Pereira\",\"image\":{\"@type\":\"ImageObject\",\"inLanguage\":\"pt-BR\",\"@id\":\"https:\/\/cleitonpinheiro.com.br\/site\/#\/schema\/person\/image\/\",\"url\":\"https:\/\/secure.gravatar.com\/avatar\/cfaebf3742d6bf8db728bcba3eed6bee37b02337a2e6c822994f20ca72a3784d?s=96&r=g\",\"contentUrl\":\"https:\/\/secure.gravatar.com\/avatar\/cfaebf3742d6bf8db728bcba3eed6bee37b02337a2e6c822994f20ca72a3784d?s=96&r=g\",\"caption\":\"Dermival Pereira\"},\"url\":\"https:\/\/cleitonpinheiro.com.br\/site\/author\/dermival\/\"}]}<\/script>\n<!-- \/ Yoast SEO plugin. -->","yoast_head_json":{"title":"Pol\u00edcia Civil prende chefe de fac\u00e7\u00e3o criminosa que atuava em todo o Pa\u00eds - PORTAL DE NOT\u00cdCIAS CLEITON PINHEIRO","robots":{"index":"index","follow":"follow","max-snippet":"max-snippet:-1","max-image-preview":"max-image-preview:large","max-video-preview":"max-video-preview:-1"},"canonical":"https:\/\/cleitonpinheiro.com.br\/site\/policia-civil-prende-no-to-chefe-de-faccao-criminosa-que-atuava-em-todo-o-pais\/","og_locale":"pt_BR","og_type":"article","og_title":"Pol\u00edcia Civil prende chefe de fac\u00e7\u00e3o criminosa que atuava em todo o Pa\u00eds - PORTAL DE NOT\u00cdCIAS CLEITON PINHEIRO","og_description":"Da Reda\u00e7\u00e3o do CP Not\u00edcias Um homem de 23 anos, tamb\u00e9m conhecido como \u201cJamaica\u201d, considerado um dos chefes de uma fac\u00e7\u00e3o criminosa que atua em todo o territ\u00f3rio nacional, foi preso pela Pol\u00edcia Civil do Tocantins (PC-TO), na tarde deste s\u00e1bado, 7, em Aragua\u00edna. A a\u00e7\u00e3o conjunta que foi realizada por policiais civis da 2\u00aa [&hellip;]","og_url":"https:\/\/cleitonpinheiro.com.br\/site\/policia-civil-prende-no-to-chefe-de-faccao-criminosa-que-atuava-em-todo-o-pais\/","og_site_name":"PORTAL DE NOT\u00cdCIAS CLEITON PINHEIRO","article_publisher":"https:\/\/www.facebook.com\/portalcpnoticias\/","article_published_time":"2022-05-09T11:35:57+00:00","author":"Dermival Pereira","twitter_card":"summary_large_image","twitter_misc":{"Escrito por":"Dermival Pereira","Est. tempo de leitura":"2 minutos"},"schema":{"@context":"https:\/\/schema.org","@graph":[{"@type":"Article","@id":"https:\/\/cleitonpinheiro.com.br\/site\/policia-civil-prende-no-to-chefe-de-faccao-criminosa-que-atuava-em-todo-o-pais\/#article","isPartOf":{"@id":"https:\/\/cleitonpinheiro.com.br\/site\/policia-civil-prende-no-to-chefe-de-faccao-criminosa-que-atuava-em-todo-o-pais\/"},"author":{"name":"Dermival Pereira","@id":"https:\/\/cleitonpinheiro.com.br\/site\/#\/schema\/person\/aac6d7f311e80c43042e98a900b03cd8"},"headline":"Pol\u00edcia Civil prende chefe de fac\u00e7\u00e3o criminosa que atuava em todo o Pa\u00eds","datePublished":"2022-05-09T11:35:57+00:00","mainEntityOfPage":{"@id":"https:\/\/cleitonpinheiro.com.br\/site\/policia-civil-prende-no-to-chefe-de-faccao-criminosa-que-atuava-em-todo-o-pais\/"},"wordCount":435,"commentCount":0,"publisher":{"@id":"https:\/\/cleitonpinheiro.com.br\/site\/#organization"},"image":{"@id":"https:\/\/cleitonpinheiro.com.br\/site\/policia-civil-prende-no-to-chefe-de-faccao-criminosa-que-atuava-em-todo-o-pais\/#primaryimage"},"thumbnailUrl":"","articleSection":["CIDADES","NOT\u00cdCIAS EM DESTAQUE","TODAS NOTICIAS"],"inLanguage":"pt-BR","potentialAction":[{"@type":"CommentAction","name":"Comment","target":["https:\/\/cleitonpinheiro.com.br\/site\/policia-civil-prende-no-to-chefe-de-faccao-criminosa-que-atuava-em-todo-o-pais\/#respond"]}]},{"@type":"WebPage","@id":"https:\/\/cleitonpinheiro.com.br\/site\/policia-civil-prende-no-to-chefe-de-faccao-criminosa-que-atuava-em-todo-o-pais\/","url":"https:\/\/cleitonpinheiro.com.br\/site\/policia-civil-prende-no-to-chefe-de-faccao-criminosa-que-atuava-em-todo-o-pais\/","name":"Pol\u00edcia Civil prende chefe de fac\u00e7\u00e3o criminosa que atuava em todo o Pa\u00eds - PORTAL DE NOT\u00cdCIAS CLEITON PINHEIRO","isPartOf":{"@id":"https:\/\/cleitonpinheiro.com.br\/site\/#website"},"primaryImageOfPage":{"@id":"https:\/\/cleitonpinheiro.com.br\/site\/policia-civil-prende-no-to-chefe-de-faccao-criminosa-que-atuava-em-todo-o-pais\/#primaryimage"},"image":{"@id":"https:\/\/cleitonpinheiro.com.br\/site\/policia-civil-prende-no-to-chefe-de-faccao-criminosa-que-atuava-em-todo-o-pais\/#primaryimage"},"thumbnailUrl":"","datePublished":"2022-05-09T11:35:57+00:00","breadcrumb":{"@id":"https:\/\/cleitonpinheiro.com.br\/site\/policia-civil-prende-no-to-chefe-de-faccao-criminosa-que-atuava-em-todo-o-pais\/#breadcrumb"},"inLanguage":"pt-BR","potentialAction":[{"@type":"ReadAction","target":["https:\/\/cleitonpinheiro.com.br\/site\/policia-civil-prende-no-to-chefe-de-faccao-criminosa-que-atuava-em-todo-o-pais\/"]}]},{"@type":"ImageObject","inLanguage":"pt-BR","@id":"https:\/\/cleitonpinheiro.com.br\/site\/policia-civil-prende-no-to-chefe-de-faccao-criminosa-que-atuava-em-todo-o-pais\/#primaryimage","url":"","contentUrl":""},{"@type":"BreadcrumbList","@id":"https:\/\/cleitonpinheiro.com.br\/site\/policia-civil-prende-no-to-chefe-de-faccao-criminosa-que-atuava-em-todo-o-pais\/#breadcrumb","itemListElement":[{"@type":"ListItem","position":1,"name":"In\u00edcio","item":"https:\/\/cleitonpinheiro.com.br\/site\/"},{"@type":"ListItem","position":2,"name":"Pol\u00edcia Civil prende chefe de fac\u00e7\u00e3o criminosa que atuava em todo o Pa\u00eds"}]},{"@type":"WebSite","@id":"https:\/\/cleitonpinheiro.com.br\/site\/#website","url":"https:\/\/cleitonpinheiro.com.br\/site\/","name":"PORTAL DE NOT\u00cdCIAS CLEITON PINHEIRO","description":"FALANDO A VERDADE","publisher":{"@id":"https:\/\/cleitonpinheiro.com.br\/site\/#organization"},"potentialAction":[{"@type":"SearchAction","target":{"@type":"EntryPoint","urlTemplate":"https:\/\/cleitonpinheiro.com.br\/site\/?s={search_term_string}"},"query-input":{"@type":"PropertyValueSpecification","valueRequired":true,"valueName":"search_term_string"}}],"inLanguage":"pt-BR"},{"@type":"Organization","@id":"https:\/\/cleitonpinheiro.com.br\/site\/#organization","name":"CPNOT\u00cdCIAS","url":"https:\/\/cleitonpinheiro.com.br\/site\/","logo":{"@type":"ImageObject","inLanguage":"pt-BR","@id":"https:\/\/cleitonpinheiro.com.br\/site\/#\/schema\/logo\/image\/","url":"https:\/\/cleitonpinheiro.com.br\/site\/wp-content\/uploads\/2022\/08\/Logo-pequena-2.png","contentUrl":"https:\/\/cleitonpinheiro.com.br\/site\/wp-content\/uploads\/2022\/08\/Logo-pequena-2.png","width":500,"height":500,"caption":"CPNOT\u00cdCIAS"},"image":{"@id":"https:\/\/cleitonpinheiro.com.br\/site\/#\/schema\/logo\/image\/"},"sameAs":["https:\/\/www.facebook.com\/portalcpnoticias\/"]},{"@type":"Person","@id":"https:\/\/cleitonpinheiro.com.br\/site\/#\/schema\/person\/aac6d7f311e80c43042e98a900b03cd8","name":"Dermival Pereira","image":{"@type":"ImageObject","inLanguage":"pt-BR","@id":"https:\/\/cleitonpinheiro.com.br\/site\/#\/schema\/person\/image\/","url":"https:\/\/secure.gravatar.com\/avatar\/cfaebf3742d6bf8db728bcba3eed6bee37b02337a2e6c822994f20ca72a3784d?s=96&r=g","contentUrl":"https:\/\/secure.gravatar.com\/avatar\/cfaebf3742d6bf8db728bcba3eed6bee37b02337a2e6c822994f20ca72a3784d?s=96&r=g","caption":"Dermival Pereira"},"url":"https:\/\/cleitonpinheiro.com.br\/site\/author\/dermival\/"}]}},"views":192,"_links":{"self":[{"href":"https:\/\/cleitonpinheiro.com.br\/site\/wp-json\/wp\/v2\/posts\/57998","targetHints":{"allow":["GET"]}}],"collection":[{"href":"https:\/\/cleitonpinheiro.com.br\/site\/wp-json\/wp\/v2\/posts"}],"about":[{"href":"https:\/\/cleitonpinheiro.com.br\/site\/wp-json\/wp\/v2\/types\/post"}],"author":[{"embeddable":true,"href":"https:\/\/cleitonpinheiro.com.br\/site\/wp-json\/wp\/v2\/users\/4"}],"replies":[{"embeddable":true,"href":"https:\/\/cleitonpinheiro.com.br\/site\/wp-json\/wp\/v2\/comments?post=57998"}],"version-history":[{"count":0,"href":"https:\/\/cleitonpinheiro.com.br\/site\/wp-json\/wp\/v2\/posts\/57998\/revisions"}],"wp:featuredmedia":[{"embeddable":true,"href":"https:\/\/cleitonpinheiro.com.br\/site\/wp-json\/"}],"wp:attachment":[{"href":"https:\/\/cleitonpinheiro.com.br\/site\/wp-json\/wp\/v2\/media?parent=57998"}],"wp:term":[{"taxonomy":"category","embeddable":true,"href":"https:\/\/cleitonpinheiro.com.br\/site\/wp-json\/wp\/v2\/categories?post=57998"},{"taxonomy":"post_tag","embeddable":true,"href":"https:\/\/cleitonpinheiro.com.br\/site\/wp-json\/wp\/v2\/tags?post=57998"}],"curies":[{"name":"wp","href":"https:\/\/api.w.org\/{rel}","templated":true}]}}