{"id":58001,"date":"2022-05-09T09:03:23","date_gmt":"2022-05-09T12:03:23","guid":{"rendered":"http:\/\/cleitonpinheiro.com.br\/portal\/?p=58001"},"modified":"2022-05-09T09:03:23","modified_gmt":"2022-05-09T12:03:23","slug":"governador-wanderlei-barbosa-revoga-decreto-da-mordaca-imposto-a-policia-civil-pelo-governo-carlesse","status":"publish","type":"post","link":"https:\/\/cleitonpinheiro.com.br\/site\/governador-wanderlei-barbosa-revoga-decreto-da-mordaca-imposto-a-policia-civil-pelo-governo-carlesse\/","title":{"rendered":"Governador Wanderlei Barbosa revoga decreto da &#8216;morda\u00e7a&#8217;, imposto a Pol\u00edcia Civil pelo Governo Mauro Carlesse"},"content":{"rendered":"\n<p><em><strong>Da Reda\u00e7\u00e3o do CP Not\u00edcias<\/strong><\/em><\/p>\n\n\n<figure class=\"wp-block-image size-large\"><img decoding=\"async\" src=\"http:\/\/cleitonpinheiro.com.br\/portal\/wp-content\/uploads\/2022\/05\/Design-sem-nome-2022-05-03T165207-compressed.jpg\" alt=\"\" class=\"wp-image-57870\"\/><\/figure>\n\n\n<p>Foi publicado no Di\u00e1rio Oficial do Estado (DOE) na edi\u00e7\u00e3o da \u00faltima sexta-feira, 6, a revoga\u00e7\u00e3o dos decretos n\u00ba 5.915 e seu anexo n\u00ba 5.918, institu\u00eddos em mar\u00e7o de 2019, na gest\u00e3o de  Mauro Carlesse (PSL) e que atualizavam os procedimentos da Pol\u00edcia Judici\u00e1ria do Tocantins.<br \/><br \/><strong>O novo manual ficou conhecido, \u00e0 \u00e9poca de sua publica\u00e7\u00e3o, como o Decreto da &#8216;morda\u00e7a&#8217; e provocou revolta e reclama\u00e7\u00f5es de agentes e delegados da Pol\u00edcia Civil que viram a norma como uma tentativa de barrar investiga\u00e7\u00f5es contra aliados do ent\u00e3o governado Mauro Carlesse. <\/strong><\/p>\n\n\n<p>O titular da Secretaria da Seguran\u00e7a P\u00fablica do Tocantins, delegado Wlademir Costa, afirmou que a revoga\u00e7\u00e3o dos decretos est\u00e1 em conson\u00e2ncia com a vis\u00e3o da atual gest\u00e3o do Estado e que diversos procedimentos que est\u00e3o contidos nos documentos j\u00e1 s\u00e3o previstos em outros regulamentos e na pr\u00f3pria legisla\u00e7\u00e3o como o C\u00f3digo de Processo Penal.<\/p>\n\n\n<p>\u201cQuando foram editados, os decretos ficaram conhecidos como decretos da morda\u00e7a. Com a revoga\u00e7\u00e3o que houve no Di\u00e1rio Oficial dessa sexta-feira, o Governo do Tocantins demonstra sensibilidade e fortalece ainda a Seguran\u00e7a P\u00fablica dando mostra de for\u00e7a e transpar\u00eancia \u00e0 Pol\u00edcia Judici\u00e1ria do Estado\u201d, assegurou o secret\u00e1rio. <br \/><br \/><strong>Restri\u00e7\u00f5es do Decreto revogado<\/strong><\/p>\n\n\n<p>Entre as medidas, o Executivo estabeleceu, na \u00e9poca, que os delegados de Pol\u00edcia Civil ficassem proibidos de criticarem autoridades durante entrevistas \u00e0 imprensa, de divulgarem nomes de pessoas investigadas em opera\u00e7\u00f5es policiais e de falar sobre as opera\u00e7\u00f5es na internet (redes sociais, sites e blogs).<\/p>\n\n\n<p>O manual tamb\u00e9m estabelece que os mandados de busca e apreens\u00e3o sejam acompanhados pela imprensa e que buscas em \u00f3rg\u00e3os p\u00fablicos s\u00f3 podem ocorrer ap\u00f3s autoriza\u00e7\u00e3o do delegado-geral de Pol\u00edcia Civil, cargo este de livre nomea\u00e7\u00e3o do governador do Estado.<\/p>\n","protected":false},"excerpt":{"rendered":"<p>Da Reda\u00e7\u00e3o do CP Not\u00edcias Foi publicado no Di\u00e1rio Oficial do Estado (DOE) na edi\u00e7\u00e3o da \u00faltima sexta-feira, 6, a revoga\u00e7\u00e3o dos decretos n\u00ba 5.915 e seu anexo n\u00ba 5.918, institu\u00eddos em mar\u00e7o de 2019, na gest\u00e3o de Mauro Carlesse (PSL) e que atualizavam os procedimentos da Pol\u00edcia Judici\u00e1ria do Tocantins. O novo manual ficou [&hellip;]<\/p>\n","protected":false},"author":4,"featured_media":57870,"comment_status":"open","ping_status":"open","sticky":false,"template":"","format":"standard","meta":{"_acf_changed":false,"footnotes":""},"categories":[8,20,21],"tags":[],"class_list":["post-58001","post","type-post","status-publish","format-standard","has-post-thumbnail","hentry","category-estado","category-noticias-em-destaque","category-todas-noticias"],"acf":[],"yoast_head":"<!-- This site is optimized with the Yoast SEO plugin v24.4 - https:\/\/yoast.com\/wordpress\/plugins\/seo\/ -->\n<title>Governador Wanderlei Barbosa revoga decreto da &#039;morda\u00e7a&#039;, imposto a Pol\u00edcia Civil pelo Governo Mauro Carlesse - PORTAL DE NOT\u00cdCIAS CLEITON PINHEIRO<\/title>\n<meta name=\"robots\" content=\"index, follow, max-snippet:-1, max-image-preview:large, max-video-preview:-1\" \/>\n<link rel=\"canonical\" href=\"https:\/\/cleitonpinheiro.com.br\/site\/governador-wanderlei-barbosa-revoga-decreto-da-mordaca-imposto-a-policia-civil-pelo-governo-carlesse\/\" \/>\n<meta property=\"og:locale\" content=\"pt_BR\" \/>\n<meta property=\"og:type\" content=\"article\" \/>\n<meta property=\"og:title\" content=\"Governador Wanderlei Barbosa revoga decreto da &#039;morda\u00e7a&#039;, imposto a Pol\u00edcia Civil pelo Governo Mauro Carlesse - PORTAL DE NOT\u00cdCIAS CLEITON PINHEIRO\" \/>\n<meta property=\"og:description\" content=\"Da Reda\u00e7\u00e3o do CP Not\u00edcias Foi publicado no Di\u00e1rio Oficial do Estado (DOE) na edi\u00e7\u00e3o da \u00faltima sexta-feira, 6, a revoga\u00e7\u00e3o dos decretos n\u00ba 5.915 e seu anexo n\u00ba 5.918, institu\u00eddos em mar\u00e7o de 2019, na gest\u00e3o de Mauro Carlesse (PSL) e que atualizavam os procedimentos da Pol\u00edcia Judici\u00e1ria do Tocantins. O novo manual ficou [&hellip;]\" \/>\n<meta property=\"og:url\" content=\"https:\/\/cleitonpinheiro.com.br\/site\/governador-wanderlei-barbosa-revoga-decreto-da-mordaca-imposto-a-policia-civil-pelo-governo-carlesse\/\" \/>\n<meta property=\"og:site_name\" content=\"PORTAL DE NOT\u00cdCIAS CLEITON PINHEIRO\" \/>\n<meta property=\"article:publisher\" content=\"https:\/\/www.facebook.com\/portalcpnoticias\/\" \/>\n<meta property=\"article:published_time\" content=\"2022-05-09T12:03:23+00:00\" \/>\n<meta name=\"author\" content=\"Dermival Pereira\" \/>\n<meta name=\"twitter:card\" content=\"summary_large_image\" \/>\n<meta name=\"twitter:label1\" content=\"Escrito por\" \/>\n\t<meta name=\"twitter:data1\" content=\"Dermival Pereira\" \/>\n\t<meta name=\"twitter:label2\" content=\"Est. tempo de leitura\" \/>\n\t<meta name=\"twitter:data2\" content=\"2 minutos\" \/>\n<script type=\"application\/ld+json\" class=\"yoast-schema-graph\">{\"@context\":\"https:\/\/schema.org\",\"@graph\":[{\"@type\":\"Article\",\"@id\":\"https:\/\/cleitonpinheiro.com.br\/site\/governador-wanderlei-barbosa-revoga-decreto-da-mordaca-imposto-a-policia-civil-pelo-governo-carlesse\/#article\",\"isPartOf\":{\"@id\":\"https:\/\/cleitonpinheiro.com.br\/site\/governador-wanderlei-barbosa-revoga-decreto-da-mordaca-imposto-a-policia-civil-pelo-governo-carlesse\/\"},\"author\":{\"name\":\"Dermival Pereira\",\"@id\":\"https:\/\/cleitonpinheiro.com.br\/site\/#\/schema\/person\/aac6d7f311e80c43042e98a900b03cd8\"},\"headline\":\"Governador Wanderlei Barbosa revoga decreto da &#8216;morda\u00e7a&#8217;, imposto a Pol\u00edcia Civil pelo Governo Mauro Carlesse\",\"datePublished\":\"2022-05-09T12:03:23+00:00\",\"mainEntityOfPage\":{\"@id\":\"https:\/\/cleitonpinheiro.com.br\/site\/governador-wanderlei-barbosa-revoga-decreto-da-mordaca-imposto-a-policia-civil-pelo-governo-carlesse\/\"},\"wordCount\":344,\"commentCount\":0,\"publisher\":{\"@id\":\"https:\/\/cleitonpinheiro.com.br\/site\/#organization\"},\"image\":{\"@id\":\"https:\/\/cleitonpinheiro.com.br\/site\/governador-wanderlei-barbosa-revoga-decreto-da-mordaca-imposto-a-policia-civil-pelo-governo-carlesse\/#primaryimage\"},\"thumbnailUrl\":\"\",\"articleSection\":[\"ESTADO\",\"NOT\u00cdCIAS EM DESTAQUE\",\"TODAS NOTICIAS\"],\"inLanguage\":\"pt-BR\",\"potentialAction\":[{\"@type\":\"CommentAction\",\"name\":\"Comment\",\"target\":[\"https:\/\/cleitonpinheiro.com.br\/site\/governador-wanderlei-barbosa-revoga-decreto-da-mordaca-imposto-a-policia-civil-pelo-governo-carlesse\/#respond\"]}]},{\"@type\":\"WebPage\",\"@id\":\"https:\/\/cleitonpinheiro.com.br\/site\/governador-wanderlei-barbosa-revoga-decreto-da-mordaca-imposto-a-policia-civil-pelo-governo-carlesse\/\",\"url\":\"https:\/\/cleitonpinheiro.com.br\/site\/governador-wanderlei-barbosa-revoga-decreto-da-mordaca-imposto-a-policia-civil-pelo-governo-carlesse\/\",\"name\":\"Governador Wanderlei Barbosa revoga decreto da 'morda\u00e7a', imposto a Pol\u00edcia Civil pelo Governo Mauro Carlesse - PORTAL DE NOT\u00cdCIAS CLEITON PINHEIRO\",\"isPartOf\":{\"@id\":\"https:\/\/cleitonpinheiro.com.br\/site\/#website\"},\"primaryImageOfPage\":{\"@id\":\"https:\/\/cleitonpinheiro.com.br\/site\/governador-wanderlei-barbosa-revoga-decreto-da-mordaca-imposto-a-policia-civil-pelo-governo-carlesse\/#primaryimage\"},\"image\":{\"@id\":\"https:\/\/cleitonpinheiro.com.br\/site\/governador-wanderlei-barbosa-revoga-decreto-da-mordaca-imposto-a-policia-civil-pelo-governo-carlesse\/#primaryimage\"},\"thumbnailUrl\":\"\",\"datePublished\":\"2022-05-09T12:03:23+00:00\",\"breadcrumb\":{\"@id\":\"https:\/\/cleitonpinheiro.com.br\/site\/governador-wanderlei-barbosa-revoga-decreto-da-mordaca-imposto-a-policia-civil-pelo-governo-carlesse\/#breadcrumb\"},\"inLanguage\":\"pt-BR\",\"potentialAction\":[{\"@type\":\"ReadAction\",\"target\":[\"https:\/\/cleitonpinheiro.com.br\/site\/governador-wanderlei-barbosa-revoga-decreto-da-mordaca-imposto-a-policia-civil-pelo-governo-carlesse\/\"]}]},{\"@type\":\"ImageObject\",\"inLanguage\":\"pt-BR\",\"@id\":\"https:\/\/cleitonpinheiro.com.br\/site\/governador-wanderlei-barbosa-revoga-decreto-da-mordaca-imposto-a-policia-civil-pelo-governo-carlesse\/#primaryimage\",\"url\":\"\",\"contentUrl\":\"\"},{\"@type\":\"BreadcrumbList\",\"@id\":\"https:\/\/cleitonpinheiro.com.br\/site\/governador-wanderlei-barbosa-revoga-decreto-da-mordaca-imposto-a-policia-civil-pelo-governo-carlesse\/#breadcrumb\",\"itemListElement\":[{\"@type\":\"ListItem\",\"position\":1,\"name\":\"In\u00edcio\",\"item\":\"https:\/\/cleitonpinheiro.com.br\/site\/\"},{\"@type\":\"ListItem\",\"position\":2,\"name\":\"Governador Wanderlei Barbosa revoga decreto da &#8216;morda\u00e7a&#8217;, imposto a Pol\u00edcia Civil pelo Governo Mauro Carlesse\"}]},{\"@type\":\"WebSite\",\"@id\":\"https:\/\/cleitonpinheiro.com.br\/site\/#website\",\"url\":\"https:\/\/cleitonpinheiro.com.br\/site\/\",\"name\":\"PORTAL DE NOT\u00cdCIAS CLEITON PINHEIRO\",\"description\":\"FALANDO A VERDADE\",\"publisher\":{\"@id\":\"https:\/\/cleitonpinheiro.com.br\/site\/#organization\"},\"potentialAction\":[{\"@type\":\"SearchAction\",\"target\":{\"@type\":\"EntryPoint\",\"urlTemplate\":\"https:\/\/cleitonpinheiro.com.br\/site\/?s={search_term_string}\"},\"query-input\":{\"@type\":\"PropertyValueSpecification\",\"valueRequired\":true,\"valueName\":\"search_term_string\"}}],\"inLanguage\":\"pt-BR\"},{\"@type\":\"Organization\",\"@id\":\"https:\/\/cleitonpinheiro.com.br\/site\/#organization\",\"name\":\"CPNOT\u00cdCIAS\",\"url\":\"https:\/\/cleitonpinheiro.com.br\/site\/\",\"logo\":{\"@type\":\"ImageObject\",\"inLanguage\":\"pt-BR\",\"@id\":\"https:\/\/cleitonpinheiro.com.br\/site\/#\/schema\/logo\/image\/\",\"url\":\"https:\/\/cleitonpinheiro.com.br\/site\/wp-content\/uploads\/2022\/08\/Logo-pequena-2.png\",\"contentUrl\":\"https:\/\/cleitonpinheiro.com.br\/site\/wp-content\/uploads\/2022\/08\/Logo-pequena-2.png\",\"width\":500,\"height\":500,\"caption\":\"CPNOT\u00cdCIAS\"},\"image\":{\"@id\":\"https:\/\/cleitonpinheiro.com.br\/site\/#\/schema\/logo\/image\/\"},\"sameAs\":[\"https:\/\/www.facebook.com\/portalcpnoticias\/\"]},{\"@type\":\"Person\",\"@id\":\"https:\/\/cleitonpinheiro.com.br\/site\/#\/schema\/person\/aac6d7f311e80c43042e98a900b03cd8\",\"name\":\"Dermival Pereira\",\"image\":{\"@type\":\"ImageObject\",\"inLanguage\":\"pt-BR\",\"@id\":\"https:\/\/cleitonpinheiro.com.br\/site\/#\/schema\/person\/image\/\",\"url\":\"https:\/\/secure.gravatar.com\/avatar\/cfaebf3742d6bf8db728bcba3eed6bee37b02337a2e6c822994f20ca72a3784d?s=96&r=g\",\"contentUrl\":\"https:\/\/secure.gravatar.com\/avatar\/cfaebf3742d6bf8db728bcba3eed6bee37b02337a2e6c822994f20ca72a3784d?s=96&r=g\",\"caption\":\"Dermival Pereira\"},\"url\":\"https:\/\/cleitonpinheiro.com.br\/site\/author\/dermival\/\"}]}<\/script>\n<!-- \/ Yoast SEO plugin. -->","yoast_head_json":{"title":"Governador Wanderlei Barbosa revoga decreto da 'morda\u00e7a', imposto a Pol\u00edcia Civil pelo Governo Mauro Carlesse - PORTAL DE NOT\u00cdCIAS CLEITON PINHEIRO","robots":{"index":"index","follow":"follow","max-snippet":"max-snippet:-1","max-image-preview":"max-image-preview:large","max-video-preview":"max-video-preview:-1"},"canonical":"https:\/\/cleitonpinheiro.com.br\/site\/governador-wanderlei-barbosa-revoga-decreto-da-mordaca-imposto-a-policia-civil-pelo-governo-carlesse\/","og_locale":"pt_BR","og_type":"article","og_title":"Governador Wanderlei Barbosa revoga decreto da 'morda\u00e7a', imposto a Pol\u00edcia Civil pelo Governo Mauro Carlesse - PORTAL DE NOT\u00cdCIAS CLEITON PINHEIRO","og_description":"Da Reda\u00e7\u00e3o do CP Not\u00edcias Foi publicado no Di\u00e1rio Oficial do Estado (DOE) na edi\u00e7\u00e3o da \u00faltima sexta-feira, 6, a revoga\u00e7\u00e3o dos decretos n\u00ba 5.915 e seu anexo n\u00ba 5.918, institu\u00eddos em mar\u00e7o de 2019, na gest\u00e3o de Mauro Carlesse (PSL) e que atualizavam os procedimentos da Pol\u00edcia Judici\u00e1ria do Tocantins. O novo manual ficou [&hellip;]","og_url":"https:\/\/cleitonpinheiro.com.br\/site\/governador-wanderlei-barbosa-revoga-decreto-da-mordaca-imposto-a-policia-civil-pelo-governo-carlesse\/","og_site_name":"PORTAL DE NOT\u00cdCIAS CLEITON PINHEIRO","article_publisher":"https:\/\/www.facebook.com\/portalcpnoticias\/","article_published_time":"2022-05-09T12:03:23+00:00","author":"Dermival Pereira","twitter_card":"summary_large_image","twitter_misc":{"Escrito por":"Dermival Pereira","Est. tempo de leitura":"2 minutos"},"schema":{"@context":"https:\/\/schema.org","@graph":[{"@type":"Article","@id":"https:\/\/cleitonpinheiro.com.br\/site\/governador-wanderlei-barbosa-revoga-decreto-da-mordaca-imposto-a-policia-civil-pelo-governo-carlesse\/#article","isPartOf":{"@id":"https:\/\/cleitonpinheiro.com.br\/site\/governador-wanderlei-barbosa-revoga-decreto-da-mordaca-imposto-a-policia-civil-pelo-governo-carlesse\/"},"author":{"name":"Dermival Pereira","@id":"https:\/\/cleitonpinheiro.com.br\/site\/#\/schema\/person\/aac6d7f311e80c43042e98a900b03cd8"},"headline":"Governador Wanderlei Barbosa revoga decreto da &#8216;morda\u00e7a&#8217;, imposto a Pol\u00edcia Civil pelo Governo Mauro Carlesse","datePublished":"2022-05-09T12:03:23+00:00","mainEntityOfPage":{"@id":"https:\/\/cleitonpinheiro.com.br\/site\/governador-wanderlei-barbosa-revoga-decreto-da-mordaca-imposto-a-policia-civil-pelo-governo-carlesse\/"},"wordCount":344,"commentCount":0,"publisher":{"@id":"https:\/\/cleitonpinheiro.com.br\/site\/#organization"},"image":{"@id":"https:\/\/cleitonpinheiro.com.br\/site\/governador-wanderlei-barbosa-revoga-decreto-da-mordaca-imposto-a-policia-civil-pelo-governo-carlesse\/#primaryimage"},"thumbnailUrl":"","articleSection":["ESTADO","NOT\u00cdCIAS EM DESTAQUE","TODAS NOTICIAS"],"inLanguage":"pt-BR","potentialAction":[{"@type":"CommentAction","name":"Comment","target":["https:\/\/cleitonpinheiro.com.br\/site\/governador-wanderlei-barbosa-revoga-decreto-da-mordaca-imposto-a-policia-civil-pelo-governo-carlesse\/#respond"]}]},{"@type":"WebPage","@id":"https:\/\/cleitonpinheiro.com.br\/site\/governador-wanderlei-barbosa-revoga-decreto-da-mordaca-imposto-a-policia-civil-pelo-governo-carlesse\/","url":"https:\/\/cleitonpinheiro.com.br\/site\/governador-wanderlei-barbosa-revoga-decreto-da-mordaca-imposto-a-policia-civil-pelo-governo-carlesse\/","name":"Governador Wanderlei Barbosa revoga decreto da 'morda\u00e7a', imposto a Pol\u00edcia Civil pelo Governo Mauro Carlesse - PORTAL DE NOT\u00cdCIAS CLEITON PINHEIRO","isPartOf":{"@id":"https:\/\/cleitonpinheiro.com.br\/site\/#website"},"primaryImageOfPage":{"@id":"https:\/\/cleitonpinheiro.com.br\/site\/governador-wanderlei-barbosa-revoga-decreto-da-mordaca-imposto-a-policia-civil-pelo-governo-carlesse\/#primaryimage"},"image":{"@id":"https:\/\/cleitonpinheiro.com.br\/site\/governador-wanderlei-barbosa-revoga-decreto-da-mordaca-imposto-a-policia-civil-pelo-governo-carlesse\/#primaryimage"},"thumbnailUrl":"","datePublished":"2022-05-09T12:03:23+00:00","breadcrumb":{"@id":"https:\/\/cleitonpinheiro.com.br\/site\/governador-wanderlei-barbosa-revoga-decreto-da-mordaca-imposto-a-policia-civil-pelo-governo-carlesse\/#breadcrumb"},"inLanguage":"pt-BR","potentialAction":[{"@type":"ReadAction","target":["https:\/\/cleitonpinheiro.com.br\/site\/governador-wanderlei-barbosa-revoga-decreto-da-mordaca-imposto-a-policia-civil-pelo-governo-carlesse\/"]}]},{"@type":"ImageObject","inLanguage":"pt-BR","@id":"https:\/\/cleitonpinheiro.com.br\/site\/governador-wanderlei-barbosa-revoga-decreto-da-mordaca-imposto-a-policia-civil-pelo-governo-carlesse\/#primaryimage","url":"","contentUrl":""},{"@type":"BreadcrumbList","@id":"https:\/\/cleitonpinheiro.com.br\/site\/governador-wanderlei-barbosa-revoga-decreto-da-mordaca-imposto-a-policia-civil-pelo-governo-carlesse\/#breadcrumb","itemListElement":[{"@type":"ListItem","position":1,"name":"In\u00edcio","item":"https:\/\/cleitonpinheiro.com.br\/site\/"},{"@type":"ListItem","position":2,"name":"Governador Wanderlei Barbosa revoga decreto da &#8216;morda\u00e7a&#8217;, imposto a Pol\u00edcia Civil pelo Governo Mauro Carlesse"}]},{"@type":"WebSite","@id":"https:\/\/cleitonpinheiro.com.br\/site\/#website","url":"https:\/\/cleitonpinheiro.com.br\/site\/","name":"PORTAL DE NOT\u00cdCIAS CLEITON PINHEIRO","description":"FALANDO A VERDADE","publisher":{"@id":"https:\/\/cleitonpinheiro.com.br\/site\/#organization"},"potentialAction":[{"@type":"SearchAction","target":{"@type":"EntryPoint","urlTemplate":"https:\/\/cleitonpinheiro.com.br\/site\/?s={search_term_string}"},"query-input":{"@type":"PropertyValueSpecification","valueRequired":true,"valueName":"search_term_string"}}],"inLanguage":"pt-BR"},{"@type":"Organization","@id":"https:\/\/cleitonpinheiro.com.br\/site\/#organization","name":"CPNOT\u00cdCIAS","url":"https:\/\/cleitonpinheiro.com.br\/site\/","logo":{"@type":"ImageObject","inLanguage":"pt-BR","@id":"https:\/\/cleitonpinheiro.com.br\/site\/#\/schema\/logo\/image\/","url":"https:\/\/cleitonpinheiro.com.br\/site\/wp-content\/uploads\/2022\/08\/Logo-pequena-2.png","contentUrl":"https:\/\/cleitonpinheiro.com.br\/site\/wp-content\/uploads\/2022\/08\/Logo-pequena-2.png","width":500,"height":500,"caption":"CPNOT\u00cdCIAS"},"image":{"@id":"https:\/\/cleitonpinheiro.com.br\/site\/#\/schema\/logo\/image\/"},"sameAs":["https:\/\/www.facebook.com\/portalcpnoticias\/"]},{"@type":"Person","@id":"https:\/\/cleitonpinheiro.com.br\/site\/#\/schema\/person\/aac6d7f311e80c43042e98a900b03cd8","name":"Dermival Pereira","image":{"@type":"ImageObject","inLanguage":"pt-BR","@id":"https:\/\/cleitonpinheiro.com.br\/site\/#\/schema\/person\/image\/","url":"https:\/\/secure.gravatar.com\/avatar\/cfaebf3742d6bf8db728bcba3eed6bee37b02337a2e6c822994f20ca72a3784d?s=96&r=g","contentUrl":"https:\/\/secure.gravatar.com\/avatar\/cfaebf3742d6bf8db728bcba3eed6bee37b02337a2e6c822994f20ca72a3784d?s=96&r=g","caption":"Dermival Pereira"},"url":"https:\/\/cleitonpinheiro.com.br\/site\/author\/dermival\/"}]}},"views":193,"_links":{"self":[{"href":"https:\/\/cleitonpinheiro.com.br\/site\/wp-json\/wp\/v2\/posts\/58001","targetHints":{"allow":["GET"]}}],"collection":[{"href":"https:\/\/cleitonpinheiro.com.br\/site\/wp-json\/wp\/v2\/posts"}],"about":[{"href":"https:\/\/cleitonpinheiro.com.br\/site\/wp-json\/wp\/v2\/types\/post"}],"author":[{"embeddable":true,"href":"https:\/\/cleitonpinheiro.com.br\/site\/wp-json\/wp\/v2\/users\/4"}],"replies":[{"embeddable":true,"href":"https:\/\/cleitonpinheiro.com.br\/site\/wp-json\/wp\/v2\/comments?post=58001"}],"version-history":[{"count":0,"href":"https:\/\/cleitonpinheiro.com.br\/site\/wp-json\/wp\/v2\/posts\/58001\/revisions"}],"wp:featuredmedia":[{"embeddable":true,"href":"https:\/\/cleitonpinheiro.com.br\/site\/wp-json\/"}],"wp:attachment":[{"href":"https:\/\/cleitonpinheiro.com.br\/site\/wp-json\/wp\/v2\/media?parent=58001"}],"wp:term":[{"taxonomy":"category","embeddable":true,"href":"https:\/\/cleitonpinheiro.com.br\/site\/wp-json\/wp\/v2\/categories?post=58001"},{"taxonomy":"post_tag","embeddable":true,"href":"https:\/\/cleitonpinheiro.com.br\/site\/wp-json\/wp\/v2\/tags?post=58001"}],"curies":[{"name":"wp","href":"https:\/\/api.w.org\/{rel}","templated":true}]}}