{"id":58005,"date":"2022-05-09T09:34:05","date_gmt":"2022-05-09T12:34:05","guid":{"rendered":"http:\/\/cleitonpinheiro.com.br\/portal\/?p=58005"},"modified":"2022-05-09T09:34:05","modified_gmt":"2022-05-09T12:34:05","slug":"tiago-dimas-vira-titular-da-comissao-mista-do-orcamento-de-2023","status":"publish","type":"post","link":"https:\/\/cleitonpinheiro.com.br\/site\/tiago-dimas-vira-titular-da-comissao-mista-do-orcamento-de-2023\/","title":{"rendered":"Tiago Dimas vira titular da Comiss\u00e3o Mista do Or\u00e7amento do ano de 2023"},"content":{"rendered":"\n<p><em><strong>Da Reda\u00e7\u00e3o do CP Not\u00edcias<\/strong><\/em><\/p>\n\n\n<figure class=\"wp-block-image size-large\"><img decoding=\"async\" src=\"https:\/\/cleitonpinheiro.com.br\/portal\/wp-content\/uploads\/2022\/05\/Design-sem-nome-2022-05-09T093238-compressed.jpg\" alt=\"\" class=\"wp-image-58006\"\/><\/figure>\n\n\n<p>O deputado federal Tiago Dimas (Podemos-TO) assumiu o posto de membro titular da CMO (Comiss\u00e3o Mista de Planos, Or\u00e7amentos P\u00fablicos e Fiscaliza\u00e7\u00e3o do Congresso Nacional). A comiss\u00e3o \u00e9 que vai tratar de toda lei or\u00e7ament\u00e1ria, inclusive da montagem do or\u00e7amento da Uni\u00e3o em 2023. A indica\u00e7\u00e3o para o cargo foi do Podemos, partido do qual ele \u00e9 vice-l\u00edder na C\u00e2mara.<\/p>\n\n\n<p>\u201cSatisfa\u00e7\u00e3o estar aqui nessa comiss\u00e3o que, sem d\u00favida alguma, \u00e9 das mais importantes do Congresso Nacional. \u00c9 a grande respons\u00e1vel por direcionar o nosso Or\u00e7amento, por conduzir as leis or\u00e7ament\u00e1rias, que \u00e9 o que rege aquilo que h\u00e1 de mais importante e que \u00e9 o que verdadeiramente reafirma o nosso papel, nosso protagonismo diante de toda a pol\u00edtica nacional\u201d, destacou Tiago Dimas, durante sua fala na abertura dos trabalhos da comiss\u00e3o.<\/p>\n\n\n<p>O presidente da comiss\u00e3o ser\u00e1 o deputado federal Celso Sabino (Uni\u00e3o Brasil-PA) e o relator-geral do Or\u00e7amento \u00e9 o senador Marcelo Castro (MDB-PI). Para Tiago Dimas, a participa\u00e7\u00e3o na CMO \u00e9 uma oportunidade de lutar por mais recursos para o Tocantins, ajudando o Estado a ter investimentos e qualidade de vida. \u201cN\u00f3s esperamos que o Tocantins comece a ser transformado por completo a partir de 2023 e para isso ter recursos \u00e9 fundamental\u201d, destacou o congressista tocantinense.<\/p>\n\n\n<p>Um dos desafios da comiss\u00e3o, conforme Tiago Dimas, \u00e9 fazer com que as emendas de bancada possam beneficiar o maior n\u00famero de cidades poss\u00edveis, em especial em estados menores e mais dependentes de recursos federais, como o Tocantins. \u201cSem d\u00favida alguma, n\u00f3s, principalmente, que somos de estados menores sabemos da import\u00e2ncia das emendas de bancada e do quanto necess\u00e1rio que se faz e implementar mecanismos para que elas sejam melhoradas e ampliadas, de forma a alcan\u00e7ar o maior n\u00famero de munic\u00edpios, o maior n\u00famero de cidades, o maior n\u00famero de beneficiados. \u00c9 nas cidades onde as pessoas moram e l\u00e1 que precisam chegar os recursos\u201d, frisou Tiago Dimas, ao agradecer ao Podemos pela indica\u00e7\u00e3o para a CMO. <em><strong>(Com informa\u00e7\u00f5es da Ascom).<\/strong><\/em><\/p>\n","protected":false},"excerpt":{"rendered":"<p>Da Reda\u00e7\u00e3o do CP Not\u00edcias O deputado federal Tiago Dimas (Podemos-TO) assumiu o posto de membro titular da CMO (Comiss\u00e3o Mista de Planos, Or\u00e7amentos P\u00fablicos e Fiscaliza\u00e7\u00e3o do Congresso Nacional). A comiss\u00e3o \u00e9 que vai tratar de toda lei or\u00e7ament\u00e1ria, inclusive da montagem do or\u00e7amento da Uni\u00e3o em 2023. A indica\u00e7\u00e3o para o cargo foi [&hellip;]<\/p>\n","protected":false},"author":4,"featured_media":58006,"comment_status":"open","ping_status":"open","sticky":false,"template":"","format":"standard","meta":{"_acf_changed":false,"footnotes":""},"categories":[20,23,21],"tags":[],"class_list":["post-58005","post","type-post","status-publish","format-standard","has-post-thumbnail","hentry","category-noticias-em-destaque","category-politica","category-todas-noticias"],"acf":[],"yoast_head":"<!-- This site is optimized with the Yoast SEO plugin v24.4 - https:\/\/yoast.com\/wordpress\/plugins\/seo\/ -->\n<title>Tiago Dimas vira titular da Comiss\u00e3o Mista do Or\u00e7amento do ano de 2023 - PORTAL DE NOT\u00cdCIAS CLEITON PINHEIRO<\/title>\n<meta name=\"robots\" content=\"index, follow, max-snippet:-1, max-image-preview:large, max-video-preview:-1\" \/>\n<link rel=\"canonical\" href=\"https:\/\/cleitonpinheiro.com.br\/site\/tiago-dimas-vira-titular-da-comissao-mista-do-orcamento-de-2023\/\" \/>\n<meta property=\"og:locale\" content=\"pt_BR\" \/>\n<meta property=\"og:type\" content=\"article\" \/>\n<meta property=\"og:title\" content=\"Tiago Dimas vira titular da Comiss\u00e3o Mista do Or\u00e7amento do ano de 2023 - PORTAL DE NOT\u00cdCIAS CLEITON PINHEIRO\" \/>\n<meta property=\"og:description\" content=\"Da Reda\u00e7\u00e3o do CP Not\u00edcias O deputado federal Tiago Dimas (Podemos-TO) assumiu o posto de membro titular da CMO (Comiss\u00e3o Mista de Planos, Or\u00e7amentos P\u00fablicos e Fiscaliza\u00e7\u00e3o do Congresso Nacional). A comiss\u00e3o \u00e9 que vai tratar de toda lei or\u00e7ament\u00e1ria, inclusive da montagem do or\u00e7amento da Uni\u00e3o em 2023. A indica\u00e7\u00e3o para o cargo foi [&hellip;]\" \/>\n<meta property=\"og:url\" content=\"https:\/\/cleitonpinheiro.com.br\/site\/tiago-dimas-vira-titular-da-comissao-mista-do-orcamento-de-2023\/\" \/>\n<meta property=\"og:site_name\" content=\"PORTAL DE NOT\u00cdCIAS CLEITON PINHEIRO\" \/>\n<meta property=\"article:publisher\" content=\"https:\/\/www.facebook.com\/portalcpnoticias\/\" \/>\n<meta property=\"article:published_time\" content=\"2022-05-09T12:34:05+00:00\" \/>\n<meta name=\"author\" content=\"Dermival Pereira\" \/>\n<meta name=\"twitter:card\" content=\"summary_large_image\" \/>\n<meta name=\"twitter:label1\" content=\"Escrito por\" \/>\n\t<meta name=\"twitter:data1\" content=\"Dermival Pereira\" \/>\n\t<meta name=\"twitter:label2\" content=\"Est. tempo de leitura\" \/>\n\t<meta name=\"twitter:data2\" content=\"2 minutos\" \/>\n<script type=\"application\/ld+json\" class=\"yoast-schema-graph\">{\"@context\":\"https:\/\/schema.org\",\"@graph\":[{\"@type\":\"Article\",\"@id\":\"https:\/\/cleitonpinheiro.com.br\/site\/tiago-dimas-vira-titular-da-comissao-mista-do-orcamento-de-2023\/#article\",\"isPartOf\":{\"@id\":\"https:\/\/cleitonpinheiro.com.br\/site\/tiago-dimas-vira-titular-da-comissao-mista-do-orcamento-de-2023\/\"},\"author\":{\"name\":\"Dermival Pereira\",\"@id\":\"https:\/\/cleitonpinheiro.com.br\/site\/#\/schema\/person\/aac6d7f311e80c43042e98a900b03cd8\"},\"headline\":\"Tiago Dimas vira titular da Comiss\u00e3o Mista do Or\u00e7amento do ano de 2023\",\"datePublished\":\"2022-05-09T12:34:05+00:00\",\"mainEntityOfPage\":{\"@id\":\"https:\/\/cleitonpinheiro.com.br\/site\/tiago-dimas-vira-titular-da-comissao-mista-do-orcamento-de-2023\/\"},\"wordCount\":377,\"commentCount\":0,\"publisher\":{\"@id\":\"https:\/\/cleitonpinheiro.com.br\/site\/#organization\"},\"image\":{\"@id\":\"https:\/\/cleitonpinheiro.com.br\/site\/tiago-dimas-vira-titular-da-comissao-mista-do-orcamento-de-2023\/#primaryimage\"},\"thumbnailUrl\":\"\",\"articleSection\":[\"NOT\u00cdCIAS EM DESTAQUE\",\"POL\u00cdTICA\",\"TODAS NOTICIAS\"],\"inLanguage\":\"pt-BR\",\"potentialAction\":[{\"@type\":\"CommentAction\",\"name\":\"Comment\",\"target\":[\"https:\/\/cleitonpinheiro.com.br\/site\/tiago-dimas-vira-titular-da-comissao-mista-do-orcamento-de-2023\/#respond\"]}]},{\"@type\":\"WebPage\",\"@id\":\"https:\/\/cleitonpinheiro.com.br\/site\/tiago-dimas-vira-titular-da-comissao-mista-do-orcamento-de-2023\/\",\"url\":\"https:\/\/cleitonpinheiro.com.br\/site\/tiago-dimas-vira-titular-da-comissao-mista-do-orcamento-de-2023\/\",\"name\":\"Tiago Dimas vira titular da Comiss\u00e3o Mista do Or\u00e7amento do ano de 2023 - PORTAL DE NOT\u00cdCIAS CLEITON PINHEIRO\",\"isPartOf\":{\"@id\":\"https:\/\/cleitonpinheiro.com.br\/site\/#website\"},\"primaryImageOfPage\":{\"@id\":\"https:\/\/cleitonpinheiro.com.br\/site\/tiago-dimas-vira-titular-da-comissao-mista-do-orcamento-de-2023\/#primaryimage\"},\"image\":{\"@id\":\"https:\/\/cleitonpinheiro.com.br\/site\/tiago-dimas-vira-titular-da-comissao-mista-do-orcamento-de-2023\/#primaryimage\"},\"thumbnailUrl\":\"\",\"datePublished\":\"2022-05-09T12:34:05+00:00\",\"breadcrumb\":{\"@id\":\"https:\/\/cleitonpinheiro.com.br\/site\/tiago-dimas-vira-titular-da-comissao-mista-do-orcamento-de-2023\/#breadcrumb\"},\"inLanguage\":\"pt-BR\",\"potentialAction\":[{\"@type\":\"ReadAction\",\"target\":[\"https:\/\/cleitonpinheiro.com.br\/site\/tiago-dimas-vira-titular-da-comissao-mista-do-orcamento-de-2023\/\"]}]},{\"@type\":\"ImageObject\",\"inLanguage\":\"pt-BR\",\"@id\":\"https:\/\/cleitonpinheiro.com.br\/site\/tiago-dimas-vira-titular-da-comissao-mista-do-orcamento-de-2023\/#primaryimage\",\"url\":\"\",\"contentUrl\":\"\"},{\"@type\":\"BreadcrumbList\",\"@id\":\"https:\/\/cleitonpinheiro.com.br\/site\/tiago-dimas-vira-titular-da-comissao-mista-do-orcamento-de-2023\/#breadcrumb\",\"itemListElement\":[{\"@type\":\"ListItem\",\"position\":1,\"name\":\"In\u00edcio\",\"item\":\"https:\/\/cleitonpinheiro.com.br\/site\/\"},{\"@type\":\"ListItem\",\"position\":2,\"name\":\"Tiago Dimas vira titular da Comiss\u00e3o Mista do Or\u00e7amento do ano de 2023\"}]},{\"@type\":\"WebSite\",\"@id\":\"https:\/\/cleitonpinheiro.com.br\/site\/#website\",\"url\":\"https:\/\/cleitonpinheiro.com.br\/site\/\",\"name\":\"PORTAL DE NOT\u00cdCIAS CLEITON PINHEIRO\",\"description\":\"FALANDO A VERDADE\",\"publisher\":{\"@id\":\"https:\/\/cleitonpinheiro.com.br\/site\/#organization\"},\"potentialAction\":[{\"@type\":\"SearchAction\",\"target\":{\"@type\":\"EntryPoint\",\"urlTemplate\":\"https:\/\/cleitonpinheiro.com.br\/site\/?s={search_term_string}\"},\"query-input\":{\"@type\":\"PropertyValueSpecification\",\"valueRequired\":true,\"valueName\":\"search_term_string\"}}],\"inLanguage\":\"pt-BR\"},{\"@type\":\"Organization\",\"@id\":\"https:\/\/cleitonpinheiro.com.br\/site\/#organization\",\"name\":\"CPNOT\u00cdCIAS\",\"url\":\"https:\/\/cleitonpinheiro.com.br\/site\/\",\"logo\":{\"@type\":\"ImageObject\",\"inLanguage\":\"pt-BR\",\"@id\":\"https:\/\/cleitonpinheiro.com.br\/site\/#\/schema\/logo\/image\/\",\"url\":\"https:\/\/cleitonpinheiro.com.br\/site\/wp-content\/uploads\/2022\/08\/Logo-pequena-2.png\",\"contentUrl\":\"https:\/\/cleitonpinheiro.com.br\/site\/wp-content\/uploads\/2022\/08\/Logo-pequena-2.png\",\"width\":500,\"height\":500,\"caption\":\"CPNOT\u00cdCIAS\"},\"image\":{\"@id\":\"https:\/\/cleitonpinheiro.com.br\/site\/#\/schema\/logo\/image\/\"},\"sameAs\":[\"https:\/\/www.facebook.com\/portalcpnoticias\/\"]},{\"@type\":\"Person\",\"@id\":\"https:\/\/cleitonpinheiro.com.br\/site\/#\/schema\/person\/aac6d7f311e80c43042e98a900b03cd8\",\"name\":\"Dermival Pereira\",\"image\":{\"@type\":\"ImageObject\",\"inLanguage\":\"pt-BR\",\"@id\":\"https:\/\/cleitonpinheiro.com.br\/site\/#\/schema\/person\/image\/\",\"url\":\"https:\/\/secure.gravatar.com\/avatar\/cfaebf3742d6bf8db728bcba3eed6bee37b02337a2e6c822994f20ca72a3784d?s=96&r=g\",\"contentUrl\":\"https:\/\/secure.gravatar.com\/avatar\/cfaebf3742d6bf8db728bcba3eed6bee37b02337a2e6c822994f20ca72a3784d?s=96&r=g\",\"caption\":\"Dermival Pereira\"},\"url\":\"https:\/\/cleitonpinheiro.com.br\/site\/author\/dermival\/\"}]}<\/script>\n<!-- \/ Yoast SEO plugin. -->","yoast_head_json":{"title":"Tiago Dimas vira titular da Comiss\u00e3o Mista do Or\u00e7amento do ano de 2023 - PORTAL DE NOT\u00cdCIAS CLEITON PINHEIRO","robots":{"index":"index","follow":"follow","max-snippet":"max-snippet:-1","max-image-preview":"max-image-preview:large","max-video-preview":"max-video-preview:-1"},"canonical":"https:\/\/cleitonpinheiro.com.br\/site\/tiago-dimas-vira-titular-da-comissao-mista-do-orcamento-de-2023\/","og_locale":"pt_BR","og_type":"article","og_title":"Tiago Dimas vira titular da Comiss\u00e3o Mista do Or\u00e7amento do ano de 2023 - PORTAL DE NOT\u00cdCIAS CLEITON PINHEIRO","og_description":"Da Reda\u00e7\u00e3o do CP Not\u00edcias O deputado federal Tiago Dimas (Podemos-TO) assumiu o posto de membro titular da CMO (Comiss\u00e3o Mista de Planos, Or\u00e7amentos P\u00fablicos e Fiscaliza\u00e7\u00e3o do Congresso Nacional). A comiss\u00e3o \u00e9 que vai tratar de toda lei or\u00e7ament\u00e1ria, inclusive da montagem do or\u00e7amento da Uni\u00e3o em 2023. A indica\u00e7\u00e3o para o cargo foi [&hellip;]","og_url":"https:\/\/cleitonpinheiro.com.br\/site\/tiago-dimas-vira-titular-da-comissao-mista-do-orcamento-de-2023\/","og_site_name":"PORTAL DE NOT\u00cdCIAS CLEITON PINHEIRO","article_publisher":"https:\/\/www.facebook.com\/portalcpnoticias\/","article_published_time":"2022-05-09T12:34:05+00:00","author":"Dermival Pereira","twitter_card":"summary_large_image","twitter_misc":{"Escrito por":"Dermival Pereira","Est. tempo de leitura":"2 minutos"},"schema":{"@context":"https:\/\/schema.org","@graph":[{"@type":"Article","@id":"https:\/\/cleitonpinheiro.com.br\/site\/tiago-dimas-vira-titular-da-comissao-mista-do-orcamento-de-2023\/#article","isPartOf":{"@id":"https:\/\/cleitonpinheiro.com.br\/site\/tiago-dimas-vira-titular-da-comissao-mista-do-orcamento-de-2023\/"},"author":{"name":"Dermival Pereira","@id":"https:\/\/cleitonpinheiro.com.br\/site\/#\/schema\/person\/aac6d7f311e80c43042e98a900b03cd8"},"headline":"Tiago Dimas vira titular da Comiss\u00e3o Mista do Or\u00e7amento do ano de 2023","datePublished":"2022-05-09T12:34:05+00:00","mainEntityOfPage":{"@id":"https:\/\/cleitonpinheiro.com.br\/site\/tiago-dimas-vira-titular-da-comissao-mista-do-orcamento-de-2023\/"},"wordCount":377,"commentCount":0,"publisher":{"@id":"https:\/\/cleitonpinheiro.com.br\/site\/#organization"},"image":{"@id":"https:\/\/cleitonpinheiro.com.br\/site\/tiago-dimas-vira-titular-da-comissao-mista-do-orcamento-de-2023\/#primaryimage"},"thumbnailUrl":"","articleSection":["NOT\u00cdCIAS EM DESTAQUE","POL\u00cdTICA","TODAS NOTICIAS"],"inLanguage":"pt-BR","potentialAction":[{"@type":"CommentAction","name":"Comment","target":["https:\/\/cleitonpinheiro.com.br\/site\/tiago-dimas-vira-titular-da-comissao-mista-do-orcamento-de-2023\/#respond"]}]},{"@type":"WebPage","@id":"https:\/\/cleitonpinheiro.com.br\/site\/tiago-dimas-vira-titular-da-comissao-mista-do-orcamento-de-2023\/","url":"https:\/\/cleitonpinheiro.com.br\/site\/tiago-dimas-vira-titular-da-comissao-mista-do-orcamento-de-2023\/","name":"Tiago Dimas vira titular da Comiss\u00e3o Mista do Or\u00e7amento do ano de 2023 - PORTAL DE NOT\u00cdCIAS CLEITON PINHEIRO","isPartOf":{"@id":"https:\/\/cleitonpinheiro.com.br\/site\/#website"},"primaryImageOfPage":{"@id":"https:\/\/cleitonpinheiro.com.br\/site\/tiago-dimas-vira-titular-da-comissao-mista-do-orcamento-de-2023\/#primaryimage"},"image":{"@id":"https:\/\/cleitonpinheiro.com.br\/site\/tiago-dimas-vira-titular-da-comissao-mista-do-orcamento-de-2023\/#primaryimage"},"thumbnailUrl":"","datePublished":"2022-05-09T12:34:05+00:00","breadcrumb":{"@id":"https:\/\/cleitonpinheiro.com.br\/site\/tiago-dimas-vira-titular-da-comissao-mista-do-orcamento-de-2023\/#breadcrumb"},"inLanguage":"pt-BR","potentialAction":[{"@type":"ReadAction","target":["https:\/\/cleitonpinheiro.com.br\/site\/tiago-dimas-vira-titular-da-comissao-mista-do-orcamento-de-2023\/"]}]},{"@type":"ImageObject","inLanguage":"pt-BR","@id":"https:\/\/cleitonpinheiro.com.br\/site\/tiago-dimas-vira-titular-da-comissao-mista-do-orcamento-de-2023\/#primaryimage","url":"","contentUrl":""},{"@type":"BreadcrumbList","@id":"https:\/\/cleitonpinheiro.com.br\/site\/tiago-dimas-vira-titular-da-comissao-mista-do-orcamento-de-2023\/#breadcrumb","itemListElement":[{"@type":"ListItem","position":1,"name":"In\u00edcio","item":"https:\/\/cleitonpinheiro.com.br\/site\/"},{"@type":"ListItem","position":2,"name":"Tiago Dimas vira titular da Comiss\u00e3o Mista do Or\u00e7amento do ano de 2023"}]},{"@type":"WebSite","@id":"https:\/\/cleitonpinheiro.com.br\/site\/#website","url":"https:\/\/cleitonpinheiro.com.br\/site\/","name":"PORTAL DE NOT\u00cdCIAS CLEITON PINHEIRO","description":"FALANDO A VERDADE","publisher":{"@id":"https:\/\/cleitonpinheiro.com.br\/site\/#organization"},"potentialAction":[{"@type":"SearchAction","target":{"@type":"EntryPoint","urlTemplate":"https:\/\/cleitonpinheiro.com.br\/site\/?s={search_term_string}"},"query-input":{"@type":"PropertyValueSpecification","valueRequired":true,"valueName":"search_term_string"}}],"inLanguage":"pt-BR"},{"@type":"Organization","@id":"https:\/\/cleitonpinheiro.com.br\/site\/#organization","name":"CPNOT\u00cdCIAS","url":"https:\/\/cleitonpinheiro.com.br\/site\/","logo":{"@type":"ImageObject","inLanguage":"pt-BR","@id":"https:\/\/cleitonpinheiro.com.br\/site\/#\/schema\/logo\/image\/","url":"https:\/\/cleitonpinheiro.com.br\/site\/wp-content\/uploads\/2022\/08\/Logo-pequena-2.png","contentUrl":"https:\/\/cleitonpinheiro.com.br\/site\/wp-content\/uploads\/2022\/08\/Logo-pequena-2.png","width":500,"height":500,"caption":"CPNOT\u00cdCIAS"},"image":{"@id":"https:\/\/cleitonpinheiro.com.br\/site\/#\/schema\/logo\/image\/"},"sameAs":["https:\/\/www.facebook.com\/portalcpnoticias\/"]},{"@type":"Person","@id":"https:\/\/cleitonpinheiro.com.br\/site\/#\/schema\/person\/aac6d7f311e80c43042e98a900b03cd8","name":"Dermival Pereira","image":{"@type":"ImageObject","inLanguage":"pt-BR","@id":"https:\/\/cleitonpinheiro.com.br\/site\/#\/schema\/person\/image\/","url":"https:\/\/secure.gravatar.com\/avatar\/cfaebf3742d6bf8db728bcba3eed6bee37b02337a2e6c822994f20ca72a3784d?s=96&r=g","contentUrl":"https:\/\/secure.gravatar.com\/avatar\/cfaebf3742d6bf8db728bcba3eed6bee37b02337a2e6c822994f20ca72a3784d?s=96&r=g","caption":"Dermival Pereira"},"url":"https:\/\/cleitonpinheiro.com.br\/site\/author\/dermival\/"}]}},"views":176,"_links":{"self":[{"href":"https:\/\/cleitonpinheiro.com.br\/site\/wp-json\/wp\/v2\/posts\/58005","targetHints":{"allow":["GET"]}}],"collection":[{"href":"https:\/\/cleitonpinheiro.com.br\/site\/wp-json\/wp\/v2\/posts"}],"about":[{"href":"https:\/\/cleitonpinheiro.com.br\/site\/wp-json\/wp\/v2\/types\/post"}],"author":[{"embeddable":true,"href":"https:\/\/cleitonpinheiro.com.br\/site\/wp-json\/wp\/v2\/users\/4"}],"replies":[{"embeddable":true,"href":"https:\/\/cleitonpinheiro.com.br\/site\/wp-json\/wp\/v2\/comments?post=58005"}],"version-history":[{"count":0,"href":"https:\/\/cleitonpinheiro.com.br\/site\/wp-json\/wp\/v2\/posts\/58005\/revisions"}],"wp:featuredmedia":[{"embeddable":true,"href":"https:\/\/cleitonpinheiro.com.br\/site\/wp-json\/"}],"wp:attachment":[{"href":"https:\/\/cleitonpinheiro.com.br\/site\/wp-json\/wp\/v2\/media?parent=58005"}],"wp:term":[{"taxonomy":"category","embeddable":true,"href":"https:\/\/cleitonpinheiro.com.br\/site\/wp-json\/wp\/v2\/categories?post=58005"},{"taxonomy":"post_tag","embeddable":true,"href":"https:\/\/cleitonpinheiro.com.br\/site\/wp-json\/wp\/v2\/tags?post=58005"}],"curies":[{"name":"wp","href":"https:\/\/api.w.org\/{rel}","templated":true}]}}