{"id":58016,"date":"2022-05-09T11:14:40","date_gmt":"2022-05-09T14:14:40","guid":{"rendered":"http:\/\/cleitonpinheiro.com.br\/portal\/?p=58016"},"modified":"2022-05-09T11:14:40","modified_gmt":"2022-05-09T14:14:40","slug":"fieto-leva-palestras-servicos-e-conhecimentos-sobre-o-agronegocio-a-agrotins","status":"publish","type":"post","link":"https:\/\/cleitonpinheiro.com.br\/site\/fieto-leva-palestras-servicos-e-conhecimentos-sobre-o-agronegocio-a-agrotins\/","title":{"rendered":"Sistema Fieto leva palestras e servi\u00e7os sobre o agroneg\u00f3cio \u00e0 22\u00aa Agrotins"},"content":{"rendered":"\n<p><em><strong>Da Reda\u00e7\u00e3o do CP Not\u00edcias<\/strong><\/em><\/p>\n\n\n<figure class=\"wp-block-image size-large\"><img decoding=\"async\" src=\"https:\/\/cleitonpinheiro.com.br\/portal\/wp-content\/uploads\/2022\/05\/Design-sem-nome-2022-05-09T111202-compressed.jpg\" alt=\"\" class=\"wp-image-58017\"\/><figcaption>Foto: Adilvan Nogueira\u00a0<\/figcaption><\/figure>\n\n\n<p>A Federa\u00e7\u00e3o das Ind\u00fastrias do Estado do Tocantins (FIETO), o SESI, SENAI e IEL estar\u00e3o presentes na 22\u00aa edi\u00e7\u00e3o da Feira de Tecnologia Agropecu\u00e1ria do Tocantins (Agrotins 2022) com diversas atividades voltadas \u00e0 agroind\u00fastria. O evento acontece entre 10 e 14\/05 no Centro Agrotecnol\u00f3gico de Palmas, na TO-050 &#8211; sa\u00edda para Porto Nacional. O estande do Sistema FIETO ficar\u00e1 no pavilh\u00e3o do Desenvolvimento, na Casa do Empres\u00e1rio e contar\u00e1 com v\u00e1rias atividades e servi\u00e7os.\u00a0\u00a0<\/p>\n\n\n<p>Energias renov\u00e1veis para ind\u00fastria, classifica\u00e7\u00e3o de gr\u00e3os e sua import\u00e2ncia para o agro, automa\u00e7\u00e3o industrial, aumento de produtividade industrial s\u00e3o alguns dos temas que fazem parte da programa\u00e7\u00e3o do Sistema FIETO e poder\u00e3o ser conferidas pelos visitantes. O estande tamb\u00e9m contar\u00e1 com rodadas de conversas, palestras, avalia\u00e7\u00e3o de bioimped\u00e2ncia, atendimento para empresas e estudantes interessados em est\u00e1gio, dentre outros servi\u00e7os.&nbsp;<\/p>\n\n\n<p><strong>Confira a programa\u00e7\u00e3o completa:\u00a0<\/strong><\/p>\n\n\n<p><strong>Ter\u00e7a-feira, 10\/05:<\/strong><strong>&nbsp;<\/strong><\/p>\n\n\n<p>8 \u00e0s 13 horas &#8211; Rodada de conversas sobre Selo Tocantinense e cadeias produtivas.&nbsp;<\/p>\n\n\n<p>8 \u00e0s 18 horas &#8211; Cadastro de estudantes\/Divulga\u00e7\u00e3o do Programa de Est\u00e1gio do IEL e atendimentos a empresas.&nbsp;<\/p>\n\n\n<p>13 \u00e0s 18 horas &#8211; Rodada de conversas sobre o impacto da nova NR1 no Agroneg\u00f3cio.&nbsp;<\/p>\n\n\n<p>13 \u00e0s 18 horas &#8211; Rodada de conversas sobre o aumento de produtividade industrial.&nbsp;<\/p>\n\n\n<p><strong>Quarta-feira, 11\/05<\/strong><strong>&nbsp;<\/strong><\/p>\n\n\n<p>8 \u00e0s 13 horas &#8211; Painel Ela Faz Ind\u00fastria com a apresenta\u00e7\u00e3o de Marta Tratores e Top 10 Pneus Para\u00edso.&nbsp;<\/p>\n\n\n<p>8 \u00e0s 18 horas &#8211; Cadastro de estudantes\/Divulga\u00e7\u00e3o do Programa de Est\u00e1gio do IEL e atendimentos a empresas.&nbsp;<\/p>\n\n\n<p>13 \u00e0s 18 horas &#8211; Rodada de conversas sobre oportunidades em automa\u00e7\u00e3o industrial.&nbsp;<\/p>\n\n\n<p><strong>Quinta-feira, 12\/05<\/strong><strong>&nbsp;<\/strong><\/p>\n\n\n<p>8 \u00e0s 13 horas &#8211; Rodada de conversas sobre Selo Tocantinense e cadeias produtivas.&nbsp;<\/p>\n\n\n<p>11 horas &#8211; Palestra sobre Tend\u00eancias de Tecnologia e Inova\u00e7\u00e3o e Inova\u00e7\u00e3o para o setor da Agroind\u00fastria com Rolando Vargas Vallejos.&nbsp;<\/p>\n\n\n<p>8 \u00e0s 18 horas &#8211;&nbsp; Cadastro de estudantes\/Divulga\u00e7\u00e3o do Programa de Est\u00e1gio do IEL e atendimentos a empresas.&nbsp;<\/p>\n\n\n<p>13 \u00e0s 18 horas &#8211; Rodada de conversas sobre a Classifica\u00e7\u00e3o de Gr\u00e3os e Sua Import\u00e2ncia ao Agro.&nbsp;<\/p>\n\n\n<p><strong>Sexta-feira, 13\/05<\/strong><strong>&nbsp;<\/strong><\/p>\n\n\n<p>8 \u00e0s 18 horas &#8211; Avalia\u00e7\u00e3o gratuita de bioimped\u00e2ncia.&nbsp;<\/p>\n\n\n<p>13 \u00e0s 18 horas &#8211; Rodada de conversa sobre energias renov\u00e1veis para ind\u00fastria.&nbsp;<\/p>\n\n\n<p>13 \u00e0s 18 horas &#8211; Painel Ela Faz Ind\u00fastria com a apresenta\u00e7\u00e3o de Marta Tratores e Top 10 Pneus. Para\u00edso.&nbsp;<\/p>\n\n\n<p><strong>S\u00e1bado, 14\/05<\/strong><strong>&nbsp;<\/strong><\/p>\n\n\n<p>8 \u00e0s 13 horas &#8211; Rodada de conversas sobre Selo Tocantinense e cadeias produtivas.&nbsp;<\/p>\n\n\n<p>13 \u00e0s 18 horas &#8211; Rodada de conversas sobre oportunidades em digitaliza\u00e7\u00e3o de processos de produ\u00e7\u00e3o.&nbsp;<\/p>\n\n\n<p><strong>Agrotins 2022<\/strong><strong>&nbsp;<\/strong><\/p>\n\n\n<p>A 22\u00aa edi\u00e7\u00e3o Agrotins tem como tema Integrar, Intensificar para Preservar e visa apresentar novidades para o desenvolvimento da produ\u00e7\u00e3o, apoiar e incentivar a continuar produzindo uma agricultura sustent\u00e1vel.\u00a0 <em><strong>(Fonte: Ascom da Fieto no Tocantins).<\/strong><\/em><\/p>\n","protected":false},"excerpt":{"rendered":"<p>Da Reda\u00e7\u00e3o do CP Not\u00edcias A Federa\u00e7\u00e3o das Ind\u00fastrias do Estado do Tocantins (FIETO), o SESI, SENAI e IEL estar\u00e3o presentes na 22\u00aa edi\u00e7\u00e3o da Feira de Tecnologia Agropecu\u00e1ria do Tocantins (Agrotins 2022) com diversas atividades voltadas \u00e0 agroind\u00fastria. O evento acontece entre 10 e 14\/05 no Centro Agrotecnol\u00f3gico de Palmas, na TO-050 &#8211; sa\u00edda [&hellip;]<\/p>\n","protected":false},"author":4,"featured_media":58017,"comment_status":"open","ping_status":"open","sticky":false,"template":"","format":"standard","meta":{"_acf_changed":false,"footnotes":""},"categories":[8,20,21],"tags":[],"class_list":["post-58016","post","type-post","status-publish","format-standard","has-post-thumbnail","hentry","category-estado","category-noticias-em-destaque","category-todas-noticias"],"acf":[],"yoast_head":"<!-- This site is optimized with the Yoast SEO plugin v24.4 - https:\/\/yoast.com\/wordpress\/plugins\/seo\/ -->\n<title>Sistema Fieto leva palestras e servi\u00e7os sobre o agroneg\u00f3cio \u00e0 22\u00aa Agrotins - PORTAL DE NOT\u00cdCIAS CLEITON PINHEIRO<\/title>\n<meta name=\"robots\" content=\"index, follow, max-snippet:-1, max-image-preview:large, max-video-preview:-1\" \/>\n<link rel=\"canonical\" href=\"https:\/\/cleitonpinheiro.com.br\/site\/fieto-leva-palestras-servicos-e-conhecimentos-sobre-o-agronegocio-a-agrotins\/\" \/>\n<meta property=\"og:locale\" content=\"pt_BR\" \/>\n<meta property=\"og:type\" content=\"article\" \/>\n<meta property=\"og:title\" content=\"Sistema Fieto leva palestras e servi\u00e7os sobre o agroneg\u00f3cio \u00e0 22\u00aa Agrotins - PORTAL DE NOT\u00cdCIAS CLEITON PINHEIRO\" \/>\n<meta property=\"og:description\" content=\"Da Reda\u00e7\u00e3o do CP Not\u00edcias A Federa\u00e7\u00e3o das Ind\u00fastrias do Estado do Tocantins (FIETO), o SESI, SENAI e IEL estar\u00e3o presentes na 22\u00aa edi\u00e7\u00e3o da Feira de Tecnologia Agropecu\u00e1ria do Tocantins (Agrotins 2022) com diversas atividades voltadas \u00e0 agroind\u00fastria. O evento acontece entre 10 e 14\/05 no Centro Agrotecnol\u00f3gico de Palmas, na TO-050 &#8211; sa\u00edda [&hellip;]\" \/>\n<meta property=\"og:url\" content=\"https:\/\/cleitonpinheiro.com.br\/site\/fieto-leva-palestras-servicos-e-conhecimentos-sobre-o-agronegocio-a-agrotins\/\" \/>\n<meta property=\"og:site_name\" content=\"PORTAL DE NOT\u00cdCIAS CLEITON PINHEIRO\" \/>\n<meta property=\"article:publisher\" content=\"https:\/\/www.facebook.com\/portalcpnoticias\/\" \/>\n<meta property=\"article:published_time\" content=\"2022-05-09T14:14:40+00:00\" \/>\n<meta name=\"author\" content=\"Dermival Pereira\" \/>\n<meta name=\"twitter:card\" content=\"summary_large_image\" \/>\n<meta name=\"twitter:label1\" content=\"Escrito por\" \/>\n\t<meta name=\"twitter:data1\" content=\"Dermival Pereira\" \/>\n\t<meta name=\"twitter:label2\" content=\"Est. tempo de leitura\" \/>\n\t<meta name=\"twitter:data2\" content=\"2 minutos\" \/>\n<script type=\"application\/ld+json\" class=\"yoast-schema-graph\">{\"@context\":\"https:\/\/schema.org\",\"@graph\":[{\"@type\":\"Article\",\"@id\":\"https:\/\/cleitonpinheiro.com.br\/site\/fieto-leva-palestras-servicos-e-conhecimentos-sobre-o-agronegocio-a-agrotins\/#article\",\"isPartOf\":{\"@id\":\"https:\/\/cleitonpinheiro.com.br\/site\/fieto-leva-palestras-servicos-e-conhecimentos-sobre-o-agronegocio-a-agrotins\/\"},\"author\":{\"name\":\"Dermival Pereira\",\"@id\":\"https:\/\/cleitonpinheiro.com.br\/site\/#\/schema\/person\/aac6d7f311e80c43042e98a900b03cd8\"},\"headline\":\"Sistema Fieto leva palestras e servi\u00e7os sobre o agroneg\u00f3cio \u00e0 22\u00aa Agrotins\",\"datePublished\":\"2022-05-09T14:14:40+00:00\",\"mainEntityOfPage\":{\"@id\":\"https:\/\/cleitonpinheiro.com.br\/site\/fieto-leva-palestras-servicos-e-conhecimentos-sobre-o-agronegocio-a-agrotins\/\"},\"wordCount\":504,\"commentCount\":0,\"publisher\":{\"@id\":\"https:\/\/cleitonpinheiro.com.br\/site\/#organization\"},\"image\":{\"@id\":\"https:\/\/cleitonpinheiro.com.br\/site\/fieto-leva-palestras-servicos-e-conhecimentos-sobre-o-agronegocio-a-agrotins\/#primaryimage\"},\"thumbnailUrl\":\"\",\"articleSection\":[\"ESTADO\",\"NOT\u00cdCIAS EM DESTAQUE\",\"TODAS NOTICIAS\"],\"inLanguage\":\"pt-BR\",\"potentialAction\":[{\"@type\":\"CommentAction\",\"name\":\"Comment\",\"target\":[\"https:\/\/cleitonpinheiro.com.br\/site\/fieto-leva-palestras-servicos-e-conhecimentos-sobre-o-agronegocio-a-agrotins\/#respond\"]}]},{\"@type\":\"WebPage\",\"@id\":\"https:\/\/cleitonpinheiro.com.br\/site\/fieto-leva-palestras-servicos-e-conhecimentos-sobre-o-agronegocio-a-agrotins\/\",\"url\":\"https:\/\/cleitonpinheiro.com.br\/site\/fieto-leva-palestras-servicos-e-conhecimentos-sobre-o-agronegocio-a-agrotins\/\",\"name\":\"Sistema Fieto leva palestras e servi\u00e7os sobre o agroneg\u00f3cio \u00e0 22\u00aa Agrotins - PORTAL DE NOT\u00cdCIAS CLEITON PINHEIRO\",\"isPartOf\":{\"@id\":\"https:\/\/cleitonpinheiro.com.br\/site\/#website\"},\"primaryImageOfPage\":{\"@id\":\"https:\/\/cleitonpinheiro.com.br\/site\/fieto-leva-palestras-servicos-e-conhecimentos-sobre-o-agronegocio-a-agrotins\/#primaryimage\"},\"image\":{\"@id\":\"https:\/\/cleitonpinheiro.com.br\/site\/fieto-leva-palestras-servicos-e-conhecimentos-sobre-o-agronegocio-a-agrotins\/#primaryimage\"},\"thumbnailUrl\":\"\",\"datePublished\":\"2022-05-09T14:14:40+00:00\",\"breadcrumb\":{\"@id\":\"https:\/\/cleitonpinheiro.com.br\/site\/fieto-leva-palestras-servicos-e-conhecimentos-sobre-o-agronegocio-a-agrotins\/#breadcrumb\"},\"inLanguage\":\"pt-BR\",\"potentialAction\":[{\"@type\":\"ReadAction\",\"target\":[\"https:\/\/cleitonpinheiro.com.br\/site\/fieto-leva-palestras-servicos-e-conhecimentos-sobre-o-agronegocio-a-agrotins\/\"]}]},{\"@type\":\"ImageObject\",\"inLanguage\":\"pt-BR\",\"@id\":\"https:\/\/cleitonpinheiro.com.br\/site\/fieto-leva-palestras-servicos-e-conhecimentos-sobre-o-agronegocio-a-agrotins\/#primaryimage\",\"url\":\"\",\"contentUrl\":\"\"},{\"@type\":\"BreadcrumbList\",\"@id\":\"https:\/\/cleitonpinheiro.com.br\/site\/fieto-leva-palestras-servicos-e-conhecimentos-sobre-o-agronegocio-a-agrotins\/#breadcrumb\",\"itemListElement\":[{\"@type\":\"ListItem\",\"position\":1,\"name\":\"In\u00edcio\",\"item\":\"https:\/\/cleitonpinheiro.com.br\/site\/\"},{\"@type\":\"ListItem\",\"position\":2,\"name\":\"Sistema Fieto leva palestras e servi\u00e7os sobre o agroneg\u00f3cio \u00e0 22\u00aa Agrotins\"}]},{\"@type\":\"WebSite\",\"@id\":\"https:\/\/cleitonpinheiro.com.br\/site\/#website\",\"url\":\"https:\/\/cleitonpinheiro.com.br\/site\/\",\"name\":\"PORTAL DE NOT\u00cdCIAS CLEITON PINHEIRO\",\"description\":\"FALANDO A VERDADE\",\"publisher\":{\"@id\":\"https:\/\/cleitonpinheiro.com.br\/site\/#organization\"},\"potentialAction\":[{\"@type\":\"SearchAction\",\"target\":{\"@type\":\"EntryPoint\",\"urlTemplate\":\"https:\/\/cleitonpinheiro.com.br\/site\/?s={search_term_string}\"},\"query-input\":{\"@type\":\"PropertyValueSpecification\",\"valueRequired\":true,\"valueName\":\"search_term_string\"}}],\"inLanguage\":\"pt-BR\"},{\"@type\":\"Organization\",\"@id\":\"https:\/\/cleitonpinheiro.com.br\/site\/#organization\",\"name\":\"CPNOT\u00cdCIAS\",\"url\":\"https:\/\/cleitonpinheiro.com.br\/site\/\",\"logo\":{\"@type\":\"ImageObject\",\"inLanguage\":\"pt-BR\",\"@id\":\"https:\/\/cleitonpinheiro.com.br\/site\/#\/schema\/logo\/image\/\",\"url\":\"https:\/\/cleitonpinheiro.com.br\/site\/wp-content\/uploads\/2022\/08\/Logo-pequena-2.png\",\"contentUrl\":\"https:\/\/cleitonpinheiro.com.br\/site\/wp-content\/uploads\/2022\/08\/Logo-pequena-2.png\",\"width\":500,\"height\":500,\"caption\":\"CPNOT\u00cdCIAS\"},\"image\":{\"@id\":\"https:\/\/cleitonpinheiro.com.br\/site\/#\/schema\/logo\/image\/\"},\"sameAs\":[\"https:\/\/www.facebook.com\/portalcpnoticias\/\"]},{\"@type\":\"Person\",\"@id\":\"https:\/\/cleitonpinheiro.com.br\/site\/#\/schema\/person\/aac6d7f311e80c43042e98a900b03cd8\",\"name\":\"Dermival Pereira\",\"image\":{\"@type\":\"ImageObject\",\"inLanguage\":\"pt-BR\",\"@id\":\"https:\/\/cleitonpinheiro.com.br\/site\/#\/schema\/person\/image\/\",\"url\":\"https:\/\/secure.gravatar.com\/avatar\/cfaebf3742d6bf8db728bcba3eed6bee37b02337a2e6c822994f20ca72a3784d?s=96&r=g\",\"contentUrl\":\"https:\/\/secure.gravatar.com\/avatar\/cfaebf3742d6bf8db728bcba3eed6bee37b02337a2e6c822994f20ca72a3784d?s=96&r=g\",\"caption\":\"Dermival Pereira\"},\"url\":\"https:\/\/cleitonpinheiro.com.br\/site\/author\/dermival\/\"}]}<\/script>\n<!-- \/ Yoast SEO plugin. -->","yoast_head_json":{"title":"Sistema Fieto leva palestras e servi\u00e7os sobre o agroneg\u00f3cio \u00e0 22\u00aa Agrotins - PORTAL DE NOT\u00cdCIAS CLEITON PINHEIRO","robots":{"index":"index","follow":"follow","max-snippet":"max-snippet:-1","max-image-preview":"max-image-preview:large","max-video-preview":"max-video-preview:-1"},"canonical":"https:\/\/cleitonpinheiro.com.br\/site\/fieto-leva-palestras-servicos-e-conhecimentos-sobre-o-agronegocio-a-agrotins\/","og_locale":"pt_BR","og_type":"article","og_title":"Sistema Fieto leva palestras e servi\u00e7os sobre o agroneg\u00f3cio \u00e0 22\u00aa Agrotins - PORTAL DE NOT\u00cdCIAS CLEITON PINHEIRO","og_description":"Da Reda\u00e7\u00e3o do CP Not\u00edcias A Federa\u00e7\u00e3o das Ind\u00fastrias do Estado do Tocantins (FIETO), o SESI, SENAI e IEL estar\u00e3o presentes na 22\u00aa edi\u00e7\u00e3o da Feira de Tecnologia Agropecu\u00e1ria do Tocantins (Agrotins 2022) com diversas atividades voltadas \u00e0 agroind\u00fastria. O evento acontece entre 10 e 14\/05 no Centro Agrotecnol\u00f3gico de Palmas, na TO-050 &#8211; sa\u00edda [&hellip;]","og_url":"https:\/\/cleitonpinheiro.com.br\/site\/fieto-leva-palestras-servicos-e-conhecimentos-sobre-o-agronegocio-a-agrotins\/","og_site_name":"PORTAL DE NOT\u00cdCIAS CLEITON PINHEIRO","article_publisher":"https:\/\/www.facebook.com\/portalcpnoticias\/","article_published_time":"2022-05-09T14:14:40+00:00","author":"Dermival Pereira","twitter_card":"summary_large_image","twitter_misc":{"Escrito por":"Dermival Pereira","Est. tempo de leitura":"2 minutos"},"schema":{"@context":"https:\/\/schema.org","@graph":[{"@type":"Article","@id":"https:\/\/cleitonpinheiro.com.br\/site\/fieto-leva-palestras-servicos-e-conhecimentos-sobre-o-agronegocio-a-agrotins\/#article","isPartOf":{"@id":"https:\/\/cleitonpinheiro.com.br\/site\/fieto-leva-palestras-servicos-e-conhecimentos-sobre-o-agronegocio-a-agrotins\/"},"author":{"name":"Dermival Pereira","@id":"https:\/\/cleitonpinheiro.com.br\/site\/#\/schema\/person\/aac6d7f311e80c43042e98a900b03cd8"},"headline":"Sistema Fieto leva palestras e servi\u00e7os sobre o agroneg\u00f3cio \u00e0 22\u00aa Agrotins","datePublished":"2022-05-09T14:14:40+00:00","mainEntityOfPage":{"@id":"https:\/\/cleitonpinheiro.com.br\/site\/fieto-leva-palestras-servicos-e-conhecimentos-sobre-o-agronegocio-a-agrotins\/"},"wordCount":504,"commentCount":0,"publisher":{"@id":"https:\/\/cleitonpinheiro.com.br\/site\/#organization"},"image":{"@id":"https:\/\/cleitonpinheiro.com.br\/site\/fieto-leva-palestras-servicos-e-conhecimentos-sobre-o-agronegocio-a-agrotins\/#primaryimage"},"thumbnailUrl":"","articleSection":["ESTADO","NOT\u00cdCIAS EM DESTAQUE","TODAS NOTICIAS"],"inLanguage":"pt-BR","potentialAction":[{"@type":"CommentAction","name":"Comment","target":["https:\/\/cleitonpinheiro.com.br\/site\/fieto-leva-palestras-servicos-e-conhecimentos-sobre-o-agronegocio-a-agrotins\/#respond"]}]},{"@type":"WebPage","@id":"https:\/\/cleitonpinheiro.com.br\/site\/fieto-leva-palestras-servicos-e-conhecimentos-sobre-o-agronegocio-a-agrotins\/","url":"https:\/\/cleitonpinheiro.com.br\/site\/fieto-leva-palestras-servicos-e-conhecimentos-sobre-o-agronegocio-a-agrotins\/","name":"Sistema Fieto leva palestras e servi\u00e7os sobre o agroneg\u00f3cio \u00e0 22\u00aa Agrotins - PORTAL DE NOT\u00cdCIAS CLEITON PINHEIRO","isPartOf":{"@id":"https:\/\/cleitonpinheiro.com.br\/site\/#website"},"primaryImageOfPage":{"@id":"https:\/\/cleitonpinheiro.com.br\/site\/fieto-leva-palestras-servicos-e-conhecimentos-sobre-o-agronegocio-a-agrotins\/#primaryimage"},"image":{"@id":"https:\/\/cleitonpinheiro.com.br\/site\/fieto-leva-palestras-servicos-e-conhecimentos-sobre-o-agronegocio-a-agrotins\/#primaryimage"},"thumbnailUrl":"","datePublished":"2022-05-09T14:14:40+00:00","breadcrumb":{"@id":"https:\/\/cleitonpinheiro.com.br\/site\/fieto-leva-palestras-servicos-e-conhecimentos-sobre-o-agronegocio-a-agrotins\/#breadcrumb"},"inLanguage":"pt-BR","potentialAction":[{"@type":"ReadAction","target":["https:\/\/cleitonpinheiro.com.br\/site\/fieto-leva-palestras-servicos-e-conhecimentos-sobre-o-agronegocio-a-agrotins\/"]}]},{"@type":"ImageObject","inLanguage":"pt-BR","@id":"https:\/\/cleitonpinheiro.com.br\/site\/fieto-leva-palestras-servicos-e-conhecimentos-sobre-o-agronegocio-a-agrotins\/#primaryimage","url":"","contentUrl":""},{"@type":"BreadcrumbList","@id":"https:\/\/cleitonpinheiro.com.br\/site\/fieto-leva-palestras-servicos-e-conhecimentos-sobre-o-agronegocio-a-agrotins\/#breadcrumb","itemListElement":[{"@type":"ListItem","position":1,"name":"In\u00edcio","item":"https:\/\/cleitonpinheiro.com.br\/site\/"},{"@type":"ListItem","position":2,"name":"Sistema Fieto leva palestras e servi\u00e7os sobre o agroneg\u00f3cio \u00e0 22\u00aa Agrotins"}]},{"@type":"WebSite","@id":"https:\/\/cleitonpinheiro.com.br\/site\/#website","url":"https:\/\/cleitonpinheiro.com.br\/site\/","name":"PORTAL DE NOT\u00cdCIAS CLEITON PINHEIRO","description":"FALANDO A VERDADE","publisher":{"@id":"https:\/\/cleitonpinheiro.com.br\/site\/#organization"},"potentialAction":[{"@type":"SearchAction","target":{"@type":"EntryPoint","urlTemplate":"https:\/\/cleitonpinheiro.com.br\/site\/?s={search_term_string}"},"query-input":{"@type":"PropertyValueSpecification","valueRequired":true,"valueName":"search_term_string"}}],"inLanguage":"pt-BR"},{"@type":"Organization","@id":"https:\/\/cleitonpinheiro.com.br\/site\/#organization","name":"CPNOT\u00cdCIAS","url":"https:\/\/cleitonpinheiro.com.br\/site\/","logo":{"@type":"ImageObject","inLanguage":"pt-BR","@id":"https:\/\/cleitonpinheiro.com.br\/site\/#\/schema\/logo\/image\/","url":"https:\/\/cleitonpinheiro.com.br\/site\/wp-content\/uploads\/2022\/08\/Logo-pequena-2.png","contentUrl":"https:\/\/cleitonpinheiro.com.br\/site\/wp-content\/uploads\/2022\/08\/Logo-pequena-2.png","width":500,"height":500,"caption":"CPNOT\u00cdCIAS"},"image":{"@id":"https:\/\/cleitonpinheiro.com.br\/site\/#\/schema\/logo\/image\/"},"sameAs":["https:\/\/www.facebook.com\/portalcpnoticias\/"]},{"@type":"Person","@id":"https:\/\/cleitonpinheiro.com.br\/site\/#\/schema\/person\/aac6d7f311e80c43042e98a900b03cd8","name":"Dermival Pereira","image":{"@type":"ImageObject","inLanguage":"pt-BR","@id":"https:\/\/cleitonpinheiro.com.br\/site\/#\/schema\/person\/image\/","url":"https:\/\/secure.gravatar.com\/avatar\/cfaebf3742d6bf8db728bcba3eed6bee37b02337a2e6c822994f20ca72a3784d?s=96&r=g","contentUrl":"https:\/\/secure.gravatar.com\/avatar\/cfaebf3742d6bf8db728bcba3eed6bee37b02337a2e6c822994f20ca72a3784d?s=96&r=g","caption":"Dermival Pereira"},"url":"https:\/\/cleitonpinheiro.com.br\/site\/author\/dermival\/"}]}},"views":174,"_links":{"self":[{"href":"https:\/\/cleitonpinheiro.com.br\/site\/wp-json\/wp\/v2\/posts\/58016","targetHints":{"allow":["GET"]}}],"collection":[{"href":"https:\/\/cleitonpinheiro.com.br\/site\/wp-json\/wp\/v2\/posts"}],"about":[{"href":"https:\/\/cleitonpinheiro.com.br\/site\/wp-json\/wp\/v2\/types\/post"}],"author":[{"embeddable":true,"href":"https:\/\/cleitonpinheiro.com.br\/site\/wp-json\/wp\/v2\/users\/4"}],"replies":[{"embeddable":true,"href":"https:\/\/cleitonpinheiro.com.br\/site\/wp-json\/wp\/v2\/comments?post=58016"}],"version-history":[{"count":0,"href":"https:\/\/cleitonpinheiro.com.br\/site\/wp-json\/wp\/v2\/posts\/58016\/revisions"}],"wp:featuredmedia":[{"embeddable":true,"href":"https:\/\/cleitonpinheiro.com.br\/site\/wp-json\/"}],"wp:attachment":[{"href":"https:\/\/cleitonpinheiro.com.br\/site\/wp-json\/wp\/v2\/media?parent=58016"}],"wp:term":[{"taxonomy":"category","embeddable":true,"href":"https:\/\/cleitonpinheiro.com.br\/site\/wp-json\/wp\/v2\/categories?post=58016"},{"taxonomy":"post_tag","embeddable":true,"href":"https:\/\/cleitonpinheiro.com.br\/site\/wp-json\/wp\/v2\/tags?post=58016"}],"curies":[{"name":"wp","href":"https:\/\/api.w.org\/{rel}","templated":true}]}}