{"id":58025,"date":"2022-05-09T11:31:54","date_gmt":"2022-05-09T14:31:54","guid":{"rendered":"http:\/\/cleitonpinheiro.com.br\/portal\/?p=58025"},"modified":"2022-05-09T11:31:54","modified_gmt":"2022-05-09T14:31:54","slug":"petrobras-sobe-preco-do-diesel-em-r-040-por-litro-a-partir-desta-terca-feira","status":"publish","type":"post","link":"https:\/\/cleitonpinheiro.com.br\/site\/petrobras-sobe-preco-do-diesel-em-r-040-por-litro-a-partir-desta-terca-feira\/","title":{"rendered":"Petrobras sobe pre\u00e7o do diesel em R$ 0,40 por litro a partir desta ter\u00e7a-feira"},"content":{"rendered":"\n<figure class=\"wp-block-image size-large\"><img decoding=\"async\" src=\"https:\/\/cleitonpinheiro.com.br\/portal\/wp-content\/uploads\/2022\/05\/Design-sem-nome-2022-05-09T113002-compressed.jpg\" alt=\"\" class=\"wp-image-58026\"\/><figcaption>Foto: Ag\u00eancia Brasil\/Divulga\u00e7\u00e3o<\/figcaption><\/figure>\n\n\n<p>A Petrobras anunciou nesta segunda-feira, 9, que reajustou o pre\u00e7o de venda do diesel para as distribuidoras. Agora, o combust\u00edvel passa a custar R$ 4,91, e n\u00e3o mais R$ 4,51, por litro, representando uma varia\u00e7\u00e3o de 8,8%. As informa\u00e7\u00f5es foram publicadas pela CNN Brasil.<\/p>\n\n\n<p>Segundo a estatal, o pre\u00e7o n\u00e3o era reajustado h\u00e1 60 dias. J\u00e1 os valores atuais cobrados pela gasolina e pelo GLP foram mantidos. A mudan\u00e7a passa a valer a partir da pr\u00f3xima ter\u00e7a-feira, 10.<\/p>\n\n\n<p>Em nota, a Petrobras afirmou que, considerando a mistura obrigat\u00f3ria de 90% de diesel A e 10% de biodiesel no diesel comercializado, \u201ca parcela da Petrobras no pre\u00e7o ao consumidor passar\u00e1 de R$ 4,06, em m\u00e9dia, para R$ 4,42 a cada litro vendido na bomba\u201d. Com isso, a varia\u00e7\u00e3o seria de R$ 0,36 por litro.<\/p>\n\n\n<p>A companhia afirma que a alta \u201csegue outros fornecedores de combust\u00edveis no Brasil que j\u00e1 promoveram ajustes nos seus pre\u00e7os de venda acompanhando os pre\u00e7os de mercado\u201d.<\/p>\n\n\n<p>De acordo com a Petrobras, o \u00faltimo reajuste no pre\u00e7o do diesel, em 11 de mar\u00e7o, refletiu apenas uma parte da alta observada nos pre\u00e7os de mercado.<\/p>\n\n\n<p>\u201cDesde aquela data, a Petrobras manteve os seus pre\u00e7os de diesel e gasolina inalterados e reduziu os pre\u00e7os de GLP, observando a din\u00e2mica de mercado de cada produto\u201d, afirma.<\/p>\n\n\n<p>A empresa justificou a nova alta citando o balan\u00e7o global impactado de diesel, com uma redu\u00e7\u00e3o de oferta em rela\u00e7\u00e3o \u00e0 demanda e os estoques globais abaixo das m\u00ednimas sazonais dos \u00faltimos cinco anos nas principais regi\u00f5es fornecedoras.<\/p>\n\n\n<p>\u201cEsse desequil\u00edbrio resultou na eleva\u00e7\u00e3o dos pre\u00e7os de diesel no mundo inteiro, com a valoriza\u00e7\u00e3o deste combust\u00edvel muito acima da valoriza\u00e7\u00e3o do petr\u00f3leo. A diferen\u00e7a entre o pre\u00e7o do diesel e o pre\u00e7o do petr\u00f3leo nunca esteve t\u00e3o alta\u201d, diz a nota.<\/p>\n\n\n<p>A Petrobras ressaltou que as refinais da empresa j\u00e1 est\u00e3o operando pr\u00f3ximas ao n\u00edvel m\u00e1ximo, e que n\u00e3o h\u00e1 mais como aumentar a capacidade interna de refino do petr\u00f3leo para produ\u00e7\u00e3o de diesel para atender a demanda no pa\u00eds. Atualmente, cerca de 30% do total de diesel consumido vem de outras refinadoras e importadoras.<\/p>\n\n\n<p>\u201cIsso significa que o equil\u00edbrio de pre\u00e7os com o mercado \u00e9 condi\u00e7\u00e3o necess\u00e1ria para o adequado suprimento de toda a demanda, de forma natural, por muitos fornecedores que asseguram o abastecimento adequado\u201d.<\/p>\n","protected":false},"excerpt":{"rendered":"<p>A Petrobras anunciou nesta segunda-feira, 9, que reajustou o pre\u00e7o de venda do diesel para as distribuidoras. Agora, o combust\u00edvel passa a custar R$ 4,91, e n\u00e3o mais R$ 4,51, por litro, representando uma varia\u00e7\u00e3o de 8,8%. As informa\u00e7\u00f5es foram publicadas pela CNN Brasil. Segundo a estatal, o pre\u00e7o n\u00e3o era reajustado h\u00e1 60 dias. [&hellip;]<\/p>\n","protected":false},"author":4,"featured_media":58026,"comment_status":"open","ping_status":"open","sticky":false,"template":"","format":"standard","meta":{"_acf_changed":false,"footnotes":""},"categories":[20,21],"tags":[],"class_list":["post-58025","post","type-post","status-publish","format-standard","has-post-thumbnail","hentry","category-noticias-em-destaque","category-todas-noticias"],"acf":[],"yoast_head":"<!-- This site is optimized with the Yoast SEO plugin v24.4 - https:\/\/yoast.com\/wordpress\/plugins\/seo\/ -->\n<title>Petrobras sobe pre\u00e7o do diesel em R$ 0,40 por litro a partir desta ter\u00e7a-feira - PORTAL DE NOT\u00cdCIAS CLEITON PINHEIRO<\/title>\n<meta name=\"robots\" content=\"index, follow, max-snippet:-1, max-image-preview:large, max-video-preview:-1\" \/>\n<link rel=\"canonical\" href=\"https:\/\/cleitonpinheiro.com.br\/site\/petrobras-sobe-preco-do-diesel-em-r-040-por-litro-a-partir-desta-terca-feira\/\" \/>\n<meta property=\"og:locale\" content=\"pt_BR\" \/>\n<meta property=\"og:type\" content=\"article\" \/>\n<meta property=\"og:title\" content=\"Petrobras sobe pre\u00e7o do diesel em R$ 0,40 por litro a partir desta ter\u00e7a-feira - PORTAL DE NOT\u00cdCIAS CLEITON PINHEIRO\" \/>\n<meta property=\"og:description\" content=\"A Petrobras anunciou nesta segunda-feira, 9, que reajustou o pre\u00e7o de venda do diesel para as distribuidoras. Agora, o combust\u00edvel passa a custar R$ 4,91, e n\u00e3o mais R$ 4,51, por litro, representando uma varia\u00e7\u00e3o de 8,8%. As informa\u00e7\u00f5es foram publicadas pela CNN Brasil. Segundo a estatal, o pre\u00e7o n\u00e3o era reajustado h\u00e1 60 dias. [&hellip;]\" \/>\n<meta property=\"og:url\" content=\"https:\/\/cleitonpinheiro.com.br\/site\/petrobras-sobe-preco-do-diesel-em-r-040-por-litro-a-partir-desta-terca-feira\/\" \/>\n<meta property=\"og:site_name\" content=\"PORTAL DE NOT\u00cdCIAS CLEITON PINHEIRO\" \/>\n<meta property=\"article:publisher\" content=\"https:\/\/www.facebook.com\/portalcpnoticias\/\" \/>\n<meta property=\"article:published_time\" content=\"2022-05-09T14:31:54+00:00\" \/>\n<meta name=\"author\" content=\"Dermival Pereira\" \/>\n<meta name=\"twitter:card\" content=\"summary_large_image\" \/>\n<meta name=\"twitter:label1\" content=\"Escrito por\" \/>\n\t<meta name=\"twitter:data1\" content=\"Dermival Pereira\" \/>\n\t<meta name=\"twitter:label2\" content=\"Est. tempo de leitura\" \/>\n\t<meta name=\"twitter:data2\" content=\"2 minutos\" \/>\n<script type=\"application\/ld+json\" class=\"yoast-schema-graph\">{\"@context\":\"https:\/\/schema.org\",\"@graph\":[{\"@type\":\"Article\",\"@id\":\"https:\/\/cleitonpinheiro.com.br\/site\/petrobras-sobe-preco-do-diesel-em-r-040-por-litro-a-partir-desta-terca-feira\/#article\",\"isPartOf\":{\"@id\":\"https:\/\/cleitonpinheiro.com.br\/site\/petrobras-sobe-preco-do-diesel-em-r-040-por-litro-a-partir-desta-terca-feira\/\"},\"author\":{\"name\":\"Dermival Pereira\",\"@id\":\"https:\/\/cleitonpinheiro.com.br\/site\/#\/schema\/person\/aac6d7f311e80c43042e98a900b03cd8\"},\"headline\":\"Petrobras sobe pre\u00e7o do diesel em R$ 0,40 por litro a partir desta ter\u00e7a-feira\",\"datePublished\":\"2022-05-09T14:31:54+00:00\",\"mainEntityOfPage\":{\"@id\":\"https:\/\/cleitonpinheiro.com.br\/site\/petrobras-sobe-preco-do-diesel-em-r-040-por-litro-a-partir-desta-terca-feira\/\"},\"wordCount\":440,\"commentCount\":0,\"publisher\":{\"@id\":\"https:\/\/cleitonpinheiro.com.br\/site\/#organization\"},\"image\":{\"@id\":\"https:\/\/cleitonpinheiro.com.br\/site\/petrobras-sobe-preco-do-diesel-em-r-040-por-litro-a-partir-desta-terca-feira\/#primaryimage\"},\"thumbnailUrl\":\"\",\"articleSection\":[\"NOT\u00cdCIAS EM DESTAQUE\",\"TODAS NOTICIAS\"],\"inLanguage\":\"pt-BR\",\"potentialAction\":[{\"@type\":\"CommentAction\",\"name\":\"Comment\",\"target\":[\"https:\/\/cleitonpinheiro.com.br\/site\/petrobras-sobe-preco-do-diesel-em-r-040-por-litro-a-partir-desta-terca-feira\/#respond\"]}]},{\"@type\":\"WebPage\",\"@id\":\"https:\/\/cleitonpinheiro.com.br\/site\/petrobras-sobe-preco-do-diesel-em-r-040-por-litro-a-partir-desta-terca-feira\/\",\"url\":\"https:\/\/cleitonpinheiro.com.br\/site\/petrobras-sobe-preco-do-diesel-em-r-040-por-litro-a-partir-desta-terca-feira\/\",\"name\":\"Petrobras sobe pre\u00e7o do diesel em R$ 0,40 por litro a partir desta ter\u00e7a-feira - PORTAL DE NOT\u00cdCIAS CLEITON PINHEIRO\",\"isPartOf\":{\"@id\":\"https:\/\/cleitonpinheiro.com.br\/site\/#website\"},\"primaryImageOfPage\":{\"@id\":\"https:\/\/cleitonpinheiro.com.br\/site\/petrobras-sobe-preco-do-diesel-em-r-040-por-litro-a-partir-desta-terca-feira\/#primaryimage\"},\"image\":{\"@id\":\"https:\/\/cleitonpinheiro.com.br\/site\/petrobras-sobe-preco-do-diesel-em-r-040-por-litro-a-partir-desta-terca-feira\/#primaryimage\"},\"thumbnailUrl\":\"\",\"datePublished\":\"2022-05-09T14:31:54+00:00\",\"breadcrumb\":{\"@id\":\"https:\/\/cleitonpinheiro.com.br\/site\/petrobras-sobe-preco-do-diesel-em-r-040-por-litro-a-partir-desta-terca-feira\/#breadcrumb\"},\"inLanguage\":\"pt-BR\",\"potentialAction\":[{\"@type\":\"ReadAction\",\"target\":[\"https:\/\/cleitonpinheiro.com.br\/site\/petrobras-sobe-preco-do-diesel-em-r-040-por-litro-a-partir-desta-terca-feira\/\"]}]},{\"@type\":\"ImageObject\",\"inLanguage\":\"pt-BR\",\"@id\":\"https:\/\/cleitonpinheiro.com.br\/site\/petrobras-sobe-preco-do-diesel-em-r-040-por-litro-a-partir-desta-terca-feira\/#primaryimage\",\"url\":\"\",\"contentUrl\":\"\"},{\"@type\":\"BreadcrumbList\",\"@id\":\"https:\/\/cleitonpinheiro.com.br\/site\/petrobras-sobe-preco-do-diesel-em-r-040-por-litro-a-partir-desta-terca-feira\/#breadcrumb\",\"itemListElement\":[{\"@type\":\"ListItem\",\"position\":1,\"name\":\"In\u00edcio\",\"item\":\"https:\/\/cleitonpinheiro.com.br\/site\/\"},{\"@type\":\"ListItem\",\"position\":2,\"name\":\"Petrobras sobe pre\u00e7o do diesel em R$ 0,40 por litro a partir desta ter\u00e7a-feira\"}]},{\"@type\":\"WebSite\",\"@id\":\"https:\/\/cleitonpinheiro.com.br\/site\/#website\",\"url\":\"https:\/\/cleitonpinheiro.com.br\/site\/\",\"name\":\"PORTAL DE NOT\u00cdCIAS CLEITON PINHEIRO\",\"description\":\"FALANDO A VERDADE\",\"publisher\":{\"@id\":\"https:\/\/cleitonpinheiro.com.br\/site\/#organization\"},\"potentialAction\":[{\"@type\":\"SearchAction\",\"target\":{\"@type\":\"EntryPoint\",\"urlTemplate\":\"https:\/\/cleitonpinheiro.com.br\/site\/?s={search_term_string}\"},\"query-input\":{\"@type\":\"PropertyValueSpecification\",\"valueRequired\":true,\"valueName\":\"search_term_string\"}}],\"inLanguage\":\"pt-BR\"},{\"@type\":\"Organization\",\"@id\":\"https:\/\/cleitonpinheiro.com.br\/site\/#organization\",\"name\":\"CPNOT\u00cdCIAS\",\"url\":\"https:\/\/cleitonpinheiro.com.br\/site\/\",\"logo\":{\"@type\":\"ImageObject\",\"inLanguage\":\"pt-BR\",\"@id\":\"https:\/\/cleitonpinheiro.com.br\/site\/#\/schema\/logo\/image\/\",\"url\":\"https:\/\/cleitonpinheiro.com.br\/site\/wp-content\/uploads\/2022\/08\/Logo-pequena-2.png\",\"contentUrl\":\"https:\/\/cleitonpinheiro.com.br\/site\/wp-content\/uploads\/2022\/08\/Logo-pequena-2.png\",\"width\":500,\"height\":500,\"caption\":\"CPNOT\u00cdCIAS\"},\"image\":{\"@id\":\"https:\/\/cleitonpinheiro.com.br\/site\/#\/schema\/logo\/image\/\"},\"sameAs\":[\"https:\/\/www.facebook.com\/portalcpnoticias\/\"]},{\"@type\":\"Person\",\"@id\":\"https:\/\/cleitonpinheiro.com.br\/site\/#\/schema\/person\/aac6d7f311e80c43042e98a900b03cd8\",\"name\":\"Dermival Pereira\",\"image\":{\"@type\":\"ImageObject\",\"inLanguage\":\"pt-BR\",\"@id\":\"https:\/\/cleitonpinheiro.com.br\/site\/#\/schema\/person\/image\/\",\"url\":\"https:\/\/secure.gravatar.com\/avatar\/cfaebf3742d6bf8db728bcba3eed6bee37b02337a2e6c822994f20ca72a3784d?s=96&r=g\",\"contentUrl\":\"https:\/\/secure.gravatar.com\/avatar\/cfaebf3742d6bf8db728bcba3eed6bee37b02337a2e6c822994f20ca72a3784d?s=96&r=g\",\"caption\":\"Dermival Pereira\"},\"url\":\"https:\/\/cleitonpinheiro.com.br\/site\/author\/dermival\/\"}]}<\/script>\n<!-- \/ Yoast SEO plugin. -->","yoast_head_json":{"title":"Petrobras sobe pre\u00e7o do diesel em R$ 0,40 por litro a partir desta ter\u00e7a-feira - PORTAL DE NOT\u00cdCIAS CLEITON PINHEIRO","robots":{"index":"index","follow":"follow","max-snippet":"max-snippet:-1","max-image-preview":"max-image-preview:large","max-video-preview":"max-video-preview:-1"},"canonical":"https:\/\/cleitonpinheiro.com.br\/site\/petrobras-sobe-preco-do-diesel-em-r-040-por-litro-a-partir-desta-terca-feira\/","og_locale":"pt_BR","og_type":"article","og_title":"Petrobras sobe pre\u00e7o do diesel em R$ 0,40 por litro a partir desta ter\u00e7a-feira - PORTAL DE NOT\u00cdCIAS CLEITON PINHEIRO","og_description":"A Petrobras anunciou nesta segunda-feira, 9, que reajustou o pre\u00e7o de venda do diesel para as distribuidoras. Agora, o combust\u00edvel passa a custar R$ 4,91, e n\u00e3o mais R$ 4,51, por litro, representando uma varia\u00e7\u00e3o de 8,8%. As informa\u00e7\u00f5es foram publicadas pela CNN Brasil. Segundo a estatal, o pre\u00e7o n\u00e3o era reajustado h\u00e1 60 dias. [&hellip;]","og_url":"https:\/\/cleitonpinheiro.com.br\/site\/petrobras-sobe-preco-do-diesel-em-r-040-por-litro-a-partir-desta-terca-feira\/","og_site_name":"PORTAL DE NOT\u00cdCIAS CLEITON PINHEIRO","article_publisher":"https:\/\/www.facebook.com\/portalcpnoticias\/","article_published_time":"2022-05-09T14:31:54+00:00","author":"Dermival Pereira","twitter_card":"summary_large_image","twitter_misc":{"Escrito por":"Dermival Pereira","Est. tempo de leitura":"2 minutos"},"schema":{"@context":"https:\/\/schema.org","@graph":[{"@type":"Article","@id":"https:\/\/cleitonpinheiro.com.br\/site\/petrobras-sobe-preco-do-diesel-em-r-040-por-litro-a-partir-desta-terca-feira\/#article","isPartOf":{"@id":"https:\/\/cleitonpinheiro.com.br\/site\/petrobras-sobe-preco-do-diesel-em-r-040-por-litro-a-partir-desta-terca-feira\/"},"author":{"name":"Dermival Pereira","@id":"https:\/\/cleitonpinheiro.com.br\/site\/#\/schema\/person\/aac6d7f311e80c43042e98a900b03cd8"},"headline":"Petrobras sobe pre\u00e7o do diesel em R$ 0,40 por litro a partir desta ter\u00e7a-feira","datePublished":"2022-05-09T14:31:54+00:00","mainEntityOfPage":{"@id":"https:\/\/cleitonpinheiro.com.br\/site\/petrobras-sobe-preco-do-diesel-em-r-040-por-litro-a-partir-desta-terca-feira\/"},"wordCount":440,"commentCount":0,"publisher":{"@id":"https:\/\/cleitonpinheiro.com.br\/site\/#organization"},"image":{"@id":"https:\/\/cleitonpinheiro.com.br\/site\/petrobras-sobe-preco-do-diesel-em-r-040-por-litro-a-partir-desta-terca-feira\/#primaryimage"},"thumbnailUrl":"","articleSection":["NOT\u00cdCIAS EM DESTAQUE","TODAS NOTICIAS"],"inLanguage":"pt-BR","potentialAction":[{"@type":"CommentAction","name":"Comment","target":["https:\/\/cleitonpinheiro.com.br\/site\/petrobras-sobe-preco-do-diesel-em-r-040-por-litro-a-partir-desta-terca-feira\/#respond"]}]},{"@type":"WebPage","@id":"https:\/\/cleitonpinheiro.com.br\/site\/petrobras-sobe-preco-do-diesel-em-r-040-por-litro-a-partir-desta-terca-feira\/","url":"https:\/\/cleitonpinheiro.com.br\/site\/petrobras-sobe-preco-do-diesel-em-r-040-por-litro-a-partir-desta-terca-feira\/","name":"Petrobras sobe pre\u00e7o do diesel em R$ 0,40 por litro a partir desta ter\u00e7a-feira - PORTAL DE NOT\u00cdCIAS CLEITON PINHEIRO","isPartOf":{"@id":"https:\/\/cleitonpinheiro.com.br\/site\/#website"},"primaryImageOfPage":{"@id":"https:\/\/cleitonpinheiro.com.br\/site\/petrobras-sobe-preco-do-diesel-em-r-040-por-litro-a-partir-desta-terca-feira\/#primaryimage"},"image":{"@id":"https:\/\/cleitonpinheiro.com.br\/site\/petrobras-sobe-preco-do-diesel-em-r-040-por-litro-a-partir-desta-terca-feira\/#primaryimage"},"thumbnailUrl":"","datePublished":"2022-05-09T14:31:54+00:00","breadcrumb":{"@id":"https:\/\/cleitonpinheiro.com.br\/site\/petrobras-sobe-preco-do-diesel-em-r-040-por-litro-a-partir-desta-terca-feira\/#breadcrumb"},"inLanguage":"pt-BR","potentialAction":[{"@type":"ReadAction","target":["https:\/\/cleitonpinheiro.com.br\/site\/petrobras-sobe-preco-do-diesel-em-r-040-por-litro-a-partir-desta-terca-feira\/"]}]},{"@type":"ImageObject","inLanguage":"pt-BR","@id":"https:\/\/cleitonpinheiro.com.br\/site\/petrobras-sobe-preco-do-diesel-em-r-040-por-litro-a-partir-desta-terca-feira\/#primaryimage","url":"","contentUrl":""},{"@type":"BreadcrumbList","@id":"https:\/\/cleitonpinheiro.com.br\/site\/petrobras-sobe-preco-do-diesel-em-r-040-por-litro-a-partir-desta-terca-feira\/#breadcrumb","itemListElement":[{"@type":"ListItem","position":1,"name":"In\u00edcio","item":"https:\/\/cleitonpinheiro.com.br\/site\/"},{"@type":"ListItem","position":2,"name":"Petrobras sobe pre\u00e7o do diesel em R$ 0,40 por litro a partir desta ter\u00e7a-feira"}]},{"@type":"WebSite","@id":"https:\/\/cleitonpinheiro.com.br\/site\/#website","url":"https:\/\/cleitonpinheiro.com.br\/site\/","name":"PORTAL DE NOT\u00cdCIAS CLEITON PINHEIRO","description":"FALANDO A VERDADE","publisher":{"@id":"https:\/\/cleitonpinheiro.com.br\/site\/#organization"},"potentialAction":[{"@type":"SearchAction","target":{"@type":"EntryPoint","urlTemplate":"https:\/\/cleitonpinheiro.com.br\/site\/?s={search_term_string}"},"query-input":{"@type":"PropertyValueSpecification","valueRequired":true,"valueName":"search_term_string"}}],"inLanguage":"pt-BR"},{"@type":"Organization","@id":"https:\/\/cleitonpinheiro.com.br\/site\/#organization","name":"CPNOT\u00cdCIAS","url":"https:\/\/cleitonpinheiro.com.br\/site\/","logo":{"@type":"ImageObject","inLanguage":"pt-BR","@id":"https:\/\/cleitonpinheiro.com.br\/site\/#\/schema\/logo\/image\/","url":"https:\/\/cleitonpinheiro.com.br\/site\/wp-content\/uploads\/2022\/08\/Logo-pequena-2.png","contentUrl":"https:\/\/cleitonpinheiro.com.br\/site\/wp-content\/uploads\/2022\/08\/Logo-pequena-2.png","width":500,"height":500,"caption":"CPNOT\u00cdCIAS"},"image":{"@id":"https:\/\/cleitonpinheiro.com.br\/site\/#\/schema\/logo\/image\/"},"sameAs":["https:\/\/www.facebook.com\/portalcpnoticias\/"]},{"@type":"Person","@id":"https:\/\/cleitonpinheiro.com.br\/site\/#\/schema\/person\/aac6d7f311e80c43042e98a900b03cd8","name":"Dermival Pereira","image":{"@type":"ImageObject","inLanguage":"pt-BR","@id":"https:\/\/cleitonpinheiro.com.br\/site\/#\/schema\/person\/image\/","url":"https:\/\/secure.gravatar.com\/avatar\/cfaebf3742d6bf8db728bcba3eed6bee37b02337a2e6c822994f20ca72a3784d?s=96&r=g","contentUrl":"https:\/\/secure.gravatar.com\/avatar\/cfaebf3742d6bf8db728bcba3eed6bee37b02337a2e6c822994f20ca72a3784d?s=96&r=g","caption":"Dermival Pereira"},"url":"https:\/\/cleitonpinheiro.com.br\/site\/author\/dermival\/"}]}},"views":164,"_links":{"self":[{"href":"https:\/\/cleitonpinheiro.com.br\/site\/wp-json\/wp\/v2\/posts\/58025","targetHints":{"allow":["GET"]}}],"collection":[{"href":"https:\/\/cleitonpinheiro.com.br\/site\/wp-json\/wp\/v2\/posts"}],"about":[{"href":"https:\/\/cleitonpinheiro.com.br\/site\/wp-json\/wp\/v2\/types\/post"}],"author":[{"embeddable":true,"href":"https:\/\/cleitonpinheiro.com.br\/site\/wp-json\/wp\/v2\/users\/4"}],"replies":[{"embeddable":true,"href":"https:\/\/cleitonpinheiro.com.br\/site\/wp-json\/wp\/v2\/comments?post=58025"}],"version-history":[{"count":0,"href":"https:\/\/cleitonpinheiro.com.br\/site\/wp-json\/wp\/v2\/posts\/58025\/revisions"}],"wp:featuredmedia":[{"embeddable":true,"href":"https:\/\/cleitonpinheiro.com.br\/site\/wp-json\/"}],"wp:attachment":[{"href":"https:\/\/cleitonpinheiro.com.br\/site\/wp-json\/wp\/v2\/media?parent=58025"}],"wp:term":[{"taxonomy":"category","embeddable":true,"href":"https:\/\/cleitonpinheiro.com.br\/site\/wp-json\/wp\/v2\/categories?post=58025"},{"taxonomy":"post_tag","embeddable":true,"href":"https:\/\/cleitonpinheiro.com.br\/site\/wp-json\/wp\/v2\/tags?post=58025"}],"curies":[{"name":"wp","href":"https:\/\/api.w.org\/{rel}","templated":true}]}}