{"id":58034,"date":"2022-05-09T16:39:14","date_gmt":"2022-05-09T19:39:14","guid":{"rendered":"http:\/\/cleitonpinheiro.com.br\/portal\/?p=58034"},"modified":"2022-05-09T16:39:14","modified_gmt":"2022-05-09T19:39:14","slug":"atencao-motoristas-obras-na-teotonio-reduz-faixas-de-trecho-entre-lo-01-e-lo-03","status":"publish","type":"post","link":"https:\/\/cleitonpinheiro.com.br\/site\/atencao-motoristas-obras-na-teotonio-reduz-faixas-de-trecho-entre-lo-01-e-lo-03\/","title":{"rendered":"Aten\u00e7\u00e3o motoristas: obras na  Teot\u00f4nio reduz faixas de trecho entre LO-01 e LO-03"},"content":{"rendered":"\n<p><em><strong>Da Reda\u00e7\u00e3o do CP Not\u00edcias<\/strong><\/em><\/p>\n\n\n<figure class=\"wp-block-image size-large\"><img decoding=\"async\" src=\"https:\/\/cleitonpinheiro.com.br\/portal\/wp-content\/uploads\/2022\/05\/Design-sem-nome-2022-05-09T163802-compressed.jpg\" alt=\"\" class=\"wp-image-58035\"\/><\/figure>\n\n\n<p>Trecho da Avenida Teot\u00f4nio Segurado, em Palmas, est\u00e1 fechado parcialmente para recapeamento entre os cruzamentos com a Avenida LO-01 e LO-03 (sentido norte-sul), nesta segunda-feira, 09. N\u00e3o h\u00e1 necessidade de desvio, apenas de aten\u00e7\u00e3o \u00e0 sinaliza\u00e7\u00e3o para libera\u00e7\u00e3o e isolamento de faixas de rolamento. O sentido sul-norte do mesmo trecho j\u00e1 est\u00e1 com recapeamento conclu\u00eddo.<\/p>\n\n\n<p>Segundo a Secretaria de Infraestrutura e Servi\u00e7os P\u00fablicos (Seisp), o recapeamento com concreto usinado a quente (CBUQ) garante nivelamento e conforto ao tr\u00e1fego e ser\u00e1 executado inicialmente em trechos onde foram iniciadas as corre\u00e7\u00f5es de deformidades no pavimento das laterais a ponto de parada do transporte coletivo p\u00fablico.<\/p>\n\n\n<p>A previs\u00e3o \u00e9 de recapeamento da avenida Teot\u00f4nio Segurado, desde seu cruzamento com a NS-15, na regi\u00e3o norte, at\u00e9 trecho duplicado pr\u00f3ximo ao Est\u00e1dio Nilton Santos. Vale lembrar que \u00e0 medida que os trabalhos forem avan\u00e7ando podem ser realizadas paralisa\u00e7\u00f5es parciais do servi\u00e7o para reposi\u00e7\u00e3o de material ou manuten\u00e7\u00e3o de maquin\u00e1rio.<\/p>\n\n\n<p>O investimento na recupera\u00e7\u00e3o asf\u00e1ltica da via comercial mais extensa da Capital \u00e9 de R$ 27.830.140,44, recursos do Programa de Amplia\u00e7\u00e3o de Infraestrutura Urbana (Proinfra), que recebe financiamento do Banco do Brasil. <em><strong>(Fonte: Secom do Tocantins).<\/strong><\/em><\/p>\n","protected":false},"excerpt":{"rendered":"<p>Da Reda\u00e7\u00e3o do CP Not\u00edcias Trecho da Avenida Teot\u00f4nio Segurado, em Palmas, est\u00e1 fechado parcialmente para recapeamento entre os cruzamentos com a Avenida LO-01 e LO-03 (sentido norte-sul), nesta segunda-feira, 09. N\u00e3o h\u00e1 necessidade de desvio, apenas de aten\u00e7\u00e3o \u00e0 sinaliza\u00e7\u00e3o para libera\u00e7\u00e3o e isolamento de faixas de rolamento. O sentido sul-norte do mesmo trecho [&hellip;]<\/p>\n","protected":false},"author":4,"featured_media":58035,"comment_status":"open","ping_status":"open","sticky":false,"template":"","format":"standard","meta":{"_acf_changed":false,"footnotes":""},"categories":[22,20,21],"tags":[],"class_list":["post-58034","post","type-post","status-publish","format-standard","has-post-thumbnail","hentry","category-cidades","category-noticias-em-destaque","category-todas-noticias"],"acf":[],"yoast_head":"<!-- This site is optimized with the Yoast SEO plugin v24.4 - https:\/\/yoast.com\/wordpress\/plugins\/seo\/ -->\n<title>Aten\u00e7\u00e3o motoristas: obras na Teot\u00f4nio reduz faixas de trecho entre LO-01 e LO-03 - PORTAL DE NOT\u00cdCIAS CLEITON PINHEIRO<\/title>\n<meta name=\"robots\" content=\"index, follow, max-snippet:-1, max-image-preview:large, max-video-preview:-1\" \/>\n<link rel=\"canonical\" href=\"https:\/\/cleitonpinheiro.com.br\/site\/atencao-motoristas-obras-na-teotonio-reduz-faixas-de-trecho-entre-lo-01-e-lo-03\/\" \/>\n<meta property=\"og:locale\" content=\"pt_BR\" \/>\n<meta property=\"og:type\" content=\"article\" \/>\n<meta property=\"og:title\" content=\"Aten\u00e7\u00e3o motoristas: obras na Teot\u00f4nio reduz faixas de trecho entre LO-01 e LO-03 - PORTAL DE NOT\u00cdCIAS CLEITON PINHEIRO\" \/>\n<meta property=\"og:description\" content=\"Da Reda\u00e7\u00e3o do CP Not\u00edcias Trecho da Avenida Teot\u00f4nio Segurado, em Palmas, est\u00e1 fechado parcialmente para recapeamento entre os cruzamentos com a Avenida LO-01 e LO-03 (sentido norte-sul), nesta segunda-feira, 09. N\u00e3o h\u00e1 necessidade de desvio, apenas de aten\u00e7\u00e3o \u00e0 sinaliza\u00e7\u00e3o para libera\u00e7\u00e3o e isolamento de faixas de rolamento. O sentido sul-norte do mesmo trecho [&hellip;]\" \/>\n<meta property=\"og:url\" content=\"https:\/\/cleitonpinheiro.com.br\/site\/atencao-motoristas-obras-na-teotonio-reduz-faixas-de-trecho-entre-lo-01-e-lo-03\/\" \/>\n<meta property=\"og:site_name\" content=\"PORTAL DE NOT\u00cdCIAS CLEITON PINHEIRO\" \/>\n<meta property=\"article:publisher\" content=\"https:\/\/www.facebook.com\/portalcpnoticias\/\" \/>\n<meta property=\"article:published_time\" content=\"2022-05-09T19:39:14+00:00\" \/>\n<meta name=\"author\" content=\"Dermival Pereira\" \/>\n<meta name=\"twitter:card\" content=\"summary_large_image\" \/>\n<meta name=\"twitter:label1\" content=\"Escrito por\" \/>\n\t<meta name=\"twitter:data1\" content=\"Dermival Pereira\" \/>\n\t<meta name=\"twitter:label2\" content=\"Est. tempo de leitura\" \/>\n\t<meta name=\"twitter:data2\" content=\"1 minuto\" \/>\n<script type=\"application\/ld+json\" class=\"yoast-schema-graph\">{\"@context\":\"https:\/\/schema.org\",\"@graph\":[{\"@type\":\"Article\",\"@id\":\"https:\/\/cleitonpinheiro.com.br\/site\/atencao-motoristas-obras-na-teotonio-reduz-faixas-de-trecho-entre-lo-01-e-lo-03\/#article\",\"isPartOf\":{\"@id\":\"https:\/\/cleitonpinheiro.com.br\/site\/atencao-motoristas-obras-na-teotonio-reduz-faixas-de-trecho-entre-lo-01-e-lo-03\/\"},\"author\":{\"name\":\"Dermival Pereira\",\"@id\":\"https:\/\/cleitonpinheiro.com.br\/site\/#\/schema\/person\/aac6d7f311e80c43042e98a900b03cd8\"},\"headline\":\"Aten\u00e7\u00e3o motoristas: obras na Teot\u00f4nio reduz faixas de trecho entre LO-01 e LO-03\",\"datePublished\":\"2022-05-09T19:39:14+00:00\",\"mainEntityOfPage\":{\"@id\":\"https:\/\/cleitonpinheiro.com.br\/site\/atencao-motoristas-obras-na-teotonio-reduz-faixas-de-trecho-entre-lo-01-e-lo-03\/\"},\"wordCount\":231,\"commentCount\":0,\"publisher\":{\"@id\":\"https:\/\/cleitonpinheiro.com.br\/site\/#organization\"},\"image\":{\"@id\":\"https:\/\/cleitonpinheiro.com.br\/site\/atencao-motoristas-obras-na-teotonio-reduz-faixas-de-trecho-entre-lo-01-e-lo-03\/#primaryimage\"},\"thumbnailUrl\":\"\",\"articleSection\":[\"CIDADES\",\"NOT\u00cdCIAS EM DESTAQUE\",\"TODAS NOTICIAS\"],\"inLanguage\":\"pt-BR\",\"potentialAction\":[{\"@type\":\"CommentAction\",\"name\":\"Comment\",\"target\":[\"https:\/\/cleitonpinheiro.com.br\/site\/atencao-motoristas-obras-na-teotonio-reduz-faixas-de-trecho-entre-lo-01-e-lo-03\/#respond\"]}]},{\"@type\":\"WebPage\",\"@id\":\"https:\/\/cleitonpinheiro.com.br\/site\/atencao-motoristas-obras-na-teotonio-reduz-faixas-de-trecho-entre-lo-01-e-lo-03\/\",\"url\":\"https:\/\/cleitonpinheiro.com.br\/site\/atencao-motoristas-obras-na-teotonio-reduz-faixas-de-trecho-entre-lo-01-e-lo-03\/\",\"name\":\"Aten\u00e7\u00e3o motoristas: obras na Teot\u00f4nio reduz faixas de trecho entre LO-01 e LO-03 - PORTAL DE NOT\u00cdCIAS CLEITON PINHEIRO\",\"isPartOf\":{\"@id\":\"https:\/\/cleitonpinheiro.com.br\/site\/#website\"},\"primaryImageOfPage\":{\"@id\":\"https:\/\/cleitonpinheiro.com.br\/site\/atencao-motoristas-obras-na-teotonio-reduz-faixas-de-trecho-entre-lo-01-e-lo-03\/#primaryimage\"},\"image\":{\"@id\":\"https:\/\/cleitonpinheiro.com.br\/site\/atencao-motoristas-obras-na-teotonio-reduz-faixas-de-trecho-entre-lo-01-e-lo-03\/#primaryimage\"},\"thumbnailUrl\":\"\",\"datePublished\":\"2022-05-09T19:39:14+00:00\",\"breadcrumb\":{\"@id\":\"https:\/\/cleitonpinheiro.com.br\/site\/atencao-motoristas-obras-na-teotonio-reduz-faixas-de-trecho-entre-lo-01-e-lo-03\/#breadcrumb\"},\"inLanguage\":\"pt-BR\",\"potentialAction\":[{\"@type\":\"ReadAction\",\"target\":[\"https:\/\/cleitonpinheiro.com.br\/site\/atencao-motoristas-obras-na-teotonio-reduz-faixas-de-trecho-entre-lo-01-e-lo-03\/\"]}]},{\"@type\":\"ImageObject\",\"inLanguage\":\"pt-BR\",\"@id\":\"https:\/\/cleitonpinheiro.com.br\/site\/atencao-motoristas-obras-na-teotonio-reduz-faixas-de-trecho-entre-lo-01-e-lo-03\/#primaryimage\",\"url\":\"\",\"contentUrl\":\"\"},{\"@type\":\"BreadcrumbList\",\"@id\":\"https:\/\/cleitonpinheiro.com.br\/site\/atencao-motoristas-obras-na-teotonio-reduz-faixas-de-trecho-entre-lo-01-e-lo-03\/#breadcrumb\",\"itemListElement\":[{\"@type\":\"ListItem\",\"position\":1,\"name\":\"In\u00edcio\",\"item\":\"https:\/\/cleitonpinheiro.com.br\/site\/\"},{\"@type\":\"ListItem\",\"position\":2,\"name\":\"Aten\u00e7\u00e3o motoristas: obras na Teot\u00f4nio reduz faixas de trecho entre LO-01 e LO-03\"}]},{\"@type\":\"WebSite\",\"@id\":\"https:\/\/cleitonpinheiro.com.br\/site\/#website\",\"url\":\"https:\/\/cleitonpinheiro.com.br\/site\/\",\"name\":\"PORTAL DE NOT\u00cdCIAS CLEITON PINHEIRO\",\"description\":\"FALANDO A VERDADE\",\"publisher\":{\"@id\":\"https:\/\/cleitonpinheiro.com.br\/site\/#organization\"},\"potentialAction\":[{\"@type\":\"SearchAction\",\"target\":{\"@type\":\"EntryPoint\",\"urlTemplate\":\"https:\/\/cleitonpinheiro.com.br\/site\/?s={search_term_string}\"},\"query-input\":{\"@type\":\"PropertyValueSpecification\",\"valueRequired\":true,\"valueName\":\"search_term_string\"}}],\"inLanguage\":\"pt-BR\"},{\"@type\":\"Organization\",\"@id\":\"https:\/\/cleitonpinheiro.com.br\/site\/#organization\",\"name\":\"CPNOT\u00cdCIAS\",\"url\":\"https:\/\/cleitonpinheiro.com.br\/site\/\",\"logo\":{\"@type\":\"ImageObject\",\"inLanguage\":\"pt-BR\",\"@id\":\"https:\/\/cleitonpinheiro.com.br\/site\/#\/schema\/logo\/image\/\",\"url\":\"https:\/\/cleitonpinheiro.com.br\/site\/wp-content\/uploads\/2022\/08\/Logo-pequena-2.png\",\"contentUrl\":\"https:\/\/cleitonpinheiro.com.br\/site\/wp-content\/uploads\/2022\/08\/Logo-pequena-2.png\",\"width\":500,\"height\":500,\"caption\":\"CPNOT\u00cdCIAS\"},\"image\":{\"@id\":\"https:\/\/cleitonpinheiro.com.br\/site\/#\/schema\/logo\/image\/\"},\"sameAs\":[\"https:\/\/www.facebook.com\/portalcpnoticias\/\"]},{\"@type\":\"Person\",\"@id\":\"https:\/\/cleitonpinheiro.com.br\/site\/#\/schema\/person\/aac6d7f311e80c43042e98a900b03cd8\",\"name\":\"Dermival Pereira\",\"image\":{\"@type\":\"ImageObject\",\"inLanguage\":\"pt-BR\",\"@id\":\"https:\/\/cleitonpinheiro.com.br\/site\/#\/schema\/person\/image\/\",\"url\":\"https:\/\/secure.gravatar.com\/avatar\/cfaebf3742d6bf8db728bcba3eed6bee37b02337a2e6c822994f20ca72a3784d?s=96&r=g\",\"contentUrl\":\"https:\/\/secure.gravatar.com\/avatar\/cfaebf3742d6bf8db728bcba3eed6bee37b02337a2e6c822994f20ca72a3784d?s=96&r=g\",\"caption\":\"Dermival Pereira\"},\"url\":\"https:\/\/cleitonpinheiro.com.br\/site\/author\/dermival\/\"}]}<\/script>\n<!-- \/ Yoast SEO plugin. -->","yoast_head_json":{"title":"Aten\u00e7\u00e3o motoristas: obras na Teot\u00f4nio reduz faixas de trecho entre LO-01 e LO-03 - PORTAL DE NOT\u00cdCIAS CLEITON PINHEIRO","robots":{"index":"index","follow":"follow","max-snippet":"max-snippet:-1","max-image-preview":"max-image-preview:large","max-video-preview":"max-video-preview:-1"},"canonical":"https:\/\/cleitonpinheiro.com.br\/site\/atencao-motoristas-obras-na-teotonio-reduz-faixas-de-trecho-entre-lo-01-e-lo-03\/","og_locale":"pt_BR","og_type":"article","og_title":"Aten\u00e7\u00e3o motoristas: obras na Teot\u00f4nio reduz faixas de trecho entre LO-01 e LO-03 - PORTAL DE NOT\u00cdCIAS CLEITON PINHEIRO","og_description":"Da Reda\u00e7\u00e3o do CP Not\u00edcias Trecho da Avenida Teot\u00f4nio Segurado, em Palmas, est\u00e1 fechado parcialmente para recapeamento entre os cruzamentos com a Avenida LO-01 e LO-03 (sentido norte-sul), nesta segunda-feira, 09. N\u00e3o h\u00e1 necessidade de desvio, apenas de aten\u00e7\u00e3o \u00e0 sinaliza\u00e7\u00e3o para libera\u00e7\u00e3o e isolamento de faixas de rolamento. O sentido sul-norte do mesmo trecho [&hellip;]","og_url":"https:\/\/cleitonpinheiro.com.br\/site\/atencao-motoristas-obras-na-teotonio-reduz-faixas-de-trecho-entre-lo-01-e-lo-03\/","og_site_name":"PORTAL DE NOT\u00cdCIAS CLEITON PINHEIRO","article_publisher":"https:\/\/www.facebook.com\/portalcpnoticias\/","article_published_time":"2022-05-09T19:39:14+00:00","author":"Dermival Pereira","twitter_card":"summary_large_image","twitter_misc":{"Escrito por":"Dermival Pereira","Est. tempo de leitura":"1 minuto"},"schema":{"@context":"https:\/\/schema.org","@graph":[{"@type":"Article","@id":"https:\/\/cleitonpinheiro.com.br\/site\/atencao-motoristas-obras-na-teotonio-reduz-faixas-de-trecho-entre-lo-01-e-lo-03\/#article","isPartOf":{"@id":"https:\/\/cleitonpinheiro.com.br\/site\/atencao-motoristas-obras-na-teotonio-reduz-faixas-de-trecho-entre-lo-01-e-lo-03\/"},"author":{"name":"Dermival Pereira","@id":"https:\/\/cleitonpinheiro.com.br\/site\/#\/schema\/person\/aac6d7f311e80c43042e98a900b03cd8"},"headline":"Aten\u00e7\u00e3o motoristas: obras na Teot\u00f4nio reduz faixas de trecho entre LO-01 e LO-03","datePublished":"2022-05-09T19:39:14+00:00","mainEntityOfPage":{"@id":"https:\/\/cleitonpinheiro.com.br\/site\/atencao-motoristas-obras-na-teotonio-reduz-faixas-de-trecho-entre-lo-01-e-lo-03\/"},"wordCount":231,"commentCount":0,"publisher":{"@id":"https:\/\/cleitonpinheiro.com.br\/site\/#organization"},"image":{"@id":"https:\/\/cleitonpinheiro.com.br\/site\/atencao-motoristas-obras-na-teotonio-reduz-faixas-de-trecho-entre-lo-01-e-lo-03\/#primaryimage"},"thumbnailUrl":"","articleSection":["CIDADES","NOT\u00cdCIAS EM DESTAQUE","TODAS NOTICIAS"],"inLanguage":"pt-BR","potentialAction":[{"@type":"CommentAction","name":"Comment","target":["https:\/\/cleitonpinheiro.com.br\/site\/atencao-motoristas-obras-na-teotonio-reduz-faixas-de-trecho-entre-lo-01-e-lo-03\/#respond"]}]},{"@type":"WebPage","@id":"https:\/\/cleitonpinheiro.com.br\/site\/atencao-motoristas-obras-na-teotonio-reduz-faixas-de-trecho-entre-lo-01-e-lo-03\/","url":"https:\/\/cleitonpinheiro.com.br\/site\/atencao-motoristas-obras-na-teotonio-reduz-faixas-de-trecho-entre-lo-01-e-lo-03\/","name":"Aten\u00e7\u00e3o motoristas: obras na Teot\u00f4nio reduz faixas de trecho entre LO-01 e LO-03 - PORTAL DE NOT\u00cdCIAS CLEITON PINHEIRO","isPartOf":{"@id":"https:\/\/cleitonpinheiro.com.br\/site\/#website"},"primaryImageOfPage":{"@id":"https:\/\/cleitonpinheiro.com.br\/site\/atencao-motoristas-obras-na-teotonio-reduz-faixas-de-trecho-entre-lo-01-e-lo-03\/#primaryimage"},"image":{"@id":"https:\/\/cleitonpinheiro.com.br\/site\/atencao-motoristas-obras-na-teotonio-reduz-faixas-de-trecho-entre-lo-01-e-lo-03\/#primaryimage"},"thumbnailUrl":"","datePublished":"2022-05-09T19:39:14+00:00","breadcrumb":{"@id":"https:\/\/cleitonpinheiro.com.br\/site\/atencao-motoristas-obras-na-teotonio-reduz-faixas-de-trecho-entre-lo-01-e-lo-03\/#breadcrumb"},"inLanguage":"pt-BR","potentialAction":[{"@type":"ReadAction","target":["https:\/\/cleitonpinheiro.com.br\/site\/atencao-motoristas-obras-na-teotonio-reduz-faixas-de-trecho-entre-lo-01-e-lo-03\/"]}]},{"@type":"ImageObject","inLanguage":"pt-BR","@id":"https:\/\/cleitonpinheiro.com.br\/site\/atencao-motoristas-obras-na-teotonio-reduz-faixas-de-trecho-entre-lo-01-e-lo-03\/#primaryimage","url":"","contentUrl":""},{"@type":"BreadcrumbList","@id":"https:\/\/cleitonpinheiro.com.br\/site\/atencao-motoristas-obras-na-teotonio-reduz-faixas-de-trecho-entre-lo-01-e-lo-03\/#breadcrumb","itemListElement":[{"@type":"ListItem","position":1,"name":"In\u00edcio","item":"https:\/\/cleitonpinheiro.com.br\/site\/"},{"@type":"ListItem","position":2,"name":"Aten\u00e7\u00e3o motoristas: obras na Teot\u00f4nio reduz faixas de trecho entre LO-01 e LO-03"}]},{"@type":"WebSite","@id":"https:\/\/cleitonpinheiro.com.br\/site\/#website","url":"https:\/\/cleitonpinheiro.com.br\/site\/","name":"PORTAL DE NOT\u00cdCIAS CLEITON PINHEIRO","description":"FALANDO A VERDADE","publisher":{"@id":"https:\/\/cleitonpinheiro.com.br\/site\/#organization"},"potentialAction":[{"@type":"SearchAction","target":{"@type":"EntryPoint","urlTemplate":"https:\/\/cleitonpinheiro.com.br\/site\/?s={search_term_string}"},"query-input":{"@type":"PropertyValueSpecification","valueRequired":true,"valueName":"search_term_string"}}],"inLanguage":"pt-BR"},{"@type":"Organization","@id":"https:\/\/cleitonpinheiro.com.br\/site\/#organization","name":"CPNOT\u00cdCIAS","url":"https:\/\/cleitonpinheiro.com.br\/site\/","logo":{"@type":"ImageObject","inLanguage":"pt-BR","@id":"https:\/\/cleitonpinheiro.com.br\/site\/#\/schema\/logo\/image\/","url":"https:\/\/cleitonpinheiro.com.br\/site\/wp-content\/uploads\/2022\/08\/Logo-pequena-2.png","contentUrl":"https:\/\/cleitonpinheiro.com.br\/site\/wp-content\/uploads\/2022\/08\/Logo-pequena-2.png","width":500,"height":500,"caption":"CPNOT\u00cdCIAS"},"image":{"@id":"https:\/\/cleitonpinheiro.com.br\/site\/#\/schema\/logo\/image\/"},"sameAs":["https:\/\/www.facebook.com\/portalcpnoticias\/"]},{"@type":"Person","@id":"https:\/\/cleitonpinheiro.com.br\/site\/#\/schema\/person\/aac6d7f311e80c43042e98a900b03cd8","name":"Dermival Pereira","image":{"@type":"ImageObject","inLanguage":"pt-BR","@id":"https:\/\/cleitonpinheiro.com.br\/site\/#\/schema\/person\/image\/","url":"https:\/\/secure.gravatar.com\/avatar\/cfaebf3742d6bf8db728bcba3eed6bee37b02337a2e6c822994f20ca72a3784d?s=96&r=g","contentUrl":"https:\/\/secure.gravatar.com\/avatar\/cfaebf3742d6bf8db728bcba3eed6bee37b02337a2e6c822994f20ca72a3784d?s=96&r=g","caption":"Dermival Pereira"},"url":"https:\/\/cleitonpinheiro.com.br\/site\/author\/dermival\/"}]}},"views":202,"_links":{"self":[{"href":"https:\/\/cleitonpinheiro.com.br\/site\/wp-json\/wp\/v2\/posts\/58034","targetHints":{"allow":["GET"]}}],"collection":[{"href":"https:\/\/cleitonpinheiro.com.br\/site\/wp-json\/wp\/v2\/posts"}],"about":[{"href":"https:\/\/cleitonpinheiro.com.br\/site\/wp-json\/wp\/v2\/types\/post"}],"author":[{"embeddable":true,"href":"https:\/\/cleitonpinheiro.com.br\/site\/wp-json\/wp\/v2\/users\/4"}],"replies":[{"embeddable":true,"href":"https:\/\/cleitonpinheiro.com.br\/site\/wp-json\/wp\/v2\/comments?post=58034"}],"version-history":[{"count":0,"href":"https:\/\/cleitonpinheiro.com.br\/site\/wp-json\/wp\/v2\/posts\/58034\/revisions"}],"wp:featuredmedia":[{"embeddable":true,"href":"https:\/\/cleitonpinheiro.com.br\/site\/wp-json\/"}],"wp:attachment":[{"href":"https:\/\/cleitonpinheiro.com.br\/site\/wp-json\/wp\/v2\/media?parent=58034"}],"wp:term":[{"taxonomy":"category","embeddable":true,"href":"https:\/\/cleitonpinheiro.com.br\/site\/wp-json\/wp\/v2\/categories?post=58034"},{"taxonomy":"post_tag","embeddable":true,"href":"https:\/\/cleitonpinheiro.com.br\/site\/wp-json\/wp\/v2\/tags?post=58034"}],"curies":[{"name":"wp","href":"https:\/\/api.w.org\/{rel}","templated":true}]}}