{"id":58037,"date":"2022-05-09T16:55:07","date_gmt":"2022-05-09T19:55:07","guid":{"rendered":"http:\/\/cleitonpinheiro.com.br\/portal\/?p=58037"},"modified":"2022-05-09T16:55:07","modified_gmt":"2022-05-09T19:55:07","slug":"vacinas-contra-a-gripe-covid-19-e-triplice-viral-veja-onde-se-imunizar","status":"publish","type":"post","link":"https:\/\/cleitonpinheiro.com.br\/site\/vacinas-contra-a-gripe-covid-19-e-triplice-viral-veja-onde-se-imunizar\/","title":{"rendered":"Vacinas contra a Gripe, Covid-19 e Tr\u00edplice Viral; veja onde se imunizar"},"content":{"rendered":"\n<p><em><strong>Da Reda\u00e7\u00e3o do CP Not\u00edcias<\/strong><\/em><\/p>\n\n\n<figure class=\"wp-block-image size-large\"><img decoding=\"async\" src=\"https:\/\/cleitonpinheiro.com.br\/portal\/wp-content\/uploads\/2022\/05\/Design-sem-nome-2022-05-09T165125-compressed.jpg\" alt=\"\" class=\"wp-image-58038\"\/><figcaption>Raiza Milhomem\/Secom de Palmas<\/figcaption><\/figure>\n\n\n<p>A rede de sa\u00fade da Capital segue esta semana, com a vacina\u00e7\u00e3o contra a Covid-19 e Influenza e Tr\u00edplice Viral (sarampo, caxumba e rub\u00e9ola) no per\u00edodo da manh\u00e3 e tarde nas Unidades de Sa\u00fade da Fam\u00edlia (USFs), conforme programa\u00e7\u00e3o abaixo.<\/p>\n\n\n<p>A Secretaria Municipal de Sa\u00fade alerta para que a popula\u00e7\u00e3o fique atenta quanto aos prazos e hor\u00e1rios de cada unidade, pois em algumas delas os hor\u00e1rios s\u00e3o alternados. Para receber a vacina, \u00e9 necess\u00e1rio apresentar documentos pessoais (RG e CPF), cart\u00e3o de vacina e o cart\u00e3o do sistema \u00fanico de sa\u00fade (SUS).<\/p>\n\n\n<p><strong>Covid-19<\/strong><\/p>\n\n\n<p>A oferta da imuniza\u00e7\u00e3o contra a Covid-19 continua sendo oferecida em conformidade com esquema vacinal de cada faixa et\u00e1ria, ou seja, para crian\u00e7as de 05 a 11 anos; popula\u00e7\u00e3o com mais de 12 anos; quarta dose para idosos acima de 80 anos e para os demais p\u00fablicos contemplados no plano nacional de imuniza\u00e7\u00e3o (PNI).<\/p>\n\n\n<p>No caso da vacina\u00e7\u00e3o contra a Covid-19 do p\u00fablico infantil, al\u00e9m dos documentos informados acima, o termo de consentimento (dispon\u00edvel no site vacina j\u00e1 ou nas unidades de sa\u00fade) deve ser assinado, em caso de aus\u00eancia do pai ou da m\u00e3e no local da vacina\u00e7\u00e3o. J\u00e1 para vacinar as crian\u00e7as com comorbidade, \u00e9 necess\u00e1rio apresentar laudo m\u00e9dico.<\/p>\n\n\n<p>Prazos de imuniza\u00e7\u00e3o<\/p>\n\n\n<p>Para o p\u00fablico com mais de 12 anos, a Semus informa que a segunda dose da Coronavac e Pfizer deve ser aplicada 21 dias ap\u00f3s a primeira. a dose de refor\u00e7o est\u00e1 dispon\u00edvel para a popula\u00e7\u00e3o acima de 18 anos ou adolescentes com mais de 12 anos que sejam imunossuprimidos. j\u00e1 o refor\u00e7o da janssen \u00e9 aplicado dois meses ap\u00f3s a primeira dose. no momento, a rede de sa\u00fade da capital est\u00e1 sem o imunizante da astrazeneca. a previs\u00e3o \u00e9 que novas remessas desta vacina cheguem nos pr\u00f3ximos dias. J\u00e1 no p\u00fablico infantil (05 a 11 anos), somente a segunda dose \u00e9 oferecida com o prazo de 28 dias ap\u00f3s a aplica\u00e7\u00e3o da Coronavac (a mesma para adultos) e dois meses ap\u00f3s a primeira da Pfizer pedi\u00e1trica (tampa laranja).<\/p>\n\n\n<p><strong>Gripe e Tr\u00edplice Viral:<\/strong><\/p>\n\n\n<p>A Campanha Nacionais de vacina\u00e7\u00e3o contra a Gripe e o Sarampo, est\u00e3o na segunda etapa. Na primeira fase, que come\u00e7ou dia 04 de abril e terminou no dia 02 de maio, foram vacinados os idosos a partir de 60 anos (somente gripe) e trabalhadores da sa\u00fade da rede p\u00fablica e privada (gripe e sarampo). Na segunda etapa da Campanha Contra o Sarampo, est\u00e3o sendo vacinadas crian\u00e7as de 06 meses at\u00e9 menores de cinco anos, entre 03 de maio a 03 de junho.<\/p>\n\n\n<p>No mesmo per\u00edodo, ocorre a segunda etapa da vacina\u00e7\u00e3o contra a Gripe, que tem como p\u00fablico crian\u00e7as a partir de seis meses a menores de cinco anos, gestantes, pu\u00e9rperas at\u00e9 45 dias p\u00f3s-parto, ind\u00edgenas, professores, portadores de doen\u00e7as cr\u00f4nicas, pessoas com defici\u00eancia permanente, trabalhadores do transporte coletivo, caminhoneiros, trabalhadores portu\u00e1rios, for\u00e7as de seguran\u00e7a, popula\u00e7\u00e3o privada de liberdade e funcion\u00e1rios do sistema prisional.<\/p>\n\n\n<p><strong>Vacina\u00e7\u00e3o Covid-19<\/strong><\/p>\n\n\n<p>Programa\u00e7\u00e3o Vacina\u00e7\u00e3o &#8211; crian\u00e7as de 05 a 11 anos<\/p>\n\n\n<p>Manh\u00e3 &#8211; 8 \u00e0s 12 horas<\/p>\n\n\n<p>USF 405 norte (Arno 42)<\/p>\n\n\n<p>USF 1.004 sul (Arse 101)<\/p>\n\n\n<p>USF Novo Horizonte<\/p>\n\n\n<p>USF Walterly Wagner (Taquaru\u00e7u Grande) &#8211; na quarta-feira, 13<\/p>\n\n\n<p>USF Mariazinha (Buritirana) &#8211; na quinta-feira, 14<\/p>\n\n\n<p>USF Walter Morato (Taquaru\u00e7u ) na quinta-feira, 14<\/p>\n\n\n<p>Tarde &#8211; 13 \u00e0s 17 horas<\/p>\n\n\n<p>USF 409 Norte (Arno 44)<\/p>\n\n\n<p>USF 403 sul (Arso 41)<\/p>\n\n\n<p>USF Jos\u00e9 Hermes<\/p>\n\n\n<p>USF Taquari &#8211; apenas na quinta-feira, 14<\/p>\n\n\n<p>Popula\u00e7\u00e3o acima de 12 anos<\/p>\n\n\n<p>Manh\u00e3 &#8211; 8 \u00e0s 12 horas<\/p>\n\n\n<p>Pfizer (2\u00aa e 3\u00aa)<\/p>\n\n\n<p>USF 108 sul (Arse 13)<\/p>\n\n\n<p>USF Jos\u00e9 L\u00facio<\/p>\n\n\n<p>USF 207 Sul (Arso 23)<\/p>\n\n\n<p>USF 403 Norte (Arno 41)<\/p>\n\n\n<p>USF 1.206 Sul (Arse 122)<\/p>\n\n\n<p>Janssen (refor\u00e7o &#8211; somente ter\u00e7a e quinta-feira) e pfizer (2\u00aa e 3\u00aa)<\/p>\n\n\n<p>USF 207 sul (Arso 23)<\/p>\n\n\n<p>Coronavac (1\u00aa dose e 2\u00aa dose para 12+) e Astrazeneca (2\u00aa dose)<\/p>\n\n\n<p>USF 403 Norte (Arno 31)<\/p>\n\n\n<p>USF 1.206 Sul (Arse 122)<\/p>\n\n\n<p>Tarde &#8211; 13 \u00e0s 17 horas<\/p>\n\n\n<p>Pfizer (2\u00aa e 3\u00aa)<\/p>\n\n\n<p>USF 210 sul (Arse 24)<\/p>\n\n\n<p>USF 806 sul (Arse 82)<\/p>\n\n\n<p>USF 1.103 sul (Arso 111)<\/p>\n\n\n<p>USF Alto Bonito<\/p>\n\n\n<p>USF Aureny II<\/p>\n\n\n<p>USF Morada do Sol<\/p>\n\n\n<p>USF Santa B\u00e1rbara<\/p>\n\n\n<p>Coronavac (1\u00aa dose e 2\u00aa dose) e Astrazeneca (2\u00aa dose)<\/p>\n\n\n<p>USF Laurides Milhomem<\/p>\n\n\n<p>Janssen (refor\u00e7o &#8211; somente ter\u00e7a e quinta-feira ) e Pfizer (2\u00aae 3\u00aa)<\/p>\n\n\n<p>USF 603 Norte (Arno 71)<\/p>\n\n\n<p>Coronavac, Janssen e Pfizer, conforme orienta\u00e7\u00f5es abaixo:<\/p>\n\n\n<p>USF Taquari<\/p>\n\n\n<p>Coronavac: 1\u00aa e 2\u00aa dose<\/p>\n\n\n<p>Janssen: refor\u00e7o<\/p>\n\n\n<p>Pfizer: 2\u00aa e 3\u00aa<br \/>&nbsp;<\/p>\n\n\n<p><strong>Vacina\u00e7\u00e3o contra a Gripe<\/strong><\/p>\n\n\n<p>8 \u00e0s 17 horas<\/p>\n\n\n<p>USF Arso 23 (207 Sul)<\/p>\n\n\n<p>USF Arno 41 (403 Norte)<\/p>\n\n\n<p>USF Arne 53 (406 Norte)<\/p>\n\n\n<p>USF Arne 64 (508 Norte)<\/p>\n\n\n<p>USF Arno 71 (603 Norte)<\/p>\n\n\n<p>USF Arse 24 (210 Sul)<\/p>\n\n\n<p>USF ASR-SE 75 (712 Sul)<\/p>\n\n\n<p>USF Arse 82 (806 Sul)<\/p>\n\n\n<p>USF Arse 13 (108 Sul)<\/p>\n\n\n<p>USF Arso 111 (1.103 Sul)<\/p>\n\n\n<p>USF Arse 122 (1.206 Sul)<\/p>\n\n\n<p>USF Arse 131 (1.304 Sul)<\/p>\n\n\n<p>USF Jos\u00e9 L\u00facio<\/p>\n\n\n<p>USF Laurides Milhomem<\/p>\n\n\n<p>USF Alto Bonito<\/p>\n\n\n<p>USF Bela Vista<\/p>\n\n\n<p>USF Eug\u00eanio Pinheiro<\/p>\n\n\n<p>USF Liberdade<\/p>\n\n\n<p>USF Morada do Sol<\/p>\n\n\n<p>USF Santa B\u00e1rbara<\/p>\n\n\n<p>USF Santa F\u00e9<\/p>\n\n\n<p>USF Aureny II<\/p>\n\n\n<p>USF Taquari<\/p>\n\n\n<p>USF Mariazinha (Buritirana)<\/p>\n\n\n<p>USF Walter Morato (Taquaru\u00e7u)<\/p>\n\n\n<p>USF Walterly Wagner (Taquaru\u00e7u Grande)<\/p>\n\n\n<p>8 \u00e0s 12 horas<\/p>\n\n\n<p>USF Arno 44 (409 Norte)<\/p>\n\n\n<p>USF Arso 41 (403 Sul)<\/p>\n\n\n<p>USF Jos\u00e9 Hermes<\/p>\n\n\n<p>13 \u00e0s 17 horas<\/p>\n\n\n<p>USF Arno 33 (307 Norte)<\/p>\n\n\n<p>USF Arno 42 (405 Norte)<\/p>\n\n\n<p>USF Arse 101 (1.004 Sul)<\/p>\n\n\n<p>USF Novo Horizonte<br \/><br \/><em><strong>(Com informa\u00e7\u00f5es da Secom de Palmas).<\/strong><\/em><\/p>\n","protected":false},"excerpt":{"rendered":"<p>Da Reda\u00e7\u00e3o do CP Not\u00edcias A rede de sa\u00fade da Capital segue esta semana, com a vacina\u00e7\u00e3o contra a Covid-19 e Influenza e Tr\u00edplice Viral (sarampo, caxumba e rub\u00e9ola) no per\u00edodo da manh\u00e3 e tarde nas Unidades de Sa\u00fade da Fam\u00edlia (USFs), conforme programa\u00e7\u00e3o abaixo. A Secretaria Municipal de Sa\u00fade alerta para que a popula\u00e7\u00e3o [&hellip;]<\/p>\n","protected":false},"author":4,"featured_media":58038,"comment_status":"open","ping_status":"open","sticky":false,"template":"","format":"standard","meta":{"_acf_changed":false,"footnotes":""},"categories":[22,20,21],"tags":[],"class_list":["post-58037","post","type-post","status-publish","format-standard","has-post-thumbnail","hentry","category-cidades","category-noticias-em-destaque","category-todas-noticias"],"acf":[],"yoast_head":"<!-- This site is optimized with the Yoast SEO plugin v24.4 - https:\/\/yoast.com\/wordpress\/plugins\/seo\/ -->\n<title>Vacinas contra a Gripe, Covid-19 e Tr\u00edplice Viral; veja onde se imunizar - PORTAL DE NOT\u00cdCIAS CLEITON PINHEIRO<\/title>\n<meta name=\"robots\" content=\"index, follow, max-snippet:-1, max-image-preview:large, max-video-preview:-1\" \/>\n<link rel=\"canonical\" href=\"https:\/\/cleitonpinheiro.com.br\/site\/vacinas-contra-a-gripe-covid-19-e-triplice-viral-veja-onde-se-imunizar\/\" \/>\n<meta property=\"og:locale\" content=\"pt_BR\" \/>\n<meta property=\"og:type\" content=\"article\" \/>\n<meta property=\"og:title\" content=\"Vacinas contra a Gripe, Covid-19 e Tr\u00edplice Viral; veja onde se imunizar - PORTAL DE NOT\u00cdCIAS CLEITON PINHEIRO\" \/>\n<meta property=\"og:description\" content=\"Da Reda\u00e7\u00e3o do CP Not\u00edcias A rede de sa\u00fade da Capital segue esta semana, com a vacina\u00e7\u00e3o contra a Covid-19 e Influenza e Tr\u00edplice Viral (sarampo, caxumba e rub\u00e9ola) no per\u00edodo da manh\u00e3 e tarde nas Unidades de Sa\u00fade da Fam\u00edlia (USFs), conforme programa\u00e7\u00e3o abaixo. A Secretaria Municipal de Sa\u00fade alerta para que a popula\u00e7\u00e3o [&hellip;]\" \/>\n<meta property=\"og:url\" content=\"https:\/\/cleitonpinheiro.com.br\/site\/vacinas-contra-a-gripe-covid-19-e-triplice-viral-veja-onde-se-imunizar\/\" \/>\n<meta property=\"og:site_name\" content=\"PORTAL DE NOT\u00cdCIAS CLEITON PINHEIRO\" \/>\n<meta property=\"article:publisher\" content=\"https:\/\/www.facebook.com\/portalcpnoticias\/\" \/>\n<meta property=\"article:published_time\" content=\"2022-05-09T19:55:07+00:00\" \/>\n<meta name=\"author\" content=\"Dermival Pereira\" \/>\n<meta name=\"twitter:card\" content=\"summary_large_image\" \/>\n<meta name=\"twitter:label1\" content=\"Escrito por\" \/>\n\t<meta name=\"twitter:data1\" content=\"Dermival Pereira\" \/>\n\t<meta name=\"twitter:label2\" content=\"Est. tempo de leitura\" \/>\n\t<meta name=\"twitter:data2\" content=\"4 minutos\" \/>\n<script type=\"application\/ld+json\" class=\"yoast-schema-graph\">{\"@context\":\"https:\/\/schema.org\",\"@graph\":[{\"@type\":\"Article\",\"@id\":\"https:\/\/cleitonpinheiro.com.br\/site\/vacinas-contra-a-gripe-covid-19-e-triplice-viral-veja-onde-se-imunizar\/#article\",\"isPartOf\":{\"@id\":\"https:\/\/cleitonpinheiro.com.br\/site\/vacinas-contra-a-gripe-covid-19-e-triplice-viral-veja-onde-se-imunizar\/\"},\"author\":{\"name\":\"Dermival Pereira\",\"@id\":\"https:\/\/cleitonpinheiro.com.br\/site\/#\/schema\/person\/aac6d7f311e80c43042e98a900b03cd8\"},\"headline\":\"Vacinas contra a Gripe, Covid-19 e Tr\u00edplice Viral; veja onde se imunizar\",\"datePublished\":\"2022-05-09T19:55:07+00:00\",\"mainEntityOfPage\":{\"@id\":\"https:\/\/cleitonpinheiro.com.br\/site\/vacinas-contra-a-gripe-covid-19-e-triplice-viral-veja-onde-se-imunizar\/\"},\"wordCount\":879,\"commentCount\":0,\"publisher\":{\"@id\":\"https:\/\/cleitonpinheiro.com.br\/site\/#organization\"},\"image\":{\"@id\":\"https:\/\/cleitonpinheiro.com.br\/site\/vacinas-contra-a-gripe-covid-19-e-triplice-viral-veja-onde-se-imunizar\/#primaryimage\"},\"thumbnailUrl\":\"\",\"articleSection\":[\"CIDADES\",\"NOT\u00cdCIAS EM DESTAQUE\",\"TODAS NOTICIAS\"],\"inLanguage\":\"pt-BR\",\"potentialAction\":[{\"@type\":\"CommentAction\",\"name\":\"Comment\",\"target\":[\"https:\/\/cleitonpinheiro.com.br\/site\/vacinas-contra-a-gripe-covid-19-e-triplice-viral-veja-onde-se-imunizar\/#respond\"]}]},{\"@type\":\"WebPage\",\"@id\":\"https:\/\/cleitonpinheiro.com.br\/site\/vacinas-contra-a-gripe-covid-19-e-triplice-viral-veja-onde-se-imunizar\/\",\"url\":\"https:\/\/cleitonpinheiro.com.br\/site\/vacinas-contra-a-gripe-covid-19-e-triplice-viral-veja-onde-se-imunizar\/\",\"name\":\"Vacinas contra a Gripe, Covid-19 e Tr\u00edplice Viral; veja onde se imunizar - PORTAL DE NOT\u00cdCIAS CLEITON PINHEIRO\",\"isPartOf\":{\"@id\":\"https:\/\/cleitonpinheiro.com.br\/site\/#website\"},\"primaryImageOfPage\":{\"@id\":\"https:\/\/cleitonpinheiro.com.br\/site\/vacinas-contra-a-gripe-covid-19-e-triplice-viral-veja-onde-se-imunizar\/#primaryimage\"},\"image\":{\"@id\":\"https:\/\/cleitonpinheiro.com.br\/site\/vacinas-contra-a-gripe-covid-19-e-triplice-viral-veja-onde-se-imunizar\/#primaryimage\"},\"thumbnailUrl\":\"\",\"datePublished\":\"2022-05-09T19:55:07+00:00\",\"breadcrumb\":{\"@id\":\"https:\/\/cleitonpinheiro.com.br\/site\/vacinas-contra-a-gripe-covid-19-e-triplice-viral-veja-onde-se-imunizar\/#breadcrumb\"},\"inLanguage\":\"pt-BR\",\"potentialAction\":[{\"@type\":\"ReadAction\",\"target\":[\"https:\/\/cleitonpinheiro.com.br\/site\/vacinas-contra-a-gripe-covid-19-e-triplice-viral-veja-onde-se-imunizar\/\"]}]},{\"@type\":\"ImageObject\",\"inLanguage\":\"pt-BR\",\"@id\":\"https:\/\/cleitonpinheiro.com.br\/site\/vacinas-contra-a-gripe-covid-19-e-triplice-viral-veja-onde-se-imunizar\/#primaryimage\",\"url\":\"\",\"contentUrl\":\"\"},{\"@type\":\"BreadcrumbList\",\"@id\":\"https:\/\/cleitonpinheiro.com.br\/site\/vacinas-contra-a-gripe-covid-19-e-triplice-viral-veja-onde-se-imunizar\/#breadcrumb\",\"itemListElement\":[{\"@type\":\"ListItem\",\"position\":1,\"name\":\"In\u00edcio\",\"item\":\"https:\/\/cleitonpinheiro.com.br\/site\/\"},{\"@type\":\"ListItem\",\"position\":2,\"name\":\"Vacinas contra a Gripe, Covid-19 e Tr\u00edplice Viral; veja onde se imunizar\"}]},{\"@type\":\"WebSite\",\"@id\":\"https:\/\/cleitonpinheiro.com.br\/site\/#website\",\"url\":\"https:\/\/cleitonpinheiro.com.br\/site\/\",\"name\":\"PORTAL DE NOT\u00cdCIAS CLEITON PINHEIRO\",\"description\":\"FALANDO A VERDADE\",\"publisher\":{\"@id\":\"https:\/\/cleitonpinheiro.com.br\/site\/#organization\"},\"potentialAction\":[{\"@type\":\"SearchAction\",\"target\":{\"@type\":\"EntryPoint\",\"urlTemplate\":\"https:\/\/cleitonpinheiro.com.br\/site\/?s={search_term_string}\"},\"query-input\":{\"@type\":\"PropertyValueSpecification\",\"valueRequired\":true,\"valueName\":\"search_term_string\"}}],\"inLanguage\":\"pt-BR\"},{\"@type\":\"Organization\",\"@id\":\"https:\/\/cleitonpinheiro.com.br\/site\/#organization\",\"name\":\"CPNOT\u00cdCIAS\",\"url\":\"https:\/\/cleitonpinheiro.com.br\/site\/\",\"logo\":{\"@type\":\"ImageObject\",\"inLanguage\":\"pt-BR\",\"@id\":\"https:\/\/cleitonpinheiro.com.br\/site\/#\/schema\/logo\/image\/\",\"url\":\"https:\/\/cleitonpinheiro.com.br\/site\/wp-content\/uploads\/2022\/08\/Logo-pequena-2.png\",\"contentUrl\":\"https:\/\/cleitonpinheiro.com.br\/site\/wp-content\/uploads\/2022\/08\/Logo-pequena-2.png\",\"width\":500,\"height\":500,\"caption\":\"CPNOT\u00cdCIAS\"},\"image\":{\"@id\":\"https:\/\/cleitonpinheiro.com.br\/site\/#\/schema\/logo\/image\/\"},\"sameAs\":[\"https:\/\/www.facebook.com\/portalcpnoticias\/\"]},{\"@type\":\"Person\",\"@id\":\"https:\/\/cleitonpinheiro.com.br\/site\/#\/schema\/person\/aac6d7f311e80c43042e98a900b03cd8\",\"name\":\"Dermival Pereira\",\"image\":{\"@type\":\"ImageObject\",\"inLanguage\":\"pt-BR\",\"@id\":\"https:\/\/cleitonpinheiro.com.br\/site\/#\/schema\/person\/image\/\",\"url\":\"https:\/\/secure.gravatar.com\/avatar\/cfaebf3742d6bf8db728bcba3eed6bee37b02337a2e6c822994f20ca72a3784d?s=96&r=g\",\"contentUrl\":\"https:\/\/secure.gravatar.com\/avatar\/cfaebf3742d6bf8db728bcba3eed6bee37b02337a2e6c822994f20ca72a3784d?s=96&r=g\",\"caption\":\"Dermival Pereira\"},\"url\":\"https:\/\/cleitonpinheiro.com.br\/site\/author\/dermival\/\"}]}<\/script>\n<!-- \/ Yoast SEO plugin. -->","yoast_head_json":{"title":"Vacinas contra a Gripe, Covid-19 e Tr\u00edplice Viral; veja onde se imunizar - PORTAL DE NOT\u00cdCIAS CLEITON PINHEIRO","robots":{"index":"index","follow":"follow","max-snippet":"max-snippet:-1","max-image-preview":"max-image-preview:large","max-video-preview":"max-video-preview:-1"},"canonical":"https:\/\/cleitonpinheiro.com.br\/site\/vacinas-contra-a-gripe-covid-19-e-triplice-viral-veja-onde-se-imunizar\/","og_locale":"pt_BR","og_type":"article","og_title":"Vacinas contra a Gripe, Covid-19 e Tr\u00edplice Viral; veja onde se imunizar - PORTAL DE NOT\u00cdCIAS CLEITON PINHEIRO","og_description":"Da Reda\u00e7\u00e3o do CP Not\u00edcias A rede de sa\u00fade da Capital segue esta semana, com a vacina\u00e7\u00e3o contra a Covid-19 e Influenza e Tr\u00edplice Viral (sarampo, caxumba e rub\u00e9ola) no per\u00edodo da manh\u00e3 e tarde nas Unidades de Sa\u00fade da Fam\u00edlia (USFs), conforme programa\u00e7\u00e3o abaixo. A Secretaria Municipal de Sa\u00fade alerta para que a popula\u00e7\u00e3o [&hellip;]","og_url":"https:\/\/cleitonpinheiro.com.br\/site\/vacinas-contra-a-gripe-covid-19-e-triplice-viral-veja-onde-se-imunizar\/","og_site_name":"PORTAL DE NOT\u00cdCIAS CLEITON PINHEIRO","article_publisher":"https:\/\/www.facebook.com\/portalcpnoticias\/","article_published_time":"2022-05-09T19:55:07+00:00","author":"Dermival Pereira","twitter_card":"summary_large_image","twitter_misc":{"Escrito por":"Dermival Pereira","Est. tempo de leitura":"4 minutos"},"schema":{"@context":"https:\/\/schema.org","@graph":[{"@type":"Article","@id":"https:\/\/cleitonpinheiro.com.br\/site\/vacinas-contra-a-gripe-covid-19-e-triplice-viral-veja-onde-se-imunizar\/#article","isPartOf":{"@id":"https:\/\/cleitonpinheiro.com.br\/site\/vacinas-contra-a-gripe-covid-19-e-triplice-viral-veja-onde-se-imunizar\/"},"author":{"name":"Dermival Pereira","@id":"https:\/\/cleitonpinheiro.com.br\/site\/#\/schema\/person\/aac6d7f311e80c43042e98a900b03cd8"},"headline":"Vacinas contra a Gripe, Covid-19 e Tr\u00edplice Viral; veja onde se imunizar","datePublished":"2022-05-09T19:55:07+00:00","mainEntityOfPage":{"@id":"https:\/\/cleitonpinheiro.com.br\/site\/vacinas-contra-a-gripe-covid-19-e-triplice-viral-veja-onde-se-imunizar\/"},"wordCount":879,"commentCount":0,"publisher":{"@id":"https:\/\/cleitonpinheiro.com.br\/site\/#organization"},"image":{"@id":"https:\/\/cleitonpinheiro.com.br\/site\/vacinas-contra-a-gripe-covid-19-e-triplice-viral-veja-onde-se-imunizar\/#primaryimage"},"thumbnailUrl":"","articleSection":["CIDADES","NOT\u00cdCIAS EM DESTAQUE","TODAS NOTICIAS"],"inLanguage":"pt-BR","potentialAction":[{"@type":"CommentAction","name":"Comment","target":["https:\/\/cleitonpinheiro.com.br\/site\/vacinas-contra-a-gripe-covid-19-e-triplice-viral-veja-onde-se-imunizar\/#respond"]}]},{"@type":"WebPage","@id":"https:\/\/cleitonpinheiro.com.br\/site\/vacinas-contra-a-gripe-covid-19-e-triplice-viral-veja-onde-se-imunizar\/","url":"https:\/\/cleitonpinheiro.com.br\/site\/vacinas-contra-a-gripe-covid-19-e-triplice-viral-veja-onde-se-imunizar\/","name":"Vacinas contra a Gripe, Covid-19 e Tr\u00edplice Viral; veja onde se imunizar - PORTAL DE NOT\u00cdCIAS CLEITON PINHEIRO","isPartOf":{"@id":"https:\/\/cleitonpinheiro.com.br\/site\/#website"},"primaryImageOfPage":{"@id":"https:\/\/cleitonpinheiro.com.br\/site\/vacinas-contra-a-gripe-covid-19-e-triplice-viral-veja-onde-se-imunizar\/#primaryimage"},"image":{"@id":"https:\/\/cleitonpinheiro.com.br\/site\/vacinas-contra-a-gripe-covid-19-e-triplice-viral-veja-onde-se-imunizar\/#primaryimage"},"thumbnailUrl":"","datePublished":"2022-05-09T19:55:07+00:00","breadcrumb":{"@id":"https:\/\/cleitonpinheiro.com.br\/site\/vacinas-contra-a-gripe-covid-19-e-triplice-viral-veja-onde-se-imunizar\/#breadcrumb"},"inLanguage":"pt-BR","potentialAction":[{"@type":"ReadAction","target":["https:\/\/cleitonpinheiro.com.br\/site\/vacinas-contra-a-gripe-covid-19-e-triplice-viral-veja-onde-se-imunizar\/"]}]},{"@type":"ImageObject","inLanguage":"pt-BR","@id":"https:\/\/cleitonpinheiro.com.br\/site\/vacinas-contra-a-gripe-covid-19-e-triplice-viral-veja-onde-se-imunizar\/#primaryimage","url":"","contentUrl":""},{"@type":"BreadcrumbList","@id":"https:\/\/cleitonpinheiro.com.br\/site\/vacinas-contra-a-gripe-covid-19-e-triplice-viral-veja-onde-se-imunizar\/#breadcrumb","itemListElement":[{"@type":"ListItem","position":1,"name":"In\u00edcio","item":"https:\/\/cleitonpinheiro.com.br\/site\/"},{"@type":"ListItem","position":2,"name":"Vacinas contra a Gripe, Covid-19 e Tr\u00edplice Viral; veja onde se imunizar"}]},{"@type":"WebSite","@id":"https:\/\/cleitonpinheiro.com.br\/site\/#website","url":"https:\/\/cleitonpinheiro.com.br\/site\/","name":"PORTAL DE NOT\u00cdCIAS CLEITON PINHEIRO","description":"FALANDO A VERDADE","publisher":{"@id":"https:\/\/cleitonpinheiro.com.br\/site\/#organization"},"potentialAction":[{"@type":"SearchAction","target":{"@type":"EntryPoint","urlTemplate":"https:\/\/cleitonpinheiro.com.br\/site\/?s={search_term_string}"},"query-input":{"@type":"PropertyValueSpecification","valueRequired":true,"valueName":"search_term_string"}}],"inLanguage":"pt-BR"},{"@type":"Organization","@id":"https:\/\/cleitonpinheiro.com.br\/site\/#organization","name":"CPNOT\u00cdCIAS","url":"https:\/\/cleitonpinheiro.com.br\/site\/","logo":{"@type":"ImageObject","inLanguage":"pt-BR","@id":"https:\/\/cleitonpinheiro.com.br\/site\/#\/schema\/logo\/image\/","url":"https:\/\/cleitonpinheiro.com.br\/site\/wp-content\/uploads\/2022\/08\/Logo-pequena-2.png","contentUrl":"https:\/\/cleitonpinheiro.com.br\/site\/wp-content\/uploads\/2022\/08\/Logo-pequena-2.png","width":500,"height":500,"caption":"CPNOT\u00cdCIAS"},"image":{"@id":"https:\/\/cleitonpinheiro.com.br\/site\/#\/schema\/logo\/image\/"},"sameAs":["https:\/\/www.facebook.com\/portalcpnoticias\/"]},{"@type":"Person","@id":"https:\/\/cleitonpinheiro.com.br\/site\/#\/schema\/person\/aac6d7f311e80c43042e98a900b03cd8","name":"Dermival Pereira","image":{"@type":"ImageObject","inLanguage":"pt-BR","@id":"https:\/\/cleitonpinheiro.com.br\/site\/#\/schema\/person\/image\/","url":"https:\/\/secure.gravatar.com\/avatar\/cfaebf3742d6bf8db728bcba3eed6bee37b02337a2e6c822994f20ca72a3784d?s=96&r=g","contentUrl":"https:\/\/secure.gravatar.com\/avatar\/cfaebf3742d6bf8db728bcba3eed6bee37b02337a2e6c822994f20ca72a3784d?s=96&r=g","caption":"Dermival Pereira"},"url":"https:\/\/cleitonpinheiro.com.br\/site\/author\/dermival\/"}]}},"views":232,"_links":{"self":[{"href":"https:\/\/cleitonpinheiro.com.br\/site\/wp-json\/wp\/v2\/posts\/58037","targetHints":{"allow":["GET"]}}],"collection":[{"href":"https:\/\/cleitonpinheiro.com.br\/site\/wp-json\/wp\/v2\/posts"}],"about":[{"href":"https:\/\/cleitonpinheiro.com.br\/site\/wp-json\/wp\/v2\/types\/post"}],"author":[{"embeddable":true,"href":"https:\/\/cleitonpinheiro.com.br\/site\/wp-json\/wp\/v2\/users\/4"}],"replies":[{"embeddable":true,"href":"https:\/\/cleitonpinheiro.com.br\/site\/wp-json\/wp\/v2\/comments?post=58037"}],"version-history":[{"count":0,"href":"https:\/\/cleitonpinheiro.com.br\/site\/wp-json\/wp\/v2\/posts\/58037\/revisions"}],"wp:featuredmedia":[{"embeddable":true,"href":"https:\/\/cleitonpinheiro.com.br\/site\/wp-json\/"}],"wp:attachment":[{"href":"https:\/\/cleitonpinheiro.com.br\/site\/wp-json\/wp\/v2\/media?parent=58037"}],"wp:term":[{"taxonomy":"category","embeddable":true,"href":"https:\/\/cleitonpinheiro.com.br\/site\/wp-json\/wp\/v2\/categories?post=58037"},{"taxonomy":"post_tag","embeddable":true,"href":"https:\/\/cleitonpinheiro.com.br\/site\/wp-json\/wp\/v2\/tags?post=58037"}],"curies":[{"name":"wp","href":"https:\/\/api.w.org\/{rel}","templated":true}]}}