{"id":58306,"date":"2022-05-18T08:13:35","date_gmt":"2022-05-18T11:13:35","guid":{"rendered":"https:\/\/cleitonpinheiro.com.br\/portal\/?p=58306"},"modified":"2022-05-18T08:13:35","modified_gmt":"2022-05-18T11:13:35","slug":"palmas-33-anos-saude-publica-ganha-qualidade-com-atuacao-de-agentes-que-comeca-dentro-de-casa","status":"publish","type":"post","link":"https:\/\/cleitonpinheiro.com.br\/site\/palmas-33-anos-saude-publica-ganha-qualidade-com-atuacao-de-agentes-que-comeca-dentro-de-casa\/","title":{"rendered":"Palmas 33 anos: Sa\u00fade p\u00fablica ganha qualidade com atua\u00e7\u00e3o de agentes que come\u00e7a dentro de casa"},"content":{"rendered":"\n<p><em><strong>Da Reda\u00e7\u00e3o do CP Not\u00edcias<\/strong><\/em><\/p>\n\n\n<figure class=\"wp-block-image size-full\"><img decoding=\"async\" src=\"https:\/\/cleitonpinheiro.com.br\/portal\/wp-content\/uploads\/2022\/05\/Design-sem-nome-27-compressed.jpg\" alt=\"\" class=\"wp-image-58307\"\/><\/figure>\n\n\n<p>Doraci de Oliveira Pinheiro da Cruz \u00e9 ACS desde agosto de 1994, integrando a primeira equipe de agentes da ent\u00e3o rec\u00e9m-criada capital do Tocantins, Palmas. Atualmente, ela acompanha 204 fam\u00edlias no condom\u00ednio Lago Sul I, divididas em 13 blocos, integrando a equipe 23, da Unidade de Sa\u00fade da Fam\u00edlia (USF) Laurides Lima Milhomem, no Jardim Aureny III. \u201cO trabalho do agente \u00e9 muito gratificante e fundamental para uma sa\u00fade p\u00fablica de qualidade. \u00c9 ele quem bate de porta em porta verificando os problemas, levantando as demandas e tamb\u00e9m orientando e informando sobre as campanhas e a\u00e7\u00f5es de preven\u00e7\u00f5es\u201d, comenta.<\/p>\n\n\n<figure class=\"wp-block-image size-full\"><img decoding=\"async\" src=\"https:\/\/cleitonpinheiro.com.br\/portal\/wp-content\/uploads\/2022\/05\/Design-sem-nome-28-compressed.jpg\" alt=\"\" class=\"wp-image-58308\"\/><\/figure>\n\n\n<p><strong>Miss\u00e3o<\/strong><\/p>\n\n\n<p>H\u00e1 quase 28 anos na miss\u00e3o como ACS, Dora relata como eram os primeiros anos na sa\u00fade. \u201cNa \u00e9poca, existia o Programa de Agentes Comunit\u00e1rios de Sa\u00fade (PACS) e o atendimento n\u00e3o era completo. Para ver o m\u00e9dico, somente se fosse na unidade de sa\u00fade. Hoje, as equipes s\u00e3o formadas por m\u00e9dicos, enfermeiros e odont\u00f3logos, que v\u00e3o at\u00e9 a casa da pessoa com dificuldade de se deslocar.\u201d Segundo Dora, a USF Laurides conta ainda com o N\u00facleo Ampliado de Sa\u00fade da Fam\u00edlia (Nasf), onde os usu\u00e1rios recebem atendimento com psic\u00f3logo, assistente social, fisioterapeuta, entre outras especialidades.<\/p>\n\n\n<p>Dora chegou a Palmas em dezembro de 1990, aos 22 anos, vinda de Imperatriz (MA), em busca de oportunidades para construir sua vida. \u201cAqui eu me casei, tive meus filhos e constru\u00ed uma vida muito gratificante.\u201d Um dos momentos mais marcantes em todos esses anos de trabalho como ACS ocorreu em 1995, quando ajudou uma mulher em trabalho de parto. \u201cEra uma hora da madrugada quando me chamaram na minha casa, estava chovendo muito e fui atr\u00e1s de algu\u00e9m com carro para levar a m\u00e3e para o hospital. Quase ningu\u00e9m tinha ve\u00edculo na \u00e9poca. Consegui, fiquei com ela no hospital at\u00e9 a crian\u00e7a nascer, hoje o Hugo vai fazer 27 anos\u201d, recorda a agente.<\/p>\n\n\n<p><strong>Visitas<\/strong><\/p>\n\n\n<div class=\"wp-block-image\"><figure class=\"alignleft size-full is-resized\"><img fetchpriority=\"high\" decoding=\"async\" src=\"https:\/\/cleitonpinheiro.com.br\/portal\/wp-content\/uploads\/2022\/05\/Design-sem-nome-29-compressed.jpg\" alt=\"\" class=\"wp-image-58309\" width=\"668\" height=\"401\"\/><\/figure><\/div>\n\n\n<p>A reportagem da Secretaria Municipal de Comunica\u00e7\u00e3o (Secom) acompanhou Dora durante algumas visitas aos moradores do condom\u00ednio Lago Sul I. \u201cTenho hipertens\u00e3o e meu filho \u00e9 especial, e a Dora nos ajuda muito\u201d, conta Cristiane Pereira de Carvalho, na vista acompanhada pela reportagem. \u201cMuitas vezes, por causa do trabalho, n\u00e3o consigo ir \u00e0 unidade de sa\u00fade e ela consegue fazer os agendamentos e a consulta, trazer o resultado dos exames\u201d, relata Cristiane, para quem a agente comunit\u00e1ria adotou o condom\u00ednio, socorrendo todos quando precisam. Segundo Cristiane, Dora tamb\u00e9m escuta as pessoas, e quando n\u00e3o as encontra em casa, deixa um bilhete e, mesmo no final de semana, faz visitas.<\/p>\n\n\n<p>Goiaci Dias de Souza e Joana Pereira da Silva, tamb\u00e9m moradoras do Lago Sul I, elogiam o trabalho da ACS, principalmente por causa do apoio para conseguir marcar consultas, exames e at\u00e9 cirurgias. Goiaci conseguiu o encaminhamento e fez uma cirurgia nos olhos e agora est\u00e1 enxergando melhor. J\u00e1 Joana, que cuida da m\u00e3e que est\u00e1 acamada ap\u00f3s um AVC, destaca que a agente comunit\u00e1ria sempre est\u00e1 atenta, traz a equipe m\u00e9dica \u00e0 sua casa para consultar sua m\u00e3e, Aldenora.<\/p>\n\n\n<p><strong>Estrutura<\/strong><\/p>\n\n\n<p>A Prefeitura de Palmas investe mais de 21% da sua arrecada\u00e7\u00e3o tribut\u00e1ria na sa\u00fade, sendo que a exig\u00eancia legal \u00e9 15%, o que possibilita uma boa cobertura do atendimento p\u00fablico. A Capital tocantinense conta com 33 USFs atendendo todo o munic\u00edpio, incluindo os distritos Buritirana, Taquaru\u00e7u e Taquaru\u00e7u Grande, al\u00e9m de tr\u00eas UPAs e unidades de especialidades m\u00e9dicas. No ano passado, a cidade foi destaque no Ranking Connected Smart Cities 2021, ficando em primeiro lugar na regi\u00e3o Norte, e na 31\u00aa posi\u00e7\u00e3o nacional na \u00e1rea da sa\u00fade.<\/p>\n\n\n<p>O estudo desenvolvido pela Urban System destaca que a cobertura da sa\u00fade p\u00fablica em Palmas \u00e9 boa, com 4,71 leitos por mil habitantes, sendo que a Organiza\u00e7\u00e3o Mundial de Sa\u00fade (OMS) recomenda de 3 a 5 leitos. S\u00e3o 284,04 m\u00e9dicos por mil habitantes, e despesa per capita de R$ 829,48. A taxa de \u00f3bitos infantis \u00e9 de 1,6 por mil nascidos vivos. Outro ponto de destaque \u00e9 a cobertura do servi\u00e7o de coleta e tratamento de esgoto, 88,2% dos domic\u00edlios urbanos e 100% de coleta de res\u00edduos s\u00f3lidos, o que impacta positivamente na sa\u00fade da popula\u00e7\u00e3o palmense. <em><strong>(Fonte: Secom de Palmas).<\/strong><\/em><\/p>\n","protected":false},"excerpt":{"rendered":"<p>Da Reda\u00e7\u00e3o do CP Not\u00edcias Doraci de Oliveira Pinheiro da Cruz \u00e9 ACS desde agosto de 1994, integrando a primeira equipe de agentes da ent\u00e3o rec\u00e9m-criada capital do Tocantins, Palmas. Atualmente, ela acompanha 204 fam\u00edlias no condom\u00ednio Lago Sul I, divididas em 13 blocos, integrando a equipe 23, da Unidade de Sa\u00fade da Fam\u00edlia (USF) [&hellip;]<\/p>\n","protected":false},"author":4,"featured_media":58307,"comment_status":"open","ping_status":"open","sticky":false,"template":"","format":"standard","meta":{"_acf_changed":false,"footnotes":""},"categories":[22,20,21],"tags":[],"class_list":["post-58306","post","type-post","status-publish","format-standard","has-post-thumbnail","hentry","category-cidades","category-noticias-em-destaque","category-todas-noticias"],"acf":[],"yoast_head":"<!-- This site is optimized with the Yoast SEO plugin v24.4 - https:\/\/yoast.com\/wordpress\/plugins\/seo\/ -->\n<title>Palmas 33 anos: Sa\u00fade p\u00fablica ganha qualidade com atua\u00e7\u00e3o de agentes que come\u00e7a dentro de casa - PORTAL DE NOT\u00cdCIAS CLEITON PINHEIRO<\/title>\n<meta name=\"robots\" content=\"index, follow, max-snippet:-1, max-image-preview:large, max-video-preview:-1\" \/>\n<link rel=\"canonical\" href=\"https:\/\/cleitonpinheiro.com.br\/site\/palmas-33-anos-saude-publica-ganha-qualidade-com-atuacao-de-agentes-que-comeca-dentro-de-casa\/\" \/>\n<meta property=\"og:locale\" content=\"pt_BR\" \/>\n<meta property=\"og:type\" content=\"article\" \/>\n<meta property=\"og:title\" content=\"Palmas 33 anos: Sa\u00fade p\u00fablica ganha qualidade com atua\u00e7\u00e3o de agentes que come\u00e7a dentro de casa - PORTAL DE NOT\u00cdCIAS CLEITON PINHEIRO\" \/>\n<meta property=\"og:description\" content=\"Da Reda\u00e7\u00e3o do CP Not\u00edcias Doraci de Oliveira Pinheiro da Cruz \u00e9 ACS desde agosto de 1994, integrando a primeira equipe de agentes da ent\u00e3o rec\u00e9m-criada capital do Tocantins, Palmas. Atualmente, ela acompanha 204 fam\u00edlias no condom\u00ednio Lago Sul I, divididas em 13 blocos, integrando a equipe 23, da Unidade de Sa\u00fade da Fam\u00edlia (USF) [&hellip;]\" \/>\n<meta property=\"og:url\" content=\"https:\/\/cleitonpinheiro.com.br\/site\/palmas-33-anos-saude-publica-ganha-qualidade-com-atuacao-de-agentes-que-comeca-dentro-de-casa\/\" \/>\n<meta property=\"og:site_name\" content=\"PORTAL DE NOT\u00cdCIAS CLEITON PINHEIRO\" \/>\n<meta property=\"article:publisher\" content=\"https:\/\/www.facebook.com\/portalcpnoticias\/\" \/>\n<meta property=\"article:published_time\" content=\"2022-05-18T11:13:35+00:00\" \/>\n<meta name=\"author\" content=\"Dermival Pereira\" \/>\n<meta name=\"twitter:card\" content=\"summary_large_image\" \/>\n<meta name=\"twitter:label1\" content=\"Escrito por\" \/>\n\t<meta name=\"twitter:data1\" content=\"Dermival Pereira\" \/>\n\t<meta name=\"twitter:label2\" content=\"Est. tempo de leitura\" \/>\n\t<meta name=\"twitter:data2\" content=\"4 minutos\" \/>\n<script type=\"application\/ld+json\" class=\"yoast-schema-graph\">{\"@context\":\"https:\/\/schema.org\",\"@graph\":[{\"@type\":\"Article\",\"@id\":\"https:\/\/cleitonpinheiro.com.br\/site\/palmas-33-anos-saude-publica-ganha-qualidade-com-atuacao-de-agentes-que-comeca-dentro-de-casa\/#article\",\"isPartOf\":{\"@id\":\"https:\/\/cleitonpinheiro.com.br\/site\/palmas-33-anos-saude-publica-ganha-qualidade-com-atuacao-de-agentes-que-comeca-dentro-de-casa\/\"},\"author\":{\"name\":\"Dermival Pereira\",\"@id\":\"https:\/\/cleitonpinheiro.com.br\/site\/#\/schema\/person\/aac6d7f311e80c43042e98a900b03cd8\"},\"headline\":\"Palmas 33 anos: Sa\u00fade p\u00fablica ganha qualidade com atua\u00e7\u00e3o de agentes que come\u00e7a dentro de casa\",\"datePublished\":\"2022-05-18T11:13:35+00:00\",\"mainEntityOfPage\":{\"@id\":\"https:\/\/cleitonpinheiro.com.br\/site\/palmas-33-anos-saude-publica-ganha-qualidade-com-atuacao-de-agentes-que-comeca-dentro-de-casa\/\"},\"wordCount\":758,\"commentCount\":0,\"publisher\":{\"@id\":\"https:\/\/cleitonpinheiro.com.br\/site\/#organization\"},\"image\":{\"@id\":\"https:\/\/cleitonpinheiro.com.br\/site\/palmas-33-anos-saude-publica-ganha-qualidade-com-atuacao-de-agentes-que-comeca-dentro-de-casa\/#primaryimage\"},\"thumbnailUrl\":\"\",\"articleSection\":[\"CIDADES\",\"NOT\u00cdCIAS EM DESTAQUE\",\"TODAS NOTICIAS\"],\"inLanguage\":\"pt-BR\",\"potentialAction\":[{\"@type\":\"CommentAction\",\"name\":\"Comment\",\"target\":[\"https:\/\/cleitonpinheiro.com.br\/site\/palmas-33-anos-saude-publica-ganha-qualidade-com-atuacao-de-agentes-que-comeca-dentro-de-casa\/#respond\"]}]},{\"@type\":\"WebPage\",\"@id\":\"https:\/\/cleitonpinheiro.com.br\/site\/palmas-33-anos-saude-publica-ganha-qualidade-com-atuacao-de-agentes-que-comeca-dentro-de-casa\/\",\"url\":\"https:\/\/cleitonpinheiro.com.br\/site\/palmas-33-anos-saude-publica-ganha-qualidade-com-atuacao-de-agentes-que-comeca-dentro-de-casa\/\",\"name\":\"Palmas 33 anos: Sa\u00fade p\u00fablica ganha qualidade com atua\u00e7\u00e3o de agentes que come\u00e7a dentro de casa - PORTAL DE NOT\u00cdCIAS CLEITON PINHEIRO\",\"isPartOf\":{\"@id\":\"https:\/\/cleitonpinheiro.com.br\/site\/#website\"},\"primaryImageOfPage\":{\"@id\":\"https:\/\/cleitonpinheiro.com.br\/site\/palmas-33-anos-saude-publica-ganha-qualidade-com-atuacao-de-agentes-que-comeca-dentro-de-casa\/#primaryimage\"},\"image\":{\"@id\":\"https:\/\/cleitonpinheiro.com.br\/site\/palmas-33-anos-saude-publica-ganha-qualidade-com-atuacao-de-agentes-que-comeca-dentro-de-casa\/#primaryimage\"},\"thumbnailUrl\":\"\",\"datePublished\":\"2022-05-18T11:13:35+00:00\",\"breadcrumb\":{\"@id\":\"https:\/\/cleitonpinheiro.com.br\/site\/palmas-33-anos-saude-publica-ganha-qualidade-com-atuacao-de-agentes-que-comeca-dentro-de-casa\/#breadcrumb\"},\"inLanguage\":\"pt-BR\",\"potentialAction\":[{\"@type\":\"ReadAction\",\"target\":[\"https:\/\/cleitonpinheiro.com.br\/site\/palmas-33-anos-saude-publica-ganha-qualidade-com-atuacao-de-agentes-que-comeca-dentro-de-casa\/\"]}]},{\"@type\":\"ImageObject\",\"inLanguage\":\"pt-BR\",\"@id\":\"https:\/\/cleitonpinheiro.com.br\/site\/palmas-33-anos-saude-publica-ganha-qualidade-com-atuacao-de-agentes-que-comeca-dentro-de-casa\/#primaryimage\",\"url\":\"\",\"contentUrl\":\"\"},{\"@type\":\"BreadcrumbList\",\"@id\":\"https:\/\/cleitonpinheiro.com.br\/site\/palmas-33-anos-saude-publica-ganha-qualidade-com-atuacao-de-agentes-que-comeca-dentro-de-casa\/#breadcrumb\",\"itemListElement\":[{\"@type\":\"ListItem\",\"position\":1,\"name\":\"In\u00edcio\",\"item\":\"https:\/\/cleitonpinheiro.com.br\/site\/\"},{\"@type\":\"ListItem\",\"position\":2,\"name\":\"Palmas 33 anos: Sa\u00fade p\u00fablica ganha qualidade com atua\u00e7\u00e3o de agentes que come\u00e7a dentro de casa\"}]},{\"@type\":\"WebSite\",\"@id\":\"https:\/\/cleitonpinheiro.com.br\/site\/#website\",\"url\":\"https:\/\/cleitonpinheiro.com.br\/site\/\",\"name\":\"PORTAL DE NOT\u00cdCIAS CLEITON PINHEIRO\",\"description\":\"FALANDO A VERDADE\",\"publisher\":{\"@id\":\"https:\/\/cleitonpinheiro.com.br\/site\/#organization\"},\"potentialAction\":[{\"@type\":\"SearchAction\",\"target\":{\"@type\":\"EntryPoint\",\"urlTemplate\":\"https:\/\/cleitonpinheiro.com.br\/site\/?s={search_term_string}\"},\"query-input\":{\"@type\":\"PropertyValueSpecification\",\"valueRequired\":true,\"valueName\":\"search_term_string\"}}],\"inLanguage\":\"pt-BR\"},{\"@type\":\"Organization\",\"@id\":\"https:\/\/cleitonpinheiro.com.br\/site\/#organization\",\"name\":\"CPNOT\u00cdCIAS\",\"url\":\"https:\/\/cleitonpinheiro.com.br\/site\/\",\"logo\":{\"@type\":\"ImageObject\",\"inLanguage\":\"pt-BR\",\"@id\":\"https:\/\/cleitonpinheiro.com.br\/site\/#\/schema\/logo\/image\/\",\"url\":\"https:\/\/cleitonpinheiro.com.br\/site\/wp-content\/uploads\/2022\/08\/Logo-pequena-2.png\",\"contentUrl\":\"https:\/\/cleitonpinheiro.com.br\/site\/wp-content\/uploads\/2022\/08\/Logo-pequena-2.png\",\"width\":500,\"height\":500,\"caption\":\"CPNOT\u00cdCIAS\"},\"image\":{\"@id\":\"https:\/\/cleitonpinheiro.com.br\/site\/#\/schema\/logo\/image\/\"},\"sameAs\":[\"https:\/\/www.facebook.com\/portalcpnoticias\/\"]},{\"@type\":\"Person\",\"@id\":\"https:\/\/cleitonpinheiro.com.br\/site\/#\/schema\/person\/aac6d7f311e80c43042e98a900b03cd8\",\"name\":\"Dermival Pereira\",\"image\":{\"@type\":\"ImageObject\",\"inLanguage\":\"pt-BR\",\"@id\":\"https:\/\/cleitonpinheiro.com.br\/site\/#\/schema\/person\/image\/\",\"url\":\"https:\/\/secure.gravatar.com\/avatar\/cfaebf3742d6bf8db728bcba3eed6bee37b02337a2e6c822994f20ca72a3784d?s=96&r=g\",\"contentUrl\":\"https:\/\/secure.gravatar.com\/avatar\/cfaebf3742d6bf8db728bcba3eed6bee37b02337a2e6c822994f20ca72a3784d?s=96&r=g\",\"caption\":\"Dermival Pereira\"},\"url\":\"https:\/\/cleitonpinheiro.com.br\/site\/author\/dermival\/\"}]}<\/script>\n<!-- \/ Yoast SEO plugin. -->","yoast_head_json":{"title":"Palmas 33 anos: Sa\u00fade p\u00fablica ganha qualidade com atua\u00e7\u00e3o de agentes que come\u00e7a dentro de casa - PORTAL DE NOT\u00cdCIAS CLEITON PINHEIRO","robots":{"index":"index","follow":"follow","max-snippet":"max-snippet:-1","max-image-preview":"max-image-preview:large","max-video-preview":"max-video-preview:-1"},"canonical":"https:\/\/cleitonpinheiro.com.br\/site\/palmas-33-anos-saude-publica-ganha-qualidade-com-atuacao-de-agentes-que-comeca-dentro-de-casa\/","og_locale":"pt_BR","og_type":"article","og_title":"Palmas 33 anos: Sa\u00fade p\u00fablica ganha qualidade com atua\u00e7\u00e3o de agentes que come\u00e7a dentro de casa - PORTAL DE NOT\u00cdCIAS CLEITON PINHEIRO","og_description":"Da Reda\u00e7\u00e3o do CP Not\u00edcias Doraci de Oliveira Pinheiro da Cruz \u00e9 ACS desde agosto de 1994, integrando a primeira equipe de agentes da ent\u00e3o rec\u00e9m-criada capital do Tocantins, Palmas. Atualmente, ela acompanha 204 fam\u00edlias no condom\u00ednio Lago Sul I, divididas em 13 blocos, integrando a equipe 23, da Unidade de Sa\u00fade da Fam\u00edlia (USF) [&hellip;]","og_url":"https:\/\/cleitonpinheiro.com.br\/site\/palmas-33-anos-saude-publica-ganha-qualidade-com-atuacao-de-agentes-que-comeca-dentro-de-casa\/","og_site_name":"PORTAL DE NOT\u00cdCIAS CLEITON PINHEIRO","article_publisher":"https:\/\/www.facebook.com\/portalcpnoticias\/","article_published_time":"2022-05-18T11:13:35+00:00","author":"Dermival Pereira","twitter_card":"summary_large_image","twitter_misc":{"Escrito por":"Dermival Pereira","Est. tempo de leitura":"4 minutos"},"schema":{"@context":"https:\/\/schema.org","@graph":[{"@type":"Article","@id":"https:\/\/cleitonpinheiro.com.br\/site\/palmas-33-anos-saude-publica-ganha-qualidade-com-atuacao-de-agentes-que-comeca-dentro-de-casa\/#article","isPartOf":{"@id":"https:\/\/cleitonpinheiro.com.br\/site\/palmas-33-anos-saude-publica-ganha-qualidade-com-atuacao-de-agentes-que-comeca-dentro-de-casa\/"},"author":{"name":"Dermival Pereira","@id":"https:\/\/cleitonpinheiro.com.br\/site\/#\/schema\/person\/aac6d7f311e80c43042e98a900b03cd8"},"headline":"Palmas 33 anos: Sa\u00fade p\u00fablica ganha qualidade com atua\u00e7\u00e3o de agentes que come\u00e7a dentro de casa","datePublished":"2022-05-18T11:13:35+00:00","mainEntityOfPage":{"@id":"https:\/\/cleitonpinheiro.com.br\/site\/palmas-33-anos-saude-publica-ganha-qualidade-com-atuacao-de-agentes-que-comeca-dentro-de-casa\/"},"wordCount":758,"commentCount":0,"publisher":{"@id":"https:\/\/cleitonpinheiro.com.br\/site\/#organization"},"image":{"@id":"https:\/\/cleitonpinheiro.com.br\/site\/palmas-33-anos-saude-publica-ganha-qualidade-com-atuacao-de-agentes-que-comeca-dentro-de-casa\/#primaryimage"},"thumbnailUrl":"","articleSection":["CIDADES","NOT\u00cdCIAS EM DESTAQUE","TODAS NOTICIAS"],"inLanguage":"pt-BR","potentialAction":[{"@type":"CommentAction","name":"Comment","target":["https:\/\/cleitonpinheiro.com.br\/site\/palmas-33-anos-saude-publica-ganha-qualidade-com-atuacao-de-agentes-que-comeca-dentro-de-casa\/#respond"]}]},{"@type":"WebPage","@id":"https:\/\/cleitonpinheiro.com.br\/site\/palmas-33-anos-saude-publica-ganha-qualidade-com-atuacao-de-agentes-que-comeca-dentro-de-casa\/","url":"https:\/\/cleitonpinheiro.com.br\/site\/palmas-33-anos-saude-publica-ganha-qualidade-com-atuacao-de-agentes-que-comeca-dentro-de-casa\/","name":"Palmas 33 anos: Sa\u00fade p\u00fablica ganha qualidade com atua\u00e7\u00e3o de agentes que come\u00e7a dentro de casa - PORTAL DE NOT\u00cdCIAS CLEITON PINHEIRO","isPartOf":{"@id":"https:\/\/cleitonpinheiro.com.br\/site\/#website"},"primaryImageOfPage":{"@id":"https:\/\/cleitonpinheiro.com.br\/site\/palmas-33-anos-saude-publica-ganha-qualidade-com-atuacao-de-agentes-que-comeca-dentro-de-casa\/#primaryimage"},"image":{"@id":"https:\/\/cleitonpinheiro.com.br\/site\/palmas-33-anos-saude-publica-ganha-qualidade-com-atuacao-de-agentes-que-comeca-dentro-de-casa\/#primaryimage"},"thumbnailUrl":"","datePublished":"2022-05-18T11:13:35+00:00","breadcrumb":{"@id":"https:\/\/cleitonpinheiro.com.br\/site\/palmas-33-anos-saude-publica-ganha-qualidade-com-atuacao-de-agentes-que-comeca-dentro-de-casa\/#breadcrumb"},"inLanguage":"pt-BR","potentialAction":[{"@type":"ReadAction","target":["https:\/\/cleitonpinheiro.com.br\/site\/palmas-33-anos-saude-publica-ganha-qualidade-com-atuacao-de-agentes-que-comeca-dentro-de-casa\/"]}]},{"@type":"ImageObject","inLanguage":"pt-BR","@id":"https:\/\/cleitonpinheiro.com.br\/site\/palmas-33-anos-saude-publica-ganha-qualidade-com-atuacao-de-agentes-que-comeca-dentro-de-casa\/#primaryimage","url":"","contentUrl":""},{"@type":"BreadcrumbList","@id":"https:\/\/cleitonpinheiro.com.br\/site\/palmas-33-anos-saude-publica-ganha-qualidade-com-atuacao-de-agentes-que-comeca-dentro-de-casa\/#breadcrumb","itemListElement":[{"@type":"ListItem","position":1,"name":"In\u00edcio","item":"https:\/\/cleitonpinheiro.com.br\/site\/"},{"@type":"ListItem","position":2,"name":"Palmas 33 anos: Sa\u00fade p\u00fablica ganha qualidade com atua\u00e7\u00e3o de agentes que come\u00e7a dentro de casa"}]},{"@type":"WebSite","@id":"https:\/\/cleitonpinheiro.com.br\/site\/#website","url":"https:\/\/cleitonpinheiro.com.br\/site\/","name":"PORTAL DE NOT\u00cdCIAS CLEITON PINHEIRO","description":"FALANDO A VERDADE","publisher":{"@id":"https:\/\/cleitonpinheiro.com.br\/site\/#organization"},"potentialAction":[{"@type":"SearchAction","target":{"@type":"EntryPoint","urlTemplate":"https:\/\/cleitonpinheiro.com.br\/site\/?s={search_term_string}"},"query-input":{"@type":"PropertyValueSpecification","valueRequired":true,"valueName":"search_term_string"}}],"inLanguage":"pt-BR"},{"@type":"Organization","@id":"https:\/\/cleitonpinheiro.com.br\/site\/#organization","name":"CPNOT\u00cdCIAS","url":"https:\/\/cleitonpinheiro.com.br\/site\/","logo":{"@type":"ImageObject","inLanguage":"pt-BR","@id":"https:\/\/cleitonpinheiro.com.br\/site\/#\/schema\/logo\/image\/","url":"https:\/\/cleitonpinheiro.com.br\/site\/wp-content\/uploads\/2022\/08\/Logo-pequena-2.png","contentUrl":"https:\/\/cleitonpinheiro.com.br\/site\/wp-content\/uploads\/2022\/08\/Logo-pequena-2.png","width":500,"height":500,"caption":"CPNOT\u00cdCIAS"},"image":{"@id":"https:\/\/cleitonpinheiro.com.br\/site\/#\/schema\/logo\/image\/"},"sameAs":["https:\/\/www.facebook.com\/portalcpnoticias\/"]},{"@type":"Person","@id":"https:\/\/cleitonpinheiro.com.br\/site\/#\/schema\/person\/aac6d7f311e80c43042e98a900b03cd8","name":"Dermival Pereira","image":{"@type":"ImageObject","inLanguage":"pt-BR","@id":"https:\/\/cleitonpinheiro.com.br\/site\/#\/schema\/person\/image\/","url":"https:\/\/secure.gravatar.com\/avatar\/cfaebf3742d6bf8db728bcba3eed6bee37b02337a2e6c822994f20ca72a3784d?s=96&r=g","contentUrl":"https:\/\/secure.gravatar.com\/avatar\/cfaebf3742d6bf8db728bcba3eed6bee37b02337a2e6c822994f20ca72a3784d?s=96&r=g","caption":"Dermival Pereira"},"url":"https:\/\/cleitonpinheiro.com.br\/site\/author\/dermival\/"}]}},"views":203,"_links":{"self":[{"href":"https:\/\/cleitonpinheiro.com.br\/site\/wp-json\/wp\/v2\/posts\/58306","targetHints":{"allow":["GET"]}}],"collection":[{"href":"https:\/\/cleitonpinheiro.com.br\/site\/wp-json\/wp\/v2\/posts"}],"about":[{"href":"https:\/\/cleitonpinheiro.com.br\/site\/wp-json\/wp\/v2\/types\/post"}],"author":[{"embeddable":true,"href":"https:\/\/cleitonpinheiro.com.br\/site\/wp-json\/wp\/v2\/users\/4"}],"replies":[{"embeddable":true,"href":"https:\/\/cleitonpinheiro.com.br\/site\/wp-json\/wp\/v2\/comments?post=58306"}],"version-history":[{"count":0,"href":"https:\/\/cleitonpinheiro.com.br\/site\/wp-json\/wp\/v2\/posts\/58306\/revisions"}],"wp:featuredmedia":[{"embeddable":true,"href":"https:\/\/cleitonpinheiro.com.br\/site\/wp-json\/"}],"wp:attachment":[{"href":"https:\/\/cleitonpinheiro.com.br\/site\/wp-json\/wp\/v2\/media?parent=58306"}],"wp:term":[{"taxonomy":"category","embeddable":true,"href":"https:\/\/cleitonpinheiro.com.br\/site\/wp-json\/wp\/v2\/categories?post=58306"},{"taxonomy":"post_tag","embeddable":true,"href":"https:\/\/cleitonpinheiro.com.br\/site\/wp-json\/wp\/v2\/tags?post=58306"}],"curies":[{"name":"wp","href":"https:\/\/api.w.org\/{rel}","templated":true}]}}