{"id":58311,"date":"2022-05-18T08:23:38","date_gmt":"2022-05-18T11:23:38","guid":{"rendered":"https:\/\/cleitonpinheiro.com.br\/portal\/?p=58311"},"modified":"2022-05-18T08:23:38","modified_gmt":"2022-05-18T11:23:38","slug":"acao-da-policia-civil-e-do-centro-integrado-18-de-maio-visa-conscientizar-a-populacao-sobre-o-abuso-sexual-de-criancas-e-adolescentes","status":"publish","type":"post","link":"https:\/\/cleitonpinheiro.com.br\/site\/acao-da-policia-civil-e-do-centro-integrado-18-de-maio-visa-conscientizar-a-populacao-sobre-o-abuso-sexual-de-criancas-e-adolescentes\/","title":{"rendered":"A\u00e7\u00e3o da Pol\u00edcia Civil e do Centro Integrado 18 de maio visa conscientizar a popula\u00e7\u00e3o sobre o abuso sexual de crian\u00e7as e adolescentes"},"content":{"rendered":"\n<p><em><strong>Da Reda\u00e7\u00e3o do CP Not\u00edcias<\/strong><\/em><\/p>\n\n\n<figure class=\"wp-block-image size-full\"><img decoding=\"async\" src=\"http:\/\/cleitonpinheiro.com.br\/portal\/wp-content\/uploads\/2022\/05\/Design-sem-nome-2022-05-03T165207-compressed.jpg\" alt=\"\" class=\"wp-image-57870\"\/><\/figure>\n\n\n<p>A Pol\u00edcia Civil do Tocantins (PC-TO) e o N\u00facleo Integrado 18 de maio promovem nesta quarta-feira, 18, em Palmas, uma Blitz Educativa para conscientizar a popula\u00e7\u00e3o sobre o abuso e explora\u00e7\u00e3o sexual de crian\u00e7as e adolescentes.<\/p>\n\n\n<p>A iniciativa \u00e9 do N\u00facleo de Vulner\u00e1veis da Delegacia Geral da Pol\u00edcia Civil e ocorrer\u00e1 em dois hor\u00e1rios, \u00e0s 7h e \u00e0s 17h, na quadra 504 Sul, em frente a feira do bosque. Com o tema: Fa\u00e7a Bonito: Proteja nossas crian\u00e7as, a blitz educativa ser\u00e1 realizada em 18 de maio, que \u00e9 a data em que se comemora o Dia Nacional de Combate \u00e0 Explora\u00e7\u00e3o e Viol\u00eancia Sexual Contra Crian\u00e7as e Adolescentes.<\/p>\n\n\n<p>Durante o evento, haver\u00e1 a distribui\u00e7\u00e3o de panfletos sobre as a\u00e7\u00f5es desenvolvidas pelo N\u00facleo 18 de maio, e tamb\u00e9m da escuta especializada da Pol\u00edcia Civil. Al\u00e9m disso, a a\u00e7\u00e3o da PC-TO visa alertar a popula\u00e7\u00e3o sobre o abuso de crian\u00e7as e adolescentes e incentivar den\u00fancias que envolvam esse tipo de crime.<\/p>\n\n\n<p>18 de maio<\/p>\n\n\n<p>\u00a018 de maio foi escolhido como dia nacional de combate a viol\u00eancia e explora\u00e7\u00e3o sexual de crian\u00e7as e adolescentes, uma vez que nessa data, no ano de 1973, uma crian\u00e7a foi violentada, drogada e queimada com \u00e1cido, fato que gerou muita como\u00e7\u00e3o e revolta na \u00e9poca. Portanto, desde o ano 2000, o dia 18 de maio \u00e9 dedicado \u00e0 promo\u00e7\u00e3o de a\u00e7\u00f5es que visam combater qualquer tipo de viol\u00eancia perpetrada contra crian\u00e7as e adolescentes. \u00a0<em><strong>(Fonte: Ascom da SSP-TO).<\/strong><\/em><\/p>\n\n\n<figure class=\"wp-block-image size-full\"><img decoding=\"async\" src=\"https:\/\/cleitonpinheiro.com.br\/portal\/wp-content\/uploads\/2022\/05\/Design-sem-nome-30-compressed.jpg\" alt=\"\" class=\"wp-image-58312\"\/><\/figure>\n","protected":false},"excerpt":{"rendered":"<p>Da Reda\u00e7\u00e3o do CP Not\u00edcias A Pol\u00edcia Civil do Tocantins (PC-TO) e o N\u00facleo Integrado 18 de maio promovem nesta quarta-feira, 18, em Palmas, uma Blitz Educativa para conscientizar a popula\u00e7\u00e3o sobre o abuso e explora\u00e7\u00e3o sexual de crian\u00e7as e adolescentes. A iniciativa \u00e9 do N\u00facleo de Vulner\u00e1veis da Delegacia Geral da Pol\u00edcia Civil e [&hellip;]<\/p>\n","protected":false},"author":4,"featured_media":57870,"comment_status":"open","ping_status":"open","sticky":false,"template":"","format":"standard","meta":{"_acf_changed":false,"footnotes":""},"categories":[22,20,21],"tags":[],"class_list":["post-58311","post","type-post","status-publish","format-standard","has-post-thumbnail","hentry","category-cidades","category-noticias-em-destaque","category-todas-noticias"],"acf":[],"yoast_head":"<!-- This site is optimized with the Yoast SEO plugin v24.4 - https:\/\/yoast.com\/wordpress\/plugins\/seo\/ -->\n<title>A\u00e7\u00e3o da Pol\u00edcia Civil e do Centro Integrado 18 de maio visa conscientizar a popula\u00e7\u00e3o sobre o abuso sexual de crian\u00e7as e adolescentes - PORTAL DE NOT\u00cdCIAS CLEITON PINHEIRO<\/title>\n<meta name=\"robots\" content=\"index, follow, max-snippet:-1, max-image-preview:large, max-video-preview:-1\" \/>\n<link rel=\"canonical\" href=\"https:\/\/cleitonpinheiro.com.br\/site\/acao-da-policia-civil-e-do-centro-integrado-18-de-maio-visa-conscientizar-a-populacao-sobre-o-abuso-sexual-de-criancas-e-adolescentes\/\" \/>\n<meta property=\"og:locale\" content=\"pt_BR\" \/>\n<meta property=\"og:type\" content=\"article\" \/>\n<meta property=\"og:title\" content=\"A\u00e7\u00e3o da Pol\u00edcia Civil e do Centro Integrado 18 de maio visa conscientizar a popula\u00e7\u00e3o sobre o abuso sexual de crian\u00e7as e adolescentes - PORTAL DE NOT\u00cdCIAS CLEITON PINHEIRO\" \/>\n<meta property=\"og:description\" content=\"Da Reda\u00e7\u00e3o do CP Not\u00edcias A Pol\u00edcia Civil do Tocantins (PC-TO) e o N\u00facleo Integrado 18 de maio promovem nesta quarta-feira, 18, em Palmas, uma Blitz Educativa para conscientizar a popula\u00e7\u00e3o sobre o abuso e explora\u00e7\u00e3o sexual de crian\u00e7as e adolescentes. A iniciativa \u00e9 do N\u00facleo de Vulner\u00e1veis da Delegacia Geral da Pol\u00edcia Civil e [&hellip;]\" \/>\n<meta property=\"og:url\" content=\"https:\/\/cleitonpinheiro.com.br\/site\/acao-da-policia-civil-e-do-centro-integrado-18-de-maio-visa-conscientizar-a-populacao-sobre-o-abuso-sexual-de-criancas-e-adolescentes\/\" \/>\n<meta property=\"og:site_name\" content=\"PORTAL DE NOT\u00cdCIAS CLEITON PINHEIRO\" \/>\n<meta property=\"article:publisher\" content=\"https:\/\/www.facebook.com\/portalcpnoticias\/\" \/>\n<meta property=\"article:published_time\" content=\"2022-05-18T11:23:38+00:00\" \/>\n<meta name=\"author\" content=\"Dermival Pereira\" \/>\n<meta name=\"twitter:card\" content=\"summary_large_image\" \/>\n<meta name=\"twitter:label1\" content=\"Escrito por\" \/>\n\t<meta name=\"twitter:data1\" content=\"Dermival Pereira\" \/>\n\t<meta name=\"twitter:label2\" content=\"Est. tempo de leitura\" \/>\n\t<meta name=\"twitter:data2\" content=\"1 minuto\" \/>\n<script type=\"application\/ld+json\" class=\"yoast-schema-graph\">{\"@context\":\"https:\/\/schema.org\",\"@graph\":[{\"@type\":\"Article\",\"@id\":\"https:\/\/cleitonpinheiro.com.br\/site\/acao-da-policia-civil-e-do-centro-integrado-18-de-maio-visa-conscientizar-a-populacao-sobre-o-abuso-sexual-de-criancas-e-adolescentes\/#article\",\"isPartOf\":{\"@id\":\"https:\/\/cleitonpinheiro.com.br\/site\/acao-da-policia-civil-e-do-centro-integrado-18-de-maio-visa-conscientizar-a-populacao-sobre-o-abuso-sexual-de-criancas-e-adolescentes\/\"},\"author\":{\"name\":\"Dermival Pereira\",\"@id\":\"https:\/\/cleitonpinheiro.com.br\/site\/#\/schema\/person\/aac6d7f311e80c43042e98a900b03cd8\"},\"headline\":\"A\u00e7\u00e3o da Pol\u00edcia Civil e do Centro Integrado 18 de maio visa conscientizar a popula\u00e7\u00e3o sobre o abuso sexual de crian\u00e7as e adolescentes\",\"datePublished\":\"2022-05-18T11:23:38+00:00\",\"mainEntityOfPage\":{\"@id\":\"https:\/\/cleitonpinheiro.com.br\/site\/acao-da-policia-civil-e-do-centro-integrado-18-de-maio-visa-conscientizar-a-populacao-sobre-o-abuso-sexual-de-criancas-e-adolescentes\/\"},\"wordCount\":291,\"commentCount\":0,\"publisher\":{\"@id\":\"https:\/\/cleitonpinheiro.com.br\/site\/#organization\"},\"image\":{\"@id\":\"https:\/\/cleitonpinheiro.com.br\/site\/acao-da-policia-civil-e-do-centro-integrado-18-de-maio-visa-conscientizar-a-populacao-sobre-o-abuso-sexual-de-criancas-e-adolescentes\/#primaryimage\"},\"thumbnailUrl\":\"\",\"articleSection\":[\"CIDADES\",\"NOT\u00cdCIAS EM DESTAQUE\",\"TODAS NOTICIAS\"],\"inLanguage\":\"pt-BR\",\"potentialAction\":[{\"@type\":\"CommentAction\",\"name\":\"Comment\",\"target\":[\"https:\/\/cleitonpinheiro.com.br\/site\/acao-da-policia-civil-e-do-centro-integrado-18-de-maio-visa-conscientizar-a-populacao-sobre-o-abuso-sexual-de-criancas-e-adolescentes\/#respond\"]}]},{\"@type\":\"WebPage\",\"@id\":\"https:\/\/cleitonpinheiro.com.br\/site\/acao-da-policia-civil-e-do-centro-integrado-18-de-maio-visa-conscientizar-a-populacao-sobre-o-abuso-sexual-de-criancas-e-adolescentes\/\",\"url\":\"https:\/\/cleitonpinheiro.com.br\/site\/acao-da-policia-civil-e-do-centro-integrado-18-de-maio-visa-conscientizar-a-populacao-sobre-o-abuso-sexual-de-criancas-e-adolescentes\/\",\"name\":\"A\u00e7\u00e3o da Pol\u00edcia Civil e do Centro Integrado 18 de maio visa conscientizar a popula\u00e7\u00e3o sobre o abuso sexual de crian\u00e7as e adolescentes - PORTAL DE NOT\u00cdCIAS CLEITON PINHEIRO\",\"isPartOf\":{\"@id\":\"https:\/\/cleitonpinheiro.com.br\/site\/#website\"},\"primaryImageOfPage\":{\"@id\":\"https:\/\/cleitonpinheiro.com.br\/site\/acao-da-policia-civil-e-do-centro-integrado-18-de-maio-visa-conscientizar-a-populacao-sobre-o-abuso-sexual-de-criancas-e-adolescentes\/#primaryimage\"},\"image\":{\"@id\":\"https:\/\/cleitonpinheiro.com.br\/site\/acao-da-policia-civil-e-do-centro-integrado-18-de-maio-visa-conscientizar-a-populacao-sobre-o-abuso-sexual-de-criancas-e-adolescentes\/#primaryimage\"},\"thumbnailUrl\":\"\",\"datePublished\":\"2022-05-18T11:23:38+00:00\",\"breadcrumb\":{\"@id\":\"https:\/\/cleitonpinheiro.com.br\/site\/acao-da-policia-civil-e-do-centro-integrado-18-de-maio-visa-conscientizar-a-populacao-sobre-o-abuso-sexual-de-criancas-e-adolescentes\/#breadcrumb\"},\"inLanguage\":\"pt-BR\",\"potentialAction\":[{\"@type\":\"ReadAction\",\"target\":[\"https:\/\/cleitonpinheiro.com.br\/site\/acao-da-policia-civil-e-do-centro-integrado-18-de-maio-visa-conscientizar-a-populacao-sobre-o-abuso-sexual-de-criancas-e-adolescentes\/\"]}]},{\"@type\":\"ImageObject\",\"inLanguage\":\"pt-BR\",\"@id\":\"https:\/\/cleitonpinheiro.com.br\/site\/acao-da-policia-civil-e-do-centro-integrado-18-de-maio-visa-conscientizar-a-populacao-sobre-o-abuso-sexual-de-criancas-e-adolescentes\/#primaryimage\",\"url\":\"\",\"contentUrl\":\"\"},{\"@type\":\"BreadcrumbList\",\"@id\":\"https:\/\/cleitonpinheiro.com.br\/site\/acao-da-policia-civil-e-do-centro-integrado-18-de-maio-visa-conscientizar-a-populacao-sobre-o-abuso-sexual-de-criancas-e-adolescentes\/#breadcrumb\",\"itemListElement\":[{\"@type\":\"ListItem\",\"position\":1,\"name\":\"In\u00edcio\",\"item\":\"https:\/\/cleitonpinheiro.com.br\/site\/\"},{\"@type\":\"ListItem\",\"position\":2,\"name\":\"A\u00e7\u00e3o da Pol\u00edcia Civil e do Centro Integrado 18 de maio visa conscientizar a popula\u00e7\u00e3o sobre o abuso sexual de crian\u00e7as e adolescentes\"}]},{\"@type\":\"WebSite\",\"@id\":\"https:\/\/cleitonpinheiro.com.br\/site\/#website\",\"url\":\"https:\/\/cleitonpinheiro.com.br\/site\/\",\"name\":\"PORTAL DE NOT\u00cdCIAS CLEITON PINHEIRO\",\"description\":\"FALANDO A VERDADE\",\"publisher\":{\"@id\":\"https:\/\/cleitonpinheiro.com.br\/site\/#organization\"},\"potentialAction\":[{\"@type\":\"SearchAction\",\"target\":{\"@type\":\"EntryPoint\",\"urlTemplate\":\"https:\/\/cleitonpinheiro.com.br\/site\/?s={search_term_string}\"},\"query-input\":{\"@type\":\"PropertyValueSpecification\",\"valueRequired\":true,\"valueName\":\"search_term_string\"}}],\"inLanguage\":\"pt-BR\"},{\"@type\":\"Organization\",\"@id\":\"https:\/\/cleitonpinheiro.com.br\/site\/#organization\",\"name\":\"CPNOT\u00cdCIAS\",\"url\":\"https:\/\/cleitonpinheiro.com.br\/site\/\",\"logo\":{\"@type\":\"ImageObject\",\"inLanguage\":\"pt-BR\",\"@id\":\"https:\/\/cleitonpinheiro.com.br\/site\/#\/schema\/logo\/image\/\",\"url\":\"https:\/\/cleitonpinheiro.com.br\/site\/wp-content\/uploads\/2022\/08\/Logo-pequena-2.png\",\"contentUrl\":\"https:\/\/cleitonpinheiro.com.br\/site\/wp-content\/uploads\/2022\/08\/Logo-pequena-2.png\",\"width\":500,\"height\":500,\"caption\":\"CPNOT\u00cdCIAS\"},\"image\":{\"@id\":\"https:\/\/cleitonpinheiro.com.br\/site\/#\/schema\/logo\/image\/\"},\"sameAs\":[\"https:\/\/www.facebook.com\/portalcpnoticias\/\"]},{\"@type\":\"Person\",\"@id\":\"https:\/\/cleitonpinheiro.com.br\/site\/#\/schema\/person\/aac6d7f311e80c43042e98a900b03cd8\",\"name\":\"Dermival Pereira\",\"image\":{\"@type\":\"ImageObject\",\"inLanguage\":\"pt-BR\",\"@id\":\"https:\/\/cleitonpinheiro.com.br\/site\/#\/schema\/person\/image\/\",\"url\":\"https:\/\/secure.gravatar.com\/avatar\/cfaebf3742d6bf8db728bcba3eed6bee37b02337a2e6c822994f20ca72a3784d?s=96&r=g\",\"contentUrl\":\"https:\/\/secure.gravatar.com\/avatar\/cfaebf3742d6bf8db728bcba3eed6bee37b02337a2e6c822994f20ca72a3784d?s=96&r=g\",\"caption\":\"Dermival Pereira\"},\"url\":\"https:\/\/cleitonpinheiro.com.br\/site\/author\/dermival\/\"}]}<\/script>\n<!-- \/ Yoast SEO plugin. -->","yoast_head_json":{"title":"A\u00e7\u00e3o da Pol\u00edcia Civil e do Centro Integrado 18 de maio visa conscientizar a popula\u00e7\u00e3o sobre o abuso sexual de crian\u00e7as e adolescentes - PORTAL DE NOT\u00cdCIAS CLEITON PINHEIRO","robots":{"index":"index","follow":"follow","max-snippet":"max-snippet:-1","max-image-preview":"max-image-preview:large","max-video-preview":"max-video-preview:-1"},"canonical":"https:\/\/cleitonpinheiro.com.br\/site\/acao-da-policia-civil-e-do-centro-integrado-18-de-maio-visa-conscientizar-a-populacao-sobre-o-abuso-sexual-de-criancas-e-adolescentes\/","og_locale":"pt_BR","og_type":"article","og_title":"A\u00e7\u00e3o da Pol\u00edcia Civil e do Centro Integrado 18 de maio visa conscientizar a popula\u00e7\u00e3o sobre o abuso sexual de crian\u00e7as e adolescentes - PORTAL DE NOT\u00cdCIAS CLEITON PINHEIRO","og_description":"Da Reda\u00e7\u00e3o do CP Not\u00edcias A Pol\u00edcia Civil do Tocantins (PC-TO) e o N\u00facleo Integrado 18 de maio promovem nesta quarta-feira, 18, em Palmas, uma Blitz Educativa para conscientizar a popula\u00e7\u00e3o sobre o abuso e explora\u00e7\u00e3o sexual de crian\u00e7as e adolescentes. A iniciativa \u00e9 do N\u00facleo de Vulner\u00e1veis da Delegacia Geral da Pol\u00edcia Civil e [&hellip;]","og_url":"https:\/\/cleitonpinheiro.com.br\/site\/acao-da-policia-civil-e-do-centro-integrado-18-de-maio-visa-conscientizar-a-populacao-sobre-o-abuso-sexual-de-criancas-e-adolescentes\/","og_site_name":"PORTAL DE NOT\u00cdCIAS CLEITON PINHEIRO","article_publisher":"https:\/\/www.facebook.com\/portalcpnoticias\/","article_published_time":"2022-05-18T11:23:38+00:00","author":"Dermival Pereira","twitter_card":"summary_large_image","twitter_misc":{"Escrito por":"Dermival Pereira","Est. tempo de leitura":"1 minuto"},"schema":{"@context":"https:\/\/schema.org","@graph":[{"@type":"Article","@id":"https:\/\/cleitonpinheiro.com.br\/site\/acao-da-policia-civil-e-do-centro-integrado-18-de-maio-visa-conscientizar-a-populacao-sobre-o-abuso-sexual-de-criancas-e-adolescentes\/#article","isPartOf":{"@id":"https:\/\/cleitonpinheiro.com.br\/site\/acao-da-policia-civil-e-do-centro-integrado-18-de-maio-visa-conscientizar-a-populacao-sobre-o-abuso-sexual-de-criancas-e-adolescentes\/"},"author":{"name":"Dermival Pereira","@id":"https:\/\/cleitonpinheiro.com.br\/site\/#\/schema\/person\/aac6d7f311e80c43042e98a900b03cd8"},"headline":"A\u00e7\u00e3o da Pol\u00edcia Civil e do Centro Integrado 18 de maio visa conscientizar a popula\u00e7\u00e3o sobre o abuso sexual de crian\u00e7as e adolescentes","datePublished":"2022-05-18T11:23:38+00:00","mainEntityOfPage":{"@id":"https:\/\/cleitonpinheiro.com.br\/site\/acao-da-policia-civil-e-do-centro-integrado-18-de-maio-visa-conscientizar-a-populacao-sobre-o-abuso-sexual-de-criancas-e-adolescentes\/"},"wordCount":291,"commentCount":0,"publisher":{"@id":"https:\/\/cleitonpinheiro.com.br\/site\/#organization"},"image":{"@id":"https:\/\/cleitonpinheiro.com.br\/site\/acao-da-policia-civil-e-do-centro-integrado-18-de-maio-visa-conscientizar-a-populacao-sobre-o-abuso-sexual-de-criancas-e-adolescentes\/#primaryimage"},"thumbnailUrl":"","articleSection":["CIDADES","NOT\u00cdCIAS EM DESTAQUE","TODAS NOTICIAS"],"inLanguage":"pt-BR","potentialAction":[{"@type":"CommentAction","name":"Comment","target":["https:\/\/cleitonpinheiro.com.br\/site\/acao-da-policia-civil-e-do-centro-integrado-18-de-maio-visa-conscientizar-a-populacao-sobre-o-abuso-sexual-de-criancas-e-adolescentes\/#respond"]}]},{"@type":"WebPage","@id":"https:\/\/cleitonpinheiro.com.br\/site\/acao-da-policia-civil-e-do-centro-integrado-18-de-maio-visa-conscientizar-a-populacao-sobre-o-abuso-sexual-de-criancas-e-adolescentes\/","url":"https:\/\/cleitonpinheiro.com.br\/site\/acao-da-policia-civil-e-do-centro-integrado-18-de-maio-visa-conscientizar-a-populacao-sobre-o-abuso-sexual-de-criancas-e-adolescentes\/","name":"A\u00e7\u00e3o da Pol\u00edcia Civil e do Centro Integrado 18 de maio visa conscientizar a popula\u00e7\u00e3o sobre o abuso sexual de crian\u00e7as e adolescentes - PORTAL DE NOT\u00cdCIAS CLEITON PINHEIRO","isPartOf":{"@id":"https:\/\/cleitonpinheiro.com.br\/site\/#website"},"primaryImageOfPage":{"@id":"https:\/\/cleitonpinheiro.com.br\/site\/acao-da-policia-civil-e-do-centro-integrado-18-de-maio-visa-conscientizar-a-populacao-sobre-o-abuso-sexual-de-criancas-e-adolescentes\/#primaryimage"},"image":{"@id":"https:\/\/cleitonpinheiro.com.br\/site\/acao-da-policia-civil-e-do-centro-integrado-18-de-maio-visa-conscientizar-a-populacao-sobre-o-abuso-sexual-de-criancas-e-adolescentes\/#primaryimage"},"thumbnailUrl":"","datePublished":"2022-05-18T11:23:38+00:00","breadcrumb":{"@id":"https:\/\/cleitonpinheiro.com.br\/site\/acao-da-policia-civil-e-do-centro-integrado-18-de-maio-visa-conscientizar-a-populacao-sobre-o-abuso-sexual-de-criancas-e-adolescentes\/#breadcrumb"},"inLanguage":"pt-BR","potentialAction":[{"@type":"ReadAction","target":["https:\/\/cleitonpinheiro.com.br\/site\/acao-da-policia-civil-e-do-centro-integrado-18-de-maio-visa-conscientizar-a-populacao-sobre-o-abuso-sexual-de-criancas-e-adolescentes\/"]}]},{"@type":"ImageObject","inLanguage":"pt-BR","@id":"https:\/\/cleitonpinheiro.com.br\/site\/acao-da-policia-civil-e-do-centro-integrado-18-de-maio-visa-conscientizar-a-populacao-sobre-o-abuso-sexual-de-criancas-e-adolescentes\/#primaryimage","url":"","contentUrl":""},{"@type":"BreadcrumbList","@id":"https:\/\/cleitonpinheiro.com.br\/site\/acao-da-policia-civil-e-do-centro-integrado-18-de-maio-visa-conscientizar-a-populacao-sobre-o-abuso-sexual-de-criancas-e-adolescentes\/#breadcrumb","itemListElement":[{"@type":"ListItem","position":1,"name":"In\u00edcio","item":"https:\/\/cleitonpinheiro.com.br\/site\/"},{"@type":"ListItem","position":2,"name":"A\u00e7\u00e3o da Pol\u00edcia Civil e do Centro Integrado 18 de maio visa conscientizar a popula\u00e7\u00e3o sobre o abuso sexual de crian\u00e7as e adolescentes"}]},{"@type":"WebSite","@id":"https:\/\/cleitonpinheiro.com.br\/site\/#website","url":"https:\/\/cleitonpinheiro.com.br\/site\/","name":"PORTAL DE NOT\u00cdCIAS CLEITON PINHEIRO","description":"FALANDO A VERDADE","publisher":{"@id":"https:\/\/cleitonpinheiro.com.br\/site\/#organization"},"potentialAction":[{"@type":"SearchAction","target":{"@type":"EntryPoint","urlTemplate":"https:\/\/cleitonpinheiro.com.br\/site\/?s={search_term_string}"},"query-input":{"@type":"PropertyValueSpecification","valueRequired":true,"valueName":"search_term_string"}}],"inLanguage":"pt-BR"},{"@type":"Organization","@id":"https:\/\/cleitonpinheiro.com.br\/site\/#organization","name":"CPNOT\u00cdCIAS","url":"https:\/\/cleitonpinheiro.com.br\/site\/","logo":{"@type":"ImageObject","inLanguage":"pt-BR","@id":"https:\/\/cleitonpinheiro.com.br\/site\/#\/schema\/logo\/image\/","url":"https:\/\/cleitonpinheiro.com.br\/site\/wp-content\/uploads\/2022\/08\/Logo-pequena-2.png","contentUrl":"https:\/\/cleitonpinheiro.com.br\/site\/wp-content\/uploads\/2022\/08\/Logo-pequena-2.png","width":500,"height":500,"caption":"CPNOT\u00cdCIAS"},"image":{"@id":"https:\/\/cleitonpinheiro.com.br\/site\/#\/schema\/logo\/image\/"},"sameAs":["https:\/\/www.facebook.com\/portalcpnoticias\/"]},{"@type":"Person","@id":"https:\/\/cleitonpinheiro.com.br\/site\/#\/schema\/person\/aac6d7f311e80c43042e98a900b03cd8","name":"Dermival Pereira","image":{"@type":"ImageObject","inLanguage":"pt-BR","@id":"https:\/\/cleitonpinheiro.com.br\/site\/#\/schema\/person\/image\/","url":"https:\/\/secure.gravatar.com\/avatar\/cfaebf3742d6bf8db728bcba3eed6bee37b02337a2e6c822994f20ca72a3784d?s=96&r=g","contentUrl":"https:\/\/secure.gravatar.com\/avatar\/cfaebf3742d6bf8db728bcba3eed6bee37b02337a2e6c822994f20ca72a3784d?s=96&r=g","caption":"Dermival Pereira"},"url":"https:\/\/cleitonpinheiro.com.br\/site\/author\/dermival\/"}]}},"views":214,"_links":{"self":[{"href":"https:\/\/cleitonpinheiro.com.br\/site\/wp-json\/wp\/v2\/posts\/58311","targetHints":{"allow":["GET"]}}],"collection":[{"href":"https:\/\/cleitonpinheiro.com.br\/site\/wp-json\/wp\/v2\/posts"}],"about":[{"href":"https:\/\/cleitonpinheiro.com.br\/site\/wp-json\/wp\/v2\/types\/post"}],"author":[{"embeddable":true,"href":"https:\/\/cleitonpinheiro.com.br\/site\/wp-json\/wp\/v2\/users\/4"}],"replies":[{"embeddable":true,"href":"https:\/\/cleitonpinheiro.com.br\/site\/wp-json\/wp\/v2\/comments?post=58311"}],"version-history":[{"count":0,"href":"https:\/\/cleitonpinheiro.com.br\/site\/wp-json\/wp\/v2\/posts\/58311\/revisions"}],"wp:featuredmedia":[{"embeddable":true,"href":"https:\/\/cleitonpinheiro.com.br\/site\/wp-json\/"}],"wp:attachment":[{"href":"https:\/\/cleitonpinheiro.com.br\/site\/wp-json\/wp\/v2\/media?parent=58311"}],"wp:term":[{"taxonomy":"category","embeddable":true,"href":"https:\/\/cleitonpinheiro.com.br\/site\/wp-json\/wp\/v2\/categories?post=58311"},{"taxonomy":"post_tag","embeddable":true,"href":"https:\/\/cleitonpinheiro.com.br\/site\/wp-json\/wp\/v2\/tags?post=58311"}],"curies":[{"name":"wp","href":"https:\/\/api.w.org\/{rel}","templated":true}]}}