{"id":58326,"date":"2022-05-18T14:11:44","date_gmt":"2022-05-18T17:11:44","guid":{"rendered":"https:\/\/cleitonpinheiro.com.br\/portal\/?p=58326"},"modified":"2022-05-18T14:11:44","modified_gmt":"2022-05-18T17:11:44","slug":"familias-pre-selecionadas-para-o-residencial-recanto-da-ilha-tem-ate-dia-25-para-assinarem-o-tac","status":"publish","type":"post","link":"https:\/\/cleitonpinheiro.com.br\/site\/familias-pre-selecionadas-para-o-residencial-recanto-da-ilha-tem-ate-dia-25-para-assinarem-o-tac\/","title":{"rendered":"Fam\u00edlias pr\u00e9-selecionadas para o Residencial Recanto da Ilha t\u00eam at\u00e9 dia 25 para assinarem o TAC"},"content":{"rendered":"\n<p><em><strong>Da Reda\u00e7\u00e3o do CP Not\u00edcias<\/strong><\/em><\/p>\n\n\n<figure class=\"wp-block-image size-full\"><img decoding=\"async\" src=\"https:\/\/cleitonpinheiro.com.br\/portal\/wp-content\/uploads\/2022\/05\/Design-sem-nome-37-compressed.jpg\" alt=\"\" class=\"wp-image-58327\"\/><figcaption>Foto: Secom de Palmas\/Divulga\u00e7\u00e3o<\/figcaption><\/figure>\n\n\n<p>A Secretaria Municipal de Habita\u00e7\u00e3o&nbsp;(Sehab) est\u00e1 convocando fam\u00edlias pr\u00e9-selecionadas para os apartamentos do Residencial Recanto da Ilha,&nbsp; localizado na Arse 131 (1304 Sul), que n\u00e3o assinaram o Termo de Ajustamento e Conduta (TAC) a comparecerem na sede da secretaria at\u00e9 a pr\u00f3xima quarta-feira, 25, ou seja&nbsp;cinco dias \u00fateis a partir desta quarta, 18, data subsequente \u00e0&nbsp;publica\u00e7\u00e3o da convoca\u00e7\u00e3o feita no&nbsp;Di\u00e1rio Oficial do \u00faltimo dia 17.<\/p>\n\n\n<p>A\u00a0Sehab\u00a0est\u00e1\u00a0localizada no pr\u00e9dio da Prefeitura, na Avenida JK (ACNE 1, Av. Juscelino Kubitscheck \u2013 Prefeitura Municipal de Palmas \u2013 4\u00ba andar &#8211; Plano Diretor). Essa \u00e9 a segunda convoca\u00e7\u00e3o para os pr\u00e9-selecionados assinarem a documenta\u00e7\u00e3o.\u00a0De acordo com a Sehab, o descumprimento deste prazo pelas fam\u00edlias implicar\u00e1 na perda do benef\u00edcio, e ocorrer\u00e1 o\u00a0chamamento da fam\u00edlia suplente observando a sua hierarquiza\u00e7\u00e3o, sem preju\u00edzo de outras san\u00e7\u00f5es.\u00a0\u00a0A edital de convoca\u00e7\u00e3o das fam\u00edlias que n\u00e3o assinaram o TAC pode ser acessado<a href=\"http:\/\/diariooficial.palmas.to.gov.br\/media\/diario\/2981-17-5-2022-19-57-2.pdf\" target=\"_blank\" rel=\"noreferrer noopener\">\u00a0aqui.<\/a> <em><strong>(Fonte: Secom de Palmas).<\/strong><\/em><\/p>\n","protected":false},"excerpt":{"rendered":"<p>Da Reda\u00e7\u00e3o do CP Not\u00edcias A Secretaria Municipal de Habita\u00e7\u00e3o&nbsp;(Sehab) est\u00e1 convocando fam\u00edlias pr\u00e9-selecionadas para os apartamentos do Residencial Recanto da Ilha,&nbsp; localizado na Arse 131 (1304 Sul), que n\u00e3o assinaram o Termo de Ajustamento e Conduta (TAC) a comparecerem na sede da secretaria at\u00e9 a pr\u00f3xima quarta-feira, 25, ou seja&nbsp;cinco dias \u00fateis a partir [&hellip;]<\/p>\n","protected":false},"author":4,"featured_media":58327,"comment_status":"open","ping_status":"open","sticky":false,"template":"","format":"standard","meta":{"_acf_changed":false,"footnotes":""},"categories":[22,20,21],"tags":[],"class_list":["post-58326","post","type-post","status-publish","format-standard","has-post-thumbnail","hentry","category-cidades","category-noticias-em-destaque","category-todas-noticias"],"acf":[],"yoast_head":"<!-- This site is optimized with the Yoast SEO plugin v24.4 - https:\/\/yoast.com\/wordpress\/plugins\/seo\/ -->\n<title>Fam\u00edlias pr\u00e9-selecionadas para o Residencial Recanto da Ilha t\u00eam at\u00e9 dia 25 para assinarem o TAC - PORTAL DE NOT\u00cdCIAS CLEITON PINHEIRO<\/title>\n<meta name=\"robots\" content=\"index, follow, max-snippet:-1, max-image-preview:large, max-video-preview:-1\" \/>\n<link rel=\"canonical\" href=\"https:\/\/cleitonpinheiro.com.br\/site\/familias-pre-selecionadas-para-o-residencial-recanto-da-ilha-tem-ate-dia-25-para-assinarem-o-tac\/\" \/>\n<meta property=\"og:locale\" content=\"pt_BR\" \/>\n<meta property=\"og:type\" content=\"article\" \/>\n<meta property=\"og:title\" content=\"Fam\u00edlias pr\u00e9-selecionadas para o Residencial Recanto da Ilha t\u00eam at\u00e9 dia 25 para assinarem o TAC - PORTAL DE NOT\u00cdCIAS CLEITON PINHEIRO\" \/>\n<meta property=\"og:description\" content=\"Da Reda\u00e7\u00e3o do CP Not\u00edcias A Secretaria Municipal de Habita\u00e7\u00e3o&nbsp;(Sehab) est\u00e1 convocando fam\u00edlias pr\u00e9-selecionadas para os apartamentos do Residencial Recanto da Ilha,&nbsp; localizado na Arse 131 (1304 Sul), que n\u00e3o assinaram o Termo de Ajustamento e Conduta (TAC) a comparecerem na sede da secretaria at\u00e9 a pr\u00f3xima quarta-feira, 25, ou seja&nbsp;cinco dias \u00fateis a partir [&hellip;]\" \/>\n<meta property=\"og:url\" content=\"https:\/\/cleitonpinheiro.com.br\/site\/familias-pre-selecionadas-para-o-residencial-recanto-da-ilha-tem-ate-dia-25-para-assinarem-o-tac\/\" \/>\n<meta property=\"og:site_name\" content=\"PORTAL DE NOT\u00cdCIAS CLEITON PINHEIRO\" \/>\n<meta property=\"article:publisher\" content=\"https:\/\/www.facebook.com\/portalcpnoticias\/\" \/>\n<meta property=\"article:published_time\" content=\"2022-05-18T17:11:44+00:00\" \/>\n<meta name=\"author\" content=\"Dermival Pereira\" \/>\n<meta name=\"twitter:card\" content=\"summary_large_image\" \/>\n<meta name=\"twitter:label1\" content=\"Escrito por\" \/>\n\t<meta name=\"twitter:data1\" content=\"Dermival Pereira\" \/>\n\t<meta name=\"twitter:label2\" content=\"Est. tempo de leitura\" \/>\n\t<meta name=\"twitter:data2\" content=\"1 minuto\" \/>\n<script type=\"application\/ld+json\" class=\"yoast-schema-graph\">{\"@context\":\"https:\/\/schema.org\",\"@graph\":[{\"@type\":\"Article\",\"@id\":\"https:\/\/cleitonpinheiro.com.br\/site\/familias-pre-selecionadas-para-o-residencial-recanto-da-ilha-tem-ate-dia-25-para-assinarem-o-tac\/#article\",\"isPartOf\":{\"@id\":\"https:\/\/cleitonpinheiro.com.br\/site\/familias-pre-selecionadas-para-o-residencial-recanto-da-ilha-tem-ate-dia-25-para-assinarem-o-tac\/\"},\"author\":{\"name\":\"Dermival Pereira\",\"@id\":\"https:\/\/cleitonpinheiro.com.br\/site\/#\/schema\/person\/aac6d7f311e80c43042e98a900b03cd8\"},\"headline\":\"Fam\u00edlias pr\u00e9-selecionadas para o Residencial Recanto da Ilha t\u00eam at\u00e9 dia 25 para assinarem o TAC\",\"datePublished\":\"2022-05-18T17:11:44+00:00\",\"mainEntityOfPage\":{\"@id\":\"https:\/\/cleitonpinheiro.com.br\/site\/familias-pre-selecionadas-para-o-residencial-recanto-da-ilha-tem-ate-dia-25-para-assinarem-o-tac\/\"},\"wordCount\":204,\"commentCount\":0,\"publisher\":{\"@id\":\"https:\/\/cleitonpinheiro.com.br\/site\/#organization\"},\"image\":{\"@id\":\"https:\/\/cleitonpinheiro.com.br\/site\/familias-pre-selecionadas-para-o-residencial-recanto-da-ilha-tem-ate-dia-25-para-assinarem-o-tac\/#primaryimage\"},\"thumbnailUrl\":\"\",\"articleSection\":[\"CIDADES\",\"NOT\u00cdCIAS EM DESTAQUE\",\"TODAS NOTICIAS\"],\"inLanguage\":\"pt-BR\",\"potentialAction\":[{\"@type\":\"CommentAction\",\"name\":\"Comment\",\"target\":[\"https:\/\/cleitonpinheiro.com.br\/site\/familias-pre-selecionadas-para-o-residencial-recanto-da-ilha-tem-ate-dia-25-para-assinarem-o-tac\/#respond\"]}]},{\"@type\":\"WebPage\",\"@id\":\"https:\/\/cleitonpinheiro.com.br\/site\/familias-pre-selecionadas-para-o-residencial-recanto-da-ilha-tem-ate-dia-25-para-assinarem-o-tac\/\",\"url\":\"https:\/\/cleitonpinheiro.com.br\/site\/familias-pre-selecionadas-para-o-residencial-recanto-da-ilha-tem-ate-dia-25-para-assinarem-o-tac\/\",\"name\":\"Fam\u00edlias pr\u00e9-selecionadas para o Residencial Recanto da Ilha t\u00eam at\u00e9 dia 25 para assinarem o TAC - PORTAL DE NOT\u00cdCIAS CLEITON PINHEIRO\",\"isPartOf\":{\"@id\":\"https:\/\/cleitonpinheiro.com.br\/site\/#website\"},\"primaryImageOfPage\":{\"@id\":\"https:\/\/cleitonpinheiro.com.br\/site\/familias-pre-selecionadas-para-o-residencial-recanto-da-ilha-tem-ate-dia-25-para-assinarem-o-tac\/#primaryimage\"},\"image\":{\"@id\":\"https:\/\/cleitonpinheiro.com.br\/site\/familias-pre-selecionadas-para-o-residencial-recanto-da-ilha-tem-ate-dia-25-para-assinarem-o-tac\/#primaryimage\"},\"thumbnailUrl\":\"\",\"datePublished\":\"2022-05-18T17:11:44+00:00\",\"breadcrumb\":{\"@id\":\"https:\/\/cleitonpinheiro.com.br\/site\/familias-pre-selecionadas-para-o-residencial-recanto-da-ilha-tem-ate-dia-25-para-assinarem-o-tac\/#breadcrumb\"},\"inLanguage\":\"pt-BR\",\"potentialAction\":[{\"@type\":\"ReadAction\",\"target\":[\"https:\/\/cleitonpinheiro.com.br\/site\/familias-pre-selecionadas-para-o-residencial-recanto-da-ilha-tem-ate-dia-25-para-assinarem-o-tac\/\"]}]},{\"@type\":\"ImageObject\",\"inLanguage\":\"pt-BR\",\"@id\":\"https:\/\/cleitonpinheiro.com.br\/site\/familias-pre-selecionadas-para-o-residencial-recanto-da-ilha-tem-ate-dia-25-para-assinarem-o-tac\/#primaryimage\",\"url\":\"\",\"contentUrl\":\"\"},{\"@type\":\"BreadcrumbList\",\"@id\":\"https:\/\/cleitonpinheiro.com.br\/site\/familias-pre-selecionadas-para-o-residencial-recanto-da-ilha-tem-ate-dia-25-para-assinarem-o-tac\/#breadcrumb\",\"itemListElement\":[{\"@type\":\"ListItem\",\"position\":1,\"name\":\"In\u00edcio\",\"item\":\"https:\/\/cleitonpinheiro.com.br\/site\/\"},{\"@type\":\"ListItem\",\"position\":2,\"name\":\"Fam\u00edlias pr\u00e9-selecionadas para o Residencial Recanto da Ilha t\u00eam at\u00e9 dia 25 para assinarem o TAC\"}]},{\"@type\":\"WebSite\",\"@id\":\"https:\/\/cleitonpinheiro.com.br\/site\/#website\",\"url\":\"https:\/\/cleitonpinheiro.com.br\/site\/\",\"name\":\"PORTAL DE NOT\u00cdCIAS CLEITON PINHEIRO\",\"description\":\"FALANDO A VERDADE\",\"publisher\":{\"@id\":\"https:\/\/cleitonpinheiro.com.br\/site\/#organization\"},\"potentialAction\":[{\"@type\":\"SearchAction\",\"target\":{\"@type\":\"EntryPoint\",\"urlTemplate\":\"https:\/\/cleitonpinheiro.com.br\/site\/?s={search_term_string}\"},\"query-input\":{\"@type\":\"PropertyValueSpecification\",\"valueRequired\":true,\"valueName\":\"search_term_string\"}}],\"inLanguage\":\"pt-BR\"},{\"@type\":\"Organization\",\"@id\":\"https:\/\/cleitonpinheiro.com.br\/site\/#organization\",\"name\":\"CPNOT\u00cdCIAS\",\"url\":\"https:\/\/cleitonpinheiro.com.br\/site\/\",\"logo\":{\"@type\":\"ImageObject\",\"inLanguage\":\"pt-BR\",\"@id\":\"https:\/\/cleitonpinheiro.com.br\/site\/#\/schema\/logo\/image\/\",\"url\":\"https:\/\/cleitonpinheiro.com.br\/site\/wp-content\/uploads\/2022\/08\/Logo-pequena-2.png\",\"contentUrl\":\"https:\/\/cleitonpinheiro.com.br\/site\/wp-content\/uploads\/2022\/08\/Logo-pequena-2.png\",\"width\":500,\"height\":500,\"caption\":\"CPNOT\u00cdCIAS\"},\"image\":{\"@id\":\"https:\/\/cleitonpinheiro.com.br\/site\/#\/schema\/logo\/image\/\"},\"sameAs\":[\"https:\/\/www.facebook.com\/portalcpnoticias\/\"]},{\"@type\":\"Person\",\"@id\":\"https:\/\/cleitonpinheiro.com.br\/site\/#\/schema\/person\/aac6d7f311e80c43042e98a900b03cd8\",\"name\":\"Dermival Pereira\",\"image\":{\"@type\":\"ImageObject\",\"inLanguage\":\"pt-BR\",\"@id\":\"https:\/\/cleitonpinheiro.com.br\/site\/#\/schema\/person\/image\/\",\"url\":\"https:\/\/secure.gravatar.com\/avatar\/cfaebf3742d6bf8db728bcba3eed6bee37b02337a2e6c822994f20ca72a3784d?s=96&r=g\",\"contentUrl\":\"https:\/\/secure.gravatar.com\/avatar\/cfaebf3742d6bf8db728bcba3eed6bee37b02337a2e6c822994f20ca72a3784d?s=96&r=g\",\"caption\":\"Dermival Pereira\"},\"url\":\"https:\/\/cleitonpinheiro.com.br\/site\/author\/dermival\/\"}]}<\/script>\n<!-- \/ Yoast SEO plugin. -->","yoast_head_json":{"title":"Fam\u00edlias pr\u00e9-selecionadas para o Residencial Recanto da Ilha t\u00eam at\u00e9 dia 25 para assinarem o TAC - PORTAL DE NOT\u00cdCIAS CLEITON PINHEIRO","robots":{"index":"index","follow":"follow","max-snippet":"max-snippet:-1","max-image-preview":"max-image-preview:large","max-video-preview":"max-video-preview:-1"},"canonical":"https:\/\/cleitonpinheiro.com.br\/site\/familias-pre-selecionadas-para-o-residencial-recanto-da-ilha-tem-ate-dia-25-para-assinarem-o-tac\/","og_locale":"pt_BR","og_type":"article","og_title":"Fam\u00edlias pr\u00e9-selecionadas para o Residencial Recanto da Ilha t\u00eam at\u00e9 dia 25 para assinarem o TAC - PORTAL DE NOT\u00cdCIAS CLEITON PINHEIRO","og_description":"Da Reda\u00e7\u00e3o do CP Not\u00edcias A Secretaria Municipal de Habita\u00e7\u00e3o&nbsp;(Sehab) est\u00e1 convocando fam\u00edlias pr\u00e9-selecionadas para os apartamentos do Residencial Recanto da Ilha,&nbsp; localizado na Arse 131 (1304 Sul), que n\u00e3o assinaram o Termo de Ajustamento e Conduta (TAC) a comparecerem na sede da secretaria at\u00e9 a pr\u00f3xima quarta-feira, 25, ou seja&nbsp;cinco dias \u00fateis a partir [&hellip;]","og_url":"https:\/\/cleitonpinheiro.com.br\/site\/familias-pre-selecionadas-para-o-residencial-recanto-da-ilha-tem-ate-dia-25-para-assinarem-o-tac\/","og_site_name":"PORTAL DE NOT\u00cdCIAS CLEITON PINHEIRO","article_publisher":"https:\/\/www.facebook.com\/portalcpnoticias\/","article_published_time":"2022-05-18T17:11:44+00:00","author":"Dermival Pereira","twitter_card":"summary_large_image","twitter_misc":{"Escrito por":"Dermival Pereira","Est. tempo de leitura":"1 minuto"},"schema":{"@context":"https:\/\/schema.org","@graph":[{"@type":"Article","@id":"https:\/\/cleitonpinheiro.com.br\/site\/familias-pre-selecionadas-para-o-residencial-recanto-da-ilha-tem-ate-dia-25-para-assinarem-o-tac\/#article","isPartOf":{"@id":"https:\/\/cleitonpinheiro.com.br\/site\/familias-pre-selecionadas-para-o-residencial-recanto-da-ilha-tem-ate-dia-25-para-assinarem-o-tac\/"},"author":{"name":"Dermival Pereira","@id":"https:\/\/cleitonpinheiro.com.br\/site\/#\/schema\/person\/aac6d7f311e80c43042e98a900b03cd8"},"headline":"Fam\u00edlias pr\u00e9-selecionadas para o Residencial Recanto da Ilha t\u00eam at\u00e9 dia 25 para assinarem o TAC","datePublished":"2022-05-18T17:11:44+00:00","mainEntityOfPage":{"@id":"https:\/\/cleitonpinheiro.com.br\/site\/familias-pre-selecionadas-para-o-residencial-recanto-da-ilha-tem-ate-dia-25-para-assinarem-o-tac\/"},"wordCount":204,"commentCount":0,"publisher":{"@id":"https:\/\/cleitonpinheiro.com.br\/site\/#organization"},"image":{"@id":"https:\/\/cleitonpinheiro.com.br\/site\/familias-pre-selecionadas-para-o-residencial-recanto-da-ilha-tem-ate-dia-25-para-assinarem-o-tac\/#primaryimage"},"thumbnailUrl":"","articleSection":["CIDADES","NOT\u00cdCIAS EM DESTAQUE","TODAS NOTICIAS"],"inLanguage":"pt-BR","potentialAction":[{"@type":"CommentAction","name":"Comment","target":["https:\/\/cleitonpinheiro.com.br\/site\/familias-pre-selecionadas-para-o-residencial-recanto-da-ilha-tem-ate-dia-25-para-assinarem-o-tac\/#respond"]}]},{"@type":"WebPage","@id":"https:\/\/cleitonpinheiro.com.br\/site\/familias-pre-selecionadas-para-o-residencial-recanto-da-ilha-tem-ate-dia-25-para-assinarem-o-tac\/","url":"https:\/\/cleitonpinheiro.com.br\/site\/familias-pre-selecionadas-para-o-residencial-recanto-da-ilha-tem-ate-dia-25-para-assinarem-o-tac\/","name":"Fam\u00edlias pr\u00e9-selecionadas para o Residencial Recanto da Ilha t\u00eam at\u00e9 dia 25 para assinarem o TAC - PORTAL DE NOT\u00cdCIAS CLEITON PINHEIRO","isPartOf":{"@id":"https:\/\/cleitonpinheiro.com.br\/site\/#website"},"primaryImageOfPage":{"@id":"https:\/\/cleitonpinheiro.com.br\/site\/familias-pre-selecionadas-para-o-residencial-recanto-da-ilha-tem-ate-dia-25-para-assinarem-o-tac\/#primaryimage"},"image":{"@id":"https:\/\/cleitonpinheiro.com.br\/site\/familias-pre-selecionadas-para-o-residencial-recanto-da-ilha-tem-ate-dia-25-para-assinarem-o-tac\/#primaryimage"},"thumbnailUrl":"","datePublished":"2022-05-18T17:11:44+00:00","breadcrumb":{"@id":"https:\/\/cleitonpinheiro.com.br\/site\/familias-pre-selecionadas-para-o-residencial-recanto-da-ilha-tem-ate-dia-25-para-assinarem-o-tac\/#breadcrumb"},"inLanguage":"pt-BR","potentialAction":[{"@type":"ReadAction","target":["https:\/\/cleitonpinheiro.com.br\/site\/familias-pre-selecionadas-para-o-residencial-recanto-da-ilha-tem-ate-dia-25-para-assinarem-o-tac\/"]}]},{"@type":"ImageObject","inLanguage":"pt-BR","@id":"https:\/\/cleitonpinheiro.com.br\/site\/familias-pre-selecionadas-para-o-residencial-recanto-da-ilha-tem-ate-dia-25-para-assinarem-o-tac\/#primaryimage","url":"","contentUrl":""},{"@type":"BreadcrumbList","@id":"https:\/\/cleitonpinheiro.com.br\/site\/familias-pre-selecionadas-para-o-residencial-recanto-da-ilha-tem-ate-dia-25-para-assinarem-o-tac\/#breadcrumb","itemListElement":[{"@type":"ListItem","position":1,"name":"In\u00edcio","item":"https:\/\/cleitonpinheiro.com.br\/site\/"},{"@type":"ListItem","position":2,"name":"Fam\u00edlias pr\u00e9-selecionadas para o Residencial Recanto da Ilha t\u00eam at\u00e9 dia 25 para assinarem o TAC"}]},{"@type":"WebSite","@id":"https:\/\/cleitonpinheiro.com.br\/site\/#website","url":"https:\/\/cleitonpinheiro.com.br\/site\/","name":"PORTAL DE NOT\u00cdCIAS CLEITON PINHEIRO","description":"FALANDO A VERDADE","publisher":{"@id":"https:\/\/cleitonpinheiro.com.br\/site\/#organization"},"potentialAction":[{"@type":"SearchAction","target":{"@type":"EntryPoint","urlTemplate":"https:\/\/cleitonpinheiro.com.br\/site\/?s={search_term_string}"},"query-input":{"@type":"PropertyValueSpecification","valueRequired":true,"valueName":"search_term_string"}}],"inLanguage":"pt-BR"},{"@type":"Organization","@id":"https:\/\/cleitonpinheiro.com.br\/site\/#organization","name":"CPNOT\u00cdCIAS","url":"https:\/\/cleitonpinheiro.com.br\/site\/","logo":{"@type":"ImageObject","inLanguage":"pt-BR","@id":"https:\/\/cleitonpinheiro.com.br\/site\/#\/schema\/logo\/image\/","url":"https:\/\/cleitonpinheiro.com.br\/site\/wp-content\/uploads\/2022\/08\/Logo-pequena-2.png","contentUrl":"https:\/\/cleitonpinheiro.com.br\/site\/wp-content\/uploads\/2022\/08\/Logo-pequena-2.png","width":500,"height":500,"caption":"CPNOT\u00cdCIAS"},"image":{"@id":"https:\/\/cleitonpinheiro.com.br\/site\/#\/schema\/logo\/image\/"},"sameAs":["https:\/\/www.facebook.com\/portalcpnoticias\/"]},{"@type":"Person","@id":"https:\/\/cleitonpinheiro.com.br\/site\/#\/schema\/person\/aac6d7f311e80c43042e98a900b03cd8","name":"Dermival Pereira","image":{"@type":"ImageObject","inLanguage":"pt-BR","@id":"https:\/\/cleitonpinheiro.com.br\/site\/#\/schema\/person\/image\/","url":"https:\/\/secure.gravatar.com\/avatar\/cfaebf3742d6bf8db728bcba3eed6bee37b02337a2e6c822994f20ca72a3784d?s=96&r=g","contentUrl":"https:\/\/secure.gravatar.com\/avatar\/cfaebf3742d6bf8db728bcba3eed6bee37b02337a2e6c822994f20ca72a3784d?s=96&r=g","caption":"Dermival Pereira"},"url":"https:\/\/cleitonpinheiro.com.br\/site\/author\/dermival\/"}]}},"views":213,"_links":{"self":[{"href":"https:\/\/cleitonpinheiro.com.br\/site\/wp-json\/wp\/v2\/posts\/58326","targetHints":{"allow":["GET"]}}],"collection":[{"href":"https:\/\/cleitonpinheiro.com.br\/site\/wp-json\/wp\/v2\/posts"}],"about":[{"href":"https:\/\/cleitonpinheiro.com.br\/site\/wp-json\/wp\/v2\/types\/post"}],"author":[{"embeddable":true,"href":"https:\/\/cleitonpinheiro.com.br\/site\/wp-json\/wp\/v2\/users\/4"}],"replies":[{"embeddable":true,"href":"https:\/\/cleitonpinheiro.com.br\/site\/wp-json\/wp\/v2\/comments?post=58326"}],"version-history":[{"count":0,"href":"https:\/\/cleitonpinheiro.com.br\/site\/wp-json\/wp\/v2\/posts\/58326\/revisions"}],"wp:featuredmedia":[{"embeddable":true,"href":"https:\/\/cleitonpinheiro.com.br\/site\/wp-json\/"}],"wp:attachment":[{"href":"https:\/\/cleitonpinheiro.com.br\/site\/wp-json\/wp\/v2\/media?parent=58326"}],"wp:term":[{"taxonomy":"category","embeddable":true,"href":"https:\/\/cleitonpinheiro.com.br\/site\/wp-json\/wp\/v2\/categories?post=58326"},{"taxonomy":"post_tag","embeddable":true,"href":"https:\/\/cleitonpinheiro.com.br\/site\/wp-json\/wp\/v2\/tags?post=58326"}],"curies":[{"name":"wp","href":"https:\/\/api.w.org\/{rel}","templated":true}]}}