{"id":58329,"date":"2022-05-18T15:11:08","date_gmt":"2022-05-18T18:11:08","guid":{"rendered":"https:\/\/cleitonpinheiro.com.br\/portal\/?p=58329"},"modified":"2022-05-18T15:11:08","modified_gmt":"2022-05-18T18:11:08","slug":"veja-o-que-funciona-nos-orgaos-publicos-da-capital-no-aniversario-de-33-anos-de-palmas","status":"publish","type":"post","link":"https:\/\/cleitonpinheiro.com.br\/site\/veja-o-que-funciona-nos-orgaos-publicos-da-capital-no-aniversario-de-33-anos-de-palmas\/","title":{"rendered":"Veja o que funciona nos \u00f3rg\u00e3os p\u00fablicos no anivers\u00e1rio de 33 anos de Palmas"},"content":{"rendered":"\n<p><em><strong>Da Reda\u00e7\u00e3o do CP Not\u00edcias<\/strong><\/em><\/p>\n\n\n<figure class=\"wp-block-image size-full\"><img decoding=\"async\" src=\"https:\/\/cleitonpinheiro.com.br\/portal\/wp-content\/uploads\/2022\/05\/Design-sem-nome-40-compressed.jpg\" alt=\"\" class=\"wp-image-58330\"\/><figcaption>Foto: Secom de Palmas\/Divulga\u00e7\u00e3o<\/figcaption><\/figure>\n\n\n<p>No anivers\u00e1rio de 33 anos de Palmas, festejado nesta sexta-feira, 20, n\u00e3o haver\u00e1 expediente administrativo nas secretarias e \u00f3rg\u00e3os da Prefeitura Municipal, com exce\u00e7\u00e3o dos servi\u00e7os que operam em regime de plant\u00e3o e que exijam continuidade, a exemplo das Unidades de Pronto Atendimento (UPAS).<\/p>\n\n\n<p>Tamb\u00e9m ter\u00e3o continuidade os servi\u00e7os de interesse p\u00fablico, que dever\u00e3o ser executados normalmente como seguran\u00e7a, transporte p\u00fablico, limpeza urbana, ilumina\u00e7\u00e3o p\u00fablica, bem como dos conselhos tutelares, com plant\u00e3o social das 7 \u00e0s 19 horas, dispon\u00edvel pelo (63) 99237-5282, al\u00e9m da fiscaliza\u00e7\u00e3o de tr\u00e2nsito e transporte e da atua\u00e7\u00e3o da Guarda Metropolitana de Palmas (153).<\/p>\n\n\n<p><strong>Sa\u00fade<\/strong><\/p>\n\n\n<p>As Unidades de Pronto Atendimento (UPAS) Norte e Sul e o Sistema de Atendimento M\u00f3vel de Urg\u00eancia (Samu) v\u00e3o funcionar 24 horas. A UPA Taquaralto funcionar\u00e1 das 7 \u00e0s 19 horas. A Secretaria Municipal de Sa\u00fade e as Unidades de Sa\u00fade da Fam\u00edlia fechar\u00e3o no feriado, retornando na segunda-feira, 23.<\/p>\n\n\n<p><strong>Educa\u00e7\u00e3o<\/strong><\/p>\n\n\n<p>Ser\u00e1 feriado na rede Municipal de Ensino no dia 20 de maio. As atividades retornam \u00e0 normalidade somente na segunda-feira, 23.<\/p>\n\n\n<p><strong>Feiras Livres<\/strong><\/p>\n\n\n<p>A Feira da 304 Sul ir\u00e1 funcionar normalmente nesta sexta-feira, 20.<\/p>\n\n\n<p><strong>Palmas 33 anos<\/strong><\/p>\n\n\n<p>No dia 20 de maio de 1989 aconteceu o lan\u00e7amento da pedra fundamental da Capital, poucos meses depois, no dia 05 de julho, a Assembleia Legislativa (AL) dava \u00e0 Capital do Estado do Tocantins o nome de Palmas. No final de 1989, em 28 de dezembro, os deputados estaduais tocantinenses aprovaram a mudan\u00e7a da sede administrativa de Taquaru\u00e7u para Palmas. No dia 1\u00ba de janeiro de 1990, a AL aprovou a mudan\u00e7a da sede administrativa do governo estadual de Miracema do Tocantins para Palmas, assim instalando a capital mais jovem do Brasil. Agora, quase 33 anos depois, Palmas se apresenta com uma cidade consolidada, com uma popula\u00e7\u00e3o estimada em 313.349 pessoas. <em><strong>(Fonte: Secom de Palmas).<\/strong><\/em><\/p>\n","protected":false},"excerpt":{"rendered":"<p>Da Reda\u00e7\u00e3o do CP Not\u00edcias No anivers\u00e1rio de 33 anos de Palmas, festejado nesta sexta-feira, 20, n\u00e3o haver\u00e1 expediente administrativo nas secretarias e \u00f3rg\u00e3os da Prefeitura Municipal, com exce\u00e7\u00e3o dos servi\u00e7os que operam em regime de plant\u00e3o e que exijam continuidade, a exemplo das Unidades de Pronto Atendimento (UPAS). Tamb\u00e9m ter\u00e3o continuidade os servi\u00e7os de [&hellip;]<\/p>\n","protected":false},"author":4,"featured_media":58330,"comment_status":"open","ping_status":"open","sticky":false,"template":"","format":"standard","meta":{"_acf_changed":false,"footnotes":""},"categories":[22,20,21],"tags":[],"class_list":["post-58329","post","type-post","status-publish","format-standard","has-post-thumbnail","hentry","category-cidades","category-noticias-em-destaque","category-todas-noticias"],"acf":[],"yoast_head":"<!-- This site is optimized with the Yoast SEO plugin v24.4 - https:\/\/yoast.com\/wordpress\/plugins\/seo\/ -->\n<title>Veja o que funciona nos \u00f3rg\u00e3os p\u00fablicos no anivers\u00e1rio de 33 anos de Palmas - PORTAL DE NOT\u00cdCIAS CLEITON PINHEIRO<\/title>\n<meta name=\"robots\" content=\"index, follow, max-snippet:-1, max-image-preview:large, max-video-preview:-1\" \/>\n<link rel=\"canonical\" href=\"https:\/\/cleitonpinheiro.com.br\/site\/veja-o-que-funciona-nos-orgaos-publicos-da-capital-no-aniversario-de-33-anos-de-palmas\/\" \/>\n<meta property=\"og:locale\" content=\"pt_BR\" \/>\n<meta property=\"og:type\" content=\"article\" \/>\n<meta property=\"og:title\" content=\"Veja o que funciona nos \u00f3rg\u00e3os p\u00fablicos no anivers\u00e1rio de 33 anos de Palmas - PORTAL DE NOT\u00cdCIAS CLEITON PINHEIRO\" \/>\n<meta property=\"og:description\" content=\"Da Reda\u00e7\u00e3o do CP Not\u00edcias No anivers\u00e1rio de 33 anos de Palmas, festejado nesta sexta-feira, 20, n\u00e3o haver\u00e1 expediente administrativo nas secretarias e \u00f3rg\u00e3os da Prefeitura Municipal, com exce\u00e7\u00e3o dos servi\u00e7os que operam em regime de plant\u00e3o e que exijam continuidade, a exemplo das Unidades de Pronto Atendimento (UPAS). Tamb\u00e9m ter\u00e3o continuidade os servi\u00e7os de [&hellip;]\" \/>\n<meta property=\"og:url\" content=\"https:\/\/cleitonpinheiro.com.br\/site\/veja-o-que-funciona-nos-orgaos-publicos-da-capital-no-aniversario-de-33-anos-de-palmas\/\" \/>\n<meta property=\"og:site_name\" content=\"PORTAL DE NOT\u00cdCIAS CLEITON PINHEIRO\" \/>\n<meta property=\"article:publisher\" content=\"https:\/\/www.facebook.com\/portalcpnoticias\/\" \/>\n<meta property=\"article:published_time\" content=\"2022-05-18T18:11:08+00:00\" \/>\n<meta name=\"author\" content=\"Dermival Pereira\" \/>\n<meta name=\"twitter:card\" content=\"summary_large_image\" \/>\n<meta name=\"twitter:label1\" content=\"Escrito por\" \/>\n\t<meta name=\"twitter:data1\" content=\"Dermival Pereira\" \/>\n\t<meta name=\"twitter:label2\" content=\"Est. tempo de leitura\" \/>\n\t<meta name=\"twitter:data2\" content=\"2 minutos\" \/>\n<script type=\"application\/ld+json\" class=\"yoast-schema-graph\">{\"@context\":\"https:\/\/schema.org\",\"@graph\":[{\"@type\":\"Article\",\"@id\":\"https:\/\/cleitonpinheiro.com.br\/site\/veja-o-que-funciona-nos-orgaos-publicos-da-capital-no-aniversario-de-33-anos-de-palmas\/#article\",\"isPartOf\":{\"@id\":\"https:\/\/cleitonpinheiro.com.br\/site\/veja-o-que-funciona-nos-orgaos-publicos-da-capital-no-aniversario-de-33-anos-de-palmas\/\"},\"author\":{\"name\":\"Dermival Pereira\",\"@id\":\"https:\/\/cleitonpinheiro.com.br\/site\/#\/schema\/person\/aac6d7f311e80c43042e98a900b03cd8\"},\"headline\":\"Veja o que funciona nos \u00f3rg\u00e3os p\u00fablicos no anivers\u00e1rio de 33 anos de Palmas\",\"datePublished\":\"2022-05-18T18:11:08+00:00\",\"mainEntityOfPage\":{\"@id\":\"https:\/\/cleitonpinheiro.com.br\/site\/veja-o-que-funciona-nos-orgaos-publicos-da-capital-no-aniversario-de-33-anos-de-palmas\/\"},\"wordCount\":340,\"commentCount\":0,\"publisher\":{\"@id\":\"https:\/\/cleitonpinheiro.com.br\/site\/#organization\"},\"image\":{\"@id\":\"https:\/\/cleitonpinheiro.com.br\/site\/veja-o-que-funciona-nos-orgaos-publicos-da-capital-no-aniversario-de-33-anos-de-palmas\/#primaryimage\"},\"thumbnailUrl\":\"\",\"articleSection\":[\"CIDADES\",\"NOT\u00cdCIAS EM DESTAQUE\",\"TODAS NOTICIAS\"],\"inLanguage\":\"pt-BR\",\"potentialAction\":[{\"@type\":\"CommentAction\",\"name\":\"Comment\",\"target\":[\"https:\/\/cleitonpinheiro.com.br\/site\/veja-o-que-funciona-nos-orgaos-publicos-da-capital-no-aniversario-de-33-anos-de-palmas\/#respond\"]}]},{\"@type\":\"WebPage\",\"@id\":\"https:\/\/cleitonpinheiro.com.br\/site\/veja-o-que-funciona-nos-orgaos-publicos-da-capital-no-aniversario-de-33-anos-de-palmas\/\",\"url\":\"https:\/\/cleitonpinheiro.com.br\/site\/veja-o-que-funciona-nos-orgaos-publicos-da-capital-no-aniversario-de-33-anos-de-palmas\/\",\"name\":\"Veja o que funciona nos \u00f3rg\u00e3os p\u00fablicos no anivers\u00e1rio de 33 anos de Palmas - PORTAL DE NOT\u00cdCIAS CLEITON PINHEIRO\",\"isPartOf\":{\"@id\":\"https:\/\/cleitonpinheiro.com.br\/site\/#website\"},\"primaryImageOfPage\":{\"@id\":\"https:\/\/cleitonpinheiro.com.br\/site\/veja-o-que-funciona-nos-orgaos-publicos-da-capital-no-aniversario-de-33-anos-de-palmas\/#primaryimage\"},\"image\":{\"@id\":\"https:\/\/cleitonpinheiro.com.br\/site\/veja-o-que-funciona-nos-orgaos-publicos-da-capital-no-aniversario-de-33-anos-de-palmas\/#primaryimage\"},\"thumbnailUrl\":\"\",\"datePublished\":\"2022-05-18T18:11:08+00:00\",\"breadcrumb\":{\"@id\":\"https:\/\/cleitonpinheiro.com.br\/site\/veja-o-que-funciona-nos-orgaos-publicos-da-capital-no-aniversario-de-33-anos-de-palmas\/#breadcrumb\"},\"inLanguage\":\"pt-BR\",\"potentialAction\":[{\"@type\":\"ReadAction\",\"target\":[\"https:\/\/cleitonpinheiro.com.br\/site\/veja-o-que-funciona-nos-orgaos-publicos-da-capital-no-aniversario-de-33-anos-de-palmas\/\"]}]},{\"@type\":\"ImageObject\",\"inLanguage\":\"pt-BR\",\"@id\":\"https:\/\/cleitonpinheiro.com.br\/site\/veja-o-que-funciona-nos-orgaos-publicos-da-capital-no-aniversario-de-33-anos-de-palmas\/#primaryimage\",\"url\":\"\",\"contentUrl\":\"\"},{\"@type\":\"BreadcrumbList\",\"@id\":\"https:\/\/cleitonpinheiro.com.br\/site\/veja-o-que-funciona-nos-orgaos-publicos-da-capital-no-aniversario-de-33-anos-de-palmas\/#breadcrumb\",\"itemListElement\":[{\"@type\":\"ListItem\",\"position\":1,\"name\":\"In\u00edcio\",\"item\":\"https:\/\/cleitonpinheiro.com.br\/site\/\"},{\"@type\":\"ListItem\",\"position\":2,\"name\":\"Veja o que funciona nos \u00f3rg\u00e3os p\u00fablicos no anivers\u00e1rio de 33 anos de Palmas\"}]},{\"@type\":\"WebSite\",\"@id\":\"https:\/\/cleitonpinheiro.com.br\/site\/#website\",\"url\":\"https:\/\/cleitonpinheiro.com.br\/site\/\",\"name\":\"PORTAL DE NOT\u00cdCIAS CLEITON PINHEIRO\",\"description\":\"FALANDO A VERDADE\",\"publisher\":{\"@id\":\"https:\/\/cleitonpinheiro.com.br\/site\/#organization\"},\"potentialAction\":[{\"@type\":\"SearchAction\",\"target\":{\"@type\":\"EntryPoint\",\"urlTemplate\":\"https:\/\/cleitonpinheiro.com.br\/site\/?s={search_term_string}\"},\"query-input\":{\"@type\":\"PropertyValueSpecification\",\"valueRequired\":true,\"valueName\":\"search_term_string\"}}],\"inLanguage\":\"pt-BR\"},{\"@type\":\"Organization\",\"@id\":\"https:\/\/cleitonpinheiro.com.br\/site\/#organization\",\"name\":\"CPNOT\u00cdCIAS\",\"url\":\"https:\/\/cleitonpinheiro.com.br\/site\/\",\"logo\":{\"@type\":\"ImageObject\",\"inLanguage\":\"pt-BR\",\"@id\":\"https:\/\/cleitonpinheiro.com.br\/site\/#\/schema\/logo\/image\/\",\"url\":\"https:\/\/cleitonpinheiro.com.br\/site\/wp-content\/uploads\/2022\/08\/Logo-pequena-2.png\",\"contentUrl\":\"https:\/\/cleitonpinheiro.com.br\/site\/wp-content\/uploads\/2022\/08\/Logo-pequena-2.png\",\"width\":500,\"height\":500,\"caption\":\"CPNOT\u00cdCIAS\"},\"image\":{\"@id\":\"https:\/\/cleitonpinheiro.com.br\/site\/#\/schema\/logo\/image\/\"},\"sameAs\":[\"https:\/\/www.facebook.com\/portalcpnoticias\/\"]},{\"@type\":\"Person\",\"@id\":\"https:\/\/cleitonpinheiro.com.br\/site\/#\/schema\/person\/aac6d7f311e80c43042e98a900b03cd8\",\"name\":\"Dermival Pereira\",\"image\":{\"@type\":\"ImageObject\",\"inLanguage\":\"pt-BR\",\"@id\":\"https:\/\/cleitonpinheiro.com.br\/site\/#\/schema\/person\/image\/\",\"url\":\"https:\/\/secure.gravatar.com\/avatar\/cfaebf3742d6bf8db728bcba3eed6bee37b02337a2e6c822994f20ca72a3784d?s=96&r=g\",\"contentUrl\":\"https:\/\/secure.gravatar.com\/avatar\/cfaebf3742d6bf8db728bcba3eed6bee37b02337a2e6c822994f20ca72a3784d?s=96&r=g\",\"caption\":\"Dermival Pereira\"},\"url\":\"https:\/\/cleitonpinheiro.com.br\/site\/author\/dermival\/\"}]}<\/script>\n<!-- \/ Yoast SEO plugin. -->","yoast_head_json":{"title":"Veja o que funciona nos \u00f3rg\u00e3os p\u00fablicos no anivers\u00e1rio de 33 anos de Palmas - PORTAL DE NOT\u00cdCIAS CLEITON PINHEIRO","robots":{"index":"index","follow":"follow","max-snippet":"max-snippet:-1","max-image-preview":"max-image-preview:large","max-video-preview":"max-video-preview:-1"},"canonical":"https:\/\/cleitonpinheiro.com.br\/site\/veja-o-que-funciona-nos-orgaos-publicos-da-capital-no-aniversario-de-33-anos-de-palmas\/","og_locale":"pt_BR","og_type":"article","og_title":"Veja o que funciona nos \u00f3rg\u00e3os p\u00fablicos no anivers\u00e1rio de 33 anos de Palmas - PORTAL DE NOT\u00cdCIAS CLEITON PINHEIRO","og_description":"Da Reda\u00e7\u00e3o do CP Not\u00edcias No anivers\u00e1rio de 33 anos de Palmas, festejado nesta sexta-feira, 20, n\u00e3o haver\u00e1 expediente administrativo nas secretarias e \u00f3rg\u00e3os da Prefeitura Municipal, com exce\u00e7\u00e3o dos servi\u00e7os que operam em regime de plant\u00e3o e que exijam continuidade, a exemplo das Unidades de Pronto Atendimento (UPAS). Tamb\u00e9m ter\u00e3o continuidade os servi\u00e7os de [&hellip;]","og_url":"https:\/\/cleitonpinheiro.com.br\/site\/veja-o-que-funciona-nos-orgaos-publicos-da-capital-no-aniversario-de-33-anos-de-palmas\/","og_site_name":"PORTAL DE NOT\u00cdCIAS CLEITON PINHEIRO","article_publisher":"https:\/\/www.facebook.com\/portalcpnoticias\/","article_published_time":"2022-05-18T18:11:08+00:00","author":"Dermival Pereira","twitter_card":"summary_large_image","twitter_misc":{"Escrito por":"Dermival Pereira","Est. tempo de leitura":"2 minutos"},"schema":{"@context":"https:\/\/schema.org","@graph":[{"@type":"Article","@id":"https:\/\/cleitonpinheiro.com.br\/site\/veja-o-que-funciona-nos-orgaos-publicos-da-capital-no-aniversario-de-33-anos-de-palmas\/#article","isPartOf":{"@id":"https:\/\/cleitonpinheiro.com.br\/site\/veja-o-que-funciona-nos-orgaos-publicos-da-capital-no-aniversario-de-33-anos-de-palmas\/"},"author":{"name":"Dermival Pereira","@id":"https:\/\/cleitonpinheiro.com.br\/site\/#\/schema\/person\/aac6d7f311e80c43042e98a900b03cd8"},"headline":"Veja o que funciona nos \u00f3rg\u00e3os p\u00fablicos no anivers\u00e1rio de 33 anos de Palmas","datePublished":"2022-05-18T18:11:08+00:00","mainEntityOfPage":{"@id":"https:\/\/cleitonpinheiro.com.br\/site\/veja-o-que-funciona-nos-orgaos-publicos-da-capital-no-aniversario-de-33-anos-de-palmas\/"},"wordCount":340,"commentCount":0,"publisher":{"@id":"https:\/\/cleitonpinheiro.com.br\/site\/#organization"},"image":{"@id":"https:\/\/cleitonpinheiro.com.br\/site\/veja-o-que-funciona-nos-orgaos-publicos-da-capital-no-aniversario-de-33-anos-de-palmas\/#primaryimage"},"thumbnailUrl":"","articleSection":["CIDADES","NOT\u00cdCIAS EM DESTAQUE","TODAS NOTICIAS"],"inLanguage":"pt-BR","potentialAction":[{"@type":"CommentAction","name":"Comment","target":["https:\/\/cleitonpinheiro.com.br\/site\/veja-o-que-funciona-nos-orgaos-publicos-da-capital-no-aniversario-de-33-anos-de-palmas\/#respond"]}]},{"@type":"WebPage","@id":"https:\/\/cleitonpinheiro.com.br\/site\/veja-o-que-funciona-nos-orgaos-publicos-da-capital-no-aniversario-de-33-anos-de-palmas\/","url":"https:\/\/cleitonpinheiro.com.br\/site\/veja-o-que-funciona-nos-orgaos-publicos-da-capital-no-aniversario-de-33-anos-de-palmas\/","name":"Veja o que funciona nos \u00f3rg\u00e3os p\u00fablicos no anivers\u00e1rio de 33 anos de Palmas - PORTAL DE NOT\u00cdCIAS CLEITON PINHEIRO","isPartOf":{"@id":"https:\/\/cleitonpinheiro.com.br\/site\/#website"},"primaryImageOfPage":{"@id":"https:\/\/cleitonpinheiro.com.br\/site\/veja-o-que-funciona-nos-orgaos-publicos-da-capital-no-aniversario-de-33-anos-de-palmas\/#primaryimage"},"image":{"@id":"https:\/\/cleitonpinheiro.com.br\/site\/veja-o-que-funciona-nos-orgaos-publicos-da-capital-no-aniversario-de-33-anos-de-palmas\/#primaryimage"},"thumbnailUrl":"","datePublished":"2022-05-18T18:11:08+00:00","breadcrumb":{"@id":"https:\/\/cleitonpinheiro.com.br\/site\/veja-o-que-funciona-nos-orgaos-publicos-da-capital-no-aniversario-de-33-anos-de-palmas\/#breadcrumb"},"inLanguage":"pt-BR","potentialAction":[{"@type":"ReadAction","target":["https:\/\/cleitonpinheiro.com.br\/site\/veja-o-que-funciona-nos-orgaos-publicos-da-capital-no-aniversario-de-33-anos-de-palmas\/"]}]},{"@type":"ImageObject","inLanguage":"pt-BR","@id":"https:\/\/cleitonpinheiro.com.br\/site\/veja-o-que-funciona-nos-orgaos-publicos-da-capital-no-aniversario-de-33-anos-de-palmas\/#primaryimage","url":"","contentUrl":""},{"@type":"BreadcrumbList","@id":"https:\/\/cleitonpinheiro.com.br\/site\/veja-o-que-funciona-nos-orgaos-publicos-da-capital-no-aniversario-de-33-anos-de-palmas\/#breadcrumb","itemListElement":[{"@type":"ListItem","position":1,"name":"In\u00edcio","item":"https:\/\/cleitonpinheiro.com.br\/site\/"},{"@type":"ListItem","position":2,"name":"Veja o que funciona nos \u00f3rg\u00e3os p\u00fablicos no anivers\u00e1rio de 33 anos de Palmas"}]},{"@type":"WebSite","@id":"https:\/\/cleitonpinheiro.com.br\/site\/#website","url":"https:\/\/cleitonpinheiro.com.br\/site\/","name":"PORTAL DE NOT\u00cdCIAS CLEITON PINHEIRO","description":"FALANDO A VERDADE","publisher":{"@id":"https:\/\/cleitonpinheiro.com.br\/site\/#organization"},"potentialAction":[{"@type":"SearchAction","target":{"@type":"EntryPoint","urlTemplate":"https:\/\/cleitonpinheiro.com.br\/site\/?s={search_term_string}"},"query-input":{"@type":"PropertyValueSpecification","valueRequired":true,"valueName":"search_term_string"}}],"inLanguage":"pt-BR"},{"@type":"Organization","@id":"https:\/\/cleitonpinheiro.com.br\/site\/#organization","name":"CPNOT\u00cdCIAS","url":"https:\/\/cleitonpinheiro.com.br\/site\/","logo":{"@type":"ImageObject","inLanguage":"pt-BR","@id":"https:\/\/cleitonpinheiro.com.br\/site\/#\/schema\/logo\/image\/","url":"https:\/\/cleitonpinheiro.com.br\/site\/wp-content\/uploads\/2022\/08\/Logo-pequena-2.png","contentUrl":"https:\/\/cleitonpinheiro.com.br\/site\/wp-content\/uploads\/2022\/08\/Logo-pequena-2.png","width":500,"height":500,"caption":"CPNOT\u00cdCIAS"},"image":{"@id":"https:\/\/cleitonpinheiro.com.br\/site\/#\/schema\/logo\/image\/"},"sameAs":["https:\/\/www.facebook.com\/portalcpnoticias\/"]},{"@type":"Person","@id":"https:\/\/cleitonpinheiro.com.br\/site\/#\/schema\/person\/aac6d7f311e80c43042e98a900b03cd8","name":"Dermival Pereira","image":{"@type":"ImageObject","inLanguage":"pt-BR","@id":"https:\/\/cleitonpinheiro.com.br\/site\/#\/schema\/person\/image\/","url":"https:\/\/secure.gravatar.com\/avatar\/cfaebf3742d6bf8db728bcba3eed6bee37b02337a2e6c822994f20ca72a3784d?s=96&r=g","contentUrl":"https:\/\/secure.gravatar.com\/avatar\/cfaebf3742d6bf8db728bcba3eed6bee37b02337a2e6c822994f20ca72a3784d?s=96&r=g","caption":"Dermival Pereira"},"url":"https:\/\/cleitonpinheiro.com.br\/site\/author\/dermival\/"}]}},"views":215,"_links":{"self":[{"href":"https:\/\/cleitonpinheiro.com.br\/site\/wp-json\/wp\/v2\/posts\/58329","targetHints":{"allow":["GET"]}}],"collection":[{"href":"https:\/\/cleitonpinheiro.com.br\/site\/wp-json\/wp\/v2\/posts"}],"about":[{"href":"https:\/\/cleitonpinheiro.com.br\/site\/wp-json\/wp\/v2\/types\/post"}],"author":[{"embeddable":true,"href":"https:\/\/cleitonpinheiro.com.br\/site\/wp-json\/wp\/v2\/users\/4"}],"replies":[{"embeddable":true,"href":"https:\/\/cleitonpinheiro.com.br\/site\/wp-json\/wp\/v2\/comments?post=58329"}],"version-history":[{"count":0,"href":"https:\/\/cleitonpinheiro.com.br\/site\/wp-json\/wp\/v2\/posts\/58329\/revisions"}],"wp:featuredmedia":[{"embeddable":true,"href":"https:\/\/cleitonpinheiro.com.br\/site\/wp-json\/"}],"wp:attachment":[{"href":"https:\/\/cleitonpinheiro.com.br\/site\/wp-json\/wp\/v2\/media?parent=58329"}],"wp:term":[{"taxonomy":"category","embeddable":true,"href":"https:\/\/cleitonpinheiro.com.br\/site\/wp-json\/wp\/v2\/categories?post=58329"},{"taxonomy":"post_tag","embeddable":true,"href":"https:\/\/cleitonpinheiro.com.br\/site\/wp-json\/wp\/v2\/tags?post=58329"}],"curies":[{"name":"wp","href":"https:\/\/api.w.org\/{rel}","templated":true}]}}