{"id":58746,"date":"2022-05-31T14:51:30","date_gmt":"2022-05-31T17:51:30","guid":{"rendered":"https:\/\/cleitonpinheiro.com.br\/portal\/?p=58746"},"modified":"2023-05-04T22:34:23","modified_gmt":"2023-05-05T01:34:23","slug":"artigo-a-importancia-da-granulometria-no-calcario-agricola","status":"publish","type":"post","link":"https:\/\/cleitonpinheiro.com.br\/site\/artigo-a-importancia-da-granulometria-no-calcario-agricola\/","title":{"rendered":"Minha opini\u00e3o: A import\u00e2ncia da granulometria no calc\u00e1rio agr\u00edcola"},"content":{"rendered":"\n<p><em><strong>Por Erivelton Lopes<\/strong><\/em><\/p>\n\n\n<div class=\"wp-block-image\"><figure class=\"alignleft size-full is-resized\"><img fetchpriority=\"high\" decoding=\"async\" src=\"https:\/\/cleitonpinheiro.com.br\/portal\/wp-content\/uploads\/2022\/05\/Design-sem-nome-2022-05-31T144808-compressed.jpg\" alt=\"\" class=\"wp-image-58747\" width=\"493\" height=\"296\"\/><figcaption><em><strong>Erivelton Lopes \u00e9 coordenador de Pesquisa e Desenvolvimento de Produtos da Viter<\/strong><\/em><\/figcaption><\/figure><\/div>\n\n\n<p>Muitos produtores rurais devem ter a d\u00favida: calc\u00e1rio agr\u00edcola \u00e9 tudo igual? A resposta \u00e9 \u201cn\u00e3o\u201d. Aplica\u00e7\u00f5es de campo conduzidas pela ind\u00fastria produtora deste mineral mostram que a granulometria do calc\u00e1rio agr\u00edcola \u00e9 um fator primordial para obter resultados mais eficientes na lavoura, comparado ao produto tradicional. Quanto mais fina for a fra\u00e7\u00e3o do calc\u00e1rio, mais r\u00e1pido \u00e9 o tempo de rea\u00e7\u00e3o, absor\u00e7\u00e3o e corre\u00e7\u00e3o do solo.<\/p>\n\n\n<p>O calc\u00e1rio tipo fyller \u2013 possui a menor granulometria hoje no mercado &#8211; \u00e9 o que apresenta resultados mais eficientes em sua aplica\u00e7\u00e3o no campo. Ele \u00e9 obtido por meio do processo de moagem fina, conhecida como uma rocha sedimentar com alta concentra\u00e7\u00e3o de carbonato de c\u00e1lcio. A tecnologia mais utilizada para obter a moagem fina \u00e9 o moinho de bolas, um tipo de m\u00e1quina cil\u00edndrica usada para triturar min\u00e9rios e outros materiais.<\/p>\n\n\n<p>A ind\u00fastria do cimento \u00e9 detentora de grande parte desta tecnologia no Brasil e contribui de forma expressiva para o uso deste m\u00e9todo na produ\u00e7\u00e3o agr\u00edcola. As f\u00e1bricas mais modernas de materiais de constru\u00e7\u00e3o utilizam o equipamento moinho de bolas no processo de fabrica\u00e7\u00e3o do cimento e essa mesma tecnologia \u00e9 usada na moagem de calc\u00e1rio agr\u00edcola. O calc\u00e1rio fyller, produzido a partir de moinho de bolas, tem alcan\u00e7ado notas m\u00e1ximas de composi\u00e7\u00e3o granulom\u00e9trica, agregando ao produto calc\u00e1rio agr\u00edcola mais qualidade. Qualidade \u00e0 altura da agricultura moderna e pujante do nosso pa\u00eds.<\/p>\n\n\n<p>Em rela\u00e7\u00e3o \u00e0s ra\u00edzes, com a corre\u00e7\u00e3o da acidez do solo, o calc\u00e1rio agr\u00edcola ajuda a promover a libera\u00e7\u00e3o de nutrientes em profundidade nas plantas, proporcionando maior aera\u00e7\u00e3o e favorecendo o desenvolvimento das ra\u00edzes. E o produto sendo fyller potencializa ainda mais essas qualidades. Um estudo conduzido na Fazenda Santa Maria, na cidade de Una\u00ed, em Minas Gerais, comprova essa a\u00e7\u00e3o. A aplica\u00e7\u00e3o de sete toneladas de calc\u00e1rio fyller por hectare, em uma \u00e1rea de 165 hectares, resultou em um desenvolvimento radicular de soja de at\u00e9 2,2 metros de profundidade. Esse resultado foi poss\u00edvel devido \u00e0 qualidade f\u00edsica do produto, permitindo alta performance agron\u00f4mica.<\/p>\n\n\n<p>Para finalizar, a mensagem mais importante \u00e9: sem o cuidado constante com o solo, o potencial produtivo n\u00e3o acontece. O produtor rural deve usar as tecnologias dispon\u00edveis hoje para despertar e perpetuar o potencial m\u00e1ximo do solo.&nbsp;&nbsp;<\/p>\n\n\n<figure class=\"wp-block-image size-full\"><img decoding=\"async\" src=\"https:\/\/cleitonpinheiro.com.br\/portal\/wp-content\/uploads\/2022\/05\/Design-sem-nome-2022-05-31T144903-compressed.jpg\" alt=\"\" class=\"wp-image-58748\"\/><\/figure>\n","protected":false},"excerpt":{"rendered":"<p>Por Erivelton Lopes Muitos produtores rurais devem ter a d\u00favida: calc\u00e1rio agr\u00edcola \u00e9 tudo igual? A resposta \u00e9 \u201cn\u00e3o\u201d. Aplica\u00e7\u00f5es de campo conduzidas pela ind\u00fastria produtora deste mineral mostram que a granulometria do calc\u00e1rio agr\u00edcola \u00e9 um fator primordial para obter resultados mais eficientes na lavoura, comparado ao produto tradicional. Quanto mais fina for a [&hellip;]<\/p>\n","protected":false},"author":9,"featured_media":58747,"comment_status":"open","ping_status":"open","sticky":false,"template":"","format":"standard","meta":{"_acf_changed":false,"footnotes":""},"categories":[20,21],"tags":[],"class_list":["post-58746","post","type-post","status-publish","format-standard","has-post-thumbnail","hentry","category-noticias-em-destaque","category-todas-noticias"],"acf":[],"yoast_head":"<!-- This site is optimized with the Yoast SEO plugin v24.4 - https:\/\/yoast.com\/wordpress\/plugins\/seo\/ -->\n<title>Minha opini\u00e3o: A import\u00e2ncia da granulometria no calc\u00e1rio agr\u00edcola - PORTAL DE NOT\u00cdCIAS CLEITON PINHEIRO<\/title>\n<meta name=\"robots\" content=\"index, follow, max-snippet:-1, max-image-preview:large, max-video-preview:-1\" \/>\n<link rel=\"canonical\" href=\"https:\/\/cleitonpinheiro.com.br\/site\/artigo-a-importancia-da-granulometria-no-calcario-agricola\/\" \/>\n<meta property=\"og:locale\" content=\"pt_BR\" \/>\n<meta property=\"og:type\" content=\"article\" \/>\n<meta property=\"og:title\" content=\"Minha opini\u00e3o: A import\u00e2ncia da granulometria no calc\u00e1rio agr\u00edcola - PORTAL DE NOT\u00cdCIAS CLEITON PINHEIRO\" \/>\n<meta property=\"og:description\" content=\"Por Erivelton Lopes Muitos produtores rurais devem ter a d\u00favida: calc\u00e1rio agr\u00edcola \u00e9 tudo igual? A resposta \u00e9 \u201cn\u00e3o\u201d. Aplica\u00e7\u00f5es de campo conduzidas pela ind\u00fastria produtora deste mineral mostram que a granulometria do calc\u00e1rio agr\u00edcola \u00e9 um fator primordial para obter resultados mais eficientes na lavoura, comparado ao produto tradicional. Quanto mais fina for a [&hellip;]\" \/>\n<meta property=\"og:url\" content=\"https:\/\/cleitonpinheiro.com.br\/site\/artigo-a-importancia-da-granulometria-no-calcario-agricola\/\" \/>\n<meta property=\"og:site_name\" content=\"PORTAL DE NOT\u00cdCIAS CLEITON PINHEIRO\" \/>\n<meta property=\"article:publisher\" content=\"https:\/\/www.facebook.com\/portalcpnoticias\/\" \/>\n<meta property=\"article:published_time\" content=\"2022-05-31T17:51:30+00:00\" \/>\n<meta property=\"article:modified_time\" content=\"2023-05-05T01:34:23+00:00\" \/>\n<meta name=\"author\" content=\"RGF Sistemas\" \/>\n<meta name=\"twitter:card\" content=\"summary_large_image\" \/>\n<meta name=\"twitter:label1\" content=\"Escrito por\" \/>\n\t<meta name=\"twitter:data1\" content=\"RGF Sistemas\" \/>\n\t<meta name=\"twitter:label2\" content=\"Est. tempo de leitura\" \/>\n\t<meta name=\"twitter:data2\" content=\"2 minutos\" \/>\n<script type=\"application\/ld+json\" class=\"yoast-schema-graph\">{\"@context\":\"https:\/\/schema.org\",\"@graph\":[{\"@type\":\"Article\",\"@id\":\"https:\/\/cleitonpinheiro.com.br\/site\/artigo-a-importancia-da-granulometria-no-calcario-agricola\/#article\",\"isPartOf\":{\"@id\":\"https:\/\/cleitonpinheiro.com.br\/site\/artigo-a-importancia-da-granulometria-no-calcario-agricola\/\"},\"author\":{\"name\":\"RGF Sistemas\",\"@id\":\"https:\/\/cleitonpinheiro.com.br\/site\/#\/schema\/person\/b7621891c193194dd412fdc1ff9b2b41\"},\"headline\":\"Minha opini\u00e3o: A import\u00e2ncia da granulometria no calc\u00e1rio agr\u00edcola\",\"datePublished\":\"2022-05-31T17:51:30+00:00\",\"dateModified\":\"2023-05-05T01:34:23+00:00\",\"mainEntityOfPage\":{\"@id\":\"https:\/\/cleitonpinheiro.com.br\/site\/artigo-a-importancia-da-granulometria-no-calcario-agricola\/\"},\"wordCount\":442,\"commentCount\":0,\"publisher\":{\"@id\":\"https:\/\/cleitonpinheiro.com.br\/site\/#organization\"},\"image\":{\"@id\":\"https:\/\/cleitonpinheiro.com.br\/site\/artigo-a-importancia-da-granulometria-no-calcario-agricola\/#primaryimage\"},\"thumbnailUrl\":\"\",\"articleSection\":[\"NOT\u00cdCIAS EM DESTAQUE\",\"TODAS NOTICIAS\"],\"inLanguage\":\"pt-BR\",\"potentialAction\":[{\"@type\":\"CommentAction\",\"name\":\"Comment\",\"target\":[\"https:\/\/cleitonpinheiro.com.br\/site\/artigo-a-importancia-da-granulometria-no-calcario-agricola\/#respond\"]}]},{\"@type\":\"WebPage\",\"@id\":\"https:\/\/cleitonpinheiro.com.br\/site\/artigo-a-importancia-da-granulometria-no-calcario-agricola\/\",\"url\":\"https:\/\/cleitonpinheiro.com.br\/site\/artigo-a-importancia-da-granulometria-no-calcario-agricola\/\",\"name\":\"Minha opini\u00e3o: A import\u00e2ncia da granulometria no calc\u00e1rio agr\u00edcola - PORTAL DE NOT\u00cdCIAS CLEITON PINHEIRO\",\"isPartOf\":{\"@id\":\"https:\/\/cleitonpinheiro.com.br\/site\/#website\"},\"primaryImageOfPage\":{\"@id\":\"https:\/\/cleitonpinheiro.com.br\/site\/artigo-a-importancia-da-granulometria-no-calcario-agricola\/#primaryimage\"},\"image\":{\"@id\":\"https:\/\/cleitonpinheiro.com.br\/site\/artigo-a-importancia-da-granulometria-no-calcario-agricola\/#primaryimage\"},\"thumbnailUrl\":\"\",\"datePublished\":\"2022-05-31T17:51:30+00:00\",\"dateModified\":\"2023-05-05T01:34:23+00:00\",\"breadcrumb\":{\"@id\":\"https:\/\/cleitonpinheiro.com.br\/site\/artigo-a-importancia-da-granulometria-no-calcario-agricola\/#breadcrumb\"},\"inLanguage\":\"pt-BR\",\"potentialAction\":[{\"@type\":\"ReadAction\",\"target\":[\"https:\/\/cleitonpinheiro.com.br\/site\/artigo-a-importancia-da-granulometria-no-calcario-agricola\/\"]}]},{\"@type\":\"ImageObject\",\"inLanguage\":\"pt-BR\",\"@id\":\"https:\/\/cleitonpinheiro.com.br\/site\/artigo-a-importancia-da-granulometria-no-calcario-agricola\/#primaryimage\",\"url\":\"\",\"contentUrl\":\"\"},{\"@type\":\"BreadcrumbList\",\"@id\":\"https:\/\/cleitonpinheiro.com.br\/site\/artigo-a-importancia-da-granulometria-no-calcario-agricola\/#breadcrumb\",\"itemListElement\":[{\"@type\":\"ListItem\",\"position\":1,\"name\":\"In\u00edcio\",\"item\":\"https:\/\/cleitonpinheiro.com.br\/site\/\"},{\"@type\":\"ListItem\",\"position\":2,\"name\":\"Minha opini\u00e3o: A import\u00e2ncia da granulometria no calc\u00e1rio agr\u00edcola\"}]},{\"@type\":\"WebSite\",\"@id\":\"https:\/\/cleitonpinheiro.com.br\/site\/#website\",\"url\":\"https:\/\/cleitonpinheiro.com.br\/site\/\",\"name\":\"PORTAL DE NOT\u00cdCIAS CLEITON PINHEIRO\",\"description\":\"FALANDO A VERDADE\",\"publisher\":{\"@id\":\"https:\/\/cleitonpinheiro.com.br\/site\/#organization\"},\"potentialAction\":[{\"@type\":\"SearchAction\",\"target\":{\"@type\":\"EntryPoint\",\"urlTemplate\":\"https:\/\/cleitonpinheiro.com.br\/site\/?s={search_term_string}\"},\"query-input\":{\"@type\":\"PropertyValueSpecification\",\"valueRequired\":true,\"valueName\":\"search_term_string\"}}],\"inLanguage\":\"pt-BR\"},{\"@type\":\"Organization\",\"@id\":\"https:\/\/cleitonpinheiro.com.br\/site\/#organization\",\"name\":\"CPNOT\u00cdCIAS\",\"url\":\"https:\/\/cleitonpinheiro.com.br\/site\/\",\"logo\":{\"@type\":\"ImageObject\",\"inLanguage\":\"pt-BR\",\"@id\":\"https:\/\/cleitonpinheiro.com.br\/site\/#\/schema\/logo\/image\/\",\"url\":\"https:\/\/cleitonpinheiro.com.br\/site\/wp-content\/uploads\/2022\/08\/Logo-pequena-2.png\",\"contentUrl\":\"https:\/\/cleitonpinheiro.com.br\/site\/wp-content\/uploads\/2022\/08\/Logo-pequena-2.png\",\"width\":500,\"height\":500,\"caption\":\"CPNOT\u00cdCIAS\"},\"image\":{\"@id\":\"https:\/\/cleitonpinheiro.com.br\/site\/#\/schema\/logo\/image\/\"},\"sameAs\":[\"https:\/\/www.facebook.com\/portalcpnoticias\/\"]},{\"@type\":\"Person\",\"@id\":\"https:\/\/cleitonpinheiro.com.br\/site\/#\/schema\/person\/b7621891c193194dd412fdc1ff9b2b41\",\"name\":\"RGF Sistemas\",\"image\":{\"@type\":\"ImageObject\",\"inLanguage\":\"pt-BR\",\"@id\":\"https:\/\/cleitonpinheiro.com.br\/site\/#\/schema\/person\/image\/\",\"url\":\"https:\/\/secure.gravatar.com\/avatar\/59e110c11e5eecf4636340abed101b4cddb70ca9f64acab0fe8863bcc0a66b2d?s=96&r=g\",\"contentUrl\":\"https:\/\/secure.gravatar.com\/avatar\/59e110c11e5eecf4636340abed101b4cddb70ca9f64acab0fe8863bcc0a66b2d?s=96&r=g\",\"caption\":\"RGF Sistemas\"},\"url\":\"https:\/\/cleitonpinheiro.com.br\/site\/author\/rgfsite\/\"}]}<\/script>\n<!-- \/ Yoast SEO plugin. -->","yoast_head_json":{"title":"Minha opini\u00e3o: A import\u00e2ncia da granulometria no calc\u00e1rio agr\u00edcola - PORTAL DE NOT\u00cdCIAS CLEITON PINHEIRO","robots":{"index":"index","follow":"follow","max-snippet":"max-snippet:-1","max-image-preview":"max-image-preview:large","max-video-preview":"max-video-preview:-1"},"canonical":"https:\/\/cleitonpinheiro.com.br\/site\/artigo-a-importancia-da-granulometria-no-calcario-agricola\/","og_locale":"pt_BR","og_type":"article","og_title":"Minha opini\u00e3o: A import\u00e2ncia da granulometria no calc\u00e1rio agr\u00edcola - PORTAL DE NOT\u00cdCIAS CLEITON PINHEIRO","og_description":"Por Erivelton Lopes Muitos produtores rurais devem ter a d\u00favida: calc\u00e1rio agr\u00edcola \u00e9 tudo igual? A resposta \u00e9 \u201cn\u00e3o\u201d. Aplica\u00e7\u00f5es de campo conduzidas pela ind\u00fastria produtora deste mineral mostram que a granulometria do calc\u00e1rio agr\u00edcola \u00e9 um fator primordial para obter resultados mais eficientes na lavoura, comparado ao produto tradicional. Quanto mais fina for a [&hellip;]","og_url":"https:\/\/cleitonpinheiro.com.br\/site\/artigo-a-importancia-da-granulometria-no-calcario-agricola\/","og_site_name":"PORTAL DE NOT\u00cdCIAS CLEITON PINHEIRO","article_publisher":"https:\/\/www.facebook.com\/portalcpnoticias\/","article_published_time":"2022-05-31T17:51:30+00:00","article_modified_time":"2023-05-05T01:34:23+00:00","author":"RGF Sistemas","twitter_card":"summary_large_image","twitter_misc":{"Escrito por":"RGF Sistemas","Est. tempo de leitura":"2 minutos"},"schema":{"@context":"https:\/\/schema.org","@graph":[{"@type":"Article","@id":"https:\/\/cleitonpinheiro.com.br\/site\/artigo-a-importancia-da-granulometria-no-calcario-agricola\/#article","isPartOf":{"@id":"https:\/\/cleitonpinheiro.com.br\/site\/artigo-a-importancia-da-granulometria-no-calcario-agricola\/"},"author":{"name":"RGF Sistemas","@id":"https:\/\/cleitonpinheiro.com.br\/site\/#\/schema\/person\/b7621891c193194dd412fdc1ff9b2b41"},"headline":"Minha opini\u00e3o: A import\u00e2ncia da granulometria no calc\u00e1rio agr\u00edcola","datePublished":"2022-05-31T17:51:30+00:00","dateModified":"2023-05-05T01:34:23+00:00","mainEntityOfPage":{"@id":"https:\/\/cleitonpinheiro.com.br\/site\/artigo-a-importancia-da-granulometria-no-calcario-agricola\/"},"wordCount":442,"commentCount":0,"publisher":{"@id":"https:\/\/cleitonpinheiro.com.br\/site\/#organization"},"image":{"@id":"https:\/\/cleitonpinheiro.com.br\/site\/artigo-a-importancia-da-granulometria-no-calcario-agricola\/#primaryimage"},"thumbnailUrl":"","articleSection":["NOT\u00cdCIAS EM DESTAQUE","TODAS NOTICIAS"],"inLanguage":"pt-BR","potentialAction":[{"@type":"CommentAction","name":"Comment","target":["https:\/\/cleitonpinheiro.com.br\/site\/artigo-a-importancia-da-granulometria-no-calcario-agricola\/#respond"]}]},{"@type":"WebPage","@id":"https:\/\/cleitonpinheiro.com.br\/site\/artigo-a-importancia-da-granulometria-no-calcario-agricola\/","url":"https:\/\/cleitonpinheiro.com.br\/site\/artigo-a-importancia-da-granulometria-no-calcario-agricola\/","name":"Minha opini\u00e3o: A import\u00e2ncia da granulometria no calc\u00e1rio agr\u00edcola - PORTAL DE NOT\u00cdCIAS CLEITON PINHEIRO","isPartOf":{"@id":"https:\/\/cleitonpinheiro.com.br\/site\/#website"},"primaryImageOfPage":{"@id":"https:\/\/cleitonpinheiro.com.br\/site\/artigo-a-importancia-da-granulometria-no-calcario-agricola\/#primaryimage"},"image":{"@id":"https:\/\/cleitonpinheiro.com.br\/site\/artigo-a-importancia-da-granulometria-no-calcario-agricola\/#primaryimage"},"thumbnailUrl":"","datePublished":"2022-05-31T17:51:30+00:00","dateModified":"2023-05-05T01:34:23+00:00","breadcrumb":{"@id":"https:\/\/cleitonpinheiro.com.br\/site\/artigo-a-importancia-da-granulometria-no-calcario-agricola\/#breadcrumb"},"inLanguage":"pt-BR","potentialAction":[{"@type":"ReadAction","target":["https:\/\/cleitonpinheiro.com.br\/site\/artigo-a-importancia-da-granulometria-no-calcario-agricola\/"]}]},{"@type":"ImageObject","inLanguage":"pt-BR","@id":"https:\/\/cleitonpinheiro.com.br\/site\/artigo-a-importancia-da-granulometria-no-calcario-agricola\/#primaryimage","url":"","contentUrl":""},{"@type":"BreadcrumbList","@id":"https:\/\/cleitonpinheiro.com.br\/site\/artigo-a-importancia-da-granulometria-no-calcario-agricola\/#breadcrumb","itemListElement":[{"@type":"ListItem","position":1,"name":"In\u00edcio","item":"https:\/\/cleitonpinheiro.com.br\/site\/"},{"@type":"ListItem","position":2,"name":"Minha opini\u00e3o: A import\u00e2ncia da granulometria no calc\u00e1rio agr\u00edcola"}]},{"@type":"WebSite","@id":"https:\/\/cleitonpinheiro.com.br\/site\/#website","url":"https:\/\/cleitonpinheiro.com.br\/site\/","name":"PORTAL DE NOT\u00cdCIAS CLEITON PINHEIRO","description":"FALANDO A VERDADE","publisher":{"@id":"https:\/\/cleitonpinheiro.com.br\/site\/#organization"},"potentialAction":[{"@type":"SearchAction","target":{"@type":"EntryPoint","urlTemplate":"https:\/\/cleitonpinheiro.com.br\/site\/?s={search_term_string}"},"query-input":{"@type":"PropertyValueSpecification","valueRequired":true,"valueName":"search_term_string"}}],"inLanguage":"pt-BR"},{"@type":"Organization","@id":"https:\/\/cleitonpinheiro.com.br\/site\/#organization","name":"CPNOT\u00cdCIAS","url":"https:\/\/cleitonpinheiro.com.br\/site\/","logo":{"@type":"ImageObject","inLanguage":"pt-BR","@id":"https:\/\/cleitonpinheiro.com.br\/site\/#\/schema\/logo\/image\/","url":"https:\/\/cleitonpinheiro.com.br\/site\/wp-content\/uploads\/2022\/08\/Logo-pequena-2.png","contentUrl":"https:\/\/cleitonpinheiro.com.br\/site\/wp-content\/uploads\/2022\/08\/Logo-pequena-2.png","width":500,"height":500,"caption":"CPNOT\u00cdCIAS"},"image":{"@id":"https:\/\/cleitonpinheiro.com.br\/site\/#\/schema\/logo\/image\/"},"sameAs":["https:\/\/www.facebook.com\/portalcpnoticias\/"]},{"@type":"Person","@id":"https:\/\/cleitonpinheiro.com.br\/site\/#\/schema\/person\/b7621891c193194dd412fdc1ff9b2b41","name":"RGF Sistemas","image":{"@type":"ImageObject","inLanguage":"pt-BR","@id":"https:\/\/cleitonpinheiro.com.br\/site\/#\/schema\/person\/image\/","url":"https:\/\/secure.gravatar.com\/avatar\/59e110c11e5eecf4636340abed101b4cddb70ca9f64acab0fe8863bcc0a66b2d?s=96&r=g","contentUrl":"https:\/\/secure.gravatar.com\/avatar\/59e110c11e5eecf4636340abed101b4cddb70ca9f64acab0fe8863bcc0a66b2d?s=96&r=g","caption":"RGF Sistemas"},"url":"https:\/\/cleitonpinheiro.com.br\/site\/author\/rgfsite\/"}]}},"views":206,"_links":{"self":[{"href":"https:\/\/cleitonpinheiro.com.br\/site\/wp-json\/wp\/v2\/posts\/58746","targetHints":{"allow":["GET"]}}],"collection":[{"href":"https:\/\/cleitonpinheiro.com.br\/site\/wp-json\/wp\/v2\/posts"}],"about":[{"href":"https:\/\/cleitonpinheiro.com.br\/site\/wp-json\/wp\/v2\/types\/post"}],"author":[{"embeddable":true,"href":"https:\/\/cleitonpinheiro.com.br\/site\/wp-json\/wp\/v2\/users\/9"}],"replies":[{"embeddable":true,"href":"https:\/\/cleitonpinheiro.com.br\/site\/wp-json\/wp\/v2\/comments?post=58746"}],"version-history":[{"count":1,"href":"https:\/\/cleitonpinheiro.com.br\/site\/wp-json\/wp\/v2\/posts\/58746\/revisions"}],"predecessor-version":[{"id":70871,"href":"https:\/\/cleitonpinheiro.com.br\/site\/wp-json\/wp\/v2\/posts\/58746\/revisions\/70871"}],"wp:featuredmedia":[{"embeddable":true,"href":"https:\/\/cleitonpinheiro.com.br\/site\/wp-json\/"}],"wp:attachment":[{"href":"https:\/\/cleitonpinheiro.com.br\/site\/wp-json\/wp\/v2\/media?parent=58746"}],"wp:term":[{"taxonomy":"category","embeddable":true,"href":"https:\/\/cleitonpinheiro.com.br\/site\/wp-json\/wp\/v2\/categories?post=58746"},{"taxonomy":"post_tag","embeddable":true,"href":"https:\/\/cleitonpinheiro.com.br\/site\/wp-json\/wp\/v2\/tags?post=58746"}],"curies":[{"name":"wp","href":"https:\/\/api.w.org\/{rel}","templated":true}]}}